{"id":28302,"date":"2026-08-30T16:04:39","date_gmt":"2026-08-30T19:04:39","guid":{"rendered":"https:\/\/serrafm879.com.br\/serrafm\/?p=28302"},"modified":"2026-08-30T16:04:39","modified_gmt":"2026-08-30T19:04:39","slug":"em-iguaracy-prefeito-pedro-alves-promove-adesivaco-com-presenca-de-luciano-duque","status":"publish","type":"post","link":"https:\/\/serrafm879.com.br\/serrafm\/2026\/08\/em-iguaracy-prefeito-pedro-alves-promove-adesivaco-com-presenca-de-luciano-duque\/","title":{"rendered":"Em Iguaracy, prefeito Pedro Alves promove adesiva\u00e7o com presen\u00e7a de Luciano Duque"},"content":{"rendered":"<p class=\"PDq2pG_selectionAnchorContainer\" data-start=\"242\" data-end=\"349\">Mobiliza\u00e7\u00e3o reuniu vereadores, lideran\u00e7as pol\u00edticas e apoiadores das candidaturas defendidas pelo prefeito.<\/p>\n<p data-start=\"351\" data-end=\"512\">Nesse s\u00e1bado (29), o prefeito de Iguaracy, Pedro Alves, promoveu um adesiva\u00e7o em apoio aos candidatos escolhidos por seu grupo pol\u00edtico para as elei\u00e7\u00f5es de 2026.<\/p>\n<p data-start=\"514\" data-end=\"752\">A atividade contou com a presen\u00e7a de Luciano Duque, candidato a deputado estadual, al\u00e9m dos vereadores Chico Torres, Lequinho e Amaury da Ra\u00e7\u00e3o. Lideran\u00e7as locais e apoiadores tamb\u00e9m participaram da mobiliza\u00e7\u00e3o, realizada durante a tarde.<\/p>\n<p data-start=\"754\" data-end=\"961\"><img loading=\"lazy\" decoding=\"async\" class=\"size-medium wp-image-334002 alignright\" src=\"https:\/\/i0.wp.com\/nilljunior.com.br\/wp-content\/uploads\/2026\/08\/WhatsApp-Image-2026-08-30-at-11.54.55-1.jpeg?resize=234%2C250&amp;ssl=1\" sizes=\"auto, (max-width: 234px) 100vw, 234px\" srcset=\"https:\/\/i0.wp.com\/nilljunior.com.br\/wp-content\/uploads\/2026\/08\/WhatsApp-Image-2026-08-30-at-11.54.55-1.jpeg?resize=234%2C250&amp;ssl=1 234w, https:\/\/i0.wp.com\/nilljunior.com.br\/wp-content\/uploads\/2026\/08\/WhatsApp-Image-2026-08-30-at-11.54.55-1.jpeg?resize=375%2C400&amp;ssl=1 375w, https:\/\/i0.wp.com\/nilljunior.com.br\/wp-content\/uploads\/2026\/08\/WhatsApp-Image-2026-08-30-at-11.54.55-1.jpeg?resize=768%2C820&amp;ssl=1 768w, https:\/\/i0.wp.com\/nilljunior.com.br\/wp-content\/uploads\/2026\/08\/WhatsApp-Image-2026-08-30-at-11.54.55-1.jpeg?resize=1438%2C1536&amp;ssl=1 1438w, https:\/\/i0.wp.com\/nilljunior.com.br\/wp-content\/uploads\/2026\/08\/WhatsApp-Image-2026-08-30-at-11.54.55-1.jpeg?w=1440&amp;ssl=1 1440w\" alt=\"\" width=\"234\" height=\"250\" data-recalc-dims=\"1\" data-attachment-id=\"334002\" data-permalink=\"https:\/\/nilljunior.com.br\/em-iguaracy-prefeito-pedro-alves-promove-adesivaco-com-presenca-de-luciano-duque\/whatsapp-image-2026-08-30-at-11-54-55-1\/\" data-orig-file=\"https:\/\/i0.wp.com\/nilljunior.com.br\/wp-content\/uploads\/2026\/08\/WhatsApp-Image-2026-08-30-at-11.54.55-1.jpeg?fit=1440%2C1538&amp;ssl=1\" data-orig-size=\"1440,1538\" data-comments-opened=\"0\" data-image-meta=\"{&quot;aperture&quot;:&quot;0&quot;,&quot;credit&quot;:&quot;&quot;,&quot;camera&quot;:&quot;&quot;,&quot;caption&quot;:&quot;&quot;,&quot;created_timestamp&quot;:&quot;0&quot;,&quot;copyright&quot;:&quot;&quot;,&quot;focal_length&quot;:&quot;0&quot;,&quot;iso&quot;:&quot;0&quot;,&quot;shutter_speed&quot;:&quot;0&quot;,&quot;title&quot;:&quot;&quot;,&quot;orientation&quot;:&quot;0&quot;}\" data-image-title=\"WhatsApp Image 2026-08-30 at 11.54.55 (1)\" data-image-description=\"\" data-image-caption=\"\" data-large-file=\"https:\/\/i0.wp.com\/nilljunior.com.br\/wp-content\/uploads\/2026\/08\/WhatsApp-Image-2026-08-30-at-11.54.55-1.jpeg?fit=375%2C400&amp;ssl=1\" \/>Durante o evento, ve\u00edculos receberam materiais das candidaturas apoiadas pelo prefeito. Pedro Alves declarou apoio \u00e0 reelei\u00e7\u00e3o da governadora Raquel Lyra (PSD) e do presidente Luiz In\u00e1cio Lula da Silva (PT).<\/p>\n<p data-start=\"963\" data-end=\"1196\">Para as elei\u00e7\u00f5es proporcionais, o prefeito apoia Luciano Duque para deputado estadual e Renildo Calheiros para deputado federal. Na disputa pelas duas vagas de Pernambuco no Senado, declarou apoio a Humberto Costa e Eduardo da Fonte.<\/p>\n<p data-start=\"1198\" data-end=\"1293\">O adesiva\u00e7o integrou a agenda eleitoral do grupo pol\u00edtico liderado por Pedro Alves em Iguaracy.<\/p>\n<p data-start=\"1198\" data-end=\"1293\">Fonte: Blog Nill J\u00fanior<\/p>\n","protected":false},"excerpt":{"rendered":"<p>Mobiliza\u00e7\u00e3o reuniu vereadores, lideran\u00e7as pol\u00edticas e apoiadores das candidaturas defendidas pelo prefeito. Nesse s\u00e1bado (29), o prefeito de Iguaracy, Pedro Alves, promoveu um adesiva\u00e7o em apoio aos candidatos escolhidos por seu grupo pol\u00edtico para as elei\u00e7\u00f5es de 2026. A atividade contou com a presen\u00e7a de Luciano Duque, candidato a deputado estadual, al\u00e9m dos vereadores Chico Torres, Lequinho e Amaury da Ra\u00e7\u00e3o. Lideran\u00e7as locais e apoiadores tamb\u00e9m participaram da mobiliza\u00e7\u00e3o, realizada durante a tarde. Durante o evento, ve\u00edculos receberam materiais das candidaturas apoiadas pelo prefeito. Pedro Alves declarou apoio \u00e0 reelei\u00e7\u00e3o da governadora Raquel Lyra (PSD) e do presidente Luiz In\u00e1cio [&hellip;]<\/p>\n","protected":false},"author":2,"featured_media":28303,"comment_status":"open","ping_status":"open","sticky":false,"template":"","format":"standard","meta":{"_jetpack_newsletter_access":"","_jetpack_dont_email_post_to_subs":false,"_jetpack_newsletter_tier_id":0,"_jetpack_memberships_contains_paywalled_content":false,"_jetpack_feature_clip_id":0,"_jetpack_memberships_contains_paid_content":false,"footnotes":"","jetpack_publicize_message":"","jetpack_publicize_feature_enabled":true,"jetpack_social_post_already_shared":true,"jetpack_social_options":{"image_generator_settings":{"template":"highway","default_image_id":0,"font":"","enabled":false},"version":2},"jetpack_post_was_ever_published":false},"categories":[297],"tags":[],"class_list":["post-28302","post","type-post","status-publish","format-standard","has-post-thumbnail","hentry","category-eleicoes-2026"],"aioseo_notices":[],"aioseo_head":"\n\t\t<!-- All in One SEO 4.9.10 - aioseo.com -->\n\t<meta name=\"description\" content=\"Mobiliza\u00e7\u00e3o reuniu vereadores, lideran\u00e7as pol\u00edticas e apoiadores das candidaturas defendidas pelo prefeito. Nesse s\u00e1bado (29), o prefeito de Iguaracy, Pedro Alves, promoveu um adesiva\u00e7o em apoio aos candidatos escolhidos por seu grupo pol\u00edtico para as elei\u00e7\u00f5es de 2026. A atividade contou com a presen\u00e7a de Luciano Duque, candidato a deputado estadual, al\u00e9m dos vereadores Chico\" \/>\n\t<meta name=\"robots\" content=\"max-image-preview:large\" \/>\n\t<meta name=\"author\" content=\"serrafm87\"\/>\n\t<link rel=\"canonical\" href=\"https:\/\/serrafm879.com.br\/serrafm\/2026\/08\/em-iguaracy-prefeito-pedro-alves-promove-adesivaco-com-presenca-de-luciano-duque\/\" \/>\n\t<meta name=\"generator\" content=\"All in One SEO (AIOSEO) 4.9.10\" \/>\n\t\t<meta name=\"twitter:card\" content=\"summary_large_image\" \/>\n\t\t<meta name=\"twitter:title\" content=\"Em Iguaracy, prefeito Pedro Alves promove adesiva\u00e7o com presen\u00e7a de Luciano Duque - Serra FM 87,9\" \/>\n\t\t<meta name=\"twitter:description\" content=\"Mobiliza\u00e7\u00e3o reuniu vereadores, lideran\u00e7as pol\u00edticas e apoiadores das candidaturas defendidas pelo prefeito. Nesse s\u00e1bado (29), o prefeito de Iguaracy, Pedro Alves, promoveu um adesiva\u00e7o em apoio aos candidatos escolhidos por seu grupo pol\u00edtico para as elei\u00e7\u00f5es de 2026. A atividade contou com a presen\u00e7a de Luciano Duque, candidato a deputado estadual, al\u00e9m dos vereadores Chico\" \/>\n\t\t<meta name=\"twitter:image\" content=\"https:\/\/serrafm879.com.br\/serrafm\/wp-content\/uploads\/2026\/08\/WhatsApp-Image-2026-08-30-at-11.55.49.webp\" \/>\n\t\t<script type=\"application\/ld+json\" class=\"aioseo-schema\">\n\t\t\t{\"@context\":\"https:\\\/\\\/schema.org\",\"@graph\":[{\"@type\":\"BlogPosting\",\"@id\":\"https:\\\/\\\/serrafm879.com.br\\\/serrafm\\\/2026\\\/08\\\/em-iguaracy-prefeito-pedro-alves-promove-adesivaco-com-presenca-de-luciano-duque\\\/#blogposting\",\"name\":\"Em Iguaracy, prefeito Pedro Alves promove adesiva\\u00e7o com presen\\u00e7a de Luciano Duque - Serra FM 87,9\",\"headline\":\"Em Iguaracy, prefeito Pedro Alves promove adesiva\\u00e7o com presen\\u00e7a de Luciano Duque\",\"author\":{\"@id\":\"https:\\\/\\\/serrafm879.com.br\\\/serrafm\\\/author\\\/serrafm87\\\/#author\"},\"publisher\":{\"@id\":\"https:\\\/\\\/serrafm879.com.br\\\/serrafm\\\/#organization\"},\"image\":{\"@type\":\"ImageObject\",\"url\":\"https:\\\/\\\/serrafm879.com.br\\\/serrafm\\\/wp-content\\\/uploads\\\/2026\\\/08\\\/WhatsApp-Image-2026-08-30-at-11.55.49.webp\",\"width\":666,\"height\":436},\"datePublished\":\"2026-08-30T16:04:39-03:00\",\"dateModified\":\"2026-08-30T16:04:39-03:00\",\"inLanguage\":\"pt-BR\",\"mainEntityOfPage\":{\"@id\":\"https:\\\/\\\/serrafm879.com.br\\\/serrafm\\\/2026\\\/08\\\/em-iguaracy-prefeito-pedro-alves-promove-adesivaco-com-presenca-de-luciano-duque\\\/#webpage\"},\"isPartOf\":{\"@id\":\"https:\\\/\\\/serrafm879.com.br\\\/serrafm\\\/2026\\\/08\\\/em-iguaracy-prefeito-pedro-alves-promove-adesivaco-com-presenca-de-luciano-duque\\\/#webpage\"},\"articleSection\":\"Elei\\u00e7\\u00f5es 2026\"},{\"@type\":\"BreadcrumbList\",\"@id\":\"https:\\\/\\\/serrafm879.com.br\\\/serrafm\\\/2026\\\/08\\\/em-iguaracy-prefeito-pedro-alves-promove-adesivaco-com-presenca-de-luciano-duque\\\/#breadcrumblist\",\"itemListElement\":[{\"@type\":\"ListItem\",\"@id\":\"https:\\\/\\\/serrafm879.com.br\\\/serrafm#listItem\",\"position\":1,\"name\":\"Home\",\"item\":\"https:\\\/\\\/serrafm879.com.br\\\/serrafm\",\"nextItem\":{\"@type\":\"ListItem\",\"@id\":\"https:\\\/\\\/serrafm879.com.br\\\/serrafm\\\/categoria\\\/eleicoes-2026\\\/#listItem\",\"name\":\"Elei\\u00e7\\u00f5es 2026\"}},{\"@type\":\"ListItem\",\"@id\":\"https:\\\/\\\/serrafm879.com.br\\\/serrafm\\\/categoria\\\/eleicoes-2026\\\/#listItem\",\"position\":2,\"name\":\"Elei\\u00e7\\u00f5es 2026\",\"item\":\"https:\\\/\\\/serrafm879.com.br\\\/serrafm\\\/categoria\\\/eleicoes-2026\\\/\",\"nextItem\":{\"@type\":\"ListItem\",\"@id\":\"https:\\\/\\\/serrafm879.com.br\\\/serrafm\\\/2026\\\/08\\\/em-iguaracy-prefeito-pedro-alves-promove-adesivaco-com-presenca-de-luciano-duque\\\/#listItem\",\"name\":\"Em Iguaracy, prefeito Pedro Alves promove adesiva\\u00e7o com presen\\u00e7a de Luciano Duque\"},\"previousItem\":{\"@type\":\"ListItem\",\"@id\":\"https:\\\/\\\/serrafm879.com.br\\\/serrafm#listItem\",\"name\":\"Home\"}},{\"@type\":\"ListItem\",\"@id\":\"https:\\\/\\\/serrafm879.com.br\\\/serrafm\\\/2026\\\/08\\\/em-iguaracy-prefeito-pedro-alves-promove-adesivaco-com-presenca-de-luciano-duque\\\/#listItem\",\"position\":3,\"name\":\"Em Iguaracy, prefeito Pedro Alves promove adesiva\\u00e7o com presen\\u00e7a de Luciano Duque\",\"previousItem\":{\"@type\":\"ListItem\",\"@id\":\"https:\\\/\\\/serrafm879.com.br\\\/serrafm\\\/categoria\\\/eleicoes-2026\\\/#listItem\",\"name\":\"Elei\\u00e7\\u00f5es 2026\"}}]},{\"@type\":\"Organization\",\"@id\":\"https:\\\/\\\/serrafm879.com.br\\\/serrafm\\\/#organization\",\"name\":\"Serra FM 87,9\",\"description\":\"O seu novo amor!\",\"url\":\"https:\\\/\\\/serrafm879.com.br\\\/serrafm\\\/\"},{\"@type\":\"Person\",\"@id\":\"https:\\\/\\\/serrafm879.com.br\\\/serrafm\\\/author\\\/serrafm87\\\/#author\",\"url\":\"https:\\\/\\\/serrafm879.com.br\\\/serrafm\\\/author\\\/serrafm87\\\/\",\"name\":\"serrafm87\",\"image\":{\"@type\":\"ImageObject\",\"@id\":\"https:\\\/\\\/serrafm879.com.br\\\/serrafm\\\/2026\\\/08\\\/em-iguaracy-prefeito-pedro-alves-promove-adesivaco-com-presenca-de-luciano-duque\\\/#authorImage\",\"url\":\"https:\\\/\\\/secure.gravatar.com\\\/avatar\\\/a743233f1112d34f48bb3dc9559b76eb930bab8b27175856cba6362608736235?s=96&d=mm&r=g\",\"width\":96,\"height\":96,\"caption\":\"serrafm87\"}},{\"@type\":\"WebPage\",\"@id\":\"https:\\\/\\\/serrafm879.com.br\\\/serrafm\\\/2026\\\/08\\\/em-iguaracy-prefeito-pedro-alves-promove-adesivaco-com-presenca-de-luciano-duque\\\/#webpage\",\"url\":\"https:\\\/\\\/serrafm879.com.br\\\/serrafm\\\/2026\\\/08\\\/em-iguaracy-prefeito-pedro-alves-promove-adesivaco-com-presenca-de-luciano-duque\\\/\",\"name\":\"Em Iguaracy, prefeito Pedro Alves promove adesiva\\u00e7o com presen\\u00e7a de Luciano Duque - Serra FM 87,9\",\"description\":\"Mobiliza\\u00e7\\u00e3o reuniu vereadores, lideran\\u00e7as pol\\u00edticas e apoiadores das candidaturas defendidas pelo prefeito. Nesse s\\u00e1bado (29), o prefeito de Iguaracy, Pedro Alves, promoveu um adesiva\\u00e7o em apoio aos candidatos escolhidos por seu grupo pol\\u00edtico para as elei\\u00e7\\u00f5es de 2026. A atividade contou com a presen\\u00e7a de Luciano Duque, candidato a deputado estadual, al\\u00e9m dos vereadores Chico\",\"inLanguage\":\"pt-BR\",\"isPartOf\":{\"@id\":\"https:\\\/\\\/serrafm879.com.br\\\/serrafm\\\/#website\"},\"breadcrumb\":{\"@id\":\"https:\\\/\\\/serrafm879.com.br\\\/serrafm\\\/2026\\\/08\\\/em-iguaracy-prefeito-pedro-alves-promove-adesivaco-com-presenca-de-luciano-duque\\\/#breadcrumblist\"},\"author\":{\"@id\":\"https:\\\/\\\/serrafm879.com.br\\\/serrafm\\\/author\\\/serrafm87\\\/#author\"},\"creator\":{\"@id\":\"https:\\\/\\\/serrafm879.com.br\\\/serrafm\\\/author\\\/serrafm87\\\/#author\"},\"image\":{\"@type\":\"ImageObject\",\"url\":\"https:\\\/\\\/serrafm879.com.br\\\/serrafm\\\/wp-content\\\/uploads\\\/2026\\\/08\\\/WhatsApp-Image-2026-08-30-at-11.55.49.webp\",\"@id\":\"https:\\\/\\\/serrafm879.com.br\\\/serrafm\\\/2026\\\/08\\\/em-iguaracy-prefeito-pedro-alves-promove-adesivaco-com-presenca-de-luciano-duque\\\/#mainImage\",\"width\":666,\"height\":436},\"primaryImageOfPage\":{\"@id\":\"https:\\\/\\\/serrafm879.com.br\\\/serrafm\\\/2026\\\/08\\\/em-iguaracy-prefeito-pedro-alves-promove-adesivaco-com-presenca-de-luciano-duque\\\/#mainImage\"},\"datePublished\":\"2026-08-30T16:04:39-03:00\",\"dateModified\":\"2026-08-30T16:04:39-03:00\"},{\"@type\":\"WebSite\",\"@id\":\"https:\\\/\\\/serrafm879.com.br\\\/serrafm\\\/#website\",\"url\":\"https:\\\/\\\/serrafm879.com.br\\\/serrafm\\\/\",\"name\":\"Serra FM 87,9\",\"description\":\"O seu novo amor!\",\"inLanguage\":\"pt-BR\",\"publisher\":{\"@id\":\"https:\\\/\\\/serrafm879.com.br\\\/serrafm\\\/#organization\"}}]}\n\t\t<\/script>\n\t\t<!-- All in One SEO -->\n\n","aioseo_head_json":{"title":"Em Iguaracy, prefeito Pedro Alves promove adesiva\u00e7o com presen\u00e7a de Luciano Duque - Serra FM 87,9","description":"Mobiliza\u00e7\u00e3o reuniu vereadores, lideran\u00e7as pol\u00edticas e apoiadores das candidaturas defendidas pelo prefeito. Nesse s\u00e1bado (29), o prefeito de Iguaracy, Pedro Alves, promoveu um adesiva\u00e7o em apoio aos candidatos escolhidos por seu grupo pol\u00edtico para as elei\u00e7\u00f5es de 2026. A atividade contou com a presen\u00e7a de Luciano Duque, candidato a deputado estadual, al\u00e9m dos vereadores Chico","canonical_url":"https:\/\/serrafm879.com.br\/serrafm\/2026\/08\/em-iguaracy-prefeito-pedro-alves-promove-adesivaco-com-presenca-de-luciano-duque\/","robots":"max-image-preview:large","keywords":"","webmasterTools":{"miscellaneous":""},"schema":{"@context":"https:\/\/schema.org","@graph":[{"@type":"BlogPosting","@id":"https:\/\/serrafm879.com.br\/serrafm\/2026\/08\/em-iguaracy-prefeito-pedro-alves-promove-adesivaco-com-presenca-de-luciano-duque\/#blogposting","name":"Em Iguaracy, prefeito Pedro Alves promove adesiva\u00e7o com presen\u00e7a de Luciano Duque - Serra FM 87,9","headline":"Em Iguaracy, prefeito Pedro Alves promove adesiva\u00e7o com presen\u00e7a de Luciano Duque","author":{"@id":"https:\/\/serrafm879.com.br\/serrafm\/author\/serrafm87\/#author"},"publisher":{"@id":"https:\/\/serrafm879.com.br\/serrafm\/#organization"},"image":{"@type":"ImageObject","url":"https:\/\/serrafm879.com.br\/serrafm\/wp-content\/uploads\/2026\/08\/WhatsApp-Image-2026-08-30-at-11.55.49.webp","width":666,"height":436},"datePublished":"2026-08-30T16:04:39-03:00","dateModified":"2026-08-30T16:04:39-03:00","inLanguage":"pt-BR","mainEntityOfPage":{"@id":"https:\/\/serrafm879.com.br\/serrafm\/2026\/08\/em-iguaracy-prefeito-pedro-alves-promove-adesivaco-com-presenca-de-luciano-duque\/#webpage"},"isPartOf":{"@id":"https:\/\/serrafm879.com.br\/serrafm\/2026\/08\/em-iguaracy-prefeito-pedro-alves-promove-adesivaco-com-presenca-de-luciano-duque\/#webpage"},"articleSection":"Elei\u00e7\u00f5es 2026"},{"@type":"BreadcrumbList","@id":"https:\/\/serrafm879.com.br\/serrafm\/2026\/08\/em-iguaracy-prefeito-pedro-alves-promove-adesivaco-com-presenca-de-luciano-duque\/#breadcrumblist","itemListElement":[{"@type":"ListItem","@id":"https:\/\/serrafm879.com.br\/serrafm#listItem","position":1,"name":"Home","item":"https:\/\/serrafm879.com.br\/serrafm","nextItem":{"@type":"ListItem","@id":"https:\/\/serrafm879.com.br\/serrafm\/categoria\/eleicoes-2026\/#listItem","name":"Elei\u00e7\u00f5es 2026"}},{"@type":"ListItem","@id":"https:\/\/serrafm879.com.br\/serrafm\/categoria\/eleicoes-2026\/#listItem","position":2,"name":"Elei\u00e7\u00f5es 2026","item":"https:\/\/serrafm879.com.br\/serrafm\/categoria\/eleicoes-2026\/","nextItem":{"@type":"ListItem","@id":"https:\/\/serrafm879.com.br\/serrafm\/2026\/08\/em-iguaracy-prefeito-pedro-alves-promove-adesivaco-com-presenca-de-luciano-duque\/#listItem","name":"Em Iguaracy, prefeito Pedro Alves promove adesiva\u00e7o com presen\u00e7a de Luciano Duque"},"previousItem":{"@type":"ListItem","@id":"https:\/\/serrafm879.com.br\/serrafm#listItem","name":"Home"}},{"@type":"ListItem","@id":"https:\/\/serrafm879.com.br\/serrafm\/2026\/08\/em-iguaracy-prefeito-pedro-alves-promove-adesivaco-com-presenca-de-luciano-duque\/#listItem","position":3,"name":"Em Iguaracy, prefeito Pedro Alves promove adesiva\u00e7o com presen\u00e7a de Luciano Duque","previousItem":{"@type":"ListItem","@id":"https:\/\/serrafm879.com.br\/serrafm\/categoria\/eleicoes-2026\/#listItem","name":"Elei\u00e7\u00f5es 2026"}}]},{"@type":"Organization","@id":"https:\/\/serrafm879.com.br\/serrafm\/#organization","name":"Serra FM 87,9","description":"O seu novo amor!","url":"https:\/\/serrafm879.com.br\/serrafm\/"},{"@type":"Person","@id":"https:\/\/serrafm879.com.br\/serrafm\/author\/serrafm87\/#author","url":"https:\/\/serrafm879.com.br\/serrafm\/author\/serrafm87\/","name":"serrafm87","image":{"@type":"ImageObject","@id":"https:\/\/serrafm879.com.br\/serrafm\/2026\/08\/em-iguaracy-prefeito-pedro-alves-promove-adesivaco-com-presenca-de-luciano-duque\/#authorImage","url":"https:\/\/secure.gravatar.com\/avatar\/a743233f1112d34f48bb3dc9559b76eb930bab8b27175856cba6362608736235?s=96&d=mm&r=g","width":96,"height":96,"caption":"serrafm87"}},{"@type":"WebPage","@id":"https:\/\/serrafm879.com.br\/serrafm\/2026\/08\/em-iguaracy-prefeito-pedro-alves-promove-adesivaco-com-presenca-de-luciano-duque\/#webpage","url":"https:\/\/serrafm879.com.br\/serrafm\/2026\/08\/em-iguaracy-prefeito-pedro-alves-promove-adesivaco-com-presenca-de-luciano-duque\/","name":"Em Iguaracy, prefeito Pedro Alves promove adesiva\u00e7o com presen\u00e7a de Luciano Duque - Serra FM 87,9","description":"Mobiliza\u00e7\u00e3o reuniu vereadores, lideran\u00e7as pol\u00edticas e apoiadores das candidaturas defendidas pelo prefeito. Nesse s\u00e1bado (29), o prefeito de Iguaracy, Pedro Alves, promoveu um adesiva\u00e7o em apoio aos candidatos escolhidos por seu grupo pol\u00edtico para as elei\u00e7\u00f5es de 2026. A atividade contou com a presen\u00e7a de Luciano Duque, candidato a deputado estadual, al\u00e9m dos vereadores Chico","inLanguage":"pt-BR","isPartOf":{"@id":"https:\/\/serrafm879.com.br\/serrafm\/#website"},"breadcrumb":{"@id":"https:\/\/serrafm879.com.br\/serrafm\/2026\/08\/em-iguaracy-prefeito-pedro-alves-promove-adesivaco-com-presenca-de-luciano-duque\/#breadcrumblist"},"author":{"@id":"https:\/\/serrafm879.com.br\/serrafm\/author\/serrafm87\/#author"},"creator":{"@id":"https:\/\/serrafm879.com.br\/serrafm\/author\/serrafm87\/#author"},"image":{"@type":"ImageObject","url":"https:\/\/serrafm879.com.br\/serrafm\/wp-content\/uploads\/2026\/08\/WhatsApp-Image-2026-08-30-at-11.55.49.webp","@id":"https:\/\/serrafm879.com.br\/serrafm\/2026\/08\/em-iguaracy-prefeito-pedro-alves-promove-adesivaco-com-presenca-de-luciano-duque\/#mainImage","width":666,"height":436},"primaryImageOfPage":{"@id":"https:\/\/serrafm879.com.br\/serrafm\/2026\/08\/em-iguaracy-prefeito-pedro-alves-promove-adesivaco-com-presenca-de-luciano-duque\/#mainImage"},"datePublished":"2026-08-30T16:04:39-03:00","dateModified":"2026-08-30T16:04:39-03:00"},{"@type":"WebSite","@id":"https:\/\/serrafm879.com.br\/serrafm\/#website","url":"https:\/\/serrafm879.com.br\/serrafm\/","name":"Serra FM 87,9","description":"O seu novo amor!","inLanguage":"pt-BR","publisher":{"@id":"https:\/\/serrafm879.com.br\/serrafm\/#organization"}}]},"twitter:card":"summary_large_image","twitter:title":"Em Iguaracy, prefeito Pedro Alves promove adesiva\u00e7o com presen\u00e7a de Luciano Duque - Serra FM 87,9","twitter:description":"Mobiliza\u00e7\u00e3o reuniu vereadores, lideran\u00e7as pol\u00edticas e apoiadores das candidaturas defendidas pelo prefeito. Nesse s\u00e1bado (29), o prefeito de Iguaracy, Pedro Alves, promoveu um adesiva\u00e7o em apoio aos candidatos escolhidos por seu grupo pol\u00edtico para as elei\u00e7\u00f5es de 2026. A atividade contou com a presen\u00e7a de Luciano Duque, candidato a deputado estadual, al\u00e9m dos vereadores Chico","twitter:image":"https:\/\/serrafm879.com.br\/serrafm\/wp-content\/uploads\/2026\/08\/WhatsApp-Image-2026-08-30-at-11.55.49.webp"},"aioseo_meta_data":{"post_id":"28302","title":null,"description":null,"keywords":null,"keyphrases":{"focus":{"keyphrase":"","score":0,"analysis":{"keyphraseInTitle":{"score":0,"maxScore":9,"error":1}}},"additional":[]},"primary_term":null,"canonical_url":null,"og_title":null,"og_description":null,"og_object_type":"default","og_image_type":"default","og_image_custom_url":null,"og_image_custom_fields":null,"og_image_url":null,"og_image_width":null,"og_image_height":null,"og_video":"","og_custom_url":null,"og_article_section":null,"og_article_tags":null,"twitter_use_og":false,"twitter_card":"default","twitter_image_type":"default","twitter_image_custom_url":null,"twitter_image_custom_fields":null,"twitter_image_url":null,"twitter_title":null,"twitter_description":null,"schema_type":"default","schema_type_options":null,"schema":{"blockGraphs":[],"customGraphs":[],"default":{"data":{"Article":[],"Course":[],"Dataset":[],"FAQPage":[],"Movie":[],"Person":[],"Product":[],"ProductReview":[],"Car":[],"Recipe":[],"Service":[],"SoftwareApplication":[],"WebPage":[]},"graphName":"BlogPosting","isEnabled":true},"graphs":[]},"pillar_content":false,"robots_default":true,"robots_noindex":false,"robots_noarchive":false,"robots_nosnippet":false,"robots_nofollow":false,"robots_noimageindex":false,"robots_noodp":false,"robots_notranslate":false,"robots_max_snippet":"-1","robots_max_videopreview":"-1","robots_max_imagepreview":"large","priority":null,"frequency":"default","local_seo":null,"limit_modified_date":false,"ai":{"faqs":[],"keyPoints":[],"schemas":[],"titles":[],"descriptions":[],"socialPosts":{"email":{"subject":"","preview":"","content":""},"linkedin":[],"twitter":[],"facebook":[],"instagram":[]}},"breadcrumb_settings":null,"seo_analyzer_scan_date":null,"created":"2026-08-30 19:04:39","updated":"2026-08-31 01:04:39"},"aioseo_breadcrumb":"<div class=\"aioseo-breadcrumbs\"><span class=\"aioseo-breadcrumb\">\n\t\t\t<a href=\"https:\/\/serrafm879.com.br\/serrafm\" title=\"Home\">Home<\/a>\n\t\t<\/span><span class=\"aioseo-breadcrumb-separator\">&raquo;<\/span><span class=\"aioseo-breadcrumb\">\n\t\t\t<a href=\"https:\/\/serrafm879.com.br\/serrafm\/categoria\/eleicoes-2026\/\" title=\"Elei\u00e7\u00f5es 2026\">Elei\u00e7\u00f5es 2026<\/a>\n\t\t<\/span><span class=\"aioseo-breadcrumb-separator\">&raquo;<\/span><span class=\"aioseo-breadcrumb\">\n\t\t\tEm Iguaracy, prefeito Pedro Alves promove adesiva\u00e7o com presen\u00e7a de Luciano Duque\n\t\t<\/span><\/div>","aioseo_breadcrumb_json":[{"label":"Home","link":"https:\/\/serrafm879.com.br\/serrafm"},{"label":"Elei\u00e7\u00f5es 2026","link":"https:\/\/serrafm879.com.br\/serrafm\/categoria\/eleicoes-2026\/"},{"label":"Em Iguaracy, prefeito Pedro Alves promove adesiva\u00e7o com presen\u00e7a de Luciano Duque","link":"https:\/\/serrafm879.com.br\/serrafm\/2026\/08\/em-iguaracy-prefeito-pedro-alves-promove-adesivaco-com-presenca-de-luciano-duque\/"}],"jetpack_publicize_connections":[],"jetpack_featured_media_url":"https:\/\/serrafm879.com.br\/serrafm\/wp-content\/uploads\/2026\/08\/WhatsApp-Image-2026-08-30-at-11.55.49.webp","jetpack_shortlink":"https:\/\/wp.me\/p7HyXg-7mu","jetpack_sharing_enabled":true,"_links":{"self":[{"href":"https:\/\/serrafm879.com.br\/serrafm\/wp-json\/wp\/v2\/posts\/28302","targetHints":{"allow":["GET"]}}],"collection":[{"href":"https:\/\/serrafm879.com.br\/serrafm\/wp-json\/wp\/v2\/posts"}],"about":[{"href":"https:\/\/serrafm879.com.br\/serrafm\/wp-json\/wp\/v2\/types\/post"}],"author":[{"embeddable":true,"href":"https:\/\/serrafm879.com.br\/serrafm\/wp-json\/wp\/v2\/users\/2"}],"replies":[{"embeddable":true,"href":"https:\/\/serrafm879.com.br\/serrafm\/wp-json\/wp\/v2\/comments?post=28302"}],"version-history":[{"count":1,"href":"https:\/\/serrafm879.com.br\/serrafm\/wp-json\/wp\/v2\/posts\/28302\/revisions"}],"predecessor-version":[{"id":28304,"href":"https:\/\/serrafm879.com.br\/serrafm\/wp-json\/wp\/v2\/posts\/28302\/revisions\/28304"}],"wp:featuredmedia":[{"embeddable":true,"href":"https:\/\/serrafm879.com.br\/serrafm\/wp-json\/wp\/v2\/media\/28303"}],"wp:attachment":[{"href":"https:\/\/serrafm879.com.br\/serrafm\/wp-json\/wp\/v2\/media?parent=28302"}],"wp:term":[{"taxonomy":"category","embeddable":true,"href":"https:\/\/serrafm879.com.br\/serrafm\/wp-json\/wp\/v2\/categories?post=28302"},{"taxonomy":"post_tag","embeddable":true,"href":"https:\/\/serrafm879.com.br\/serrafm\/wp-json\/wp\/v2\/tags?post=28302"}],"curies":[{"name":"wp","href":"https:\/\/api.w.org\/{rel}","templated":true}]}}