{"id":28305,"date":"2026-08-30T16:12:50","date_gmt":"2026-08-30T19:12:50","guid":{"rendered":"https:\/\/serrafm879.com.br\/serrafm\/?p=28305"},"modified":"2026-08-30T16:12:50","modified_gmt":"2026-08-30T19:12:50","slug":"ela-matou-o-marido-ataques-contra-raquel-ganham-as-ruas-do-recife-e-campanha-de-joao-reage","status":"publish","type":"post","link":"https:\/\/serrafm879.com.br\/serrafm\/2026\/08\/ela-matou-o-marido-ataques-contra-raquel-ganham-as-ruas-do-recife-e-campanha-de-joao-reage\/","title":{"rendered":"\u201cEla matou o marido\u201d: Ataques contra Raquel ganham as ruas do Recife e campanha de Jo\u00e3o reage"},"content":{"rendered":"<p>A disputa eleitoral em Pernambuco ganhou um novo cap\u00edtulo neste domingo (30), ap\u00f3s a circula\u00e7\u00e3o, no Recife, de cartazes e panfletos ap\u00f3crifos com ataques de forte teor pessoal contra a governadora Raquel Lyra.<\/p>\n<p>Entre as pe\u00e7as espalhadas pela capital pernambucana, uma delas faz uma acusa\u00e7\u00e3o extremamente grave ao afirmar que Raquel teria \u201cmatado o marido para ganhar a elei\u00e7\u00e3o\u201d. Outro material apresenta uma montagem da governadora ao lado de figuras conhecidas por crimes de grande repercuss\u00e3o nacional.<\/p>\n<p>Os materiais n\u00e3o apresentam identifica\u00e7\u00e3o de autoria, contrata\u00e7\u00e3o ou grupo respons\u00e1vel pela produ\u00e7\u00e3o e distribui\u00e7\u00e3o. At\u00e9 o momento, tamb\u00e9m n\u00e3o h\u00e1 comprova\u00e7\u00e3o p\u00fablica de que tenham sido confeccionados ou distribu\u00eddos oficialmente por qualquer uma das campanhas envolvidas na disputa pelo Governo de Pernambuco.<\/p>\n<p>Diante da repercuss\u00e3o, a Frente Popular de Pernambuco, que apoia a candidatura de Jo\u00e3o Campos, divulgou uma nota afirmando que ir\u00e1 recorrer \u00e0 Justi\u00e7a Eleitoral para que os respons\u00e1veis pela produ\u00e7\u00e3o e dissemina\u00e7\u00e3o dos conte\u00fados sejam identificados e responsabilizados.<\/p>\n<p>\u201cA Frente Popular de Pernambuco informa que adotar\u00e1 todas as medidas cab\u00edveis perante a Justi\u00e7a Eleitoral para que a produ\u00e7\u00e3o e a dissemina\u00e7\u00e3o de conte\u00fados ap\u00f3crifos contra qualquer candidatura sejam rigorosamente investigadas\u201d, afirmou a frente.<\/p>\n<p>A nota tamb\u00e9m refor\u00e7a que a campanha n\u00e3o pretende aceitar o que classifica como ataques an\u00f4nimos e crimes contra a honra.<\/p>\n<p>\u201cN\u00e3o aceitaremos ataques an\u00f4nimos, crimes contra a honra ou qualquer pr\u00e1tica que viole a legisla\u00e7\u00e3o eleitoral e tente degradar o debate p\u00fablico\u201d, diz outro trecho.<\/p>\n<p>O epis\u00f3dio ocorre em meio \u00e0 escalada da disputa entre os grupos ligados a Jo\u00e3o Campos e Raquel Lyra. Nas \u00faltimas semanas, os dois campos pol\u00edticos passaram a trocar acusa\u00e7\u00f5es sobre supostas estruturas digitais utilizadas para atacar advers\u00e1rios, levando o chamado \u201cgabinete do \u00f3dio\u201d para o centro do debate eleitoral em Pernambuco.<\/p>\n<p>Agora, com a circula\u00e7\u00e3o de material f\u00edsico contendo acusa\u00e7\u00f5es pessoais contra a governadora, a disputa ganha tamb\u00e9m um novo componente: a identifica\u00e7\u00e3o de quem est\u00e1 por tr\u00e1s dos ataques e a eventual responsabiliza\u00e7\u00e3o eleitoral e criminal dos autores.<\/p>\n<p>A expectativa \u00e9 que a Justi\u00e7a Eleitoral seja acionada para apurar a origem dos materiais, quem financiou a produ\u00e7\u00e3o e como os cartazes foram distribu\u00eddos no Recife.<\/p>\n<p>At\u00e9 que haja uma investiga\u00e7\u00e3o conclusiva, n\u00e3o \u00e9 poss\u00edvel atribuir a autoria dos cartazes a Jo\u00e3o Campos, \u00e0 Frente Popular ou a qualquer outro grupo pol\u00edtico espec\u00edfico.<\/p>\n<p>Fonte : blog J\u00fanior Campos<\/p>\n","protected":false},"excerpt":{"rendered":"<p>A disputa eleitoral em Pernambuco ganhou um novo cap\u00edtulo neste domingo (30), ap\u00f3s a circula\u00e7\u00e3o, no Recife, de cartazes e panfletos ap\u00f3crifos com ataques de forte teor pessoal contra a governadora Raquel Lyra. Entre as pe\u00e7as espalhadas pela capital pernambucana, uma delas faz uma acusa\u00e7\u00e3o extremamente grave ao afirmar que Raquel teria \u201cmatado o marido para ganhar a elei\u00e7\u00e3o\u201d. Outro material apresenta uma montagem da governadora ao lado de figuras conhecidas por crimes de grande repercuss\u00e3o nacional. Os materiais n\u00e3o apresentam identifica\u00e7\u00e3o de autoria, contrata\u00e7\u00e3o ou grupo respons\u00e1vel pela produ\u00e7\u00e3o e distribui\u00e7\u00e3o. At\u00e9 o momento, tamb\u00e9m n\u00e3o h\u00e1 comprova\u00e7\u00e3o p\u00fablica [&hellip;]<\/p>\n","protected":false},"author":2,"featured_media":28306,"comment_status":"open","ping_status":"open","sticky":false,"template":"","format":"standard","meta":{"_jetpack_newsletter_access":"","_jetpack_dont_email_post_to_subs":false,"_jetpack_newsletter_tier_id":0,"_jetpack_memberships_contains_paywalled_content":false,"_jetpack_feature_clip_id":0,"_jetpack_memberships_contains_paid_content":false,"footnotes":"","jetpack_publicize_message":"","jetpack_publicize_feature_enabled":true,"jetpack_social_post_already_shared":true,"jetpack_social_options":{"image_generator_settings":{"template":"highway","default_image_id":0,"font":"","enabled":false},"version":2},"jetpack_post_was_ever_published":false},"categories":[297],"tags":[],"class_list":["post-28305","post","type-post","status-publish","format-standard","has-post-thumbnail","hentry","category-eleicoes-2026"],"aioseo_notices":[],"aioseo_head":"\n\t\t<!-- All in One SEO 4.9.10 - aioseo.com -->\n\t<meta name=\"description\" content=\"A disputa eleitoral em Pernambuco ganhou um novo cap\u00edtulo neste domingo (30), ap\u00f3s a circula\u00e7\u00e3o, no Recife, de cartazes e panfletos ap\u00f3crifos com ataques de forte teor pessoal contra a governadora Raquel Lyra. Entre as pe\u00e7as espalhadas pela capital pernambucana, uma delas faz uma acusa\u00e7\u00e3o extremamente grave ao afirmar que Raquel teria \u201cmatado o marido\" \/>\n\t<meta name=\"robots\" content=\"max-image-preview:large\" \/>\n\t<meta name=\"author\" content=\"serrafm87\"\/>\n\t<link rel=\"canonical\" href=\"https:\/\/serrafm879.com.br\/serrafm\/2026\/08\/ela-matou-o-marido-ataques-contra-raquel-ganham-as-ruas-do-recife-e-campanha-de-joao-reage\/\" \/>\n\t<meta name=\"generator\" content=\"All in One SEO (AIOSEO) 4.9.10\" \/>\n\t\t<meta name=\"twitter:card\" content=\"summary_large_image\" \/>\n\t\t<meta name=\"twitter:title\" content=\"\u201cEla matou o marido\u201d: Ataques contra Raquel ganham as ruas do Recife e campanha de Jo\u00e3o reage - Serra FM 87,9\" \/>\n\t\t<meta name=\"twitter:description\" content=\"A disputa eleitoral em Pernambuco ganhou um novo cap\u00edtulo neste domingo (30), ap\u00f3s a circula\u00e7\u00e3o, no Recife, de cartazes e panfletos ap\u00f3crifos com ataques de forte teor pessoal contra a governadora Raquel Lyra. Entre as pe\u00e7as espalhadas pela capital pernambucana, uma delas faz uma acusa\u00e7\u00e3o extremamente grave ao afirmar que Raquel teria \u201cmatado o marido\" \/>\n\t\t<meta name=\"twitter:image\" content=\"https:\/\/serrafm879.com.br\/serrafm\/wp-content\/uploads\/2026\/08\/IMG_7184.jpeg\" \/>\n\t\t<script type=\"application\/ld+json\" class=\"aioseo-schema\">\n\t\t\t{\"@context\":\"https:\\\/\\\/schema.org\",\"@graph\":[{\"@type\":\"BlogPosting\",\"@id\":\"https:\\\/\\\/serrafm879.com.br\\\/serrafm\\\/2026\\\/08\\\/ela-matou-o-marido-ataques-contra-raquel-ganham-as-ruas-do-recife-e-campanha-de-joao-reage\\\/#blogposting\",\"name\":\"\\u201cEla matou o marido\\u201d: Ataques contra Raquel ganham as ruas do Recife e campanha de Jo\\u00e3o reage - Serra FM 87,9\",\"headline\":\"\\u201cEla matou o marido\\u201d: Ataques contra Raquel ganham as ruas do Recife e campanha de Jo\\u00e3o reage\",\"author\":{\"@id\":\"https:\\\/\\\/serrafm879.com.br\\\/serrafm\\\/author\\\/serrafm87\\\/#author\"},\"publisher\":{\"@id\":\"https:\\\/\\\/serrafm879.com.br\\\/serrafm\\\/#organization\"},\"image\":{\"@type\":\"ImageObject\",\"url\":\"https:\\\/\\\/serrafm879.com.br\\\/serrafm\\\/wp-content\\\/uploads\\\/2026\\\/08\\\/IMG_7184.jpeg\",\"width\":1000,\"height\":563},\"datePublished\":\"2026-08-30T16:12:50-03:00\",\"dateModified\":\"2026-08-30T16:12:50-03:00\",\"inLanguage\":\"pt-BR\",\"mainEntityOfPage\":{\"@id\":\"https:\\\/\\\/serrafm879.com.br\\\/serrafm\\\/2026\\\/08\\\/ela-matou-o-marido-ataques-contra-raquel-ganham-as-ruas-do-recife-e-campanha-de-joao-reage\\\/#webpage\"},\"isPartOf\":{\"@id\":\"https:\\\/\\\/serrafm879.com.br\\\/serrafm\\\/2026\\\/08\\\/ela-matou-o-marido-ataques-contra-raquel-ganham-as-ruas-do-recife-e-campanha-de-joao-reage\\\/#webpage\"},\"articleSection\":\"Elei\\u00e7\\u00f5es 2026\"},{\"@type\":\"BreadcrumbList\",\"@id\":\"https:\\\/\\\/serrafm879.com.br\\\/serrafm\\\/2026\\\/08\\\/ela-matou-o-marido-ataques-contra-raquel-ganham-as-ruas-do-recife-e-campanha-de-joao-reage\\\/#breadcrumblist\",\"itemListElement\":[{\"@type\":\"ListItem\",\"@id\":\"https:\\\/\\\/serrafm879.com.br\\\/serrafm#listItem\",\"position\":1,\"name\":\"Home\",\"item\":\"https:\\\/\\\/serrafm879.com.br\\\/serrafm\",\"nextItem\":{\"@type\":\"ListItem\",\"@id\":\"https:\\\/\\\/serrafm879.com.br\\\/serrafm\\\/categoria\\\/eleicoes-2026\\\/#listItem\",\"name\":\"Elei\\u00e7\\u00f5es 2026\"}},{\"@type\":\"ListItem\",\"@id\":\"https:\\\/\\\/serrafm879.com.br\\\/serrafm\\\/categoria\\\/eleicoes-2026\\\/#listItem\",\"position\":2,\"name\":\"Elei\\u00e7\\u00f5es 2026\",\"item\":\"https:\\\/\\\/serrafm879.com.br\\\/serrafm\\\/categoria\\\/eleicoes-2026\\\/\",\"nextItem\":{\"@type\":\"ListItem\",\"@id\":\"https:\\\/\\\/serrafm879.com.br\\\/serrafm\\\/2026\\\/08\\\/ela-matou-o-marido-ataques-contra-raquel-ganham-as-ruas-do-recife-e-campanha-de-joao-reage\\\/#listItem\",\"name\":\"\\u201cEla matou o marido\\u201d: Ataques contra Raquel ganham as ruas do Recife e campanha de Jo\\u00e3o reage\"},\"previousItem\":{\"@type\":\"ListItem\",\"@id\":\"https:\\\/\\\/serrafm879.com.br\\\/serrafm#listItem\",\"name\":\"Home\"}},{\"@type\":\"ListItem\",\"@id\":\"https:\\\/\\\/serrafm879.com.br\\\/serrafm\\\/2026\\\/08\\\/ela-matou-o-marido-ataques-contra-raquel-ganham-as-ruas-do-recife-e-campanha-de-joao-reage\\\/#listItem\",\"position\":3,\"name\":\"\\u201cEla matou o marido\\u201d: Ataques contra Raquel ganham as ruas do Recife e campanha de Jo\\u00e3o reage\",\"previousItem\":{\"@type\":\"ListItem\",\"@id\":\"https:\\\/\\\/serrafm879.com.br\\\/serrafm\\\/categoria\\\/eleicoes-2026\\\/#listItem\",\"name\":\"Elei\\u00e7\\u00f5es 2026\"}}]},{\"@type\":\"Organization\",\"@id\":\"https:\\\/\\\/serrafm879.com.br\\\/serrafm\\\/#organization\",\"name\":\"Serra FM 87,9\",\"description\":\"O seu novo amor!\",\"url\":\"https:\\\/\\\/serrafm879.com.br\\\/serrafm\\\/\"},{\"@type\":\"Person\",\"@id\":\"https:\\\/\\\/serrafm879.com.br\\\/serrafm\\\/author\\\/serrafm87\\\/#author\",\"url\":\"https:\\\/\\\/serrafm879.com.br\\\/serrafm\\\/author\\\/serrafm87\\\/\",\"name\":\"serrafm87\",\"image\":{\"@type\":\"ImageObject\",\"@id\":\"https:\\\/\\\/serrafm879.com.br\\\/serrafm\\\/2026\\\/08\\\/ela-matou-o-marido-ataques-contra-raquel-ganham-as-ruas-do-recife-e-campanha-de-joao-reage\\\/#authorImage\",\"url\":\"https:\\\/\\\/secure.gravatar.com\\\/avatar\\\/a743233f1112d34f48bb3dc9559b76eb930bab8b27175856cba6362608736235?s=96&d=mm&r=g\",\"width\":96,\"height\":96,\"caption\":\"serrafm87\"}},{\"@type\":\"WebPage\",\"@id\":\"https:\\\/\\\/serrafm879.com.br\\\/serrafm\\\/2026\\\/08\\\/ela-matou-o-marido-ataques-contra-raquel-ganham-as-ruas-do-recife-e-campanha-de-joao-reage\\\/#webpage\",\"url\":\"https:\\\/\\\/serrafm879.com.br\\\/serrafm\\\/2026\\\/08\\\/ela-matou-o-marido-ataques-contra-raquel-ganham-as-ruas-do-recife-e-campanha-de-joao-reage\\\/\",\"name\":\"\\u201cEla matou o marido\\u201d: Ataques contra Raquel ganham as ruas do Recife e campanha de Jo\\u00e3o reage - Serra FM 87,9\",\"description\":\"A disputa eleitoral em Pernambuco ganhou um novo cap\\u00edtulo neste domingo (30), ap\\u00f3s a circula\\u00e7\\u00e3o, no Recife, de cartazes e panfletos ap\\u00f3crifos com ataques de forte teor pessoal contra a governadora Raquel Lyra. Entre as pe\\u00e7as espalhadas pela capital pernambucana, uma delas faz uma acusa\\u00e7\\u00e3o extremamente grave ao afirmar que Raquel teria \\u201cmatado o marido\",\"inLanguage\":\"pt-BR\",\"isPartOf\":{\"@id\":\"https:\\\/\\\/serrafm879.com.br\\\/serrafm\\\/#website\"},\"breadcrumb\":{\"@id\":\"https:\\\/\\\/serrafm879.com.br\\\/serrafm\\\/2026\\\/08\\\/ela-matou-o-marido-ataques-contra-raquel-ganham-as-ruas-do-recife-e-campanha-de-joao-reage\\\/#breadcrumblist\"},\"author\":{\"@id\":\"https:\\\/\\\/serrafm879.com.br\\\/serrafm\\\/author\\\/serrafm87\\\/#author\"},\"creator\":{\"@id\":\"https:\\\/\\\/serrafm879.com.br\\\/serrafm\\\/author\\\/serrafm87\\\/#author\"},\"image\":{\"@type\":\"ImageObject\",\"url\":\"https:\\\/\\\/serrafm879.com.br\\\/serrafm\\\/wp-content\\\/uploads\\\/2026\\\/08\\\/IMG_7184.jpeg\",\"@id\":\"https:\\\/\\\/serrafm879.com.br\\\/serrafm\\\/2026\\\/08\\\/ela-matou-o-marido-ataques-contra-raquel-ganham-as-ruas-do-recife-e-campanha-de-joao-reage\\\/#mainImage\",\"width\":1000,\"height\":563},\"primaryImageOfPage\":{\"@id\":\"https:\\\/\\\/serrafm879.com.br\\\/serrafm\\\/2026\\\/08\\\/ela-matou-o-marido-ataques-contra-raquel-ganham-as-ruas-do-recife-e-campanha-de-joao-reage\\\/#mainImage\"},\"datePublished\":\"2026-08-30T16:12:50-03:00\",\"dateModified\":\"2026-08-30T16:12:50-03:00\"},{\"@type\":\"WebSite\",\"@id\":\"https:\\\/\\\/serrafm879.com.br\\\/serrafm\\\/#website\",\"url\":\"https:\\\/\\\/serrafm879.com.br\\\/serrafm\\\/\",\"name\":\"Serra FM 87,9\",\"description\":\"O seu novo amor!\",\"inLanguage\":\"pt-BR\",\"publisher\":{\"@id\":\"https:\\\/\\\/serrafm879.com.br\\\/serrafm\\\/#organization\"}}]}\n\t\t<\/script>\n\t\t<!-- All in One SEO -->\n\n","aioseo_head_json":{"title":"\u201cEla matou o marido\u201d: Ataques contra Raquel ganham as ruas do Recife e campanha de Jo\u00e3o reage - Serra FM 87,9","description":"A disputa eleitoral em Pernambuco ganhou um novo cap\u00edtulo neste domingo (30), ap\u00f3s a circula\u00e7\u00e3o, no Recife, de cartazes e panfletos ap\u00f3crifos com ataques de forte teor pessoal contra a governadora Raquel Lyra. Entre as pe\u00e7as espalhadas pela capital pernambucana, uma delas faz uma acusa\u00e7\u00e3o extremamente grave ao afirmar que Raquel teria \u201cmatado o marido","canonical_url":"https:\/\/serrafm879.com.br\/serrafm\/2026\/08\/ela-matou-o-marido-ataques-contra-raquel-ganham-as-ruas-do-recife-e-campanha-de-joao-reage\/","robots":"max-image-preview:large","keywords":"","webmasterTools":{"miscellaneous":""},"schema":{"@context":"https:\/\/schema.org","@graph":[{"@type":"BlogPosting","@id":"https:\/\/serrafm879.com.br\/serrafm\/2026\/08\/ela-matou-o-marido-ataques-contra-raquel-ganham-as-ruas-do-recife-e-campanha-de-joao-reage\/#blogposting","name":"\u201cEla matou o marido\u201d: Ataques contra Raquel ganham as ruas do Recife e campanha de Jo\u00e3o reage - Serra FM 87,9","headline":"\u201cEla matou o marido\u201d: Ataques contra Raquel ganham as ruas do Recife e campanha de Jo\u00e3o reage","author":{"@id":"https:\/\/serrafm879.com.br\/serrafm\/author\/serrafm87\/#author"},"publisher":{"@id":"https:\/\/serrafm879.com.br\/serrafm\/#organization"},"image":{"@type":"ImageObject","url":"https:\/\/serrafm879.com.br\/serrafm\/wp-content\/uploads\/2026\/08\/IMG_7184.jpeg","width":1000,"height":563},"datePublished":"2026-08-30T16:12:50-03:00","dateModified":"2026-08-30T16:12:50-03:00","inLanguage":"pt-BR","mainEntityOfPage":{"@id":"https:\/\/serrafm879.com.br\/serrafm\/2026\/08\/ela-matou-o-marido-ataques-contra-raquel-ganham-as-ruas-do-recife-e-campanha-de-joao-reage\/#webpage"},"isPartOf":{"@id":"https:\/\/serrafm879.com.br\/serrafm\/2026\/08\/ela-matou-o-marido-ataques-contra-raquel-ganham-as-ruas-do-recife-e-campanha-de-joao-reage\/#webpage"},"articleSection":"Elei\u00e7\u00f5es 2026"},{"@type":"BreadcrumbList","@id":"https:\/\/serrafm879.com.br\/serrafm\/2026\/08\/ela-matou-o-marido-ataques-contra-raquel-ganham-as-ruas-do-recife-e-campanha-de-joao-reage\/#breadcrumblist","itemListElement":[{"@type":"ListItem","@id":"https:\/\/serrafm879.com.br\/serrafm#listItem","position":1,"name":"Home","item":"https:\/\/serrafm879.com.br\/serrafm","nextItem":{"@type":"ListItem","@id":"https:\/\/serrafm879.com.br\/serrafm\/categoria\/eleicoes-2026\/#listItem","name":"Elei\u00e7\u00f5es 2026"}},{"@type":"ListItem","@id":"https:\/\/serrafm879.com.br\/serrafm\/categoria\/eleicoes-2026\/#listItem","position":2,"name":"Elei\u00e7\u00f5es 2026","item":"https:\/\/serrafm879.com.br\/serrafm\/categoria\/eleicoes-2026\/","nextItem":{"@type":"ListItem","@id":"https:\/\/serrafm879.com.br\/serrafm\/2026\/08\/ela-matou-o-marido-ataques-contra-raquel-ganham-as-ruas-do-recife-e-campanha-de-joao-reage\/#listItem","name":"\u201cEla matou o marido\u201d: Ataques contra Raquel ganham as ruas do Recife e campanha de Jo\u00e3o reage"},"previousItem":{"@type":"ListItem","@id":"https:\/\/serrafm879.com.br\/serrafm#listItem","name":"Home"}},{"@type":"ListItem","@id":"https:\/\/serrafm879.com.br\/serrafm\/2026\/08\/ela-matou-o-marido-ataques-contra-raquel-ganham-as-ruas-do-recife-e-campanha-de-joao-reage\/#listItem","position":3,"name":"\u201cEla matou o marido\u201d: Ataques contra Raquel ganham as ruas do Recife e campanha de Jo\u00e3o reage","previousItem":{"@type":"ListItem","@id":"https:\/\/serrafm879.com.br\/serrafm\/categoria\/eleicoes-2026\/#listItem","name":"Elei\u00e7\u00f5es 2026"}}]},{"@type":"Organization","@id":"https:\/\/serrafm879.com.br\/serrafm\/#organization","name":"Serra FM 87,9","description":"O seu novo amor!","url":"https:\/\/serrafm879.com.br\/serrafm\/"},{"@type":"Person","@id":"https:\/\/serrafm879.com.br\/serrafm\/author\/serrafm87\/#author","url":"https:\/\/serrafm879.com.br\/serrafm\/author\/serrafm87\/","name":"serrafm87","image":{"@type":"ImageObject","@id":"https:\/\/serrafm879.com.br\/serrafm\/2026\/08\/ela-matou-o-marido-ataques-contra-raquel-ganham-as-ruas-do-recife-e-campanha-de-joao-reage\/#authorImage","url":"https:\/\/secure.gravatar.com\/avatar\/a743233f1112d34f48bb3dc9559b76eb930bab8b27175856cba6362608736235?s=96&d=mm&r=g","width":96,"height":96,"caption":"serrafm87"}},{"@type":"WebPage","@id":"https:\/\/serrafm879.com.br\/serrafm\/2026\/08\/ela-matou-o-marido-ataques-contra-raquel-ganham-as-ruas-do-recife-e-campanha-de-joao-reage\/#webpage","url":"https:\/\/serrafm879.com.br\/serrafm\/2026\/08\/ela-matou-o-marido-ataques-contra-raquel-ganham-as-ruas-do-recife-e-campanha-de-joao-reage\/","name":"\u201cEla matou o marido\u201d: Ataques contra Raquel ganham as ruas do Recife e campanha de Jo\u00e3o reage - Serra FM 87,9","description":"A disputa eleitoral em Pernambuco ganhou um novo cap\u00edtulo neste domingo (30), ap\u00f3s a circula\u00e7\u00e3o, no Recife, de cartazes e panfletos ap\u00f3crifos com ataques de forte teor pessoal contra a governadora Raquel Lyra. Entre as pe\u00e7as espalhadas pela capital pernambucana, uma delas faz uma acusa\u00e7\u00e3o extremamente grave ao afirmar que Raquel teria \u201cmatado o marido","inLanguage":"pt-BR","isPartOf":{"@id":"https:\/\/serrafm879.com.br\/serrafm\/#website"},"breadcrumb":{"@id":"https:\/\/serrafm879.com.br\/serrafm\/2026\/08\/ela-matou-o-marido-ataques-contra-raquel-ganham-as-ruas-do-recife-e-campanha-de-joao-reage\/#breadcrumblist"},"author":{"@id":"https:\/\/serrafm879.com.br\/serrafm\/author\/serrafm87\/#author"},"creator":{"@id":"https:\/\/serrafm879.com.br\/serrafm\/author\/serrafm87\/#author"},"image":{"@type":"ImageObject","url":"https:\/\/serrafm879.com.br\/serrafm\/wp-content\/uploads\/2026\/08\/IMG_7184.jpeg","@id":"https:\/\/serrafm879.com.br\/serrafm\/2026\/08\/ela-matou-o-marido-ataques-contra-raquel-ganham-as-ruas-do-recife-e-campanha-de-joao-reage\/#mainImage","width":1000,"height":563},"primaryImageOfPage":{"@id":"https:\/\/serrafm879.com.br\/serrafm\/2026\/08\/ela-matou-o-marido-ataques-contra-raquel-ganham-as-ruas-do-recife-e-campanha-de-joao-reage\/#mainImage"},"datePublished":"2026-08-30T16:12:50-03:00","dateModified":"2026-08-30T16:12:50-03:00"},{"@type":"WebSite","@id":"https:\/\/serrafm879.com.br\/serrafm\/#website","url":"https:\/\/serrafm879.com.br\/serrafm\/","name":"Serra FM 87,9","description":"O seu novo amor!","inLanguage":"pt-BR","publisher":{"@id":"https:\/\/serrafm879.com.br\/serrafm\/#organization"}}]},"twitter:card":"summary_large_image","twitter:title":"\u201cEla matou o marido\u201d: Ataques contra Raquel ganham as ruas do Recife e campanha de Jo\u00e3o reage - Serra FM 87,9","twitter:description":"A disputa eleitoral em Pernambuco ganhou um novo cap\u00edtulo neste domingo (30), ap\u00f3s a circula\u00e7\u00e3o, no Recife, de cartazes e panfletos ap\u00f3crifos com ataques de forte teor pessoal contra a governadora Raquel Lyra. Entre as pe\u00e7as espalhadas pela capital pernambucana, uma delas faz uma acusa\u00e7\u00e3o extremamente grave ao afirmar que Raquel teria \u201cmatado o marido","twitter:image":"https:\/\/serrafm879.com.br\/serrafm\/wp-content\/uploads\/2026\/08\/IMG_7184.jpeg"},"aioseo_meta_data":{"post_id":"28305","title":null,"description":null,"keywords":null,"keyphrases":{"focus":{"keyphrase":"","score":0,"analysis":{"keyphraseInTitle":{"score":0,"maxScore":9,"error":1}}},"additional":[]},"primary_term":null,"canonical_url":null,"og_title":null,"og_description":null,"og_object_type":"default","og_image_type":"default","og_image_custom_url":null,"og_image_custom_fields":null,"og_image_url":null,"og_image_width":null,"og_image_height":null,"og_video":"","og_custom_url":null,"og_article_section":null,"og_article_tags":null,"twitter_use_og":false,"twitter_card":"default","twitter_image_type":"default","twitter_image_custom_url":null,"twitter_image_custom_fields":null,"twitter_image_url":null,"twitter_title":null,"twitter_description":null,"schema_type":"default","schema_type_options":null,"schema":{"blockGraphs":[],"customGraphs":[],"default":{"data":{"Article":[],"Course":[],"Dataset":[],"FAQPage":[],"Movie":[],"Person":[],"Product":[],"ProductReview":[],"Car":[],"Recipe":[],"Service":[],"SoftwareApplication":[],"WebPage":[]},"graphName":"BlogPosting","isEnabled":true},"graphs":[]},"pillar_content":false,"robots_default":true,"robots_noindex":false,"robots_noarchive":false,"robots_nosnippet":false,"robots_nofollow":false,"robots_noimageindex":false,"robots_noodp":false,"robots_notranslate":false,"robots_max_snippet":"-1","robots_max_videopreview":"-1","robots_max_imagepreview":"large","priority":null,"frequency":"default","local_seo":null,"limit_modified_date":false,"ai":{"faqs":[],"keyPoints":[],"schemas":[],"titles":[],"descriptions":[],"socialPosts":{"email":{"subject":"","preview":"","content":""},"linkedin":[],"twitter":[],"facebook":[],"instagram":[]}},"breadcrumb_settings":null,"seo_analyzer_scan_date":null,"created":"2026-08-30 19:12:50","updated":"2026-08-31 01:04:39"},"aioseo_breadcrumb":"<div class=\"aioseo-breadcrumbs\"><span class=\"aioseo-breadcrumb\">\n\t\t\t<a href=\"https:\/\/serrafm879.com.br\/serrafm\" title=\"Home\">Home<\/a>\n\t\t<\/span><span class=\"aioseo-breadcrumb-separator\">&raquo;<\/span><span class=\"aioseo-breadcrumb\">\n\t\t\t<a href=\"https:\/\/serrafm879.com.br\/serrafm\/categoria\/eleicoes-2026\/\" title=\"Elei\u00e7\u00f5es 2026\">Elei\u00e7\u00f5es 2026<\/a>\n\t\t<\/span><span class=\"aioseo-breadcrumb-separator\">&raquo;<\/span><span class=\"aioseo-breadcrumb\">\n\t\t\t\u201cEla matou o marido\u201d: Ataques contra Raquel ganham as ruas do Recife e campanha de Jo\u00e3o reage\n\t\t<\/span><\/div>","aioseo_breadcrumb_json":[{"label":"Home","link":"https:\/\/serrafm879.com.br\/serrafm"},{"label":"Elei\u00e7\u00f5es 2026","link":"https:\/\/serrafm879.com.br\/serrafm\/categoria\/eleicoes-2026\/"},{"label":"\u201cEla matou o marido\u201d: Ataques contra Raquel ganham as ruas do Recife e campanha de Jo\u00e3o reage","link":"https:\/\/serrafm879.com.br\/serrafm\/2026\/08\/ela-matou-o-marido-ataques-contra-raquel-ganham-as-ruas-do-recife-e-campanha-de-joao-reage\/"}],"jetpack_publicize_connections":[],"jetpack_featured_media_url":"https:\/\/serrafm879.com.br\/serrafm\/wp-content\/uploads\/2026\/08\/IMG_7184.jpeg","jetpack_shortlink":"https:\/\/wp.me\/p7HyXg-7mx","jetpack_sharing_enabled":true,"_links":{"self":[{"href":"https:\/\/serrafm879.com.br\/serrafm\/wp-json\/wp\/v2\/posts\/28305","targetHints":{"allow":["GET"]}}],"collection":[{"href":"https:\/\/serrafm879.com.br\/serrafm\/wp-json\/wp\/v2\/posts"}],"about":[{"href":"https:\/\/serrafm879.com.br\/serrafm\/wp-json\/wp\/v2\/types\/post"}],"author":[{"embeddable":true,"href":"https:\/\/serrafm879.com.br\/serrafm\/wp-json\/wp\/v2\/users\/2"}],"replies":[{"embeddable":true,"href":"https:\/\/serrafm879.com.br\/serrafm\/wp-json\/wp\/v2\/comments?post=28305"}],"version-history":[{"count":1,"href":"https:\/\/serrafm879.com.br\/serrafm\/wp-json\/wp\/v2\/posts\/28305\/revisions"}],"predecessor-version":[{"id":28307,"href":"https:\/\/serrafm879.com.br\/serrafm\/wp-json\/wp\/v2\/posts\/28305\/revisions\/28307"}],"wp:featuredmedia":[{"embeddable":true,"href":"https:\/\/serrafm879.com.br\/serrafm\/wp-json\/wp\/v2\/media\/28306"}],"wp:attachment":[{"href":"https:\/\/serrafm879.com.br\/serrafm\/wp-json\/wp\/v2\/media?parent=28305"}],"wp:term":[{"taxonomy":"category","embeddable":true,"href":"https:\/\/serrafm879.com.br\/serrafm\/wp-json\/wp\/v2\/categories?post=28305"},{"taxonomy":"post_tag","embeddable":true,"href":"https:\/\/serrafm879.com.br\/serrafm\/wp-json\/wp\/v2\/tags?post=28305"}],"curies":[{"name":"wp","href":"https:\/\/api.w.org\/{rel}","templated":true}]}}