{"id":28308,"date":"2026-08-29T16:14:47","date_gmt":"2026-08-29T19:14:47","guid":{"rendered":"https:\/\/serrafm879.com.br\/serrafm\/?p=28308"},"modified":"2026-08-30T16:17:21","modified_gmt":"2026-08-30T19:17:21","slug":"multidao-ilumina-ruas-de-serra-talhada-com-velas-e-emocao-na-abertura-da-236a-festa-da-penha","status":"publish","type":"post","link":"https:\/\/serrafm879.com.br\/serrafm\/2026\/08\/multidao-ilumina-ruas-de-serra-talhada-com-velas-e-emocao-na-abertura-da-236a-festa-da-penha\/","title":{"rendered":"Multid\u00e3o ilumina ruas de Serra Talhada com velas e emo\u00e7\u00e3o na abertura da 236\u00aa Festa da Penha"},"content":{"rendered":"<p data-path-to-node=\"1\">Uma verdadeira demonstra\u00e7\u00e3o de f\u00e9, tradi\u00e7\u00e3o e como\u00e7\u00e3o popular tomou conta das ruas de Serra Talhada na noite deste s\u00e1bado (29), marcando a abertura oficial da 236\u00aa Festa de Nossa Senhora da Penha. Conduzida sob a lideran\u00e7a do p\u00e1roco local, Padre Aldo Guedes, a celebra\u00e7\u00e3o reuniu milhares de fi\u00e9is em um cortejo marcado por luzes, c\u00e2nticos e devo\u00e7\u00e3o profunda \u00e0 padroeira do munic\u00edpio.<\/p>\n<p data-path-to-node=\"2\">A prociss\u00e3o teve in\u00edcio na resid\u00eancia da tradicional fam\u00edlia de Dedinha In\u00e1cio, na Travessa Jos\u00e9 Olavo de Andrade. De l\u00e1, o andor ricamente ornamentado com flores, conduzido com a guarda de honra do Tiro de Guerra, e os estandartes sagrados seguiram pelas vias centrais acompanhados pela banda marcial, coroinhas, apostolados e uma multid\u00e3o que iluminava o trajeto com velas acesas protegidas por lanternas com a imagem da santa.<\/p>\n<p data-path-to-node=\"3\">Durante todo o percurso, o clima foi de forte como\u00e7\u00e3o. Devotos de todas as idades entoavam hinos marianos com as m\u00e3os postas em ora\u00e7\u00e3o e l\u00e1grimas nos olhos, expressando gratid\u00e3o por promessas alcan\u00e7adas e renovando preces.<\/p>\n<p data-path-to-node=\"4\">Ao chegar \u00e0 Concatedral de Nossa Senhora da Penha, a multid\u00e3o se concentrou em frente ao templo hist\u00f3rico. Sob intensos aplausos e ao som do tradicional c\u00e2ntico\u00a0<i data-path-to-node=\"4\" data-index-in-node=\"161\">\u201cQue bandeira \u00e9 esta que vamos levar? Da Virgem da Penha para festejar\u201d<\/i>, a bandeira oficial foi solenemente erguida. Um espet\u00e1culo pirot\u00e9cnico iluminou a torre da catedral, selando o in\u00edcio dos festejos.<\/p>\n<p data-path-to-node=\"5\">A Missa Solene de Abertura foi presidida pelo Padre Jos\u00e9 C\u00edcero Alves de Lima, p\u00e1roco de S\u00e3o Jos\u00e9 do Egito, concelebrada pelo Padre Aldo Guedes. A programa\u00e7\u00e3o religiosa e cultural da 236\u00aa edi\u00e7\u00e3o da Festa da Penha segue ao longo dos pr\u00f3ximos dias com o noven\u00e1rio, missas di\u00e1rias e encontros de comunidades de todo o Sert\u00e3o do Paje\u00fa.<\/p>\n<p data-path-to-node=\"5\">\n","protected":false},"excerpt":{"rendered":"<p>Uma verdadeira demonstra\u00e7\u00e3o de f\u00e9, tradi\u00e7\u00e3o e como\u00e7\u00e3o popular tomou conta das ruas de Serra Talhada na noite deste s\u00e1bado (29), marcando a abertura oficial da 236\u00aa Festa de Nossa Senhora da Penha. Conduzida sob a lideran\u00e7a do p\u00e1roco local, Padre Aldo Guedes, a celebra\u00e7\u00e3o reuniu milhares de fi\u00e9is em um cortejo marcado por luzes, c\u00e2nticos e devo\u00e7\u00e3o profunda \u00e0 padroeira do munic\u00edpio. A prociss\u00e3o teve in\u00edcio na resid\u00eancia da tradicional fam\u00edlia de Dedinha In\u00e1cio, na Travessa Jos\u00e9 Olavo de Andrade. De l\u00e1, o andor ricamente ornamentado com flores, conduzido com a guarda de honra do Tiro de Guerra, e [&hellip;]<\/p>\n","protected":false},"author":2,"featured_media":28309,"comment_status":"open","ping_status":"open","sticky":false,"template":"","format":"standard","meta":{"_jetpack_newsletter_access":"","_jetpack_dont_email_post_to_subs":false,"_jetpack_newsletter_tier_id":0,"_jetpack_memberships_contains_paywalled_content":false,"_jetpack_feature_clip_id":0,"_jetpack_memberships_contains_paid_content":false,"footnotes":"","jetpack_publicize_message":"","jetpack_publicize_feature_enabled":true,"jetpack_social_post_already_shared":true,"jetpack_social_options":{"image_generator_settings":{"template":"highway","default_image_id":0,"font":"","enabled":false},"version":2},"jetpack_post_was_ever_published":false},"categories":[1],"tags":[],"class_list":["post-28308","post","type-post","status-publish","format-standard","has-post-thumbnail","hentry","category-uncategorized"],"aioseo_notices":[],"aioseo_head":"\n\t\t<!-- All in One SEO 4.9.10 - aioseo.com -->\n\t<meta name=\"description\" content=\"Uma verdadeira demonstra\u00e7\u00e3o de f\u00e9, tradi\u00e7\u00e3o e como\u00e7\u00e3o popular tomou conta das ruas de Serra Talhada na noite deste s\u00e1bado (29), marcando a abertura oficial da 236\u00aa Festa de Nossa Senhora da Penha. Conduzida sob a lideran\u00e7a do p\u00e1roco local, Padre Aldo Guedes, a celebra\u00e7\u00e3o reuniu milhares de fi\u00e9is em um cortejo marcado por luzes,\" \/>\n\t<meta name=\"robots\" content=\"max-image-preview:large\" \/>\n\t<meta name=\"author\" content=\"serrafm87\"\/>\n\t<link rel=\"canonical\" href=\"https:\/\/serrafm879.com.br\/serrafm\/2026\/08\/multidao-ilumina-ruas-de-serra-talhada-com-velas-e-emocao-na-abertura-da-236a-festa-da-penha\/\" \/>\n\t<meta name=\"generator\" content=\"All in One SEO (AIOSEO) 4.9.10\" \/>\n\t\t<meta name=\"twitter:card\" content=\"summary_large_image\" \/>\n\t\t<meta name=\"twitter:title\" content=\"Multid\u00e3o ilumina ruas de Serra Talhada com velas e emo\u00e7\u00e3o na abertura da 236\u00aa Festa da Penha - Serra FM 87,9\" \/>\n\t\t<meta name=\"twitter:description\" content=\"Uma verdadeira demonstra\u00e7\u00e3o de f\u00e9, tradi\u00e7\u00e3o e como\u00e7\u00e3o popular tomou conta das ruas de Serra Talhada na noite deste s\u00e1bado (29), marcando a abertura oficial da 236\u00aa Festa de Nossa Senhora da Penha. Conduzida sob a lideran\u00e7a do p\u00e1roco local, Padre Aldo Guedes, a celebra\u00e7\u00e3o reuniu milhares de fi\u00e9is em um cortejo marcado por luzes,\" \/>\n\t\t<meta name=\"twitter:image\" content=\"https:\/\/serrafm879.com.br\/serrafm\/wp-content\/uploads\/2026\/08\/Captura-de-Tela-2026-08-29-as-21.18.40.png\" \/>\n\t\t<script type=\"application\/ld+json\" class=\"aioseo-schema\">\n\t\t\t{\"@context\":\"https:\\\/\\\/schema.org\",\"@graph\":[{\"@type\":\"BlogPosting\",\"@id\":\"https:\\\/\\\/serrafm879.com.br\\\/serrafm\\\/2026\\\/08\\\/multidao-ilumina-ruas-de-serra-talhada-com-velas-e-emocao-na-abertura-da-236a-festa-da-penha\\\/#blogposting\",\"name\":\"Multid\\u00e3o ilumina ruas de Serra Talhada com velas e emo\\u00e7\\u00e3o na abertura da 236\\u00aa Festa da Penha - Serra FM 87,9\",\"headline\":\"Multid\\u00e3o ilumina ruas de Serra Talhada com velas e emo\\u00e7\\u00e3o na abertura da 236\\u00aa Festa da Penha\",\"author\":{\"@id\":\"https:\\\/\\\/serrafm879.com.br\\\/serrafm\\\/author\\\/serrafm87\\\/#author\"},\"publisher\":{\"@id\":\"https:\\\/\\\/serrafm879.com.br\\\/serrafm\\\/#organization\"},\"image\":{\"@type\":\"ImageObject\",\"url\":\"https:\\\/\\\/serrafm879.com.br\\\/serrafm\\\/wp-content\\\/uploads\\\/2026\\\/08\\\/Captura-de-Tela-2026-08-29-as-21.18.40.png\",\"width\":414,\"height\":237},\"datePublished\":\"2026-08-29T16:14:47-03:00\",\"dateModified\":\"2026-08-30T16:17:21-03:00\",\"inLanguage\":\"pt-BR\",\"mainEntityOfPage\":{\"@id\":\"https:\\\/\\\/serrafm879.com.br\\\/serrafm\\\/2026\\\/08\\\/multidao-ilumina-ruas-de-serra-talhada-com-velas-e-emocao-na-abertura-da-236a-festa-da-penha\\\/#webpage\"},\"isPartOf\":{\"@id\":\"https:\\\/\\\/serrafm879.com.br\\\/serrafm\\\/2026\\\/08\\\/multidao-ilumina-ruas-de-serra-talhada-com-velas-e-emocao-na-abertura-da-236a-festa-da-penha\\\/#webpage\"},\"articleSection\":\"Uncategorized\"},{\"@type\":\"BreadcrumbList\",\"@id\":\"https:\\\/\\\/serrafm879.com.br\\\/serrafm\\\/2026\\\/08\\\/multidao-ilumina-ruas-de-serra-talhada-com-velas-e-emocao-na-abertura-da-236a-festa-da-penha\\\/#breadcrumblist\",\"itemListElement\":[{\"@type\":\"ListItem\",\"@id\":\"https:\\\/\\\/serrafm879.com.br\\\/serrafm#listItem\",\"position\":1,\"name\":\"Home\",\"item\":\"https:\\\/\\\/serrafm879.com.br\\\/serrafm\",\"nextItem\":{\"@type\":\"ListItem\",\"@id\":\"https:\\\/\\\/serrafm879.com.br\\\/serrafm\\\/categoria\\\/uncategorized\\\/#listItem\",\"name\":\"Uncategorized\"}},{\"@type\":\"ListItem\",\"@id\":\"https:\\\/\\\/serrafm879.com.br\\\/serrafm\\\/categoria\\\/uncategorized\\\/#listItem\",\"position\":2,\"name\":\"Uncategorized\",\"item\":\"https:\\\/\\\/serrafm879.com.br\\\/serrafm\\\/categoria\\\/uncategorized\\\/\",\"nextItem\":{\"@type\":\"ListItem\",\"@id\":\"https:\\\/\\\/serrafm879.com.br\\\/serrafm\\\/2026\\\/08\\\/multidao-ilumina-ruas-de-serra-talhada-com-velas-e-emocao-na-abertura-da-236a-festa-da-penha\\\/#listItem\",\"name\":\"Multid\\u00e3o ilumina ruas de Serra Talhada com velas e emo\\u00e7\\u00e3o na abertura da 236\\u00aa Festa da Penha\"},\"previousItem\":{\"@type\":\"ListItem\",\"@id\":\"https:\\\/\\\/serrafm879.com.br\\\/serrafm#listItem\",\"name\":\"Home\"}},{\"@type\":\"ListItem\",\"@id\":\"https:\\\/\\\/serrafm879.com.br\\\/serrafm\\\/2026\\\/08\\\/multidao-ilumina-ruas-de-serra-talhada-com-velas-e-emocao-na-abertura-da-236a-festa-da-penha\\\/#listItem\",\"position\":3,\"name\":\"Multid\\u00e3o ilumina ruas de Serra Talhada com velas e emo\\u00e7\\u00e3o na abertura da 236\\u00aa Festa da Penha\",\"previousItem\":{\"@type\":\"ListItem\",\"@id\":\"https:\\\/\\\/serrafm879.com.br\\\/serrafm\\\/categoria\\\/uncategorized\\\/#listItem\",\"name\":\"Uncategorized\"}}]},{\"@type\":\"Organization\",\"@id\":\"https:\\\/\\\/serrafm879.com.br\\\/serrafm\\\/#organization\",\"name\":\"Serra FM 87,9\",\"description\":\"O seu novo amor!\",\"url\":\"https:\\\/\\\/serrafm879.com.br\\\/serrafm\\\/\"},{\"@type\":\"Person\",\"@id\":\"https:\\\/\\\/serrafm879.com.br\\\/serrafm\\\/author\\\/serrafm87\\\/#author\",\"url\":\"https:\\\/\\\/serrafm879.com.br\\\/serrafm\\\/author\\\/serrafm87\\\/\",\"name\":\"serrafm87\",\"image\":{\"@type\":\"ImageObject\",\"@id\":\"https:\\\/\\\/serrafm879.com.br\\\/serrafm\\\/2026\\\/08\\\/multidao-ilumina-ruas-de-serra-talhada-com-velas-e-emocao-na-abertura-da-236a-festa-da-penha\\\/#authorImage\",\"url\":\"https:\\\/\\\/secure.gravatar.com\\\/avatar\\\/a743233f1112d34f48bb3dc9559b76eb930bab8b27175856cba6362608736235?s=96&d=mm&r=g\",\"width\":96,\"height\":96,\"caption\":\"serrafm87\"}},{\"@type\":\"WebPage\",\"@id\":\"https:\\\/\\\/serrafm879.com.br\\\/serrafm\\\/2026\\\/08\\\/multidao-ilumina-ruas-de-serra-talhada-com-velas-e-emocao-na-abertura-da-236a-festa-da-penha\\\/#webpage\",\"url\":\"https:\\\/\\\/serrafm879.com.br\\\/serrafm\\\/2026\\\/08\\\/multidao-ilumina-ruas-de-serra-talhada-com-velas-e-emocao-na-abertura-da-236a-festa-da-penha\\\/\",\"name\":\"Multid\\u00e3o ilumina ruas de Serra Talhada com velas e emo\\u00e7\\u00e3o na abertura da 236\\u00aa Festa da Penha - Serra FM 87,9\",\"description\":\"Uma verdadeira demonstra\\u00e7\\u00e3o de f\\u00e9, tradi\\u00e7\\u00e3o e como\\u00e7\\u00e3o popular tomou conta das ruas de Serra Talhada na noite deste s\\u00e1bado (29), marcando a abertura oficial da 236\\u00aa Festa de Nossa Senhora da Penha. Conduzida sob a lideran\\u00e7a do p\\u00e1roco local, Padre Aldo Guedes, a celebra\\u00e7\\u00e3o reuniu milhares de fi\\u00e9is em um cortejo marcado por luzes,\",\"inLanguage\":\"pt-BR\",\"isPartOf\":{\"@id\":\"https:\\\/\\\/serrafm879.com.br\\\/serrafm\\\/#website\"},\"breadcrumb\":{\"@id\":\"https:\\\/\\\/serrafm879.com.br\\\/serrafm\\\/2026\\\/08\\\/multidao-ilumina-ruas-de-serra-talhada-com-velas-e-emocao-na-abertura-da-236a-festa-da-penha\\\/#breadcrumblist\"},\"author\":{\"@id\":\"https:\\\/\\\/serrafm879.com.br\\\/serrafm\\\/author\\\/serrafm87\\\/#author\"},\"creator\":{\"@id\":\"https:\\\/\\\/serrafm879.com.br\\\/serrafm\\\/author\\\/serrafm87\\\/#author\"},\"image\":{\"@type\":\"ImageObject\",\"url\":\"https:\\\/\\\/serrafm879.com.br\\\/serrafm\\\/wp-content\\\/uploads\\\/2026\\\/08\\\/Captura-de-Tela-2026-08-29-as-21.18.40.png\",\"@id\":\"https:\\\/\\\/serrafm879.com.br\\\/serrafm\\\/2026\\\/08\\\/multidao-ilumina-ruas-de-serra-talhada-com-velas-e-emocao-na-abertura-da-236a-festa-da-penha\\\/#mainImage\",\"width\":414,\"height\":237},\"primaryImageOfPage\":{\"@id\":\"https:\\\/\\\/serrafm879.com.br\\\/serrafm\\\/2026\\\/08\\\/multidao-ilumina-ruas-de-serra-talhada-com-velas-e-emocao-na-abertura-da-236a-festa-da-penha\\\/#mainImage\"},\"datePublished\":\"2026-08-29T16:14:47-03:00\",\"dateModified\":\"2026-08-30T16:17:21-03:00\"},{\"@type\":\"WebSite\",\"@id\":\"https:\\\/\\\/serrafm879.com.br\\\/serrafm\\\/#website\",\"url\":\"https:\\\/\\\/serrafm879.com.br\\\/serrafm\\\/\",\"name\":\"Serra FM 87,9\",\"description\":\"O seu novo amor!\",\"inLanguage\":\"pt-BR\",\"publisher\":{\"@id\":\"https:\\\/\\\/serrafm879.com.br\\\/serrafm\\\/#organization\"}}]}\n\t\t<\/script>\n\t\t<!-- All in One SEO -->\n\n","aioseo_head_json":{"title":"Multid\u00e3o ilumina ruas de Serra Talhada com velas e emo\u00e7\u00e3o na abertura da 236\u00aa Festa da Penha - Serra FM 87,9","description":"Uma verdadeira demonstra\u00e7\u00e3o de f\u00e9, tradi\u00e7\u00e3o e como\u00e7\u00e3o popular tomou conta das ruas de Serra Talhada na noite deste s\u00e1bado (29), marcando a abertura oficial da 236\u00aa Festa de Nossa Senhora da Penha. Conduzida sob a lideran\u00e7a do p\u00e1roco local, Padre Aldo Guedes, a celebra\u00e7\u00e3o reuniu milhares de fi\u00e9is em um cortejo marcado por luzes,","canonical_url":"https:\/\/serrafm879.com.br\/serrafm\/2026\/08\/multidao-ilumina-ruas-de-serra-talhada-com-velas-e-emocao-na-abertura-da-236a-festa-da-penha\/","robots":"max-image-preview:large","keywords":"","webmasterTools":{"miscellaneous":""},"schema":{"@context":"https:\/\/schema.org","@graph":[{"@type":"BlogPosting","@id":"https:\/\/serrafm879.com.br\/serrafm\/2026\/08\/multidao-ilumina-ruas-de-serra-talhada-com-velas-e-emocao-na-abertura-da-236a-festa-da-penha\/#blogposting","name":"Multid\u00e3o ilumina ruas de Serra Talhada com velas e emo\u00e7\u00e3o na abertura da 236\u00aa Festa da Penha - Serra FM 87,9","headline":"Multid\u00e3o ilumina ruas de Serra Talhada com velas e emo\u00e7\u00e3o na abertura da 236\u00aa Festa da Penha","author":{"@id":"https:\/\/serrafm879.com.br\/serrafm\/author\/serrafm87\/#author"},"publisher":{"@id":"https:\/\/serrafm879.com.br\/serrafm\/#organization"},"image":{"@type":"ImageObject","url":"https:\/\/serrafm879.com.br\/serrafm\/wp-content\/uploads\/2026\/08\/Captura-de-Tela-2026-08-29-as-21.18.40.png","width":414,"height":237},"datePublished":"2026-08-29T16:14:47-03:00","dateModified":"2026-08-30T16:17:21-03:00","inLanguage":"pt-BR","mainEntityOfPage":{"@id":"https:\/\/serrafm879.com.br\/serrafm\/2026\/08\/multidao-ilumina-ruas-de-serra-talhada-com-velas-e-emocao-na-abertura-da-236a-festa-da-penha\/#webpage"},"isPartOf":{"@id":"https:\/\/serrafm879.com.br\/serrafm\/2026\/08\/multidao-ilumina-ruas-de-serra-talhada-com-velas-e-emocao-na-abertura-da-236a-festa-da-penha\/#webpage"},"articleSection":"Uncategorized"},{"@type":"BreadcrumbList","@id":"https:\/\/serrafm879.com.br\/serrafm\/2026\/08\/multidao-ilumina-ruas-de-serra-talhada-com-velas-e-emocao-na-abertura-da-236a-festa-da-penha\/#breadcrumblist","itemListElement":[{"@type":"ListItem","@id":"https:\/\/serrafm879.com.br\/serrafm#listItem","position":1,"name":"Home","item":"https:\/\/serrafm879.com.br\/serrafm","nextItem":{"@type":"ListItem","@id":"https:\/\/serrafm879.com.br\/serrafm\/categoria\/uncategorized\/#listItem","name":"Uncategorized"}},{"@type":"ListItem","@id":"https:\/\/serrafm879.com.br\/serrafm\/categoria\/uncategorized\/#listItem","position":2,"name":"Uncategorized","item":"https:\/\/serrafm879.com.br\/serrafm\/categoria\/uncategorized\/","nextItem":{"@type":"ListItem","@id":"https:\/\/serrafm879.com.br\/serrafm\/2026\/08\/multidao-ilumina-ruas-de-serra-talhada-com-velas-e-emocao-na-abertura-da-236a-festa-da-penha\/#listItem","name":"Multid\u00e3o ilumina ruas de Serra Talhada com velas e emo\u00e7\u00e3o na abertura da 236\u00aa Festa da Penha"},"previousItem":{"@type":"ListItem","@id":"https:\/\/serrafm879.com.br\/serrafm#listItem","name":"Home"}},{"@type":"ListItem","@id":"https:\/\/serrafm879.com.br\/serrafm\/2026\/08\/multidao-ilumina-ruas-de-serra-talhada-com-velas-e-emocao-na-abertura-da-236a-festa-da-penha\/#listItem","position":3,"name":"Multid\u00e3o ilumina ruas de Serra Talhada com velas e emo\u00e7\u00e3o na abertura da 236\u00aa Festa da Penha","previousItem":{"@type":"ListItem","@id":"https:\/\/serrafm879.com.br\/serrafm\/categoria\/uncategorized\/#listItem","name":"Uncategorized"}}]},{"@type":"Organization","@id":"https:\/\/serrafm879.com.br\/serrafm\/#organization","name":"Serra FM 87,9","description":"O seu novo amor!","url":"https:\/\/serrafm879.com.br\/serrafm\/"},{"@type":"Person","@id":"https:\/\/serrafm879.com.br\/serrafm\/author\/serrafm87\/#author","url":"https:\/\/serrafm879.com.br\/serrafm\/author\/serrafm87\/","name":"serrafm87","image":{"@type":"ImageObject","@id":"https:\/\/serrafm879.com.br\/serrafm\/2026\/08\/multidao-ilumina-ruas-de-serra-talhada-com-velas-e-emocao-na-abertura-da-236a-festa-da-penha\/#authorImage","url":"https:\/\/secure.gravatar.com\/avatar\/a743233f1112d34f48bb3dc9559b76eb930bab8b27175856cba6362608736235?s=96&d=mm&r=g","width":96,"height":96,"caption":"serrafm87"}},{"@type":"WebPage","@id":"https:\/\/serrafm879.com.br\/serrafm\/2026\/08\/multidao-ilumina-ruas-de-serra-talhada-com-velas-e-emocao-na-abertura-da-236a-festa-da-penha\/#webpage","url":"https:\/\/serrafm879.com.br\/serrafm\/2026\/08\/multidao-ilumina-ruas-de-serra-talhada-com-velas-e-emocao-na-abertura-da-236a-festa-da-penha\/","name":"Multid\u00e3o ilumina ruas de Serra Talhada com velas e emo\u00e7\u00e3o na abertura da 236\u00aa Festa da Penha - Serra FM 87,9","description":"Uma verdadeira demonstra\u00e7\u00e3o de f\u00e9, tradi\u00e7\u00e3o e como\u00e7\u00e3o popular tomou conta das ruas de Serra Talhada na noite deste s\u00e1bado (29), marcando a abertura oficial da 236\u00aa Festa de Nossa Senhora da Penha. Conduzida sob a lideran\u00e7a do p\u00e1roco local, Padre Aldo Guedes, a celebra\u00e7\u00e3o reuniu milhares de fi\u00e9is em um cortejo marcado por luzes,","inLanguage":"pt-BR","isPartOf":{"@id":"https:\/\/serrafm879.com.br\/serrafm\/#website"},"breadcrumb":{"@id":"https:\/\/serrafm879.com.br\/serrafm\/2026\/08\/multidao-ilumina-ruas-de-serra-talhada-com-velas-e-emocao-na-abertura-da-236a-festa-da-penha\/#breadcrumblist"},"author":{"@id":"https:\/\/serrafm879.com.br\/serrafm\/author\/serrafm87\/#author"},"creator":{"@id":"https:\/\/serrafm879.com.br\/serrafm\/author\/serrafm87\/#author"},"image":{"@type":"ImageObject","url":"https:\/\/serrafm879.com.br\/serrafm\/wp-content\/uploads\/2026\/08\/Captura-de-Tela-2026-08-29-as-21.18.40.png","@id":"https:\/\/serrafm879.com.br\/serrafm\/2026\/08\/multidao-ilumina-ruas-de-serra-talhada-com-velas-e-emocao-na-abertura-da-236a-festa-da-penha\/#mainImage","width":414,"height":237},"primaryImageOfPage":{"@id":"https:\/\/serrafm879.com.br\/serrafm\/2026\/08\/multidao-ilumina-ruas-de-serra-talhada-com-velas-e-emocao-na-abertura-da-236a-festa-da-penha\/#mainImage"},"datePublished":"2026-08-29T16:14:47-03:00","dateModified":"2026-08-30T16:17:21-03:00"},{"@type":"WebSite","@id":"https:\/\/serrafm879.com.br\/serrafm\/#website","url":"https:\/\/serrafm879.com.br\/serrafm\/","name":"Serra FM 87,9","description":"O seu novo amor!","inLanguage":"pt-BR","publisher":{"@id":"https:\/\/serrafm879.com.br\/serrafm\/#organization"}}]},"twitter:card":"summary_large_image","twitter:title":"Multid\u00e3o ilumina ruas de Serra Talhada com velas e emo\u00e7\u00e3o na abertura da 236\u00aa Festa da Penha - Serra FM 87,9","twitter:description":"Uma verdadeira demonstra\u00e7\u00e3o de f\u00e9, tradi\u00e7\u00e3o e como\u00e7\u00e3o popular tomou conta das ruas de Serra Talhada na noite deste s\u00e1bado (29), marcando a abertura oficial da 236\u00aa Festa de Nossa Senhora da Penha. Conduzida sob a lideran\u00e7a do p\u00e1roco local, Padre Aldo Guedes, a celebra\u00e7\u00e3o reuniu milhares de fi\u00e9is em um cortejo marcado por luzes,","twitter:image":"https:\/\/serrafm879.com.br\/serrafm\/wp-content\/uploads\/2026\/08\/Captura-de-Tela-2026-08-29-as-21.18.40.png"},"aioseo_meta_data":{"post_id":"28308","title":null,"description":null,"keywords":null,"keyphrases":{"focus":{"keyphrase":"","score":0,"analysis":{"keyphraseInTitle":{"score":0,"maxScore":9,"error":1}}},"additional":[]},"primary_term":null,"canonical_url":null,"og_title":null,"og_description":null,"og_object_type":"default","og_image_type":"default","og_image_custom_url":null,"og_image_custom_fields":null,"og_image_url":null,"og_image_width":null,"og_image_height":null,"og_video":"","og_custom_url":null,"og_article_section":null,"og_article_tags":null,"twitter_use_og":false,"twitter_card":"default","twitter_image_type":"default","twitter_image_custom_url":null,"twitter_image_custom_fields":null,"twitter_image_url":null,"twitter_title":null,"twitter_description":null,"schema_type":"default","schema_type_options":null,"schema":{"blockGraphs":[],"customGraphs":[],"default":{"data":{"Article":[],"Course":[],"Dataset":[],"FAQPage":[],"Movie":[],"Person":[],"Product":[],"ProductReview":[],"Car":[],"Recipe":[],"Service":[],"SoftwareApplication":[],"WebPage":[]},"graphName":"BlogPosting","isEnabled":true},"graphs":[]},"pillar_content":false,"robots_default":true,"robots_noindex":false,"robots_noarchive":false,"robots_nosnippet":false,"robots_nofollow":false,"robots_noimageindex":false,"robots_noodp":false,"robots_notranslate":false,"robots_max_snippet":"-1","robots_max_videopreview":"-1","robots_max_imagepreview":"large","priority":null,"frequency":"default","local_seo":null,"limit_modified_date":false,"ai":{"faqs":[],"keyPoints":[],"schemas":[],"titles":[],"descriptions":[],"socialPosts":{"email":{"subject":"","preview":"","content":""},"linkedin":[],"twitter":[],"facebook":[],"instagram":[]}},"breadcrumb_settings":null,"seo_analyzer_scan_date":null,"created":"2026-08-30 19:17:21","updated":"2026-08-31 01:04:39"},"aioseo_breadcrumb":"<div class=\"aioseo-breadcrumbs\"><span class=\"aioseo-breadcrumb\">\n\t\t\t<a href=\"https:\/\/serrafm879.com.br\/serrafm\" title=\"Home\">Home<\/a>\n\t\t<\/span><span class=\"aioseo-breadcrumb-separator\">&raquo;<\/span><span class=\"aioseo-breadcrumb\">\n\t\t\t<a href=\"https:\/\/serrafm879.com.br\/serrafm\/categoria\/uncategorized\/\" title=\"Uncategorized\">Uncategorized<\/a>\n\t\t<\/span><span class=\"aioseo-breadcrumb-separator\">&raquo;<\/span><span class=\"aioseo-breadcrumb\">\n\t\t\tMultid\u00e3o ilumina ruas de Serra Talhada com velas e emo\u00e7\u00e3o na abertura da 236\u00aa Festa da Penha\n\t\t<\/span><\/div>","aioseo_breadcrumb_json":[{"label":"Home","link":"https:\/\/serrafm879.com.br\/serrafm"},{"label":"Uncategorized","link":"https:\/\/serrafm879.com.br\/serrafm\/categoria\/uncategorized\/"},{"label":"Multid\u00e3o ilumina ruas de Serra Talhada com velas e emo\u00e7\u00e3o na abertura da 236\u00aa Festa da Penha","link":"https:\/\/serrafm879.com.br\/serrafm\/2026\/08\/multidao-ilumina-ruas-de-serra-talhada-com-velas-e-emocao-na-abertura-da-236a-festa-da-penha\/"}],"jetpack_publicize_connections":[],"jetpack_featured_media_url":"https:\/\/serrafm879.com.br\/serrafm\/wp-content\/uploads\/2026\/08\/Captura-de-Tela-2026-08-29-as-21.18.40.png","jetpack_shortlink":"https:\/\/wp.me\/p7HyXg-7mA","jetpack_sharing_enabled":true,"_links":{"self":[{"href":"https:\/\/serrafm879.com.br\/serrafm\/wp-json\/wp\/v2\/posts\/28308","targetHints":{"allow":["GET"]}}],"collection":[{"href":"https:\/\/serrafm879.com.br\/serrafm\/wp-json\/wp\/v2\/posts"}],"about":[{"href":"https:\/\/serrafm879.com.br\/serrafm\/wp-json\/wp\/v2\/types\/post"}],"author":[{"embeddable":true,"href":"https:\/\/serrafm879.com.br\/serrafm\/wp-json\/wp\/v2\/users\/2"}],"replies":[{"embeddable":true,"href":"https:\/\/serrafm879.com.br\/serrafm\/wp-json\/wp\/v2\/comments?post=28308"}],"version-history":[{"count":1,"href":"https:\/\/serrafm879.com.br\/serrafm\/wp-json\/wp\/v2\/posts\/28308\/revisions"}],"predecessor-version":[{"id":28310,"href":"https:\/\/serrafm879.com.br\/serrafm\/wp-json\/wp\/v2\/posts\/28308\/revisions\/28310"}],"wp:featuredmedia":[{"embeddable":true,"href":"https:\/\/serrafm879.com.br\/serrafm\/wp-json\/wp\/v2\/media\/28309"}],"wp:attachment":[{"href":"https:\/\/serrafm879.com.br\/serrafm\/wp-json\/wp\/v2\/media?parent=28308"}],"wp:term":[{"taxonomy":"category","embeddable":true,"href":"https:\/\/serrafm879.com.br\/serrafm\/wp-json\/wp\/v2\/categories?post=28308"},{"taxonomy":"post_tag","embeddable":true,"href":"https:\/\/serrafm879.com.br\/serrafm\/wp-json\/wp\/v2\/tags?post=28308"}],"curies":[{"name":"wp","href":"https:\/\/api.w.org\/{rel}","templated":true}]}}