{"id":28314,"date":"2026-08-30T22:42:59","date_gmt":"2026-08-31T01:42:59","guid":{"rendered":"https:\/\/serrafm879.com.br\/serrafm\/?p=28314"},"modified":"2026-08-30T22:42:59","modified_gmt":"2026-08-31T01:42:59","slug":"prefeita-pollyanna-abreu-repudia-ataques-contra-raquel-lyra-e-manifesta-solidariedade-a-governadoras","status":"publish","type":"post","link":"https:\/\/serrafm879.com.br\/serrafm\/2026\/08\/prefeita-pollyanna-abreu-repudia-ataques-contra-raquel-lyra-e-manifesta-solidariedade-a-governadoras\/","title":{"rendered":"Prefeita Pollyanna Abreu repudia ataques contra Raquel Lyra e manifesta solidariedade \u00e0 governadoras"},"content":{"rendered":"<p>A prefeita de Sert\u00e2nia, Pollyanna Abreu, manifestou rep\u00fadio aos ataques direcionados \u00e0 governadora de Pernambuco e candidata \u00e0 reelei\u00e7\u00e3o, Raquel Lyra.<\/p>\n<p>Na manh\u00e3 deste domingo (30), imagens de cartazes afixados em pr\u00e9dios p\u00fablicos em diferentes pontos do Recife Antigo passaram a circular nas redes sociais. O material associa Raquel Lyra ao bolsonarismo e apresenta acusa\u00e7\u00f5es graves contra a governadora, incluindo uma alega\u00e7\u00e3o de que ela teria envolvimento na morte do pr\u00f3prio marido, Fernando Lucena, durante as elei\u00e7\u00f5es de 2022. Tamb\u00e9m foram divulgadas imagens da governadora ao lado de mulheres condenadas pela Justi\u00e7a por crimes contra seus companheiros.<\/p>\n<p>Diante do epis\u00f3dio, Pollyanna Abreu declarou solidariedade \u00e0 governadora e classificou os ataques como uma tentativa de difama\u00e7\u00e3o durante o per\u00edodo eleitoral.<\/p>\n<p>\u201cNas \u00faltimas semanas, a governadora vem sofrendo ataques de pessoas que n\u00e3o sabem disputar um pleito eleitoral com respeito. As medidas necess\u00e1rias j\u00e1 est\u00e3o sendo tomadas. Como mulher p\u00fablica, estou ao lado da governadora. Vamos mostrar que esse tipo de tentativa de difama\u00e7\u00e3o e cal\u00fania n\u00e3o representa a verdade\u201d, afirmou.<\/p>\n<p>A prefeita tamb\u00e9m lamentou o conte\u00fado dos cartazes e refor\u00e7ou seu apoio \u00e0 candidatura de Raquel Lyra ao Governo de Pernambuco.<\/p>\n","protected":false},"excerpt":{"rendered":"<p>A prefeita de Sert\u00e2nia, Pollyanna Abreu, manifestou rep\u00fadio aos ataques direcionados \u00e0 governadora de Pernambuco e candidata \u00e0 reelei\u00e7\u00e3o, Raquel Lyra. Na manh\u00e3 deste domingo (30), imagens de cartazes afixados em pr\u00e9dios p\u00fablicos em diferentes pontos do Recife Antigo passaram a circular nas redes sociais. O material associa Raquel Lyra ao bolsonarismo e apresenta acusa\u00e7\u00f5es graves contra a governadora, incluindo uma alega\u00e7\u00e3o de que ela teria envolvimento na morte do pr\u00f3prio marido, Fernando Lucena, durante as elei\u00e7\u00f5es de 2022. Tamb\u00e9m foram divulgadas imagens da governadora ao lado de mulheres condenadas pela Justi\u00e7a por crimes contra seus companheiros. Diante do epis\u00f3dio, [&hellip;]<\/p>\n","protected":false},"author":2,"featured_media":28315,"comment_status":"open","ping_status":"open","sticky":false,"template":"","format":"standard","meta":{"_jetpack_newsletter_access":"","_jetpack_dont_email_post_to_subs":false,"_jetpack_newsletter_tier_id":0,"_jetpack_memberships_contains_paywalled_content":false,"_jetpack_feature_clip_id":0,"_jetpack_memberships_contains_paid_content":false,"footnotes":"","jetpack_publicize_message":"","jetpack_publicize_feature_enabled":true,"jetpack_social_post_already_shared":true,"jetpack_social_options":{"image_generator_settings":{"template":"highway","default_image_id":0,"font":"","enabled":false},"version":2},"jetpack_post_was_ever_published":false},"categories":[297],"tags":[],"class_list":["post-28314","post","type-post","status-publish","format-standard","has-post-thumbnail","hentry","category-eleicoes-2026"],"aioseo_notices":[],"aioseo_head":"\n\t\t<!-- All in One SEO 4.9.10 - aioseo.com -->\n\t<meta name=\"description\" content=\"A prefeita de Sert\u00e2nia, Pollyanna Abreu, manifestou rep\u00fadio aos ataques direcionados \u00e0 governadora de Pernambuco e candidata \u00e0 reelei\u00e7\u00e3o, Raquel Lyra. Na manh\u00e3 deste domingo (30), imagens de cartazes afixados em pr\u00e9dios p\u00fablicos em diferentes pontos do Recife Antigo passaram a circular nas redes sociais. O material associa Raquel Lyra ao bolsonarismo e apresenta acusa\u00e7\u00f5es\" \/>\n\t<meta name=\"robots\" content=\"max-image-preview:large\" \/>\n\t<meta name=\"author\" content=\"serrafm87\"\/>\n\t<link rel=\"canonical\" href=\"https:\/\/serrafm879.com.br\/serrafm\/2026\/08\/prefeita-pollyanna-abreu-repudia-ataques-contra-raquel-lyra-e-manifesta-solidariedade-a-governadoras\/\" \/>\n\t<meta name=\"generator\" content=\"All in One SEO (AIOSEO) 4.9.10\" \/>\n\t\t<meta name=\"twitter:card\" content=\"summary_large_image\" \/>\n\t\t<meta name=\"twitter:title\" content=\"Prefeita Pollyanna Abreu repudia ataques contra Raquel Lyra e manifesta solidariedade \u00e0 governadoras - Serra FM 87,9\" \/>\n\t\t<meta name=\"twitter:description\" content=\"A prefeita de Sert\u00e2nia, Pollyanna Abreu, manifestou rep\u00fadio aos ataques direcionados \u00e0 governadora de Pernambuco e candidata \u00e0 reelei\u00e7\u00e3o, Raquel Lyra. Na manh\u00e3 deste domingo (30), imagens de cartazes afixados em pr\u00e9dios p\u00fablicos em diferentes pontos do Recife Antigo passaram a circular nas redes sociais. O material associa Raquel Lyra ao bolsonarismo e apresenta acusa\u00e7\u00f5es\" \/>\n\t\t<meta name=\"twitter:image\" content=\"https:\/\/serrafm879.com.br\/serrafm\/wp-content\/uploads\/2026\/08\/907e424b-539f-4de7-8021-32ad1d7976bf.jpeg\" \/>\n\t\t<script type=\"application\/ld+json\" class=\"aioseo-schema\">\n\t\t\t{\"@context\":\"https:\\\/\\\/schema.org\",\"@graph\":[{\"@type\":\"BlogPosting\",\"@id\":\"https:\\\/\\\/serrafm879.com.br\\\/serrafm\\\/2026\\\/08\\\/prefeita-pollyanna-abreu-repudia-ataques-contra-raquel-lyra-e-manifesta-solidariedade-a-governadoras\\\/#blogposting\",\"name\":\"Prefeita Pollyanna Abreu repudia ataques contra Raquel Lyra e manifesta solidariedade \\u00e0 governadoras - Serra FM 87,9\",\"headline\":\"Prefeita Pollyanna Abreu repudia ataques contra Raquel Lyra e manifesta solidariedade \\u00e0 governadoras\",\"author\":{\"@id\":\"https:\\\/\\\/serrafm879.com.br\\\/serrafm\\\/author\\\/serrafm87\\\/#author\"},\"publisher\":{\"@id\":\"https:\\\/\\\/serrafm879.com.br\\\/serrafm\\\/#organization\"},\"image\":{\"@type\":\"ImageObject\",\"url\":\"https:\\\/\\\/serrafm879.com.br\\\/serrafm\\\/wp-content\\\/uploads\\\/2026\\\/08\\\/907e424b-539f-4de7-8021-32ad1d7976bf.jpeg\",\"width\":1080,\"height\":595},\"datePublished\":\"2026-08-30T22:42:59-03:00\",\"dateModified\":\"2026-08-30T22:42:59-03:00\",\"inLanguage\":\"pt-BR\",\"mainEntityOfPage\":{\"@id\":\"https:\\\/\\\/serrafm879.com.br\\\/serrafm\\\/2026\\\/08\\\/prefeita-pollyanna-abreu-repudia-ataques-contra-raquel-lyra-e-manifesta-solidariedade-a-governadoras\\\/#webpage\"},\"isPartOf\":{\"@id\":\"https:\\\/\\\/serrafm879.com.br\\\/serrafm\\\/2026\\\/08\\\/prefeita-pollyanna-abreu-repudia-ataques-contra-raquel-lyra-e-manifesta-solidariedade-a-governadoras\\\/#webpage\"},\"articleSection\":\"Elei\\u00e7\\u00f5es 2026\"},{\"@type\":\"BreadcrumbList\",\"@id\":\"https:\\\/\\\/serrafm879.com.br\\\/serrafm\\\/2026\\\/08\\\/prefeita-pollyanna-abreu-repudia-ataques-contra-raquel-lyra-e-manifesta-solidariedade-a-governadoras\\\/#breadcrumblist\",\"itemListElement\":[{\"@type\":\"ListItem\",\"@id\":\"https:\\\/\\\/serrafm879.com.br\\\/serrafm#listItem\",\"position\":1,\"name\":\"Home\",\"item\":\"https:\\\/\\\/serrafm879.com.br\\\/serrafm\",\"nextItem\":{\"@type\":\"ListItem\",\"@id\":\"https:\\\/\\\/serrafm879.com.br\\\/serrafm\\\/categoria\\\/eleicoes-2026\\\/#listItem\",\"name\":\"Elei\\u00e7\\u00f5es 2026\"}},{\"@type\":\"ListItem\",\"@id\":\"https:\\\/\\\/serrafm879.com.br\\\/serrafm\\\/categoria\\\/eleicoes-2026\\\/#listItem\",\"position\":2,\"name\":\"Elei\\u00e7\\u00f5es 2026\",\"item\":\"https:\\\/\\\/serrafm879.com.br\\\/serrafm\\\/categoria\\\/eleicoes-2026\\\/\",\"nextItem\":{\"@type\":\"ListItem\",\"@id\":\"https:\\\/\\\/serrafm879.com.br\\\/serrafm\\\/2026\\\/08\\\/prefeita-pollyanna-abreu-repudia-ataques-contra-raquel-lyra-e-manifesta-solidariedade-a-governadoras\\\/#listItem\",\"name\":\"Prefeita Pollyanna Abreu repudia ataques contra Raquel Lyra e manifesta solidariedade \\u00e0 governadoras\"},\"previousItem\":{\"@type\":\"ListItem\",\"@id\":\"https:\\\/\\\/serrafm879.com.br\\\/serrafm#listItem\",\"name\":\"Home\"}},{\"@type\":\"ListItem\",\"@id\":\"https:\\\/\\\/serrafm879.com.br\\\/serrafm\\\/2026\\\/08\\\/prefeita-pollyanna-abreu-repudia-ataques-contra-raquel-lyra-e-manifesta-solidariedade-a-governadoras\\\/#listItem\",\"position\":3,\"name\":\"Prefeita Pollyanna Abreu repudia ataques contra Raquel Lyra e manifesta solidariedade \\u00e0 governadoras\",\"previousItem\":{\"@type\":\"ListItem\",\"@id\":\"https:\\\/\\\/serrafm879.com.br\\\/serrafm\\\/categoria\\\/eleicoes-2026\\\/#listItem\",\"name\":\"Elei\\u00e7\\u00f5es 2026\"}}]},{\"@type\":\"Organization\",\"@id\":\"https:\\\/\\\/serrafm879.com.br\\\/serrafm\\\/#organization\",\"name\":\"Serra FM 87,9\",\"description\":\"O seu novo amor!\",\"url\":\"https:\\\/\\\/serrafm879.com.br\\\/serrafm\\\/\"},{\"@type\":\"Person\",\"@id\":\"https:\\\/\\\/serrafm879.com.br\\\/serrafm\\\/author\\\/serrafm87\\\/#author\",\"url\":\"https:\\\/\\\/serrafm879.com.br\\\/serrafm\\\/author\\\/serrafm87\\\/\",\"name\":\"serrafm87\",\"image\":{\"@type\":\"ImageObject\",\"@id\":\"https:\\\/\\\/serrafm879.com.br\\\/serrafm\\\/2026\\\/08\\\/prefeita-pollyanna-abreu-repudia-ataques-contra-raquel-lyra-e-manifesta-solidariedade-a-governadoras\\\/#authorImage\",\"url\":\"https:\\\/\\\/secure.gravatar.com\\\/avatar\\\/a743233f1112d34f48bb3dc9559b76eb930bab8b27175856cba6362608736235?s=96&d=mm&r=g\",\"width\":96,\"height\":96,\"caption\":\"serrafm87\"}},{\"@type\":\"WebPage\",\"@id\":\"https:\\\/\\\/serrafm879.com.br\\\/serrafm\\\/2026\\\/08\\\/prefeita-pollyanna-abreu-repudia-ataques-contra-raquel-lyra-e-manifesta-solidariedade-a-governadoras\\\/#webpage\",\"url\":\"https:\\\/\\\/serrafm879.com.br\\\/serrafm\\\/2026\\\/08\\\/prefeita-pollyanna-abreu-repudia-ataques-contra-raquel-lyra-e-manifesta-solidariedade-a-governadoras\\\/\",\"name\":\"Prefeita Pollyanna Abreu repudia ataques contra Raquel Lyra e manifesta solidariedade \\u00e0 governadoras - Serra FM 87,9\",\"description\":\"A prefeita de Sert\\u00e2nia, Pollyanna Abreu, manifestou rep\\u00fadio aos ataques direcionados \\u00e0 governadora de Pernambuco e candidata \\u00e0 reelei\\u00e7\\u00e3o, Raquel Lyra. Na manh\\u00e3 deste domingo (30), imagens de cartazes afixados em pr\\u00e9dios p\\u00fablicos em diferentes pontos do Recife Antigo passaram a circular nas redes sociais. O material associa Raquel Lyra ao bolsonarismo e apresenta acusa\\u00e7\\u00f5es\",\"inLanguage\":\"pt-BR\",\"isPartOf\":{\"@id\":\"https:\\\/\\\/serrafm879.com.br\\\/serrafm\\\/#website\"},\"breadcrumb\":{\"@id\":\"https:\\\/\\\/serrafm879.com.br\\\/serrafm\\\/2026\\\/08\\\/prefeita-pollyanna-abreu-repudia-ataques-contra-raquel-lyra-e-manifesta-solidariedade-a-governadoras\\\/#breadcrumblist\"},\"author\":{\"@id\":\"https:\\\/\\\/serrafm879.com.br\\\/serrafm\\\/author\\\/serrafm87\\\/#author\"},\"creator\":{\"@id\":\"https:\\\/\\\/serrafm879.com.br\\\/serrafm\\\/author\\\/serrafm87\\\/#author\"},\"image\":{\"@type\":\"ImageObject\",\"url\":\"https:\\\/\\\/serrafm879.com.br\\\/serrafm\\\/wp-content\\\/uploads\\\/2026\\\/08\\\/907e424b-539f-4de7-8021-32ad1d7976bf.jpeg\",\"@id\":\"https:\\\/\\\/serrafm879.com.br\\\/serrafm\\\/2026\\\/08\\\/prefeita-pollyanna-abreu-repudia-ataques-contra-raquel-lyra-e-manifesta-solidariedade-a-governadoras\\\/#mainImage\",\"width\":1080,\"height\":595},\"primaryImageOfPage\":{\"@id\":\"https:\\\/\\\/serrafm879.com.br\\\/serrafm\\\/2026\\\/08\\\/prefeita-pollyanna-abreu-repudia-ataques-contra-raquel-lyra-e-manifesta-solidariedade-a-governadoras\\\/#mainImage\"},\"datePublished\":\"2026-08-30T22:42:59-03:00\",\"dateModified\":\"2026-08-30T22:42:59-03:00\"},{\"@type\":\"WebSite\",\"@id\":\"https:\\\/\\\/serrafm879.com.br\\\/serrafm\\\/#website\",\"url\":\"https:\\\/\\\/serrafm879.com.br\\\/serrafm\\\/\",\"name\":\"Serra FM 87,9\",\"description\":\"O seu novo amor!\",\"inLanguage\":\"pt-BR\",\"publisher\":{\"@id\":\"https:\\\/\\\/serrafm879.com.br\\\/serrafm\\\/#organization\"}}]}\n\t\t<\/script>\n\t\t<!-- All in One SEO -->\n\n","aioseo_head_json":{"title":"Prefeita Pollyanna Abreu repudia ataques contra Raquel Lyra e manifesta solidariedade \u00e0 governadoras - Serra FM 87,9","description":"A prefeita de Sert\u00e2nia, Pollyanna Abreu, manifestou rep\u00fadio aos ataques direcionados \u00e0 governadora de Pernambuco e candidata \u00e0 reelei\u00e7\u00e3o, Raquel Lyra. Na manh\u00e3 deste domingo (30), imagens de cartazes afixados em pr\u00e9dios p\u00fablicos em diferentes pontos do Recife Antigo passaram a circular nas redes sociais. O material associa Raquel Lyra ao bolsonarismo e apresenta acusa\u00e7\u00f5es","canonical_url":"https:\/\/serrafm879.com.br\/serrafm\/2026\/08\/prefeita-pollyanna-abreu-repudia-ataques-contra-raquel-lyra-e-manifesta-solidariedade-a-governadoras\/","robots":"max-image-preview:large","keywords":"","webmasterTools":{"miscellaneous":""},"schema":{"@context":"https:\/\/schema.org","@graph":[{"@type":"BlogPosting","@id":"https:\/\/serrafm879.com.br\/serrafm\/2026\/08\/prefeita-pollyanna-abreu-repudia-ataques-contra-raquel-lyra-e-manifesta-solidariedade-a-governadoras\/#blogposting","name":"Prefeita Pollyanna Abreu repudia ataques contra Raquel Lyra e manifesta solidariedade \u00e0 governadoras - Serra FM 87,9","headline":"Prefeita Pollyanna Abreu repudia ataques contra Raquel Lyra e manifesta solidariedade \u00e0 governadoras","author":{"@id":"https:\/\/serrafm879.com.br\/serrafm\/author\/serrafm87\/#author"},"publisher":{"@id":"https:\/\/serrafm879.com.br\/serrafm\/#organization"},"image":{"@type":"ImageObject","url":"https:\/\/serrafm879.com.br\/serrafm\/wp-content\/uploads\/2026\/08\/907e424b-539f-4de7-8021-32ad1d7976bf.jpeg","width":1080,"height":595},"datePublished":"2026-08-30T22:42:59-03:00","dateModified":"2026-08-30T22:42:59-03:00","inLanguage":"pt-BR","mainEntityOfPage":{"@id":"https:\/\/serrafm879.com.br\/serrafm\/2026\/08\/prefeita-pollyanna-abreu-repudia-ataques-contra-raquel-lyra-e-manifesta-solidariedade-a-governadoras\/#webpage"},"isPartOf":{"@id":"https:\/\/serrafm879.com.br\/serrafm\/2026\/08\/prefeita-pollyanna-abreu-repudia-ataques-contra-raquel-lyra-e-manifesta-solidariedade-a-governadoras\/#webpage"},"articleSection":"Elei\u00e7\u00f5es 2026"},{"@type":"BreadcrumbList","@id":"https:\/\/serrafm879.com.br\/serrafm\/2026\/08\/prefeita-pollyanna-abreu-repudia-ataques-contra-raquel-lyra-e-manifesta-solidariedade-a-governadoras\/#breadcrumblist","itemListElement":[{"@type":"ListItem","@id":"https:\/\/serrafm879.com.br\/serrafm#listItem","position":1,"name":"Home","item":"https:\/\/serrafm879.com.br\/serrafm","nextItem":{"@type":"ListItem","@id":"https:\/\/serrafm879.com.br\/serrafm\/categoria\/eleicoes-2026\/#listItem","name":"Elei\u00e7\u00f5es 2026"}},{"@type":"ListItem","@id":"https:\/\/serrafm879.com.br\/serrafm\/categoria\/eleicoes-2026\/#listItem","position":2,"name":"Elei\u00e7\u00f5es 2026","item":"https:\/\/serrafm879.com.br\/serrafm\/categoria\/eleicoes-2026\/","nextItem":{"@type":"ListItem","@id":"https:\/\/serrafm879.com.br\/serrafm\/2026\/08\/prefeita-pollyanna-abreu-repudia-ataques-contra-raquel-lyra-e-manifesta-solidariedade-a-governadoras\/#listItem","name":"Prefeita Pollyanna Abreu repudia ataques contra Raquel Lyra e manifesta solidariedade \u00e0 governadoras"},"previousItem":{"@type":"ListItem","@id":"https:\/\/serrafm879.com.br\/serrafm#listItem","name":"Home"}},{"@type":"ListItem","@id":"https:\/\/serrafm879.com.br\/serrafm\/2026\/08\/prefeita-pollyanna-abreu-repudia-ataques-contra-raquel-lyra-e-manifesta-solidariedade-a-governadoras\/#listItem","position":3,"name":"Prefeita Pollyanna Abreu repudia ataques contra Raquel Lyra e manifesta solidariedade \u00e0 governadoras","previousItem":{"@type":"ListItem","@id":"https:\/\/serrafm879.com.br\/serrafm\/categoria\/eleicoes-2026\/#listItem","name":"Elei\u00e7\u00f5es 2026"}}]},{"@type":"Organization","@id":"https:\/\/serrafm879.com.br\/serrafm\/#organization","name":"Serra FM 87,9","description":"O seu novo amor!","url":"https:\/\/serrafm879.com.br\/serrafm\/"},{"@type":"Person","@id":"https:\/\/serrafm879.com.br\/serrafm\/author\/serrafm87\/#author","url":"https:\/\/serrafm879.com.br\/serrafm\/author\/serrafm87\/","name":"serrafm87","image":{"@type":"ImageObject","@id":"https:\/\/serrafm879.com.br\/serrafm\/2026\/08\/prefeita-pollyanna-abreu-repudia-ataques-contra-raquel-lyra-e-manifesta-solidariedade-a-governadoras\/#authorImage","url":"https:\/\/secure.gravatar.com\/avatar\/a743233f1112d34f48bb3dc9559b76eb930bab8b27175856cba6362608736235?s=96&d=mm&r=g","width":96,"height":96,"caption":"serrafm87"}},{"@type":"WebPage","@id":"https:\/\/serrafm879.com.br\/serrafm\/2026\/08\/prefeita-pollyanna-abreu-repudia-ataques-contra-raquel-lyra-e-manifesta-solidariedade-a-governadoras\/#webpage","url":"https:\/\/serrafm879.com.br\/serrafm\/2026\/08\/prefeita-pollyanna-abreu-repudia-ataques-contra-raquel-lyra-e-manifesta-solidariedade-a-governadoras\/","name":"Prefeita Pollyanna Abreu repudia ataques contra Raquel Lyra e manifesta solidariedade \u00e0 governadoras - Serra FM 87,9","description":"A prefeita de Sert\u00e2nia, Pollyanna Abreu, manifestou rep\u00fadio aos ataques direcionados \u00e0 governadora de Pernambuco e candidata \u00e0 reelei\u00e7\u00e3o, Raquel Lyra. Na manh\u00e3 deste domingo (30), imagens de cartazes afixados em pr\u00e9dios p\u00fablicos em diferentes pontos do Recife Antigo passaram a circular nas redes sociais. O material associa Raquel Lyra ao bolsonarismo e apresenta acusa\u00e7\u00f5es","inLanguage":"pt-BR","isPartOf":{"@id":"https:\/\/serrafm879.com.br\/serrafm\/#website"},"breadcrumb":{"@id":"https:\/\/serrafm879.com.br\/serrafm\/2026\/08\/prefeita-pollyanna-abreu-repudia-ataques-contra-raquel-lyra-e-manifesta-solidariedade-a-governadoras\/#breadcrumblist"},"author":{"@id":"https:\/\/serrafm879.com.br\/serrafm\/author\/serrafm87\/#author"},"creator":{"@id":"https:\/\/serrafm879.com.br\/serrafm\/author\/serrafm87\/#author"},"image":{"@type":"ImageObject","url":"https:\/\/serrafm879.com.br\/serrafm\/wp-content\/uploads\/2026\/08\/907e424b-539f-4de7-8021-32ad1d7976bf.jpeg","@id":"https:\/\/serrafm879.com.br\/serrafm\/2026\/08\/prefeita-pollyanna-abreu-repudia-ataques-contra-raquel-lyra-e-manifesta-solidariedade-a-governadoras\/#mainImage","width":1080,"height":595},"primaryImageOfPage":{"@id":"https:\/\/serrafm879.com.br\/serrafm\/2026\/08\/prefeita-pollyanna-abreu-repudia-ataques-contra-raquel-lyra-e-manifesta-solidariedade-a-governadoras\/#mainImage"},"datePublished":"2026-08-30T22:42:59-03:00","dateModified":"2026-08-30T22:42:59-03:00"},{"@type":"WebSite","@id":"https:\/\/serrafm879.com.br\/serrafm\/#website","url":"https:\/\/serrafm879.com.br\/serrafm\/","name":"Serra FM 87,9","description":"O seu novo amor!","inLanguage":"pt-BR","publisher":{"@id":"https:\/\/serrafm879.com.br\/serrafm\/#organization"}}]},"twitter:card":"summary_large_image","twitter:title":"Prefeita Pollyanna Abreu repudia ataques contra Raquel Lyra e manifesta solidariedade \u00e0 governadoras - Serra FM 87,9","twitter:description":"A prefeita de Sert\u00e2nia, Pollyanna Abreu, manifestou rep\u00fadio aos ataques direcionados \u00e0 governadora de Pernambuco e candidata \u00e0 reelei\u00e7\u00e3o, Raquel Lyra. Na manh\u00e3 deste domingo (30), imagens de cartazes afixados em pr\u00e9dios p\u00fablicos em diferentes pontos do Recife Antigo passaram a circular nas redes sociais. O material associa Raquel Lyra ao bolsonarismo e apresenta acusa\u00e7\u00f5es","twitter:image":"https:\/\/serrafm879.com.br\/serrafm\/wp-content\/uploads\/2026\/08\/907e424b-539f-4de7-8021-32ad1d7976bf.jpeg"},"aioseo_meta_data":{"post_id":"28314","title":null,"description":null,"keywords":null,"keyphrases":{"focus":{"keyphrase":"","score":0,"analysis":{"keyphraseInTitle":{"score":0,"maxScore":9,"error":1}}},"additional":[]},"primary_term":null,"canonical_url":null,"og_title":null,"og_description":null,"og_object_type":"default","og_image_type":"default","og_image_custom_url":null,"og_image_custom_fields":null,"og_image_url":null,"og_image_width":null,"og_image_height":null,"og_video":"","og_custom_url":null,"og_article_section":null,"og_article_tags":null,"twitter_use_og":false,"twitter_card":"default","twitter_image_type":"default","twitter_image_custom_url":null,"twitter_image_custom_fields":null,"twitter_image_url":null,"twitter_title":null,"twitter_description":null,"schema_type":"default","schema_type_options":null,"schema":{"blockGraphs":[],"customGraphs":[],"default":{"data":{"Article":[],"Course":[],"Dataset":[],"FAQPage":[],"Movie":[],"Person":[],"Product":[],"ProductReview":[],"Car":[],"Recipe":[],"Service":[],"SoftwareApplication":[],"WebPage":[]},"graphName":"BlogPosting","isEnabled":true},"graphs":[]},"pillar_content":false,"robots_default":true,"robots_noindex":false,"robots_noarchive":false,"robots_nosnippet":false,"robots_nofollow":false,"robots_noimageindex":false,"robots_noodp":false,"robots_notranslate":false,"robots_max_snippet":"-1","robots_max_videopreview":"-1","robots_max_imagepreview":"large","priority":null,"frequency":"default","local_seo":null,"limit_modified_date":false,"ai":{"faqs":[],"keyPoints":[],"schemas":[],"titles":[],"descriptions":[],"socialPosts":{"email":{"subject":"","preview":"","content":""},"linkedin":[],"twitter":[],"facebook":[],"instagram":[]}},"breadcrumb_settings":null,"seo_analyzer_scan_date":null,"created":"2026-08-31 01:42:59","updated":"2026-08-31 01:42:59"},"aioseo_breadcrumb":"<div class=\"aioseo-breadcrumbs\"><span class=\"aioseo-breadcrumb\">\n\t\t\t<a href=\"https:\/\/serrafm879.com.br\/serrafm\" title=\"Home\">Home<\/a>\n\t\t<\/span><span class=\"aioseo-breadcrumb-separator\">&raquo;<\/span><span class=\"aioseo-breadcrumb\">\n\t\t\t<a href=\"https:\/\/serrafm879.com.br\/serrafm\/categoria\/eleicoes-2026\/\" title=\"Elei\u00e7\u00f5es 2026\">Elei\u00e7\u00f5es 2026<\/a>\n\t\t<\/span><span class=\"aioseo-breadcrumb-separator\">&raquo;<\/span><span class=\"aioseo-breadcrumb\">\n\t\t\tPrefeita Pollyanna Abreu repudia ataques contra Raquel Lyra e manifesta solidariedade \u00e0 governadoras\n\t\t<\/span><\/div>","aioseo_breadcrumb_json":[{"label":"Home","link":"https:\/\/serrafm879.com.br\/serrafm"},{"label":"Elei\u00e7\u00f5es 2026","link":"https:\/\/serrafm879.com.br\/serrafm\/categoria\/eleicoes-2026\/"},{"label":"Prefeita Pollyanna Abreu repudia ataques contra Raquel Lyra e manifesta solidariedade \u00e0 governadoras","link":"https:\/\/serrafm879.com.br\/serrafm\/2026\/08\/prefeita-pollyanna-abreu-repudia-ataques-contra-raquel-lyra-e-manifesta-solidariedade-a-governadoras\/"}],"jetpack_publicize_connections":[],"jetpack_featured_media_url":"https:\/\/serrafm879.com.br\/serrafm\/wp-content\/uploads\/2026\/08\/907e424b-539f-4de7-8021-32ad1d7976bf.jpeg","jetpack_shortlink":"https:\/\/wp.me\/p7HyXg-7mG","jetpack_sharing_enabled":true,"_links":{"self":[{"href":"https:\/\/serrafm879.com.br\/serrafm\/wp-json\/wp\/v2\/posts\/28314","targetHints":{"allow":["GET"]}}],"collection":[{"href":"https:\/\/serrafm879.com.br\/serrafm\/wp-json\/wp\/v2\/posts"}],"about":[{"href":"https:\/\/serrafm879.com.br\/serrafm\/wp-json\/wp\/v2\/types\/post"}],"author":[{"embeddable":true,"href":"https:\/\/serrafm879.com.br\/serrafm\/wp-json\/wp\/v2\/users\/2"}],"replies":[{"embeddable":true,"href":"https:\/\/serrafm879.com.br\/serrafm\/wp-json\/wp\/v2\/comments?post=28314"}],"version-history":[{"count":1,"href":"https:\/\/serrafm879.com.br\/serrafm\/wp-json\/wp\/v2\/posts\/28314\/revisions"}],"predecessor-version":[{"id":28316,"href":"https:\/\/serrafm879.com.br\/serrafm\/wp-json\/wp\/v2\/posts\/28314\/revisions\/28316"}],"wp:featuredmedia":[{"embeddable":true,"href":"https:\/\/serrafm879.com.br\/serrafm\/wp-json\/wp\/v2\/media\/28315"}],"wp:attachment":[{"href":"https:\/\/serrafm879.com.br\/serrafm\/wp-json\/wp\/v2\/media?parent=28314"}],"wp:term":[{"taxonomy":"category","embeddable":true,"href":"https:\/\/serrafm879.com.br\/serrafm\/wp-json\/wp\/v2\/categories?post=28314"},{"taxonomy":"post_tag","embeddable":true,"href":"https:\/\/serrafm879.com.br\/serrafm\/wp-json\/wp\/v2\/tags?post=28314"}],"curies":[{"name":"wp","href":"https:\/\/api.w.org\/{rel}","templated":true}]}}