{"id":28320,"date":"2026-09-01T17:45:18","date_gmt":"2026-09-01T20:45:18","guid":{"rendered":"https:\/\/serrafm879.com.br\/serrafm\/?p=28320"},"modified":"2026-09-02T17:54:34","modified_gmt":"2026-09-02T20:54:34","slug":"nautico-pode-ter-dupla-jean-carlos-vinicius-iniciando-pela-primeira-vez-contra-botafogo-sp","status":"publish","type":"post","link":"https:\/\/serrafm879.com.br\/serrafm\/2026\/09\/nautico-pode-ter-dupla-jean-carlos-vinicius-iniciando-pela-primeira-vez-contra-botafogo-sp\/","title":{"rendered":"N\u00e1utico pode ter dupla Jean Carlos\/Vin\u00edcius iniciando pela primeira vez contra Botafogo-SP"},"content":{"rendered":"<p>Vindo de uma sequ\u00eancia de sete jogos de invencibilidade e mirando mais um triunfo em casa na S\u00e9rie B, o\u00a0<a href=\"https:\/\/www.diariodepernambuco.com.br\/esportes-dp\/nautico\"><strong>N\u00e1utico<\/strong><\/a>\u00a0recebe o Botafogo-SP nesta quinta-feira (3), \u00e0s 20h, no est\u00e1dio Esportes da Sorte Aflitos. Para o jogo, o Timbu poder\u00e1 ter pela primeira vez a dupla Vin\u00edcius e Jean Carlos iniciando a partida.<\/p>\n<p class=\"texto\">Reeditando parceria de sucesso de 2021, o meia e o atacante ainda n\u00e3o atuaram como titulares nesta S\u00e9rie B. Desde a chegada do camisa 10, Vin\u00edcius vinha se recuperando de uma les\u00e3o muscular no departamento m\u00e9dico.<\/p>\n<p class=\"texto\">O camisa 7 alvirrubro retornou na partida contra o Cear\u00e1 ap\u00f3s 52 dias longe dos gramados, entrando no decorrer do segundo tempo. O atacante, por\u00e9m, voltou a sentir dores musculares e foi preservado contra o S\u00e3o Bernardo, retornando novamente contra o Athletic-MG.<\/p>\n<p class=\"texto\">Vin\u00edcius atuou por mais de 30 minutos no duelo contra a equipe mineira e agora vive a expectativa de voltar a ser titular contra o Botafogo-SP. O jogador vem treinando normalmente durante a semana e dever\u00e1 ganhar vaga na ponta esquerda de ataque, com Jean Carlos como titular absoluto na arma\u00e7\u00e3o.<\/p>\n<p class=\"texto\"><strong>N\u00fameros individuais da dupla<\/strong><\/p>\n<p class=\"texto\">Jean Carlos j\u00e1 conta com oito jogos disputados desde que retornou ao N\u00e1utico. O meia tem um gol marcado e tr\u00eas assist\u00eancias distribu\u00eddas nesta S\u00e9rie B, sendo a principal refer\u00eancia t\u00e9cnica da equipe no per\u00edodo.<\/p>\n<p class=\"texto\">Vin\u00edcius vinha de uma temporada de alto volume de jogos antes da contus\u00e3o. Na S\u00e9rie B, o atacante conta com seis gols e duas assist\u00eancias em 17 jogos, sendo o artilheiro alvirrubro na competi\u00e7\u00e3o.<\/p>\n<p>Fonte: Di\u00e1rio de Pernambuco<\/p>\n","protected":false},"excerpt":{"rendered":"<p>Vindo de uma sequ\u00eancia de sete jogos de invencibilidade e mirando mais um triunfo em casa na S\u00e9rie B, o\u00a0N\u00e1utico\u00a0recebe o Botafogo-SP nesta quinta-feira (3), \u00e0s 20h, no est\u00e1dio Esportes da Sorte Aflitos. Para o jogo, o Timbu poder\u00e1 ter pela primeira vez a dupla Vin\u00edcius e Jean Carlos iniciando a partida. Reeditando parceria de sucesso de 2021, o meia e o atacante ainda n\u00e3o atuaram como titulares nesta S\u00e9rie B. Desde a chegada do camisa 10, Vin\u00edcius vinha se recuperando de uma les\u00e3o muscular no departamento m\u00e9dico. O camisa 7 alvirrubro retornou na partida contra o Cear\u00e1 ap\u00f3s 52 [&hellip;]<\/p>\n","protected":false},"author":2,"featured_media":28321,"comment_status":"open","ping_status":"open","sticky":false,"template":"","format":"standard","meta":{"_jetpack_newsletter_access":"","_jetpack_dont_email_post_to_subs":false,"_jetpack_newsletter_tier_id":0,"_jetpack_memberships_contains_paywalled_content":false,"_jetpack_feature_clip_id":0,"_jetpack_memberships_contains_paid_content":false,"footnotes":"","jetpack_publicize_message":"","jetpack_publicize_feature_enabled":true,"jetpack_social_post_already_shared":true,"jetpack_social_options":{"image_generator_settings":{"template":"highway","default_image_id":0,"font":"","enabled":false},"version":2},"jetpack_post_was_ever_published":false},"categories":[289],"tags":[],"class_list":["post-28320","post","type-post","status-publish","format-standard","has-post-thumbnail","hentry","category-futebol"],"aioseo_notices":[],"aioseo_head":"\n\t\t<!-- All in One SEO 4.9.10 - aioseo.com -->\n\t<meta name=\"description\" content=\"Vindo de uma sequ\u00eancia de sete jogos de invencibilidade e mirando mais um triunfo em casa na S\u00e9rie B, o N\u00e1utico recebe o Botafogo-SP nesta quinta-feira (3), \u00e0s 20h, no est\u00e1dio Esportes da Sorte Aflitos. Para o jogo, o Timbu poder\u00e1 ter pela primeira vez a dupla Vin\u00edcius e Jean Carlos iniciando a partida. Reeditando parceria de\" \/>\n\t<meta name=\"robots\" content=\"max-image-preview:large\" \/>\n\t<meta name=\"author\" content=\"serrafm87\"\/>\n\t<link rel=\"canonical\" href=\"https:\/\/serrafm879.com.br\/serrafm\/2026\/09\/nautico-pode-ter-dupla-jean-carlos-vinicius-iniciando-pela-primeira-vez-contra-botafogo-sp\/\" \/>\n\t<meta name=\"generator\" content=\"All in One SEO (AIOSEO) 4.9.10\" \/>\n\t\t<meta name=\"twitter:card\" content=\"summary_large_image\" \/>\n\t\t<meta name=\"twitter:title\" content=\"N\u00e1utico pode ter dupla Jean Carlos\/Vin\u00edcius iniciando pela primeira vez contra Botafogo-SP - Serra FM 87,9\" \/>\n\t\t<meta name=\"twitter:description\" content=\"Vindo de uma sequ\u00eancia de sete jogos de invencibilidade e mirando mais um triunfo em casa na S\u00e9rie B, o N\u00e1utico recebe o Botafogo-SP nesta quinta-feira (3), \u00e0s 20h, no est\u00e1dio Esportes da Sorte Aflitos. Para o jogo, o Timbu poder\u00e1 ter pela primeira vez a dupla Vin\u00edcius e Jean Carlos iniciando a partida. Reeditando parceria de\" \/>\n\t\t<meta name=\"twitter:image\" content=\"https:\/\/serrafm879.com.br\/serrafm\/wp-content\/uploads\/2026\/09\/1_viniicus_e_jean_carlos-949677.jpg\" \/>\n\t\t<script type=\"application\/ld+json\" class=\"aioseo-schema\">\n\t\t\t{\"@context\":\"https:\\\/\\\/schema.org\",\"@graph\":[{\"@type\":\"BlogPosting\",\"@id\":\"https:\\\/\\\/serrafm879.com.br\\\/serrafm\\\/2026\\\/09\\\/nautico-pode-ter-dupla-jean-carlos-vinicius-iniciando-pela-primeira-vez-contra-botafogo-sp\\\/#blogposting\",\"name\":\"N\\u00e1utico pode ter dupla Jean Carlos\\\/Vin\\u00edcius iniciando pela primeira vez contra Botafogo-SP - Serra FM 87,9\",\"headline\":\"N\\u00e1utico pode ter dupla Jean Carlos\\\/Vin\\u00edcius iniciando pela primeira vez contra Botafogo-SP\",\"author\":{\"@id\":\"https:\\\/\\\/serrafm879.com.br\\\/serrafm\\\/author\\\/serrafm87\\\/#author\"},\"publisher\":{\"@id\":\"https:\\\/\\\/serrafm879.com.br\\\/serrafm\\\/#organization\"},\"image\":{\"@type\":\"ImageObject\",\"url\":\"https:\\\/\\\/serrafm879.com.br\\\/serrafm\\\/wp-content\\\/uploads\\\/2026\\\/09\\\/1_viniicus_e_jean_carlos-949677.jpg\",\"width\":1200,\"height\":800},\"datePublished\":\"2026-09-01T17:45:18-03:00\",\"dateModified\":\"2026-09-02T17:54:34-03:00\",\"inLanguage\":\"pt-BR\",\"mainEntityOfPage\":{\"@id\":\"https:\\\/\\\/serrafm879.com.br\\\/serrafm\\\/2026\\\/09\\\/nautico-pode-ter-dupla-jean-carlos-vinicius-iniciando-pela-primeira-vez-contra-botafogo-sp\\\/#webpage\"},\"isPartOf\":{\"@id\":\"https:\\\/\\\/serrafm879.com.br\\\/serrafm\\\/2026\\\/09\\\/nautico-pode-ter-dupla-jean-carlos-vinicius-iniciando-pela-primeira-vez-contra-botafogo-sp\\\/#webpage\"},\"articleSection\":\"Futebol\"},{\"@type\":\"BreadcrumbList\",\"@id\":\"https:\\\/\\\/serrafm879.com.br\\\/serrafm\\\/2026\\\/09\\\/nautico-pode-ter-dupla-jean-carlos-vinicius-iniciando-pela-primeira-vez-contra-botafogo-sp\\\/#breadcrumblist\",\"itemListElement\":[{\"@type\":\"ListItem\",\"@id\":\"https:\\\/\\\/serrafm879.com.br\\\/serrafm#listItem\",\"position\":1,\"name\":\"Home\",\"item\":\"https:\\\/\\\/serrafm879.com.br\\\/serrafm\",\"nextItem\":{\"@type\":\"ListItem\",\"@id\":\"https:\\\/\\\/serrafm879.com.br\\\/serrafm\\\/categoria\\\/futebol\\\/#listItem\",\"name\":\"Futebol\"}},{\"@type\":\"ListItem\",\"@id\":\"https:\\\/\\\/serrafm879.com.br\\\/serrafm\\\/categoria\\\/futebol\\\/#listItem\",\"position\":2,\"name\":\"Futebol\",\"item\":\"https:\\\/\\\/serrafm879.com.br\\\/serrafm\\\/categoria\\\/futebol\\\/\",\"nextItem\":{\"@type\":\"ListItem\",\"@id\":\"https:\\\/\\\/serrafm879.com.br\\\/serrafm\\\/2026\\\/09\\\/nautico-pode-ter-dupla-jean-carlos-vinicius-iniciando-pela-primeira-vez-contra-botafogo-sp\\\/#listItem\",\"name\":\"N\\u00e1utico pode ter dupla Jean Carlos\\\/Vin\\u00edcius iniciando pela primeira vez contra Botafogo-SP\"},\"previousItem\":{\"@type\":\"ListItem\",\"@id\":\"https:\\\/\\\/serrafm879.com.br\\\/serrafm#listItem\",\"name\":\"Home\"}},{\"@type\":\"ListItem\",\"@id\":\"https:\\\/\\\/serrafm879.com.br\\\/serrafm\\\/2026\\\/09\\\/nautico-pode-ter-dupla-jean-carlos-vinicius-iniciando-pela-primeira-vez-contra-botafogo-sp\\\/#listItem\",\"position\":3,\"name\":\"N\\u00e1utico pode ter dupla Jean Carlos\\\/Vin\\u00edcius iniciando pela primeira vez contra Botafogo-SP\",\"previousItem\":{\"@type\":\"ListItem\",\"@id\":\"https:\\\/\\\/serrafm879.com.br\\\/serrafm\\\/categoria\\\/futebol\\\/#listItem\",\"name\":\"Futebol\"}}]},{\"@type\":\"Organization\",\"@id\":\"https:\\\/\\\/serrafm879.com.br\\\/serrafm\\\/#organization\",\"name\":\"Serra FM 87,9\",\"description\":\"O seu novo amor!\",\"url\":\"https:\\\/\\\/serrafm879.com.br\\\/serrafm\\\/\"},{\"@type\":\"Person\",\"@id\":\"https:\\\/\\\/serrafm879.com.br\\\/serrafm\\\/author\\\/serrafm87\\\/#author\",\"url\":\"https:\\\/\\\/serrafm879.com.br\\\/serrafm\\\/author\\\/serrafm87\\\/\",\"name\":\"serrafm87\",\"image\":{\"@type\":\"ImageObject\",\"@id\":\"https:\\\/\\\/serrafm879.com.br\\\/serrafm\\\/2026\\\/09\\\/nautico-pode-ter-dupla-jean-carlos-vinicius-iniciando-pela-primeira-vez-contra-botafogo-sp\\\/#authorImage\",\"url\":\"https:\\\/\\\/secure.gravatar.com\\\/avatar\\\/a743233f1112d34f48bb3dc9559b76eb930bab8b27175856cba6362608736235?s=96&d=mm&r=g\",\"width\":96,\"height\":96,\"caption\":\"serrafm87\"}},{\"@type\":\"WebPage\",\"@id\":\"https:\\\/\\\/serrafm879.com.br\\\/serrafm\\\/2026\\\/09\\\/nautico-pode-ter-dupla-jean-carlos-vinicius-iniciando-pela-primeira-vez-contra-botafogo-sp\\\/#webpage\",\"url\":\"https:\\\/\\\/serrafm879.com.br\\\/serrafm\\\/2026\\\/09\\\/nautico-pode-ter-dupla-jean-carlos-vinicius-iniciando-pela-primeira-vez-contra-botafogo-sp\\\/\",\"name\":\"N\\u00e1utico pode ter dupla Jean Carlos\\\/Vin\\u00edcius iniciando pela primeira vez contra Botafogo-SP - Serra FM 87,9\",\"description\":\"Vindo de uma sequ\\u00eancia de sete jogos de invencibilidade e mirando mais um triunfo em casa na S\\u00e9rie B, o N\\u00e1utico recebe o Botafogo-SP nesta quinta-feira (3), \\u00e0s 20h, no est\\u00e1dio Esportes da Sorte Aflitos. Para o jogo, o Timbu poder\\u00e1 ter pela primeira vez a dupla Vin\\u00edcius e Jean Carlos iniciando a partida. Reeditando parceria de\",\"inLanguage\":\"pt-BR\",\"isPartOf\":{\"@id\":\"https:\\\/\\\/serrafm879.com.br\\\/serrafm\\\/#website\"},\"breadcrumb\":{\"@id\":\"https:\\\/\\\/serrafm879.com.br\\\/serrafm\\\/2026\\\/09\\\/nautico-pode-ter-dupla-jean-carlos-vinicius-iniciando-pela-primeira-vez-contra-botafogo-sp\\\/#breadcrumblist\"},\"author\":{\"@id\":\"https:\\\/\\\/serrafm879.com.br\\\/serrafm\\\/author\\\/serrafm87\\\/#author\"},\"creator\":{\"@id\":\"https:\\\/\\\/serrafm879.com.br\\\/serrafm\\\/author\\\/serrafm87\\\/#author\"},\"image\":{\"@type\":\"ImageObject\",\"url\":\"https:\\\/\\\/serrafm879.com.br\\\/serrafm\\\/wp-content\\\/uploads\\\/2026\\\/09\\\/1_viniicus_e_jean_carlos-949677.jpg\",\"@id\":\"https:\\\/\\\/serrafm879.com.br\\\/serrafm\\\/2026\\\/09\\\/nautico-pode-ter-dupla-jean-carlos-vinicius-iniciando-pela-primeira-vez-contra-botafogo-sp\\\/#mainImage\",\"width\":1200,\"height\":800},\"primaryImageOfPage\":{\"@id\":\"https:\\\/\\\/serrafm879.com.br\\\/serrafm\\\/2026\\\/09\\\/nautico-pode-ter-dupla-jean-carlos-vinicius-iniciando-pela-primeira-vez-contra-botafogo-sp\\\/#mainImage\"},\"datePublished\":\"2026-09-01T17:45:18-03:00\",\"dateModified\":\"2026-09-02T17:54:34-03:00\"},{\"@type\":\"WebSite\",\"@id\":\"https:\\\/\\\/serrafm879.com.br\\\/serrafm\\\/#website\",\"url\":\"https:\\\/\\\/serrafm879.com.br\\\/serrafm\\\/\",\"name\":\"Serra FM 87,9\",\"description\":\"O seu novo amor!\",\"inLanguage\":\"pt-BR\",\"publisher\":{\"@id\":\"https:\\\/\\\/serrafm879.com.br\\\/serrafm\\\/#organization\"}}]}\n\t\t<\/script>\n\t\t<!-- All in One SEO -->\n\n","aioseo_head_json":{"title":"N\u00e1utico pode ter dupla Jean Carlos\/Vin\u00edcius iniciando pela primeira vez contra Botafogo-SP - Serra FM 87,9","description":"Vindo de uma sequ\u00eancia de sete jogos de invencibilidade e mirando mais um triunfo em casa na S\u00e9rie B, o N\u00e1utico recebe o Botafogo-SP nesta quinta-feira (3), \u00e0s 20h, no est\u00e1dio Esportes da Sorte Aflitos. Para o jogo, o Timbu poder\u00e1 ter pela primeira vez a dupla Vin\u00edcius e Jean Carlos iniciando a partida. Reeditando parceria de","canonical_url":"https:\/\/serrafm879.com.br\/serrafm\/2026\/09\/nautico-pode-ter-dupla-jean-carlos-vinicius-iniciando-pela-primeira-vez-contra-botafogo-sp\/","robots":"max-image-preview:large","keywords":"","webmasterTools":{"miscellaneous":""},"schema":{"@context":"https:\/\/schema.org","@graph":[{"@type":"BlogPosting","@id":"https:\/\/serrafm879.com.br\/serrafm\/2026\/09\/nautico-pode-ter-dupla-jean-carlos-vinicius-iniciando-pela-primeira-vez-contra-botafogo-sp\/#blogposting","name":"N\u00e1utico pode ter dupla Jean Carlos\/Vin\u00edcius iniciando pela primeira vez contra Botafogo-SP - Serra FM 87,9","headline":"N\u00e1utico pode ter dupla Jean Carlos\/Vin\u00edcius iniciando pela primeira vez contra Botafogo-SP","author":{"@id":"https:\/\/serrafm879.com.br\/serrafm\/author\/serrafm87\/#author"},"publisher":{"@id":"https:\/\/serrafm879.com.br\/serrafm\/#organization"},"image":{"@type":"ImageObject","url":"https:\/\/serrafm879.com.br\/serrafm\/wp-content\/uploads\/2026\/09\/1_viniicus_e_jean_carlos-949677.jpg","width":1200,"height":800},"datePublished":"2026-09-01T17:45:18-03:00","dateModified":"2026-09-02T17:54:34-03:00","inLanguage":"pt-BR","mainEntityOfPage":{"@id":"https:\/\/serrafm879.com.br\/serrafm\/2026\/09\/nautico-pode-ter-dupla-jean-carlos-vinicius-iniciando-pela-primeira-vez-contra-botafogo-sp\/#webpage"},"isPartOf":{"@id":"https:\/\/serrafm879.com.br\/serrafm\/2026\/09\/nautico-pode-ter-dupla-jean-carlos-vinicius-iniciando-pela-primeira-vez-contra-botafogo-sp\/#webpage"},"articleSection":"Futebol"},{"@type":"BreadcrumbList","@id":"https:\/\/serrafm879.com.br\/serrafm\/2026\/09\/nautico-pode-ter-dupla-jean-carlos-vinicius-iniciando-pela-primeira-vez-contra-botafogo-sp\/#breadcrumblist","itemListElement":[{"@type":"ListItem","@id":"https:\/\/serrafm879.com.br\/serrafm#listItem","position":1,"name":"Home","item":"https:\/\/serrafm879.com.br\/serrafm","nextItem":{"@type":"ListItem","@id":"https:\/\/serrafm879.com.br\/serrafm\/categoria\/futebol\/#listItem","name":"Futebol"}},{"@type":"ListItem","@id":"https:\/\/serrafm879.com.br\/serrafm\/categoria\/futebol\/#listItem","position":2,"name":"Futebol","item":"https:\/\/serrafm879.com.br\/serrafm\/categoria\/futebol\/","nextItem":{"@type":"ListItem","@id":"https:\/\/serrafm879.com.br\/serrafm\/2026\/09\/nautico-pode-ter-dupla-jean-carlos-vinicius-iniciando-pela-primeira-vez-contra-botafogo-sp\/#listItem","name":"N\u00e1utico pode ter dupla Jean Carlos\/Vin\u00edcius iniciando pela primeira vez contra Botafogo-SP"},"previousItem":{"@type":"ListItem","@id":"https:\/\/serrafm879.com.br\/serrafm#listItem","name":"Home"}},{"@type":"ListItem","@id":"https:\/\/serrafm879.com.br\/serrafm\/2026\/09\/nautico-pode-ter-dupla-jean-carlos-vinicius-iniciando-pela-primeira-vez-contra-botafogo-sp\/#listItem","position":3,"name":"N\u00e1utico pode ter dupla Jean Carlos\/Vin\u00edcius iniciando pela primeira vez contra Botafogo-SP","previousItem":{"@type":"ListItem","@id":"https:\/\/serrafm879.com.br\/serrafm\/categoria\/futebol\/#listItem","name":"Futebol"}}]},{"@type":"Organization","@id":"https:\/\/serrafm879.com.br\/serrafm\/#organization","name":"Serra FM 87,9","description":"O seu novo amor!","url":"https:\/\/serrafm879.com.br\/serrafm\/"},{"@type":"Person","@id":"https:\/\/serrafm879.com.br\/serrafm\/author\/serrafm87\/#author","url":"https:\/\/serrafm879.com.br\/serrafm\/author\/serrafm87\/","name":"serrafm87","image":{"@type":"ImageObject","@id":"https:\/\/serrafm879.com.br\/serrafm\/2026\/09\/nautico-pode-ter-dupla-jean-carlos-vinicius-iniciando-pela-primeira-vez-contra-botafogo-sp\/#authorImage","url":"https:\/\/secure.gravatar.com\/avatar\/a743233f1112d34f48bb3dc9559b76eb930bab8b27175856cba6362608736235?s=96&d=mm&r=g","width":96,"height":96,"caption":"serrafm87"}},{"@type":"WebPage","@id":"https:\/\/serrafm879.com.br\/serrafm\/2026\/09\/nautico-pode-ter-dupla-jean-carlos-vinicius-iniciando-pela-primeira-vez-contra-botafogo-sp\/#webpage","url":"https:\/\/serrafm879.com.br\/serrafm\/2026\/09\/nautico-pode-ter-dupla-jean-carlos-vinicius-iniciando-pela-primeira-vez-contra-botafogo-sp\/","name":"N\u00e1utico pode ter dupla Jean Carlos\/Vin\u00edcius iniciando pela primeira vez contra Botafogo-SP - Serra FM 87,9","description":"Vindo de uma sequ\u00eancia de sete jogos de invencibilidade e mirando mais um triunfo em casa na S\u00e9rie B, o N\u00e1utico recebe o Botafogo-SP nesta quinta-feira (3), \u00e0s 20h, no est\u00e1dio Esportes da Sorte Aflitos. Para o jogo, o Timbu poder\u00e1 ter pela primeira vez a dupla Vin\u00edcius e Jean Carlos iniciando a partida. Reeditando parceria de","inLanguage":"pt-BR","isPartOf":{"@id":"https:\/\/serrafm879.com.br\/serrafm\/#website"},"breadcrumb":{"@id":"https:\/\/serrafm879.com.br\/serrafm\/2026\/09\/nautico-pode-ter-dupla-jean-carlos-vinicius-iniciando-pela-primeira-vez-contra-botafogo-sp\/#breadcrumblist"},"author":{"@id":"https:\/\/serrafm879.com.br\/serrafm\/author\/serrafm87\/#author"},"creator":{"@id":"https:\/\/serrafm879.com.br\/serrafm\/author\/serrafm87\/#author"},"image":{"@type":"ImageObject","url":"https:\/\/serrafm879.com.br\/serrafm\/wp-content\/uploads\/2026\/09\/1_viniicus_e_jean_carlos-949677.jpg","@id":"https:\/\/serrafm879.com.br\/serrafm\/2026\/09\/nautico-pode-ter-dupla-jean-carlos-vinicius-iniciando-pela-primeira-vez-contra-botafogo-sp\/#mainImage","width":1200,"height":800},"primaryImageOfPage":{"@id":"https:\/\/serrafm879.com.br\/serrafm\/2026\/09\/nautico-pode-ter-dupla-jean-carlos-vinicius-iniciando-pela-primeira-vez-contra-botafogo-sp\/#mainImage"},"datePublished":"2026-09-01T17:45:18-03:00","dateModified":"2026-09-02T17:54:34-03:00"},{"@type":"WebSite","@id":"https:\/\/serrafm879.com.br\/serrafm\/#website","url":"https:\/\/serrafm879.com.br\/serrafm\/","name":"Serra FM 87,9","description":"O seu novo amor!","inLanguage":"pt-BR","publisher":{"@id":"https:\/\/serrafm879.com.br\/serrafm\/#organization"}}]},"twitter:card":"summary_large_image","twitter:title":"N\u00e1utico pode ter dupla Jean Carlos\/Vin\u00edcius iniciando pela primeira vez contra Botafogo-SP - Serra FM 87,9","twitter:description":"Vindo de uma sequ\u00eancia de sete jogos de invencibilidade e mirando mais um triunfo em casa na S\u00e9rie B, o N\u00e1utico recebe o Botafogo-SP nesta quinta-feira (3), \u00e0s 20h, no est\u00e1dio Esportes da Sorte Aflitos. Para o jogo, o Timbu poder\u00e1 ter pela primeira vez a dupla Vin\u00edcius e Jean Carlos iniciando a partida. Reeditando parceria de","twitter:image":"https:\/\/serrafm879.com.br\/serrafm\/wp-content\/uploads\/2026\/09\/1_viniicus_e_jean_carlos-949677.jpg"},"aioseo_meta_data":{"post_id":"28320","title":null,"description":null,"keywords":null,"keyphrases":{"focus":{"keyphrase":"","score":0,"analysis":{"keyphraseInTitle":{"score":0,"maxScore":9,"error":1}}},"additional":[]},"primary_term":null,"canonical_url":null,"og_title":null,"og_description":null,"og_object_type":"default","og_image_type":"default","og_image_custom_url":null,"og_image_custom_fields":null,"og_image_url":null,"og_image_width":null,"og_image_height":null,"og_video":"","og_custom_url":null,"og_article_section":null,"og_article_tags":null,"twitter_use_og":false,"twitter_card":"default","twitter_image_type":"default","twitter_image_custom_url":null,"twitter_image_custom_fields":null,"twitter_image_url":null,"twitter_title":null,"twitter_description":null,"schema_type":"default","schema_type_options":null,"schema":{"blockGraphs":[],"customGraphs":[],"default":{"data":{"Article":[],"Course":[],"Dataset":[],"FAQPage":[],"Movie":[],"Person":[],"Product":[],"ProductReview":[],"Car":[],"Recipe":[],"Service":[],"SoftwareApplication":[],"WebPage":[]},"graphName":"BlogPosting","isEnabled":true},"graphs":[]},"pillar_content":false,"robots_default":true,"robots_noindex":false,"robots_noarchive":false,"robots_nosnippet":false,"robots_nofollow":false,"robots_noimageindex":false,"robots_noodp":false,"robots_notranslate":false,"robots_max_snippet":"-1","robots_max_videopreview":"-1","robots_max_imagepreview":"large","priority":null,"frequency":"default","local_seo":null,"limit_modified_date":false,"ai":{"faqs":[],"keyPoints":[],"schemas":[],"titles":[],"descriptions":[],"socialPosts":{"email":{"subject":"","preview":"","content":""},"linkedin":[],"twitter":[],"facebook":[],"instagram":[]}},"breadcrumb_settings":null,"seo_analyzer_scan_date":null,"created":"2026-09-02 20:54:34","updated":"2026-09-02 21:09:34"},"aioseo_breadcrumb":"<div class=\"aioseo-breadcrumbs\"><span class=\"aioseo-breadcrumb\">\n\t\t\t<a href=\"https:\/\/serrafm879.com.br\/serrafm\" title=\"Home\">Home<\/a>\n\t\t<\/span><span class=\"aioseo-breadcrumb-separator\">&raquo;<\/span><span class=\"aioseo-breadcrumb\">\n\t\t\t<a href=\"https:\/\/serrafm879.com.br\/serrafm\/categoria\/futebol\/\" title=\"Futebol\">Futebol<\/a>\n\t\t<\/span><span class=\"aioseo-breadcrumb-separator\">&raquo;<\/span><span class=\"aioseo-breadcrumb\">\n\t\t\tN\u00e1utico pode ter dupla Jean Carlos\/Vin\u00edcius iniciando pela primeira vez contra Botafogo-SP\n\t\t<\/span><\/div>","aioseo_breadcrumb_json":[{"label":"Home","link":"https:\/\/serrafm879.com.br\/serrafm"},{"label":"Futebol","link":"https:\/\/serrafm879.com.br\/serrafm\/categoria\/futebol\/"},{"label":"N\u00e1utico pode ter dupla Jean Carlos\/Vin\u00edcius iniciando pela primeira vez contra Botafogo-SP","link":"https:\/\/serrafm879.com.br\/serrafm\/2026\/09\/nautico-pode-ter-dupla-jean-carlos-vinicius-iniciando-pela-primeira-vez-contra-botafogo-sp\/"}],"jetpack_publicize_connections":[],"jetpack_featured_media_url":"https:\/\/serrafm879.com.br\/serrafm\/wp-content\/uploads\/2026\/09\/1_viniicus_e_jean_carlos-949677.jpg","jetpack_shortlink":"https:\/\/wp.me\/p7HyXg-7mM","jetpack_sharing_enabled":true,"_links":{"self":[{"href":"https:\/\/serrafm879.com.br\/serrafm\/wp-json\/wp\/v2\/posts\/28320","targetHints":{"allow":["GET"]}}],"collection":[{"href":"https:\/\/serrafm879.com.br\/serrafm\/wp-json\/wp\/v2\/posts"}],"about":[{"href":"https:\/\/serrafm879.com.br\/serrafm\/wp-json\/wp\/v2\/types\/post"}],"author":[{"embeddable":true,"href":"https:\/\/serrafm879.com.br\/serrafm\/wp-json\/wp\/v2\/users\/2"}],"replies":[{"embeddable":true,"href":"https:\/\/serrafm879.com.br\/serrafm\/wp-json\/wp\/v2\/comments?post=28320"}],"version-history":[{"count":1,"href":"https:\/\/serrafm879.com.br\/serrafm\/wp-json\/wp\/v2\/posts\/28320\/revisions"}],"predecessor-version":[{"id":28322,"href":"https:\/\/serrafm879.com.br\/serrafm\/wp-json\/wp\/v2\/posts\/28320\/revisions\/28322"}],"wp:featuredmedia":[{"embeddable":true,"href":"https:\/\/serrafm879.com.br\/serrafm\/wp-json\/wp\/v2\/media\/28321"}],"wp:attachment":[{"href":"https:\/\/serrafm879.com.br\/serrafm\/wp-json\/wp\/v2\/media?parent=28320"}],"wp:term":[{"taxonomy":"category","embeddable":true,"href":"https:\/\/serrafm879.com.br\/serrafm\/wp-json\/wp\/v2\/categories?post=28320"},{"taxonomy":"post_tag","embeddable":true,"href":"https:\/\/serrafm879.com.br\/serrafm\/wp-json\/wp\/v2\/tags?post=28320"}],"curies":[{"name":"wp","href":"https:\/\/api.w.org\/{rel}","templated":true}]}}