{"id":28324,"date":"2026-09-02T21:33:52","date_gmt":"2026-09-03T00:33:52","guid":{"rendered":"https:\/\/serrafm879.com.br\/serrafm\/?p=28324"},"modified":"2026-09-02T21:55:08","modified_gmt":"2026-09-03T00:55:08","slug":"coligacao-de-joao-campos-aciona-justica-para-investigar-colagem-de-cartazes-contra-o-candidato","status":"publish","type":"post","link":"https:\/\/serrafm879.com.br\/serrafm\/2026\/09\/coligacao-de-joao-campos-aciona-justica-para-investigar-colagem-de-cartazes-contra-o-candidato\/","title":{"rendered":"Coliga\u00e7\u00e3o de Jo\u00e3o Campos aciona Justi\u00e7a para investigar colagem de cartazes contra o candidato"},"content":{"rendered":"<p>A Frente Popular de Pernambuco, coliga\u00e7\u00e3o de Jo\u00e3o Campos (PSB), acionou a Justi\u00e7a Eleitoral, nesta quarta-feira (2), pedindo investiga\u00e7\u00e3o sobre a colagem de cartazes ap\u00f3crifos\u00a0contra o candidato ao governo estadual no Recife.<\/p>\n<p>A coliga\u00e7\u00e3o enviou \u00e0 Justi\u00e7a um v\u00eddeo de 36 segundos que mostra um grupo de homens grudando o material em um poste na Travessa Tiradentes, no Bairro do Recife. As imagens de circuito de seguran\u00e7a teriam sido capturadas no dia 1\u00b0 de agosto.<\/p>\n<p>\u201cA solicita\u00e7\u00e3o se junta \u00e0 A\u00e7\u00e3o de Investiga\u00e7\u00e3o Judicial Eleitoral (AIJE) impetrada pela coliga\u00e7\u00e3o no dia 27 de agosto, relativa a eventuais abusos de poder pol\u00edtico e econ\u00f4mico por parte da atual gest\u00e3o do governo do Estado\u201d, informou a Frente Popular em nota \u00e0 imprensa.<\/p>\n<p>No pedido encaminhado \u00e0 Justi\u00e7a, a coliga\u00e7\u00e3o diz que \u201co que surge agora \u00e9 uma nova e relevante porta de entrada probat\u00f3ria para que se descubra aquilo que, desde o primeiro momento, a coliga\u00e7\u00e3o pediu que fosse investigado: quem estava por tr\u00e1s da produ\u00e7\u00e3o, distribui\u00e7\u00e3o, financiamento e instala\u00e7\u00e3o massiva dessa propaganda negativa\u201d.<\/p>\n<p>O jur\u00eddico da coliga\u00e7\u00e3o de Jo\u00e3o Campos\u00a0argumenta que o material n\u00e3o apareceu nos espa\u00e7os urbanos aleatoriamente. \u201cHouve execu\u00e7\u00e3o humana concreta, organizada no local, em per\u00edodo noturno, mediante atua\u00e7\u00e3o coordenada de pessoas que portavam e afixaram sucessivamente os impressos. A identifica\u00e7\u00e3o dessas pessoas constitui, portanto, provid\u00eancia investigativa elementar. Uma vez identificados os respons\u00e1veis materiais pela colagem, ser\u00e1 poss\u00edvel apurar quem os contratou; de quem receberam os impressos; quem lhes forneceu os endere\u00e7os ou o roteiro dos locais; quantos pontos foram alcan\u00e7ados; que ve\u00edculo foi utilizado; onde o material foi retirado; qual empresa gr\u00e1fica realizou sua impress\u00e3o; quem efetuou o pagamento; e mediante qual instrumento ou meio financeiro\u201d.<\/p>\n<p><strong>A\u00e7\u00e3o de Investiga\u00e7\u00e3o Judicial Eleitoral<\/strong><\/p>\n<p>Segundo a Frente Popular, a A\u00e7\u00e3o de Investiga\u00e7\u00e3o Judicial Eleitoral impetrada em 27 de agosto\u00a0j\u00e1 trazia den\u00fancias sobre a colagem de cartazes contra o socialista.<\/p>\n<p>\u201cA AIJE pede, entre outras coisas, a investiga\u00e7\u00e3o de uma estrutura destinada \u00e0 difama\u00e7\u00e3o de Jo\u00e3o Campos nas redes sociais. A coliga\u00e7\u00e3o tamb\u00e9m solicita investiga\u00e7\u00f5es sobre os gastos do governo do Estado com publicidade, al\u00e9m de ag\u00eancias que estariam por tr\u00e1s de pagamentos a um\u00a0<strong><a href=\"https:\/\/www.diariodepernambuco.com.br\/politica\/2026\/08\/11722362-cardapio-de-ilicitos-advogados-da-coligacao-de-joao-campos-apontam-participacao-direta-de-raquel-em-gabinete-do-odio.html\" target=\"_blank\" rel=\"noopener noreferrer\">suposto \u201cgabinete do \u00f3dio\u201d<\/a><\/strong>\u00a0contra Campos\u201d, descreve a Frente Popular.<\/p>\n<p>&#8220;As investiga\u00e7\u00f5es, no entender da Frente Popular, tamb\u00e9m deveriam se estender ao uso de \u00f4nibus oficiais para transportar pessoas para conven\u00e7\u00e3o de Raquel Lyra no Recife, al\u00e9m do uso, por parte da pr\u00f3pria governadora, para agendas pol\u00edtico-partid\u00e1rias, de um avi\u00e3o do governo destinado a socorro aerom\u00e9dico&#8221;, completa a coliga\u00e7\u00e3o.<\/p>\n<p>\u201cA AIJE pede, entre outras coisas, a investiga\u00e7\u00e3o de uma estrutura destinada \u00e0 difama\u00e7\u00e3o de Jo\u00e3o Campos nas redes sociais. A coliga\u00e7\u00e3o tamb\u00e9m solicita investiga\u00e7\u00f5es sobre os gastos do governo do Estado com publicidade, al\u00e9m de ag\u00eancias que estariam por tr\u00e1s de pagamentos a um\u00a0<strong><a href=\"https:\/\/www.diariodepernambuco.com.br\/politica\/2026\/08\/11722362-cardapio-de-ilicitos-advogados-da-coligacao-de-joao-campos-apontam-participacao-direta-de-raquel-em-gabinete-do-odio.html\" target=\"_blank\" rel=\"noopener noreferrer\">suposto \u201cgabinete do \u00f3dio\u201d<\/a><\/strong>\u00a0contra Campos\u201d, descreve a Frente Popular.<\/p>\n<p>&#8220;As investiga\u00e7\u00f5es, no entender da Frente Popular, tamb\u00e9m deveriam se estender ao uso de \u00f4nibus oficiais para transportar pessoas para conven\u00e7\u00e3o de Raquel Lyra no Recife, al\u00e9m do uso, por parte da pr\u00f3pria governadora, para agendas pol\u00edtico-partid\u00e1rias, de um avi\u00e3o do governo destinado a socorro aerom\u00e9dico&#8221;, completa a coliga\u00e7\u00e3o.<\/p>\n<p>Fonte: Di\u00e1rio de Pernambuco<\/p>\n","protected":false},"excerpt":{"rendered":"<p>A Frente Popular de Pernambuco, coliga\u00e7\u00e3o de Jo\u00e3o Campos (PSB), acionou a Justi\u00e7a Eleitoral, nesta quarta-feira (2), pedindo investiga\u00e7\u00e3o sobre a colagem de cartazes ap\u00f3crifos\u00a0contra o candidato ao governo estadual no Recife. A coliga\u00e7\u00e3o enviou \u00e0 Justi\u00e7a um v\u00eddeo de 36 segundos que mostra um grupo de homens grudando o material em um poste na Travessa Tiradentes, no Bairro do Recife. As imagens de circuito de seguran\u00e7a teriam sido capturadas no dia 1\u00b0 de agosto. \u201cA solicita\u00e7\u00e3o se junta \u00e0 A\u00e7\u00e3o de Investiga\u00e7\u00e3o Judicial Eleitoral (AIJE) impetrada pela coliga\u00e7\u00e3o no dia 27 de agosto, relativa a eventuais abusos de poder [&hellip;]<\/p>\n","protected":false},"author":2,"featured_media":28329,"comment_status":"open","ping_status":"open","sticky":false,"template":"","format":"standard","meta":{"_jetpack_newsletter_access":"","_jetpack_dont_email_post_to_subs":false,"_jetpack_newsletter_tier_id":0,"_jetpack_memberships_contains_paywalled_content":false,"_jetpack_feature_clip_id":0,"_jetpack_memberships_contains_paid_content":false,"footnotes":"","jetpack_publicize_message":"","jetpack_publicize_feature_enabled":true,"jetpack_social_post_already_shared":true,"jetpack_social_options":{"image_generator_settings":{"template":"highway","default_image_id":0,"font":"","enabled":false},"version":2},"jetpack_post_was_ever_published":false},"categories":[297],"tags":[],"class_list":["post-28324","post","type-post","status-publish","format-standard","has-post-thumbnail","hentry","category-eleicoes-2026"],"aioseo_notices":[],"aioseo_head":"\n\t\t<!-- All in One SEO 4.9.10 - aioseo.com -->\n\t<meta name=\"description\" content=\"A Frente Popular de Pernambuco, coliga\u00e7\u00e3o de Jo\u00e3o Campos (PSB), acionou a Justi\u00e7a Eleitoral, nesta quarta-feira (2), pedindo investiga\u00e7\u00e3o sobre a colagem de cartazes ap\u00f3crifos contra o candidato ao governo estadual no Recife. A coliga\u00e7\u00e3o enviou \u00e0 Justi\u00e7a um v\u00eddeo de 36 segundos que mostra um grupo de homens grudando o material em um poste na\" \/>\n\t<meta name=\"robots\" content=\"max-image-preview:large\" \/>\n\t<meta name=\"author\" content=\"serrafm87\"\/>\n\t<link rel=\"canonical\" href=\"https:\/\/serrafm879.com.br\/serrafm\/2026\/09\/coligacao-de-joao-campos-aciona-justica-para-investigar-colagem-de-cartazes-contra-o-candidato\/\" \/>\n\t<meta name=\"generator\" content=\"All in One SEO (AIOSEO) 4.9.10\" \/>\n\t\t<meta name=\"twitter:card\" content=\"summary_large_image\" \/>\n\t\t<meta name=\"twitter:title\" content=\"Coliga\u00e7\u00e3o de Jo\u00e3o Campos aciona Justi\u00e7a para investigar colagem de cartazes contra o candidato - Serra FM 87,9\" \/>\n\t\t<meta name=\"twitter:description\" content=\"A Frente Popular de Pernambuco, coliga\u00e7\u00e3o de Jo\u00e3o Campos (PSB), acionou a Justi\u00e7a Eleitoral, nesta quarta-feira (2), pedindo investiga\u00e7\u00e3o sobre a colagem de cartazes ap\u00f3crifos contra o candidato ao governo estadual no Recife. A coliga\u00e7\u00e3o enviou \u00e0 Justi\u00e7a um v\u00eddeo de 36 segundos que mostra um grupo de homens grudando o material em um poste na\" \/>\n\t\t<meta name=\"twitter:image\" content=\"https:\/\/serrafm879.com.br\/serrafm\/wp-content\/uploads\/2026\/09\/1_cartazes_apocrifos_joao_campos-950430.jpg\" \/>\n\t\t<script type=\"application\/ld+json\" class=\"aioseo-schema\">\n\t\t\t{\"@context\":\"https:\\\/\\\/schema.org\",\"@graph\":[{\"@type\":\"BlogPosting\",\"@id\":\"https:\\\/\\\/serrafm879.com.br\\\/serrafm\\\/2026\\\/09\\\/coligacao-de-joao-campos-aciona-justica-para-investigar-colagem-de-cartazes-contra-o-candidato\\\/#blogposting\",\"name\":\"Coliga\\u00e7\\u00e3o de Jo\\u00e3o Campos aciona Justi\\u00e7a para investigar colagem de cartazes contra o candidato - Serra FM 87,9\",\"headline\":\"Coliga\\u00e7\\u00e3o de Jo\\u00e3o Campos aciona Justi\\u00e7a para investigar colagem de cartazes contra o candidato\",\"author\":{\"@id\":\"https:\\\/\\\/serrafm879.com.br\\\/serrafm\\\/author\\\/serrafm87\\\/#author\"},\"publisher\":{\"@id\":\"https:\\\/\\\/serrafm879.com.br\\\/serrafm\\\/#organization\"},\"image\":{\"@type\":\"ImageObject\",\"url\":\"https:\\\/\\\/serrafm879.com.br\\\/serrafm\\\/wp-content\\\/uploads\\\/2026\\\/09\\\/1_cartazes_apocrifos_joao_campos-950430.jpg\",\"width\":1200,\"height\":800},\"datePublished\":\"2026-09-02T21:33:52-03:00\",\"dateModified\":\"2026-09-02T21:55:08-03:00\",\"inLanguage\":\"pt-BR\",\"mainEntityOfPage\":{\"@id\":\"https:\\\/\\\/serrafm879.com.br\\\/serrafm\\\/2026\\\/09\\\/coligacao-de-joao-campos-aciona-justica-para-investigar-colagem-de-cartazes-contra-o-candidato\\\/#webpage\"},\"isPartOf\":{\"@id\":\"https:\\\/\\\/serrafm879.com.br\\\/serrafm\\\/2026\\\/09\\\/coligacao-de-joao-campos-aciona-justica-para-investigar-colagem-de-cartazes-contra-o-candidato\\\/#webpage\"},\"articleSection\":\"Elei\\u00e7\\u00f5es 2026\"},{\"@type\":\"BreadcrumbList\",\"@id\":\"https:\\\/\\\/serrafm879.com.br\\\/serrafm\\\/2026\\\/09\\\/coligacao-de-joao-campos-aciona-justica-para-investigar-colagem-de-cartazes-contra-o-candidato\\\/#breadcrumblist\",\"itemListElement\":[{\"@type\":\"ListItem\",\"@id\":\"https:\\\/\\\/serrafm879.com.br\\\/serrafm#listItem\",\"position\":1,\"name\":\"Home\",\"item\":\"https:\\\/\\\/serrafm879.com.br\\\/serrafm\",\"nextItem\":{\"@type\":\"ListItem\",\"@id\":\"https:\\\/\\\/serrafm879.com.br\\\/serrafm\\\/categoria\\\/eleicoes-2026\\\/#listItem\",\"name\":\"Elei\\u00e7\\u00f5es 2026\"}},{\"@type\":\"ListItem\",\"@id\":\"https:\\\/\\\/serrafm879.com.br\\\/serrafm\\\/categoria\\\/eleicoes-2026\\\/#listItem\",\"position\":2,\"name\":\"Elei\\u00e7\\u00f5es 2026\",\"item\":\"https:\\\/\\\/serrafm879.com.br\\\/serrafm\\\/categoria\\\/eleicoes-2026\\\/\",\"nextItem\":{\"@type\":\"ListItem\",\"@id\":\"https:\\\/\\\/serrafm879.com.br\\\/serrafm\\\/2026\\\/09\\\/coligacao-de-joao-campos-aciona-justica-para-investigar-colagem-de-cartazes-contra-o-candidato\\\/#listItem\",\"name\":\"Coliga\\u00e7\\u00e3o de Jo\\u00e3o Campos aciona Justi\\u00e7a para investigar colagem de cartazes contra o candidato\"},\"previousItem\":{\"@type\":\"ListItem\",\"@id\":\"https:\\\/\\\/serrafm879.com.br\\\/serrafm#listItem\",\"name\":\"Home\"}},{\"@type\":\"ListItem\",\"@id\":\"https:\\\/\\\/serrafm879.com.br\\\/serrafm\\\/2026\\\/09\\\/coligacao-de-joao-campos-aciona-justica-para-investigar-colagem-de-cartazes-contra-o-candidato\\\/#listItem\",\"position\":3,\"name\":\"Coliga\\u00e7\\u00e3o de Jo\\u00e3o Campos aciona Justi\\u00e7a para investigar colagem de cartazes contra o candidato\",\"previousItem\":{\"@type\":\"ListItem\",\"@id\":\"https:\\\/\\\/serrafm879.com.br\\\/serrafm\\\/categoria\\\/eleicoes-2026\\\/#listItem\",\"name\":\"Elei\\u00e7\\u00f5es 2026\"}}]},{\"@type\":\"Organization\",\"@id\":\"https:\\\/\\\/serrafm879.com.br\\\/serrafm\\\/#organization\",\"name\":\"Serra FM 87,9\",\"description\":\"O seu novo amor!\",\"url\":\"https:\\\/\\\/serrafm879.com.br\\\/serrafm\\\/\"},{\"@type\":\"Person\",\"@id\":\"https:\\\/\\\/serrafm879.com.br\\\/serrafm\\\/author\\\/serrafm87\\\/#author\",\"url\":\"https:\\\/\\\/serrafm879.com.br\\\/serrafm\\\/author\\\/serrafm87\\\/\",\"name\":\"serrafm87\",\"image\":{\"@type\":\"ImageObject\",\"@id\":\"https:\\\/\\\/serrafm879.com.br\\\/serrafm\\\/2026\\\/09\\\/coligacao-de-joao-campos-aciona-justica-para-investigar-colagem-de-cartazes-contra-o-candidato\\\/#authorImage\",\"url\":\"https:\\\/\\\/secure.gravatar.com\\\/avatar\\\/a743233f1112d34f48bb3dc9559b76eb930bab8b27175856cba6362608736235?s=96&d=mm&r=g\",\"width\":96,\"height\":96,\"caption\":\"serrafm87\"}},{\"@type\":\"WebPage\",\"@id\":\"https:\\\/\\\/serrafm879.com.br\\\/serrafm\\\/2026\\\/09\\\/coligacao-de-joao-campos-aciona-justica-para-investigar-colagem-de-cartazes-contra-o-candidato\\\/#webpage\",\"url\":\"https:\\\/\\\/serrafm879.com.br\\\/serrafm\\\/2026\\\/09\\\/coligacao-de-joao-campos-aciona-justica-para-investigar-colagem-de-cartazes-contra-o-candidato\\\/\",\"name\":\"Coliga\\u00e7\\u00e3o de Jo\\u00e3o Campos aciona Justi\\u00e7a para investigar colagem de cartazes contra o candidato - Serra FM 87,9\",\"description\":\"A Frente Popular de Pernambuco, coliga\\u00e7\\u00e3o de Jo\\u00e3o Campos (PSB), acionou a Justi\\u00e7a Eleitoral, nesta quarta-feira (2), pedindo investiga\\u00e7\\u00e3o sobre a colagem de cartazes ap\\u00f3crifos contra o candidato ao governo estadual no Recife. A coliga\\u00e7\\u00e3o enviou \\u00e0 Justi\\u00e7a um v\\u00eddeo de 36 segundos que mostra um grupo de homens grudando o material em um poste na\",\"inLanguage\":\"pt-BR\",\"isPartOf\":{\"@id\":\"https:\\\/\\\/serrafm879.com.br\\\/serrafm\\\/#website\"},\"breadcrumb\":{\"@id\":\"https:\\\/\\\/serrafm879.com.br\\\/serrafm\\\/2026\\\/09\\\/coligacao-de-joao-campos-aciona-justica-para-investigar-colagem-de-cartazes-contra-o-candidato\\\/#breadcrumblist\"},\"author\":{\"@id\":\"https:\\\/\\\/serrafm879.com.br\\\/serrafm\\\/author\\\/serrafm87\\\/#author\"},\"creator\":{\"@id\":\"https:\\\/\\\/serrafm879.com.br\\\/serrafm\\\/author\\\/serrafm87\\\/#author\"},\"image\":{\"@type\":\"ImageObject\",\"url\":\"https:\\\/\\\/serrafm879.com.br\\\/serrafm\\\/wp-content\\\/uploads\\\/2026\\\/09\\\/1_cartazes_apocrifos_joao_campos-950430.jpg\",\"@id\":\"https:\\\/\\\/serrafm879.com.br\\\/serrafm\\\/2026\\\/09\\\/coligacao-de-joao-campos-aciona-justica-para-investigar-colagem-de-cartazes-contra-o-candidato\\\/#mainImage\",\"width\":1200,\"height\":800},\"primaryImageOfPage\":{\"@id\":\"https:\\\/\\\/serrafm879.com.br\\\/serrafm\\\/2026\\\/09\\\/coligacao-de-joao-campos-aciona-justica-para-investigar-colagem-de-cartazes-contra-o-candidato\\\/#mainImage\"},\"datePublished\":\"2026-09-02T21:33:52-03:00\",\"dateModified\":\"2026-09-02T21:55:08-03:00\"},{\"@type\":\"WebSite\",\"@id\":\"https:\\\/\\\/serrafm879.com.br\\\/serrafm\\\/#website\",\"url\":\"https:\\\/\\\/serrafm879.com.br\\\/serrafm\\\/\",\"name\":\"Serra FM 87,9\",\"description\":\"O seu novo amor!\",\"inLanguage\":\"pt-BR\",\"publisher\":{\"@id\":\"https:\\\/\\\/serrafm879.com.br\\\/serrafm\\\/#organization\"}}]}\n\t\t<\/script>\n\t\t<!-- All in One SEO -->\n\n","aioseo_head_json":{"title":"Coliga\u00e7\u00e3o de Jo\u00e3o Campos aciona Justi\u00e7a para investigar colagem de cartazes contra o candidato - Serra FM 87,9","description":"A Frente Popular de Pernambuco, coliga\u00e7\u00e3o de Jo\u00e3o Campos (PSB), acionou a Justi\u00e7a Eleitoral, nesta quarta-feira (2), pedindo investiga\u00e7\u00e3o sobre a colagem de cartazes ap\u00f3crifos contra o candidato ao governo estadual no Recife. A coliga\u00e7\u00e3o enviou \u00e0 Justi\u00e7a um v\u00eddeo de 36 segundos que mostra um grupo de homens grudando o material em um poste na","canonical_url":"https:\/\/serrafm879.com.br\/serrafm\/2026\/09\/coligacao-de-joao-campos-aciona-justica-para-investigar-colagem-de-cartazes-contra-o-candidato\/","robots":"max-image-preview:large","keywords":"","webmasterTools":{"miscellaneous":""},"schema":{"@context":"https:\/\/schema.org","@graph":[{"@type":"BlogPosting","@id":"https:\/\/serrafm879.com.br\/serrafm\/2026\/09\/coligacao-de-joao-campos-aciona-justica-para-investigar-colagem-de-cartazes-contra-o-candidato\/#blogposting","name":"Coliga\u00e7\u00e3o de Jo\u00e3o Campos aciona Justi\u00e7a para investigar colagem de cartazes contra o candidato - Serra FM 87,9","headline":"Coliga\u00e7\u00e3o de Jo\u00e3o Campos aciona Justi\u00e7a para investigar colagem de cartazes contra o candidato","author":{"@id":"https:\/\/serrafm879.com.br\/serrafm\/author\/serrafm87\/#author"},"publisher":{"@id":"https:\/\/serrafm879.com.br\/serrafm\/#organization"},"image":{"@type":"ImageObject","url":"https:\/\/serrafm879.com.br\/serrafm\/wp-content\/uploads\/2026\/09\/1_cartazes_apocrifos_joao_campos-950430.jpg","width":1200,"height":800},"datePublished":"2026-09-02T21:33:52-03:00","dateModified":"2026-09-02T21:55:08-03:00","inLanguage":"pt-BR","mainEntityOfPage":{"@id":"https:\/\/serrafm879.com.br\/serrafm\/2026\/09\/coligacao-de-joao-campos-aciona-justica-para-investigar-colagem-de-cartazes-contra-o-candidato\/#webpage"},"isPartOf":{"@id":"https:\/\/serrafm879.com.br\/serrafm\/2026\/09\/coligacao-de-joao-campos-aciona-justica-para-investigar-colagem-de-cartazes-contra-o-candidato\/#webpage"},"articleSection":"Elei\u00e7\u00f5es 2026"},{"@type":"BreadcrumbList","@id":"https:\/\/serrafm879.com.br\/serrafm\/2026\/09\/coligacao-de-joao-campos-aciona-justica-para-investigar-colagem-de-cartazes-contra-o-candidato\/#breadcrumblist","itemListElement":[{"@type":"ListItem","@id":"https:\/\/serrafm879.com.br\/serrafm#listItem","position":1,"name":"Home","item":"https:\/\/serrafm879.com.br\/serrafm","nextItem":{"@type":"ListItem","@id":"https:\/\/serrafm879.com.br\/serrafm\/categoria\/eleicoes-2026\/#listItem","name":"Elei\u00e7\u00f5es 2026"}},{"@type":"ListItem","@id":"https:\/\/serrafm879.com.br\/serrafm\/categoria\/eleicoes-2026\/#listItem","position":2,"name":"Elei\u00e7\u00f5es 2026","item":"https:\/\/serrafm879.com.br\/serrafm\/categoria\/eleicoes-2026\/","nextItem":{"@type":"ListItem","@id":"https:\/\/serrafm879.com.br\/serrafm\/2026\/09\/coligacao-de-joao-campos-aciona-justica-para-investigar-colagem-de-cartazes-contra-o-candidato\/#listItem","name":"Coliga\u00e7\u00e3o de Jo\u00e3o Campos aciona Justi\u00e7a para investigar colagem de cartazes contra o candidato"},"previousItem":{"@type":"ListItem","@id":"https:\/\/serrafm879.com.br\/serrafm#listItem","name":"Home"}},{"@type":"ListItem","@id":"https:\/\/serrafm879.com.br\/serrafm\/2026\/09\/coligacao-de-joao-campos-aciona-justica-para-investigar-colagem-de-cartazes-contra-o-candidato\/#listItem","position":3,"name":"Coliga\u00e7\u00e3o de Jo\u00e3o Campos aciona Justi\u00e7a para investigar colagem de cartazes contra o candidato","previousItem":{"@type":"ListItem","@id":"https:\/\/serrafm879.com.br\/serrafm\/categoria\/eleicoes-2026\/#listItem","name":"Elei\u00e7\u00f5es 2026"}}]},{"@type":"Organization","@id":"https:\/\/serrafm879.com.br\/serrafm\/#organization","name":"Serra FM 87,9","description":"O seu novo amor!","url":"https:\/\/serrafm879.com.br\/serrafm\/"},{"@type":"Person","@id":"https:\/\/serrafm879.com.br\/serrafm\/author\/serrafm87\/#author","url":"https:\/\/serrafm879.com.br\/serrafm\/author\/serrafm87\/","name":"serrafm87","image":{"@type":"ImageObject","@id":"https:\/\/serrafm879.com.br\/serrafm\/2026\/09\/coligacao-de-joao-campos-aciona-justica-para-investigar-colagem-de-cartazes-contra-o-candidato\/#authorImage","url":"https:\/\/secure.gravatar.com\/avatar\/a743233f1112d34f48bb3dc9559b76eb930bab8b27175856cba6362608736235?s=96&d=mm&r=g","width":96,"height":96,"caption":"serrafm87"}},{"@type":"WebPage","@id":"https:\/\/serrafm879.com.br\/serrafm\/2026\/09\/coligacao-de-joao-campos-aciona-justica-para-investigar-colagem-de-cartazes-contra-o-candidato\/#webpage","url":"https:\/\/serrafm879.com.br\/serrafm\/2026\/09\/coligacao-de-joao-campos-aciona-justica-para-investigar-colagem-de-cartazes-contra-o-candidato\/","name":"Coliga\u00e7\u00e3o de Jo\u00e3o Campos aciona Justi\u00e7a para investigar colagem de cartazes contra o candidato - Serra FM 87,9","description":"A Frente Popular de Pernambuco, coliga\u00e7\u00e3o de Jo\u00e3o Campos (PSB), acionou a Justi\u00e7a Eleitoral, nesta quarta-feira (2), pedindo investiga\u00e7\u00e3o sobre a colagem de cartazes ap\u00f3crifos contra o candidato ao governo estadual no Recife. A coliga\u00e7\u00e3o enviou \u00e0 Justi\u00e7a um v\u00eddeo de 36 segundos que mostra um grupo de homens grudando o material em um poste na","inLanguage":"pt-BR","isPartOf":{"@id":"https:\/\/serrafm879.com.br\/serrafm\/#website"},"breadcrumb":{"@id":"https:\/\/serrafm879.com.br\/serrafm\/2026\/09\/coligacao-de-joao-campos-aciona-justica-para-investigar-colagem-de-cartazes-contra-o-candidato\/#breadcrumblist"},"author":{"@id":"https:\/\/serrafm879.com.br\/serrafm\/author\/serrafm87\/#author"},"creator":{"@id":"https:\/\/serrafm879.com.br\/serrafm\/author\/serrafm87\/#author"},"image":{"@type":"ImageObject","url":"https:\/\/serrafm879.com.br\/serrafm\/wp-content\/uploads\/2026\/09\/1_cartazes_apocrifos_joao_campos-950430.jpg","@id":"https:\/\/serrafm879.com.br\/serrafm\/2026\/09\/coligacao-de-joao-campos-aciona-justica-para-investigar-colagem-de-cartazes-contra-o-candidato\/#mainImage","width":1200,"height":800},"primaryImageOfPage":{"@id":"https:\/\/serrafm879.com.br\/serrafm\/2026\/09\/coligacao-de-joao-campos-aciona-justica-para-investigar-colagem-de-cartazes-contra-o-candidato\/#mainImage"},"datePublished":"2026-09-02T21:33:52-03:00","dateModified":"2026-09-02T21:55:08-03:00"},{"@type":"WebSite","@id":"https:\/\/serrafm879.com.br\/serrafm\/#website","url":"https:\/\/serrafm879.com.br\/serrafm\/","name":"Serra FM 87,9","description":"O seu novo amor!","inLanguage":"pt-BR","publisher":{"@id":"https:\/\/serrafm879.com.br\/serrafm\/#organization"}}]},"twitter:card":"summary_large_image","twitter:title":"Coliga\u00e7\u00e3o de Jo\u00e3o Campos aciona Justi\u00e7a para investigar colagem de cartazes contra o candidato - Serra FM 87,9","twitter:description":"A Frente Popular de Pernambuco, coliga\u00e7\u00e3o de Jo\u00e3o Campos (PSB), acionou a Justi\u00e7a Eleitoral, nesta quarta-feira (2), pedindo investiga\u00e7\u00e3o sobre a colagem de cartazes ap\u00f3crifos contra o candidato ao governo estadual no Recife. A coliga\u00e7\u00e3o enviou \u00e0 Justi\u00e7a um v\u00eddeo de 36 segundos que mostra um grupo de homens grudando o material em um poste na","twitter:image":"https:\/\/serrafm879.com.br\/serrafm\/wp-content\/uploads\/2026\/09\/1_cartazes_apocrifos_joao_campos-950430.jpg"},"aioseo_meta_data":{"post_id":"28324","title":null,"description":null,"keywords":null,"keyphrases":{"focus":{"keyphrase":"","score":0,"analysis":{"keyphraseInTitle":{"score":0,"maxScore":9,"error":1}}},"additional":[]},"primary_term":null,"canonical_url":null,"og_title":null,"og_description":null,"og_object_type":"default","og_image_type":"default","og_image_custom_url":null,"og_image_custom_fields":null,"og_image_url":null,"og_image_width":null,"og_image_height":null,"og_video":"","og_custom_url":null,"og_article_section":null,"og_article_tags":null,"twitter_use_og":false,"twitter_card":"default","twitter_image_type":"default","twitter_image_custom_url":null,"twitter_image_custom_fields":null,"twitter_image_url":null,"twitter_title":null,"twitter_description":null,"schema_type":"default","schema_type_options":null,"schema":{"blockGraphs":[],"customGraphs":[],"default":{"data":{"Article":[],"Course":[],"Dataset":[],"FAQPage":[],"Movie":[],"Person":[],"Product":[],"ProductReview":[],"Car":[],"Recipe":[],"Service":[],"SoftwareApplication":[],"WebPage":[]},"graphName":"BlogPosting","isEnabled":true},"graphs":[]},"pillar_content":false,"robots_default":true,"robots_noindex":false,"robots_noarchive":false,"robots_nosnippet":false,"robots_nofollow":false,"robots_noimageindex":false,"robots_noodp":false,"robots_notranslate":false,"robots_max_snippet":"-1","robots_max_videopreview":"-1","robots_max_imagepreview":"large","priority":null,"frequency":"default","local_seo":null,"limit_modified_date":false,"ai":{"faqs":[],"keyPoints":[],"schemas":[],"titles":[],"descriptions":[],"socialPosts":{"email":{"subject":"","preview":"","content":""},"linkedin":[],"twitter":[],"facebook":[],"instagram":[]}},"breadcrumb_settings":null,"seo_analyzer_scan_date":null,"created":"2026-09-03 00:33:52","updated":"2026-09-03 00:55:08"},"aioseo_breadcrumb":"<div class=\"aioseo-breadcrumbs\"><span class=\"aioseo-breadcrumb\">\n\t\t\t<a href=\"https:\/\/serrafm879.com.br\/serrafm\" title=\"Home\">Home<\/a>\n\t\t<\/span><span class=\"aioseo-breadcrumb-separator\">&raquo;<\/span><span class=\"aioseo-breadcrumb\">\n\t\t\t<a href=\"https:\/\/serrafm879.com.br\/serrafm\/categoria\/eleicoes-2026\/\" title=\"Elei\u00e7\u00f5es 2026\">Elei\u00e7\u00f5es 2026<\/a>\n\t\t<\/span><span class=\"aioseo-breadcrumb-separator\">&raquo;<\/span><span class=\"aioseo-breadcrumb\">\n\t\t\tColiga\u00e7\u00e3o de Jo\u00e3o Campos aciona Justi\u00e7a para investigar colagem de cartazes contra o candidato\n\t\t<\/span><\/div>","aioseo_breadcrumb_json":[{"label":"Home","link":"https:\/\/serrafm879.com.br\/serrafm"},{"label":"Elei\u00e7\u00f5es 2026","link":"https:\/\/serrafm879.com.br\/serrafm\/categoria\/eleicoes-2026\/"},{"label":"Coliga\u00e7\u00e3o de Jo\u00e3o Campos aciona Justi\u00e7a para investigar colagem de cartazes contra o candidato","link":"https:\/\/serrafm879.com.br\/serrafm\/2026\/09\/coligacao-de-joao-campos-aciona-justica-para-investigar-colagem-de-cartazes-contra-o-candidato\/"}],"jetpack_publicize_connections":[],"jetpack_featured_media_url":"https:\/\/serrafm879.com.br\/serrafm\/wp-content\/uploads\/2026\/09\/1_cartazes_apocrifos_joao_campos-950430.jpg","jetpack_shortlink":"https:\/\/wp.me\/p7HyXg-7mQ","jetpack_sharing_enabled":true,"_links":{"self":[{"href":"https:\/\/serrafm879.com.br\/serrafm\/wp-json\/wp\/v2\/posts\/28324","targetHints":{"allow":["GET"]}}],"collection":[{"href":"https:\/\/serrafm879.com.br\/serrafm\/wp-json\/wp\/v2\/posts"}],"about":[{"href":"https:\/\/serrafm879.com.br\/serrafm\/wp-json\/wp\/v2\/types\/post"}],"author":[{"embeddable":true,"href":"https:\/\/serrafm879.com.br\/serrafm\/wp-json\/wp\/v2\/users\/2"}],"replies":[{"embeddable":true,"href":"https:\/\/serrafm879.com.br\/serrafm\/wp-json\/wp\/v2\/comments?post=28324"}],"version-history":[{"count":1,"href":"https:\/\/serrafm879.com.br\/serrafm\/wp-json\/wp\/v2\/posts\/28324\/revisions"}],"predecessor-version":[{"id":28325,"href":"https:\/\/serrafm879.com.br\/serrafm\/wp-json\/wp\/v2\/posts\/28324\/revisions\/28325"}],"wp:featuredmedia":[{"embeddable":true,"href":"https:\/\/serrafm879.com.br\/serrafm\/wp-json\/wp\/v2\/media\/28329"}],"wp:attachment":[{"href":"https:\/\/serrafm879.com.br\/serrafm\/wp-json\/wp\/v2\/media?parent=28324"}],"wp:term":[{"taxonomy":"category","embeddable":true,"href":"https:\/\/serrafm879.com.br\/serrafm\/wp-json\/wp\/v2\/categories?post=28324"},{"taxonomy":"post_tag","embeddable":true,"href":"https:\/\/serrafm879.com.br\/serrafm\/wp-json\/wp\/v2\/tags?post=28324"}],"curies":[{"name":"wp","href":"https:\/\/api.w.org\/{rel}","templated":true}]}}