{"id":28326,"date":"2026-09-02T21:37:02","date_gmt":"2026-09-03T00:37:02","guid":{"rendered":"https:\/\/serrafm879.com.br\/serrafm\/?p=28326"},"modified":"2026-09-02T21:37:37","modified_gmt":"2026-09-03T00:37:37","slug":"comissao-de-justica-do-senado-conclui-votacao-de-pec-que-poe-fim-a-escala-6x1","status":"publish","type":"post","link":"https:\/\/serrafm879.com.br\/serrafm\/2026\/09\/comissao-de-justica-do-senado-conclui-votacao-de-pec-que-poe-fim-a-escala-6x1\/","title":{"rendered":"Comiss\u00e3o de Justi\u00e7a do Senado conclui vota\u00e7\u00e3o de PEC que p\u00f5e fim \u00e0 escala 6&#215;1"},"content":{"rendered":"<p class=\"texto\">A Comiss\u00e3o de Constitui\u00e7\u00e3o e Justi\u00e7a (CCJ) do Senado concluiu nesta quarta-feira (2) a vota\u00e7\u00e3o da Proposta de Emenda \u00e0 Constitui\u00e7\u00e3o (PEC) que p\u00f5e fim \u00e0 escala 6&#215;1. Os senadores rejeitaram um destaque apresentado pelo l\u00edder da Oposi\u00e7\u00e3o na Casa, Rog\u00e9rio Marinho (PL-RN), que prop\u00f4s retirar do texto a previs\u00e3o de dois dias de descanso semanal remunerado.<\/p>\n<p class=\"texto\">Em seu\u00a0<a href=\"https:\/\/www.diariodepernambuco.com.br\/politica\/2026\/09\/11722893-relator-da-ccj-rejeita-emendas-da-oposicao-que-buscavam-manter-a-escala-6x1.html\"><strong>relat\u00f3rio<\/strong><\/a>, o senador Omar Aziz (PSD-AM) manteve o mesmo texto aprovado na C\u00e2mara dos Deputados, que institui dois dias de descanso semanal remunerado, redu\u00e7\u00e3o da jornada m\u00e1xima de trabalho de 44 para 40 horas semanais, com transi\u00e7\u00e3o gradual de um ano e dois meses, e a irredutibilidade de sal\u00e1rios. O relator tamb\u00e9m rejeitou todas as emendas sugeridas pelos colegas.<\/p>\n<p class=\"texto\">Com a manuten\u00e7\u00e3o do texto, a mat\u00e9ria poder\u00e1 ir ao plen\u00e1rio, onde s\u00e3o necess\u00e1rios os votos favor\u00e1veis de pelo menos 49 senadores, em dois turnos de vota\u00e7\u00e3o.<\/p>\n<p class=\"texto\">A CCJ tamb\u00e9m aprovou um requerimento apresentado pela\u00a0<a href=\"https:\/\/www25.senado.leg.br\/web\/senadores\/senador\/-\/perfil\/5718\"><strong>senadora Eliziane Gama<\/strong><\/a>\u00a0(PSD-MA) que requer um calend\u00e1rio especial para acelerar a tramita\u00e7\u00e3o da PEC.<\/p>\n<p>Pelo regimento interno do Senado, a mat\u00e9ria precisa passar por cinco sess\u00f5es de discuss\u00e3o antes do primeiro turno de vota\u00e7\u00e3o e tr\u00eas sess\u00f5es antes do segundo turno. Al\u00e9m disso, entre as duas rodadas de delibera\u00e7\u00e3o, deve haver um intervalo m\u00ednimo de cinco dias \u00fateis, o chamado interst\u00edcio.<\/p>\n<p>Fonte: Di\u00e1rio de Pernambuco<\/p>\n","protected":false},"excerpt":{"rendered":"<p>A Comiss\u00e3o de Constitui\u00e7\u00e3o e Justi\u00e7a (CCJ) do Senado concluiu nesta quarta-feira (2) a vota\u00e7\u00e3o da Proposta de Emenda \u00e0 Constitui\u00e7\u00e3o (PEC) que p\u00f5e fim \u00e0 escala 6&#215;1. Os senadores rejeitaram um destaque apresentado pelo l\u00edder da Oposi\u00e7\u00e3o na Casa, Rog\u00e9rio Marinho (PL-RN), que prop\u00f4s retirar do texto a previs\u00e3o de dois dias de descanso semanal remunerado. Em seu\u00a0relat\u00f3rio, o senador Omar Aziz (PSD-AM) manteve o mesmo texto aprovado na C\u00e2mara dos Deputados, que institui dois dias de descanso semanal remunerado, redu\u00e7\u00e3o da jornada m\u00e1xima de trabalho de 44 para 40 horas semanais, com transi\u00e7\u00e3o gradual de um ano e [&hellip;]<\/p>\n","protected":false},"author":2,"featured_media":28328,"comment_status":"open","ping_status":"open","sticky":false,"template":"","format":"standard","meta":{"_jetpack_newsletter_access":"","_jetpack_dont_email_post_to_subs":false,"_jetpack_newsletter_tier_id":0,"_jetpack_memberships_contains_paywalled_content":false,"_jetpack_feature_clip_id":0,"_jetpack_memberships_contains_paid_content":false,"footnotes":"","jetpack_publicize_message":"","jetpack_publicize_feature_enabled":true,"jetpack_social_post_already_shared":true,"jetpack_social_options":{"image_generator_settings":{"template":"highway","default_image_id":0,"font":"","enabled":false},"version":2},"jetpack_post_was_ever_published":false},"categories":[2],"tags":[],"class_list":["post-28326","post","type-post","status-publish","format-standard","has-post-thumbnail","hentry","category-noticias"],"aioseo_notices":[],"aioseo_head":"\n\t\t<!-- All in One SEO 4.9.10 - aioseo.com -->\n\t<meta name=\"description\" content=\"A Comiss\u00e3o de Constitui\u00e7\u00e3o e Justi\u00e7a (CCJ) do Senado concluiu nesta quarta-feira (2) a vota\u00e7\u00e3o da Proposta de Emenda \u00e0 Constitui\u00e7\u00e3o (PEC) que p\u00f5e fim \u00e0 escala 6x1. Os senadores rejeitaram um destaque apresentado pelo l\u00edder da Oposi\u00e7\u00e3o na Casa, Rog\u00e9rio Marinho (PL-RN), que prop\u00f4s retirar do texto a previs\u00e3o de dois dias de descanso\" \/>\n\t<meta name=\"robots\" content=\"max-image-preview:large\" \/>\n\t<meta name=\"author\" content=\"serrafm87\"\/>\n\t<link rel=\"canonical\" href=\"https:\/\/serrafm879.com.br\/serrafm\/2026\/09\/comissao-de-justica-do-senado-conclui-votacao-de-pec-que-poe-fim-a-escala-6x1\/\" \/>\n\t<meta name=\"generator\" content=\"All in One SEO (AIOSEO) 4.9.10\" \/>\n\t\t<meta name=\"twitter:card\" content=\"summary_large_image\" \/>\n\t\t<meta name=\"twitter:title\" content=\"Comiss\u00e3o de Justi\u00e7a do Senado conclui vota\u00e7\u00e3o de PEC que p\u00f5e fim \u00e0 escala 6\u00d71 - Serra FM 87,9\" \/>\n\t\t<meta name=\"twitter:description\" content=\"A Comiss\u00e3o de Constitui\u00e7\u00e3o e Justi\u00e7a (CCJ) do Senado concluiu nesta quarta-feira (2) a vota\u00e7\u00e3o da Proposta de Emenda \u00e0 Constitui\u00e7\u00e3o (PEC) que p\u00f5e fim \u00e0 escala 6x1. Os senadores rejeitaram um destaque apresentado pelo l\u00edder da Oposi\u00e7\u00e3o na Casa, Rog\u00e9rio Marinho (PL-RN), que prop\u00f4s retirar do texto a previs\u00e3o de dois dias de descanso\" \/>\n\t\t<meta name=\"twitter:image\" content=\"https:\/\/serrafm879.com.br\/serrafm\/wp-content\/uploads\/2026\/09\/senador_omar_aziz__psd_am-949907.jpg\" \/>\n\t\t<script type=\"application\/ld+json\" class=\"aioseo-schema\">\n\t\t\t{\"@context\":\"https:\\\/\\\/schema.org\",\"@graph\":[{\"@type\":\"BlogPosting\",\"@id\":\"https:\\\/\\\/serrafm879.com.br\\\/serrafm\\\/2026\\\/09\\\/comissao-de-justica-do-senado-conclui-votacao-de-pec-que-poe-fim-a-escala-6x1\\\/#blogposting\",\"name\":\"Comiss\\u00e3o de Justi\\u00e7a do Senado conclui vota\\u00e7\\u00e3o de PEC que p\\u00f5e fim \\u00e0 escala 6\\u00d71 - Serra FM 87,9\",\"headline\":\"Comiss\\u00e3o de Justi\\u00e7a do Senado conclui vota\\u00e7\\u00e3o de PEC que p\\u00f5e fim \\u00e0 escala 6&#215;1\",\"author\":{\"@id\":\"https:\\\/\\\/serrafm879.com.br\\\/serrafm\\\/author\\\/serrafm87\\\/#author\"},\"publisher\":{\"@id\":\"https:\\\/\\\/serrafm879.com.br\\\/serrafm\\\/#organization\"},\"image\":{\"@type\":\"ImageObject\",\"url\":\"https:\\\/\\\/serrafm879.com.br\\\/serrafm\\\/wp-content\\\/uploads\\\/2026\\\/09\\\/senador_omar_aziz__psd_am-949907.jpg\",\"width\":675,\"height\":450},\"datePublished\":\"2026-09-02T21:37:02-03:00\",\"dateModified\":\"2026-09-02T21:37:37-03:00\",\"inLanguage\":\"pt-BR\",\"mainEntityOfPage\":{\"@id\":\"https:\\\/\\\/serrafm879.com.br\\\/serrafm\\\/2026\\\/09\\\/comissao-de-justica-do-senado-conclui-votacao-de-pec-que-poe-fim-a-escala-6x1\\\/#webpage\"},\"isPartOf\":{\"@id\":\"https:\\\/\\\/serrafm879.com.br\\\/serrafm\\\/2026\\\/09\\\/comissao-de-justica-do-senado-conclui-votacao-de-pec-que-poe-fim-a-escala-6x1\\\/#webpage\"},\"articleSection\":\"Not\\u00edcias\"},{\"@type\":\"BreadcrumbList\",\"@id\":\"https:\\\/\\\/serrafm879.com.br\\\/serrafm\\\/2026\\\/09\\\/comissao-de-justica-do-senado-conclui-votacao-de-pec-que-poe-fim-a-escala-6x1\\\/#breadcrumblist\",\"itemListElement\":[{\"@type\":\"ListItem\",\"@id\":\"https:\\\/\\\/serrafm879.com.br\\\/serrafm#listItem\",\"position\":1,\"name\":\"Home\",\"item\":\"https:\\\/\\\/serrafm879.com.br\\\/serrafm\",\"nextItem\":{\"@type\":\"ListItem\",\"@id\":\"https:\\\/\\\/serrafm879.com.br\\\/serrafm\\\/categoria\\\/noticias\\\/#listItem\",\"name\":\"Not\\u00edcias\"}},{\"@type\":\"ListItem\",\"@id\":\"https:\\\/\\\/serrafm879.com.br\\\/serrafm\\\/categoria\\\/noticias\\\/#listItem\",\"position\":2,\"name\":\"Not\\u00edcias\",\"item\":\"https:\\\/\\\/serrafm879.com.br\\\/serrafm\\\/categoria\\\/noticias\\\/\",\"nextItem\":{\"@type\":\"ListItem\",\"@id\":\"https:\\\/\\\/serrafm879.com.br\\\/serrafm\\\/2026\\\/09\\\/comissao-de-justica-do-senado-conclui-votacao-de-pec-que-poe-fim-a-escala-6x1\\\/#listItem\",\"name\":\"Comiss\\u00e3o de Justi\\u00e7a do Senado conclui vota\\u00e7\\u00e3o de PEC que p\\u00f5e fim \\u00e0 escala 6&#215;1\"},\"previousItem\":{\"@type\":\"ListItem\",\"@id\":\"https:\\\/\\\/serrafm879.com.br\\\/serrafm#listItem\",\"name\":\"Home\"}},{\"@type\":\"ListItem\",\"@id\":\"https:\\\/\\\/serrafm879.com.br\\\/serrafm\\\/2026\\\/09\\\/comissao-de-justica-do-senado-conclui-votacao-de-pec-que-poe-fim-a-escala-6x1\\\/#listItem\",\"position\":3,\"name\":\"Comiss\\u00e3o de Justi\\u00e7a do Senado conclui vota\\u00e7\\u00e3o de PEC que p\\u00f5e fim \\u00e0 escala 6&#215;1\",\"previousItem\":{\"@type\":\"ListItem\",\"@id\":\"https:\\\/\\\/serrafm879.com.br\\\/serrafm\\\/categoria\\\/noticias\\\/#listItem\",\"name\":\"Not\\u00edcias\"}}]},{\"@type\":\"Organization\",\"@id\":\"https:\\\/\\\/serrafm879.com.br\\\/serrafm\\\/#organization\",\"name\":\"Serra FM 87,9\",\"description\":\"O seu novo amor!\",\"url\":\"https:\\\/\\\/serrafm879.com.br\\\/serrafm\\\/\"},{\"@type\":\"Person\",\"@id\":\"https:\\\/\\\/serrafm879.com.br\\\/serrafm\\\/author\\\/serrafm87\\\/#author\",\"url\":\"https:\\\/\\\/serrafm879.com.br\\\/serrafm\\\/author\\\/serrafm87\\\/\",\"name\":\"serrafm87\",\"image\":{\"@type\":\"ImageObject\",\"@id\":\"https:\\\/\\\/serrafm879.com.br\\\/serrafm\\\/2026\\\/09\\\/comissao-de-justica-do-senado-conclui-votacao-de-pec-que-poe-fim-a-escala-6x1\\\/#authorImage\",\"url\":\"https:\\\/\\\/secure.gravatar.com\\\/avatar\\\/a743233f1112d34f48bb3dc9559b76eb930bab8b27175856cba6362608736235?s=96&d=mm&r=g\",\"width\":96,\"height\":96,\"caption\":\"serrafm87\"}},{\"@type\":\"WebPage\",\"@id\":\"https:\\\/\\\/serrafm879.com.br\\\/serrafm\\\/2026\\\/09\\\/comissao-de-justica-do-senado-conclui-votacao-de-pec-que-poe-fim-a-escala-6x1\\\/#webpage\",\"url\":\"https:\\\/\\\/serrafm879.com.br\\\/serrafm\\\/2026\\\/09\\\/comissao-de-justica-do-senado-conclui-votacao-de-pec-que-poe-fim-a-escala-6x1\\\/\",\"name\":\"Comiss\\u00e3o de Justi\\u00e7a do Senado conclui vota\\u00e7\\u00e3o de PEC que p\\u00f5e fim \\u00e0 escala 6\\u00d71 - Serra FM 87,9\",\"description\":\"A Comiss\\u00e3o de Constitui\\u00e7\\u00e3o e Justi\\u00e7a (CCJ) do Senado concluiu nesta quarta-feira (2) a vota\\u00e7\\u00e3o da Proposta de Emenda \\u00e0 Constitui\\u00e7\\u00e3o (PEC) que p\\u00f5e fim \\u00e0 escala 6x1. Os senadores rejeitaram um destaque apresentado pelo l\\u00edder da Oposi\\u00e7\\u00e3o na Casa, Rog\\u00e9rio Marinho (PL-RN), que prop\\u00f4s retirar do texto a previs\\u00e3o de dois dias de descanso\",\"inLanguage\":\"pt-BR\",\"isPartOf\":{\"@id\":\"https:\\\/\\\/serrafm879.com.br\\\/serrafm\\\/#website\"},\"breadcrumb\":{\"@id\":\"https:\\\/\\\/serrafm879.com.br\\\/serrafm\\\/2026\\\/09\\\/comissao-de-justica-do-senado-conclui-votacao-de-pec-que-poe-fim-a-escala-6x1\\\/#breadcrumblist\"},\"author\":{\"@id\":\"https:\\\/\\\/serrafm879.com.br\\\/serrafm\\\/author\\\/serrafm87\\\/#author\"},\"creator\":{\"@id\":\"https:\\\/\\\/serrafm879.com.br\\\/serrafm\\\/author\\\/serrafm87\\\/#author\"},\"image\":{\"@type\":\"ImageObject\",\"url\":\"https:\\\/\\\/serrafm879.com.br\\\/serrafm\\\/wp-content\\\/uploads\\\/2026\\\/09\\\/senador_omar_aziz__psd_am-949907.jpg\",\"@id\":\"https:\\\/\\\/serrafm879.com.br\\\/serrafm\\\/2026\\\/09\\\/comissao-de-justica-do-senado-conclui-votacao-de-pec-que-poe-fim-a-escala-6x1\\\/#mainImage\",\"width\":675,\"height\":450},\"primaryImageOfPage\":{\"@id\":\"https:\\\/\\\/serrafm879.com.br\\\/serrafm\\\/2026\\\/09\\\/comissao-de-justica-do-senado-conclui-votacao-de-pec-que-poe-fim-a-escala-6x1\\\/#mainImage\"},\"datePublished\":\"2026-09-02T21:37:02-03:00\",\"dateModified\":\"2026-09-02T21:37:37-03:00\"},{\"@type\":\"WebSite\",\"@id\":\"https:\\\/\\\/serrafm879.com.br\\\/serrafm\\\/#website\",\"url\":\"https:\\\/\\\/serrafm879.com.br\\\/serrafm\\\/\",\"name\":\"Serra FM 87,9\",\"description\":\"O seu novo amor!\",\"inLanguage\":\"pt-BR\",\"publisher\":{\"@id\":\"https:\\\/\\\/serrafm879.com.br\\\/serrafm\\\/#organization\"}}]}\n\t\t<\/script>\n\t\t<!-- All in One SEO -->\n\n","aioseo_head_json":{"title":"Comiss\u00e3o de Justi\u00e7a do Senado conclui vota\u00e7\u00e3o de PEC que p\u00f5e fim \u00e0 escala 6\u00d71 - Serra FM 87,9","description":"A Comiss\u00e3o de Constitui\u00e7\u00e3o e Justi\u00e7a (CCJ) do Senado concluiu nesta quarta-feira (2) a vota\u00e7\u00e3o da Proposta de Emenda \u00e0 Constitui\u00e7\u00e3o (PEC) que p\u00f5e fim \u00e0 escala 6x1. Os senadores rejeitaram um destaque apresentado pelo l\u00edder da Oposi\u00e7\u00e3o na Casa, Rog\u00e9rio Marinho (PL-RN), que prop\u00f4s retirar do texto a previs\u00e3o de dois dias de descanso","canonical_url":"https:\/\/serrafm879.com.br\/serrafm\/2026\/09\/comissao-de-justica-do-senado-conclui-votacao-de-pec-que-poe-fim-a-escala-6x1\/","robots":"max-image-preview:large","keywords":"","webmasterTools":{"miscellaneous":""},"schema":{"@context":"https:\/\/schema.org","@graph":[{"@type":"BlogPosting","@id":"https:\/\/serrafm879.com.br\/serrafm\/2026\/09\/comissao-de-justica-do-senado-conclui-votacao-de-pec-que-poe-fim-a-escala-6x1\/#blogposting","name":"Comiss\u00e3o de Justi\u00e7a do Senado conclui vota\u00e7\u00e3o de PEC que p\u00f5e fim \u00e0 escala 6\u00d71 - Serra FM 87,9","headline":"Comiss\u00e3o de Justi\u00e7a do Senado conclui vota\u00e7\u00e3o de PEC que p\u00f5e fim \u00e0 escala 6&#215;1","author":{"@id":"https:\/\/serrafm879.com.br\/serrafm\/author\/serrafm87\/#author"},"publisher":{"@id":"https:\/\/serrafm879.com.br\/serrafm\/#organization"},"image":{"@type":"ImageObject","url":"https:\/\/serrafm879.com.br\/serrafm\/wp-content\/uploads\/2026\/09\/senador_omar_aziz__psd_am-949907.jpg","width":675,"height":450},"datePublished":"2026-09-02T21:37:02-03:00","dateModified":"2026-09-02T21:37:37-03:00","inLanguage":"pt-BR","mainEntityOfPage":{"@id":"https:\/\/serrafm879.com.br\/serrafm\/2026\/09\/comissao-de-justica-do-senado-conclui-votacao-de-pec-que-poe-fim-a-escala-6x1\/#webpage"},"isPartOf":{"@id":"https:\/\/serrafm879.com.br\/serrafm\/2026\/09\/comissao-de-justica-do-senado-conclui-votacao-de-pec-que-poe-fim-a-escala-6x1\/#webpage"},"articleSection":"Not\u00edcias"},{"@type":"BreadcrumbList","@id":"https:\/\/serrafm879.com.br\/serrafm\/2026\/09\/comissao-de-justica-do-senado-conclui-votacao-de-pec-que-poe-fim-a-escala-6x1\/#breadcrumblist","itemListElement":[{"@type":"ListItem","@id":"https:\/\/serrafm879.com.br\/serrafm#listItem","position":1,"name":"Home","item":"https:\/\/serrafm879.com.br\/serrafm","nextItem":{"@type":"ListItem","@id":"https:\/\/serrafm879.com.br\/serrafm\/categoria\/noticias\/#listItem","name":"Not\u00edcias"}},{"@type":"ListItem","@id":"https:\/\/serrafm879.com.br\/serrafm\/categoria\/noticias\/#listItem","position":2,"name":"Not\u00edcias","item":"https:\/\/serrafm879.com.br\/serrafm\/categoria\/noticias\/","nextItem":{"@type":"ListItem","@id":"https:\/\/serrafm879.com.br\/serrafm\/2026\/09\/comissao-de-justica-do-senado-conclui-votacao-de-pec-que-poe-fim-a-escala-6x1\/#listItem","name":"Comiss\u00e3o de Justi\u00e7a do Senado conclui vota\u00e7\u00e3o de PEC que p\u00f5e fim \u00e0 escala 6&#215;1"},"previousItem":{"@type":"ListItem","@id":"https:\/\/serrafm879.com.br\/serrafm#listItem","name":"Home"}},{"@type":"ListItem","@id":"https:\/\/serrafm879.com.br\/serrafm\/2026\/09\/comissao-de-justica-do-senado-conclui-votacao-de-pec-que-poe-fim-a-escala-6x1\/#listItem","position":3,"name":"Comiss\u00e3o de Justi\u00e7a do Senado conclui vota\u00e7\u00e3o de PEC que p\u00f5e fim \u00e0 escala 6&#215;1","previousItem":{"@type":"ListItem","@id":"https:\/\/serrafm879.com.br\/serrafm\/categoria\/noticias\/#listItem","name":"Not\u00edcias"}}]},{"@type":"Organization","@id":"https:\/\/serrafm879.com.br\/serrafm\/#organization","name":"Serra FM 87,9","description":"O seu novo amor!","url":"https:\/\/serrafm879.com.br\/serrafm\/"},{"@type":"Person","@id":"https:\/\/serrafm879.com.br\/serrafm\/author\/serrafm87\/#author","url":"https:\/\/serrafm879.com.br\/serrafm\/author\/serrafm87\/","name":"serrafm87","image":{"@type":"ImageObject","@id":"https:\/\/serrafm879.com.br\/serrafm\/2026\/09\/comissao-de-justica-do-senado-conclui-votacao-de-pec-que-poe-fim-a-escala-6x1\/#authorImage","url":"https:\/\/secure.gravatar.com\/avatar\/a743233f1112d34f48bb3dc9559b76eb930bab8b27175856cba6362608736235?s=96&d=mm&r=g","width":96,"height":96,"caption":"serrafm87"}},{"@type":"WebPage","@id":"https:\/\/serrafm879.com.br\/serrafm\/2026\/09\/comissao-de-justica-do-senado-conclui-votacao-de-pec-que-poe-fim-a-escala-6x1\/#webpage","url":"https:\/\/serrafm879.com.br\/serrafm\/2026\/09\/comissao-de-justica-do-senado-conclui-votacao-de-pec-que-poe-fim-a-escala-6x1\/","name":"Comiss\u00e3o de Justi\u00e7a do Senado conclui vota\u00e7\u00e3o de PEC que p\u00f5e fim \u00e0 escala 6\u00d71 - Serra FM 87,9","description":"A Comiss\u00e3o de Constitui\u00e7\u00e3o e Justi\u00e7a (CCJ) do Senado concluiu nesta quarta-feira (2) a vota\u00e7\u00e3o da Proposta de Emenda \u00e0 Constitui\u00e7\u00e3o (PEC) que p\u00f5e fim \u00e0 escala 6x1. Os senadores rejeitaram um destaque apresentado pelo l\u00edder da Oposi\u00e7\u00e3o na Casa, Rog\u00e9rio Marinho (PL-RN), que prop\u00f4s retirar do texto a previs\u00e3o de dois dias de descanso","inLanguage":"pt-BR","isPartOf":{"@id":"https:\/\/serrafm879.com.br\/serrafm\/#website"},"breadcrumb":{"@id":"https:\/\/serrafm879.com.br\/serrafm\/2026\/09\/comissao-de-justica-do-senado-conclui-votacao-de-pec-que-poe-fim-a-escala-6x1\/#breadcrumblist"},"author":{"@id":"https:\/\/serrafm879.com.br\/serrafm\/author\/serrafm87\/#author"},"creator":{"@id":"https:\/\/serrafm879.com.br\/serrafm\/author\/serrafm87\/#author"},"image":{"@type":"ImageObject","url":"https:\/\/serrafm879.com.br\/serrafm\/wp-content\/uploads\/2026\/09\/senador_omar_aziz__psd_am-949907.jpg","@id":"https:\/\/serrafm879.com.br\/serrafm\/2026\/09\/comissao-de-justica-do-senado-conclui-votacao-de-pec-que-poe-fim-a-escala-6x1\/#mainImage","width":675,"height":450},"primaryImageOfPage":{"@id":"https:\/\/serrafm879.com.br\/serrafm\/2026\/09\/comissao-de-justica-do-senado-conclui-votacao-de-pec-que-poe-fim-a-escala-6x1\/#mainImage"},"datePublished":"2026-09-02T21:37:02-03:00","dateModified":"2026-09-02T21:37:37-03:00"},{"@type":"WebSite","@id":"https:\/\/serrafm879.com.br\/serrafm\/#website","url":"https:\/\/serrafm879.com.br\/serrafm\/","name":"Serra FM 87,9","description":"O seu novo amor!","inLanguage":"pt-BR","publisher":{"@id":"https:\/\/serrafm879.com.br\/serrafm\/#organization"}}]},"twitter:card":"summary_large_image","twitter:title":"Comiss\u00e3o de Justi\u00e7a do Senado conclui vota\u00e7\u00e3o de PEC que p\u00f5e fim \u00e0 escala 6\u00d71 - Serra FM 87,9","twitter:description":"A Comiss\u00e3o de Constitui\u00e7\u00e3o e Justi\u00e7a (CCJ) do Senado concluiu nesta quarta-feira (2) a vota\u00e7\u00e3o da Proposta de Emenda \u00e0 Constitui\u00e7\u00e3o (PEC) que p\u00f5e fim \u00e0 escala 6x1. Os senadores rejeitaram um destaque apresentado pelo l\u00edder da Oposi\u00e7\u00e3o na Casa, Rog\u00e9rio Marinho (PL-RN), que prop\u00f4s retirar do texto a previs\u00e3o de dois dias de descanso","twitter:image":"https:\/\/serrafm879.com.br\/serrafm\/wp-content\/uploads\/2026\/09\/senador_omar_aziz__psd_am-949907.jpg"},"aioseo_meta_data":{"post_id":"28326","title":null,"description":null,"keywords":null,"keyphrases":{"focus":{"keyphrase":"","score":0,"analysis":{"keyphraseInTitle":{"score":0,"maxScore":9,"error":1}}},"additional":[]},"primary_term":null,"canonical_url":null,"og_title":null,"og_description":null,"og_object_type":"default","og_image_type":"default","og_image_custom_url":null,"og_image_custom_fields":null,"og_image_url":null,"og_image_width":null,"og_image_height":null,"og_video":"","og_custom_url":null,"og_article_section":null,"og_article_tags":null,"twitter_use_og":false,"twitter_card":"default","twitter_image_type":"default","twitter_image_custom_url":null,"twitter_image_custom_fields":null,"twitter_image_url":null,"twitter_title":null,"twitter_description":null,"schema_type":"default","schema_type_options":null,"schema":{"blockGraphs":[],"customGraphs":[],"default":{"data":{"Article":[],"Course":[],"Dataset":[],"FAQPage":[],"Movie":[],"Person":[],"Product":[],"ProductReview":[],"Car":[],"Recipe":[],"Service":[],"SoftwareApplication":[],"WebPage":[]},"graphName":"BlogPosting","isEnabled":true},"graphs":[]},"pillar_content":false,"robots_default":true,"robots_noindex":false,"robots_noarchive":false,"robots_nosnippet":false,"robots_nofollow":false,"robots_noimageindex":false,"robots_noodp":false,"robots_notranslate":false,"robots_max_snippet":"-1","robots_max_videopreview":"-1","robots_max_imagepreview":"large","priority":null,"frequency":"default","local_seo":null,"limit_modified_date":false,"ai":{"faqs":[],"keyPoints":[],"schemas":[],"titles":[],"descriptions":[],"socialPosts":{"email":{"subject":"","preview":"","content":""},"linkedin":[],"twitter":[],"facebook":[],"instagram":[]}},"breadcrumb_settings":null,"seo_analyzer_scan_date":null,"created":"2026-09-03 00:37:02","updated":"2026-09-03 00:37:37"},"aioseo_breadcrumb":"<div class=\"aioseo-breadcrumbs\"><span class=\"aioseo-breadcrumb\">\n\t\t\t<a href=\"https:\/\/serrafm879.com.br\/serrafm\" title=\"Home\">Home<\/a>\n\t\t<\/span><span class=\"aioseo-breadcrumb-separator\">&raquo;<\/span><span class=\"aioseo-breadcrumb\">\n\t\t\t<a href=\"https:\/\/serrafm879.com.br\/serrafm\/categoria\/noticias\/\" title=\"Not\u00edcias\">Not\u00edcias<\/a>\n\t\t<\/span><span class=\"aioseo-breadcrumb-separator\">&raquo;<\/span><span class=\"aioseo-breadcrumb\">\n\t\t\tComiss\u00e3o de Justi\u00e7a do Senado conclui vota\u00e7\u00e3o de PEC que p\u00f5e fim \u00e0 escala 6\u00d71\n\t\t<\/span><\/div>","aioseo_breadcrumb_json":[{"label":"Home","link":"https:\/\/serrafm879.com.br\/serrafm"},{"label":"Not\u00edcias","link":"https:\/\/serrafm879.com.br\/serrafm\/categoria\/noticias\/"},{"label":"Comiss\u00e3o de Justi\u00e7a do Senado conclui vota\u00e7\u00e3o de PEC que p\u00f5e fim \u00e0 escala 6&#215;1","link":"https:\/\/serrafm879.com.br\/serrafm\/2026\/09\/comissao-de-justica-do-senado-conclui-votacao-de-pec-que-poe-fim-a-escala-6x1\/"}],"jetpack_publicize_connections":[],"jetpack_featured_media_url":"https:\/\/serrafm879.com.br\/serrafm\/wp-content\/uploads\/2026\/09\/senador_omar_aziz__psd_am-949907.jpg","jetpack_shortlink":"https:\/\/wp.me\/p7HyXg-7mS","jetpack_sharing_enabled":true,"_links":{"self":[{"href":"https:\/\/serrafm879.com.br\/serrafm\/wp-json\/wp\/v2\/posts\/28326","targetHints":{"allow":["GET"]}}],"collection":[{"href":"https:\/\/serrafm879.com.br\/serrafm\/wp-json\/wp\/v2\/posts"}],"about":[{"href":"https:\/\/serrafm879.com.br\/serrafm\/wp-json\/wp\/v2\/types\/post"}],"author":[{"embeddable":true,"href":"https:\/\/serrafm879.com.br\/serrafm\/wp-json\/wp\/v2\/users\/2"}],"replies":[{"embeddable":true,"href":"https:\/\/serrafm879.com.br\/serrafm\/wp-json\/wp\/v2\/comments?post=28326"}],"version-history":[{"count":1,"href":"https:\/\/serrafm879.com.br\/serrafm\/wp-json\/wp\/v2\/posts\/28326\/revisions"}],"predecessor-version":[{"id":28327,"href":"https:\/\/serrafm879.com.br\/serrafm\/wp-json\/wp\/v2\/posts\/28326\/revisions\/28327"}],"wp:featuredmedia":[{"embeddable":true,"href":"https:\/\/serrafm879.com.br\/serrafm\/wp-json\/wp\/v2\/media\/28328"}],"wp:attachment":[{"href":"https:\/\/serrafm879.com.br\/serrafm\/wp-json\/wp\/v2\/media?parent=28326"}],"wp:term":[{"taxonomy":"category","embeddable":true,"href":"https:\/\/serrafm879.com.br\/serrafm\/wp-json\/wp\/v2\/categories?post=28326"},{"taxonomy":"post_tag","embeddable":true,"href":"https:\/\/serrafm879.com.br\/serrafm\/wp-json\/wp\/v2\/tags?post=28326"}],"curies":[{"name":"wp","href":"https:\/\/api.w.org\/{rel}","templated":true}]}}