{"id":28333,"date":"2026-09-04T22:45:36","date_gmt":"2026-09-05T01:45:36","guid":{"rendered":"https:\/\/serrafm879.com.br\/serrafm\/?p=28333"},"modified":"2026-09-04T22:45:36","modified_gmt":"2026-09-05T01:45:36","slug":"trf-5-manda-prender-operador-do-psb-e-ex-secretario-de-geraldo-julio","status":"publish","type":"post","link":"https:\/\/serrafm879.com.br\/serrafm\/2026\/09\/trf-5-manda-prender-operador-do-psb-e-ex-secretario-de-geraldo-julio\/","title":{"rendered":"TRF-5 manda prender \u201coperador\u201d do PSB e ex-secret\u00e1rio de Geraldo Julio"},"content":{"rendered":"<p><strong>EXCLUSIVO, Por Ricardo Antunes \u2013\u00a0<\/strong>O Tribunal Regional Federal da 5\u00aa Regi\u00e3o (TRF-5) expediu mandado de pris\u00e3o contra o ex-secret\u00e1rio de Governo e Participa\u00e7\u00e3o Social da Prefeitura do Recife, Jo\u00e3o Guilherme de Godoy Ferraz. Trata-se de um dos principais operadores do PSB no Estado, durante a gest\u00e3o de Geraldo Julio, antecessor de Jo\u00e3o Campos no Executivo municipal.<\/p>\n<p>O mandado de pris\u00e3o foi expedido pela 13\u00aa Vara Federal do Recife e deferido pelo magistrado C\u00e9sar Arthur Cavalcanti de Carvalho. Jo\u00e3o Guilherme de Godoy Ferraz vinha sendo um dos principais investigados da Opera\u00e7\u00e3o Check-in, da Pol\u00edcia Federal (PF). A suspeita \u00e9 de que ele tenha recebido propina de uma empresa de terceiriza\u00e7\u00e3o \u2014 a Pernambuco Conservadora \u2014 contratada pela Prefeitura do Recife em 2020, quando Ferraz era secret\u00e1rio municipal de Geraldo Julio.<\/p>\n<p>A investiga\u00e7\u00e3o foi realizada a partir de achados da Opera\u00e7\u00e3o Firenze, ocorrida h\u00e1 um ano, em torno de um grupo de tr\u00eas empresas terceirizadas. Na opera\u00e7\u00e3o, canhotos de cheques identificaram supostos pagamentos de propina ao ex-secret\u00e1rio da Prefeitura do Recife.<\/p>\n<p>O cartel investigado seria liderado pela Solserv Terceiriza\u00e7\u00e3o e tamb\u00e9m incluiria a Pernambuco Conservadora, a RC Servi\u00e7os &amp; Conserva\u00e7\u00e3o e a MA7 Securitizadora. Somente a Pernambuco Conservadora recebeu R$ 25,7 milh\u00f5es da Prefeitura do Recife em 2020, sendo R$ 17 milh\u00f5es pagos com recursos do SUS, da\u00ed a atua\u00e7\u00e3o da Pol\u00edcia Federal.<\/p>\n<p>Do montante, R$ 2 milh\u00f5es foram pagos por meio de contrato entre a empresa e a secretaria chefiada por Godoy Ferraz. Na gest\u00e3o de Jo\u00e3o Campos, a empresa j\u00e1 faturou mais de R$ 125 milh\u00f5es.<\/p>\n<p>Ele tamb\u00e9m foi investigado na opera\u00e7\u00e3o Apneia, da PF, que apurou irregularidades na compra de respiradores durante a pandemia.<\/p>\n<p>Jo\u00e3o Guilherme Ferraz foi um dos principais articuladores pol\u00edticos da gest\u00e3o do PSB no Recife e atuava como um dos principais auxiliares de Geraldo Julio. A liga\u00e7\u00e3o com Jo\u00e3o Campos tamb\u00e9m \u00e9 anterior \u00e0 atual gest\u00e3o. Ferraz integrou a estrutura da Prefeitura do Recife durante os dois mandatos de Geraldo Julio, primeiro como chefe do Gabinete de Projetos Especiais, entre 2013 e janeiro de 2019, e depois como secret\u00e1rio de Governo e Participa\u00e7\u00e3o Social, de janeiro de 2019 at\u00e9 o fim da gest\u00e3o, em 2020. Na transi\u00e7\u00e3o para o governo de Jo\u00e3o Campos, deixou a administra\u00e7\u00e3o direta, mas, segundo informa\u00e7\u00f5es apuradas, manteve influ\u00eancia e interlocu\u00e7\u00e3o nos bastidores da gest\u00e3o municipal.<\/p>\n<p>O ex-secret\u00e1rio tamb\u00e9m \u00e9 um dos investigados da Opera\u00e7\u00e3o Barriga de Aluguel, do Minist\u00e9rio P\u00fablico de Pernambuco, que apura um suposto esquema envolvendo empreiteiras. De acordo com informa\u00e7\u00f5es daquele inqu\u00e9rito, Jo\u00e3o Guilherme Ferraz teria atuado para contratar empreiteiras de um de seus melhores amigos, o empres\u00e1rio Gustavo Muniz, para realizar manuten\u00e7\u00e3o predial em praticamente todos os equipamentos p\u00fablicos da Prefeitura, de escolas a postos de sa\u00fade, incluindo o pr\u00e9dio-sede da administra\u00e7\u00e3o.<\/p>\n<p>Mais de R$ 200 milh\u00f5es teriam sido movimentados em tr\u00eas anos. O inqu\u00e9rito est\u00e1 trancado por decis\u00e3o monocr\u00e1tica do ministro Gilmar Mendes, do Supremo Tribunal Federal (STF), a pedido do advogado do diret\u00f3rio nacional do PSB. O caso nem chegou a ser sorteado, mas foi impetrado diretamente no gabinete do ministro.<\/p>\n<h3>O OUTRO LADO<\/h3>\n<p>N\u00f3s tentamos ouvir o advogado, mas seu telefone est\u00e1 fora de \u00e1rea. O espa\u00e7o segue aberto para manifesta\u00e7\u00f5es, e esta mat\u00e9ria poder\u00e1 ser atualizada.<\/p>\n<p>&nbsp;<\/p>\n<p>Fonte: Blog Ricardo Antunes<\/p>\n","protected":false},"excerpt":{"rendered":"<p>EXCLUSIVO, Por Ricardo Antunes \u2013\u00a0O Tribunal Regional Federal da 5\u00aa Regi\u00e3o (TRF-5) expediu mandado de pris\u00e3o contra o ex-secret\u00e1rio de Governo e Participa\u00e7\u00e3o Social da Prefeitura do Recife, Jo\u00e3o Guilherme de Godoy Ferraz. Trata-se de um dos principais operadores do PSB no Estado, durante a gest\u00e3o de Geraldo Julio, antecessor de Jo\u00e3o Campos no Executivo municipal. O mandado de pris\u00e3o foi expedido pela 13\u00aa Vara Federal do Recife e deferido pelo magistrado C\u00e9sar Arthur Cavalcanti de Carvalho. Jo\u00e3o Guilherme de Godoy Ferraz vinha sendo um dos principais investigados da Opera\u00e7\u00e3o Check-in, da Pol\u00edcia Federal (PF). A suspeita \u00e9 de que [&hellip;]<\/p>\n","protected":false},"author":2,"featured_media":28334,"comment_status":"open","ping_status":"open","sticky":false,"template":"","format":"standard","meta":{"_jetpack_newsletter_access":"","_jetpack_dont_email_post_to_subs":false,"_jetpack_newsletter_tier_id":0,"_jetpack_memberships_contains_paywalled_content":false,"_jetpack_feature_clip_id":0,"_jetpack_memberships_contains_paid_content":false,"footnotes":"","jetpack_publicize_message":"","jetpack_publicize_feature_enabled":true,"jetpack_social_post_already_shared":true,"jetpack_social_options":{"image_generator_settings":{"template":"highway","default_image_id":0,"font":"","enabled":false},"version":2},"jetpack_post_was_ever_published":false},"categories":[151],"tags":[],"class_list":["post-28333","post","type-post","status-publish","format-standard","has-post-thumbnail","hentry","category-policia"],"aioseo_notices":[],"aioseo_head":"\n\t\t<!-- All in One SEO 4.9.10 - aioseo.com -->\n\t<meta name=\"description\" content=\"EXCLUSIVO, Por Ricardo Antunes \u2013 O Tribunal Regional Federal da 5\u00aa Regi\u00e3o (TRF-5) expediu mandado de pris\u00e3o contra o ex-secret\u00e1rio de Governo e Participa\u00e7\u00e3o Social da Prefeitura do Recife, Jo\u00e3o Guilherme de Godoy Ferraz. Trata-se de um dos principais operadores do PSB no Estado, durante a gest\u00e3o de Geraldo Julio, antecessor de Jo\u00e3o Campos no Executivo\" \/>\n\t<meta name=\"robots\" content=\"max-image-preview:large\" \/>\n\t<meta name=\"author\" content=\"serrafm87\"\/>\n\t<link rel=\"canonical\" href=\"https:\/\/serrafm879.com.br\/serrafm\/2026\/09\/trf-5-manda-prender-operador-do-psb-e-ex-secretario-de-geraldo-julio\/\" \/>\n\t<meta name=\"generator\" content=\"All in One SEO (AIOSEO) 4.9.10\" \/>\n\t\t<meta name=\"twitter:card\" content=\"summary_large_image\" \/>\n\t\t<meta name=\"twitter:title\" content=\"TRF-5 manda prender \u201coperador\u201d do PSB e ex-secret\u00e1rio de Geraldo Julio - Serra FM 87,9\" \/>\n\t\t<meta name=\"twitter:description\" content=\"EXCLUSIVO, Por Ricardo Antunes \u2013 O Tribunal Regional Federal da 5\u00aa Regi\u00e3o (TRF-5) expediu mandado de pris\u00e3o contra o ex-secret\u00e1rio de Governo e Participa\u00e7\u00e3o Social da Prefeitura do Recife, Jo\u00e3o Guilherme de Godoy Ferraz. Trata-se de um dos principais operadores do PSB no Estado, durante a gest\u00e3o de Geraldo Julio, antecessor de Jo\u00e3o Campos no Executivo\" \/>\n\t\t<meta name=\"twitter:image\" content=\"https:\/\/serrafm879.com.br\/serrafm\/wp-content\/uploads\/2026\/09\/IMG_2649-750x375-1.jpeg\" \/>\n\t\t<script type=\"application\/ld+json\" class=\"aioseo-schema\">\n\t\t\t{\"@context\":\"https:\\\/\\\/schema.org\",\"@graph\":[{\"@type\":\"BlogPosting\",\"@id\":\"https:\\\/\\\/serrafm879.com.br\\\/serrafm\\\/2026\\\/09\\\/trf-5-manda-prender-operador-do-psb-e-ex-secretario-de-geraldo-julio\\\/#blogposting\",\"name\":\"TRF-5 manda prender \\u201coperador\\u201d do PSB e ex-secret\\u00e1rio de Geraldo Julio - Serra FM 87,9\",\"headline\":\"TRF-5 manda prender \\u201coperador\\u201d do PSB e ex-secret\\u00e1rio de Geraldo Julio\",\"author\":{\"@id\":\"https:\\\/\\\/serrafm879.com.br\\\/serrafm\\\/author\\\/serrafm87\\\/#author\"},\"publisher\":{\"@id\":\"https:\\\/\\\/serrafm879.com.br\\\/serrafm\\\/#organization\"},\"image\":{\"@type\":\"ImageObject\",\"url\":\"https:\\\/\\\/serrafm879.com.br\\\/serrafm\\\/wp-content\\\/uploads\\\/2026\\\/09\\\/IMG_2649-750x375-1.jpeg\",\"width\":750,\"height\":375},\"datePublished\":\"2026-09-04T22:45:36-03:00\",\"dateModified\":\"2026-09-04T22:45:36-03:00\",\"inLanguage\":\"pt-BR\",\"mainEntityOfPage\":{\"@id\":\"https:\\\/\\\/serrafm879.com.br\\\/serrafm\\\/2026\\\/09\\\/trf-5-manda-prender-operador-do-psb-e-ex-secretario-de-geraldo-julio\\\/#webpage\"},\"isPartOf\":{\"@id\":\"https:\\\/\\\/serrafm879.com.br\\\/serrafm\\\/2026\\\/09\\\/trf-5-manda-prender-operador-do-psb-e-ex-secretario-de-geraldo-julio\\\/#webpage\"},\"articleSection\":\"Pol\\u00edcia\"},{\"@type\":\"BreadcrumbList\",\"@id\":\"https:\\\/\\\/serrafm879.com.br\\\/serrafm\\\/2026\\\/09\\\/trf-5-manda-prender-operador-do-psb-e-ex-secretario-de-geraldo-julio\\\/#breadcrumblist\",\"itemListElement\":[{\"@type\":\"ListItem\",\"@id\":\"https:\\\/\\\/serrafm879.com.br\\\/serrafm#listItem\",\"position\":1,\"name\":\"Home\",\"item\":\"https:\\\/\\\/serrafm879.com.br\\\/serrafm\",\"nextItem\":{\"@type\":\"ListItem\",\"@id\":\"https:\\\/\\\/serrafm879.com.br\\\/serrafm\\\/categoria\\\/policia\\\/#listItem\",\"name\":\"Pol\\u00edcia\"}},{\"@type\":\"ListItem\",\"@id\":\"https:\\\/\\\/serrafm879.com.br\\\/serrafm\\\/categoria\\\/policia\\\/#listItem\",\"position\":2,\"name\":\"Pol\\u00edcia\",\"item\":\"https:\\\/\\\/serrafm879.com.br\\\/serrafm\\\/categoria\\\/policia\\\/\",\"nextItem\":{\"@type\":\"ListItem\",\"@id\":\"https:\\\/\\\/serrafm879.com.br\\\/serrafm\\\/2026\\\/09\\\/trf-5-manda-prender-operador-do-psb-e-ex-secretario-de-geraldo-julio\\\/#listItem\",\"name\":\"TRF-5 manda prender \\u201coperador\\u201d do PSB e ex-secret\\u00e1rio de Geraldo Julio\"},\"previousItem\":{\"@type\":\"ListItem\",\"@id\":\"https:\\\/\\\/serrafm879.com.br\\\/serrafm#listItem\",\"name\":\"Home\"}},{\"@type\":\"ListItem\",\"@id\":\"https:\\\/\\\/serrafm879.com.br\\\/serrafm\\\/2026\\\/09\\\/trf-5-manda-prender-operador-do-psb-e-ex-secretario-de-geraldo-julio\\\/#listItem\",\"position\":3,\"name\":\"TRF-5 manda prender \\u201coperador\\u201d do PSB e ex-secret\\u00e1rio de Geraldo Julio\",\"previousItem\":{\"@type\":\"ListItem\",\"@id\":\"https:\\\/\\\/serrafm879.com.br\\\/serrafm\\\/categoria\\\/policia\\\/#listItem\",\"name\":\"Pol\\u00edcia\"}}]},{\"@type\":\"Organization\",\"@id\":\"https:\\\/\\\/serrafm879.com.br\\\/serrafm\\\/#organization\",\"name\":\"Serra FM 87,9\",\"description\":\"O seu novo amor!\",\"url\":\"https:\\\/\\\/serrafm879.com.br\\\/serrafm\\\/\"},{\"@type\":\"Person\",\"@id\":\"https:\\\/\\\/serrafm879.com.br\\\/serrafm\\\/author\\\/serrafm87\\\/#author\",\"url\":\"https:\\\/\\\/serrafm879.com.br\\\/serrafm\\\/author\\\/serrafm87\\\/\",\"name\":\"serrafm87\",\"image\":{\"@type\":\"ImageObject\",\"@id\":\"https:\\\/\\\/serrafm879.com.br\\\/serrafm\\\/2026\\\/09\\\/trf-5-manda-prender-operador-do-psb-e-ex-secretario-de-geraldo-julio\\\/#authorImage\",\"url\":\"https:\\\/\\\/secure.gravatar.com\\\/avatar\\\/a743233f1112d34f48bb3dc9559b76eb930bab8b27175856cba6362608736235?s=96&d=mm&r=g\",\"width\":96,\"height\":96,\"caption\":\"serrafm87\"}},{\"@type\":\"WebPage\",\"@id\":\"https:\\\/\\\/serrafm879.com.br\\\/serrafm\\\/2026\\\/09\\\/trf-5-manda-prender-operador-do-psb-e-ex-secretario-de-geraldo-julio\\\/#webpage\",\"url\":\"https:\\\/\\\/serrafm879.com.br\\\/serrafm\\\/2026\\\/09\\\/trf-5-manda-prender-operador-do-psb-e-ex-secretario-de-geraldo-julio\\\/\",\"name\":\"TRF-5 manda prender \\u201coperador\\u201d do PSB e ex-secret\\u00e1rio de Geraldo Julio - Serra FM 87,9\",\"description\":\"EXCLUSIVO, Por Ricardo Antunes \\u2013 O Tribunal Regional Federal da 5\\u00aa Regi\\u00e3o (TRF-5) expediu mandado de pris\\u00e3o contra o ex-secret\\u00e1rio de Governo e Participa\\u00e7\\u00e3o Social da Prefeitura do Recife, Jo\\u00e3o Guilherme de Godoy Ferraz. Trata-se de um dos principais operadores do PSB no Estado, durante a gest\\u00e3o de Geraldo Julio, antecessor de Jo\\u00e3o Campos no Executivo\",\"inLanguage\":\"pt-BR\",\"isPartOf\":{\"@id\":\"https:\\\/\\\/serrafm879.com.br\\\/serrafm\\\/#website\"},\"breadcrumb\":{\"@id\":\"https:\\\/\\\/serrafm879.com.br\\\/serrafm\\\/2026\\\/09\\\/trf-5-manda-prender-operador-do-psb-e-ex-secretario-de-geraldo-julio\\\/#breadcrumblist\"},\"author\":{\"@id\":\"https:\\\/\\\/serrafm879.com.br\\\/serrafm\\\/author\\\/serrafm87\\\/#author\"},\"creator\":{\"@id\":\"https:\\\/\\\/serrafm879.com.br\\\/serrafm\\\/author\\\/serrafm87\\\/#author\"},\"image\":{\"@type\":\"ImageObject\",\"url\":\"https:\\\/\\\/serrafm879.com.br\\\/serrafm\\\/wp-content\\\/uploads\\\/2026\\\/09\\\/IMG_2649-750x375-1.jpeg\",\"@id\":\"https:\\\/\\\/serrafm879.com.br\\\/serrafm\\\/2026\\\/09\\\/trf-5-manda-prender-operador-do-psb-e-ex-secretario-de-geraldo-julio\\\/#mainImage\",\"width\":750,\"height\":375},\"primaryImageOfPage\":{\"@id\":\"https:\\\/\\\/serrafm879.com.br\\\/serrafm\\\/2026\\\/09\\\/trf-5-manda-prender-operador-do-psb-e-ex-secretario-de-geraldo-julio\\\/#mainImage\"},\"datePublished\":\"2026-09-04T22:45:36-03:00\",\"dateModified\":\"2026-09-04T22:45:36-03:00\"},{\"@type\":\"WebSite\",\"@id\":\"https:\\\/\\\/serrafm879.com.br\\\/serrafm\\\/#website\",\"url\":\"https:\\\/\\\/serrafm879.com.br\\\/serrafm\\\/\",\"name\":\"Serra FM 87,9\",\"description\":\"O seu novo amor!\",\"inLanguage\":\"pt-BR\",\"publisher\":{\"@id\":\"https:\\\/\\\/serrafm879.com.br\\\/serrafm\\\/#organization\"}}]}\n\t\t<\/script>\n\t\t<!-- All in One SEO -->\n\n","aioseo_head_json":{"title":"TRF-5 manda prender \u201coperador\u201d do PSB e ex-secret\u00e1rio de Geraldo Julio - Serra FM 87,9","description":"EXCLUSIVO, Por Ricardo Antunes \u2013 O Tribunal Regional Federal da 5\u00aa Regi\u00e3o (TRF-5) expediu mandado de pris\u00e3o contra o ex-secret\u00e1rio de Governo e Participa\u00e7\u00e3o Social da Prefeitura do Recife, Jo\u00e3o Guilherme de Godoy Ferraz. Trata-se de um dos principais operadores do PSB no Estado, durante a gest\u00e3o de Geraldo Julio, antecessor de Jo\u00e3o Campos no Executivo","canonical_url":"https:\/\/serrafm879.com.br\/serrafm\/2026\/09\/trf-5-manda-prender-operador-do-psb-e-ex-secretario-de-geraldo-julio\/","robots":"max-image-preview:large","keywords":"","webmasterTools":{"miscellaneous":""},"schema":{"@context":"https:\/\/schema.org","@graph":[{"@type":"BlogPosting","@id":"https:\/\/serrafm879.com.br\/serrafm\/2026\/09\/trf-5-manda-prender-operador-do-psb-e-ex-secretario-de-geraldo-julio\/#blogposting","name":"TRF-5 manda prender \u201coperador\u201d do PSB e ex-secret\u00e1rio de Geraldo Julio - Serra FM 87,9","headline":"TRF-5 manda prender \u201coperador\u201d do PSB e ex-secret\u00e1rio de Geraldo Julio","author":{"@id":"https:\/\/serrafm879.com.br\/serrafm\/author\/serrafm87\/#author"},"publisher":{"@id":"https:\/\/serrafm879.com.br\/serrafm\/#organization"},"image":{"@type":"ImageObject","url":"https:\/\/serrafm879.com.br\/serrafm\/wp-content\/uploads\/2026\/09\/IMG_2649-750x375-1.jpeg","width":750,"height":375},"datePublished":"2026-09-04T22:45:36-03:00","dateModified":"2026-09-04T22:45:36-03:00","inLanguage":"pt-BR","mainEntityOfPage":{"@id":"https:\/\/serrafm879.com.br\/serrafm\/2026\/09\/trf-5-manda-prender-operador-do-psb-e-ex-secretario-de-geraldo-julio\/#webpage"},"isPartOf":{"@id":"https:\/\/serrafm879.com.br\/serrafm\/2026\/09\/trf-5-manda-prender-operador-do-psb-e-ex-secretario-de-geraldo-julio\/#webpage"},"articleSection":"Pol\u00edcia"},{"@type":"BreadcrumbList","@id":"https:\/\/serrafm879.com.br\/serrafm\/2026\/09\/trf-5-manda-prender-operador-do-psb-e-ex-secretario-de-geraldo-julio\/#breadcrumblist","itemListElement":[{"@type":"ListItem","@id":"https:\/\/serrafm879.com.br\/serrafm#listItem","position":1,"name":"Home","item":"https:\/\/serrafm879.com.br\/serrafm","nextItem":{"@type":"ListItem","@id":"https:\/\/serrafm879.com.br\/serrafm\/categoria\/policia\/#listItem","name":"Pol\u00edcia"}},{"@type":"ListItem","@id":"https:\/\/serrafm879.com.br\/serrafm\/categoria\/policia\/#listItem","position":2,"name":"Pol\u00edcia","item":"https:\/\/serrafm879.com.br\/serrafm\/categoria\/policia\/","nextItem":{"@type":"ListItem","@id":"https:\/\/serrafm879.com.br\/serrafm\/2026\/09\/trf-5-manda-prender-operador-do-psb-e-ex-secretario-de-geraldo-julio\/#listItem","name":"TRF-5 manda prender \u201coperador\u201d do PSB e ex-secret\u00e1rio de Geraldo Julio"},"previousItem":{"@type":"ListItem","@id":"https:\/\/serrafm879.com.br\/serrafm#listItem","name":"Home"}},{"@type":"ListItem","@id":"https:\/\/serrafm879.com.br\/serrafm\/2026\/09\/trf-5-manda-prender-operador-do-psb-e-ex-secretario-de-geraldo-julio\/#listItem","position":3,"name":"TRF-5 manda prender \u201coperador\u201d do PSB e ex-secret\u00e1rio de Geraldo Julio","previousItem":{"@type":"ListItem","@id":"https:\/\/serrafm879.com.br\/serrafm\/categoria\/policia\/#listItem","name":"Pol\u00edcia"}}]},{"@type":"Organization","@id":"https:\/\/serrafm879.com.br\/serrafm\/#organization","name":"Serra FM 87,9","description":"O seu novo amor!","url":"https:\/\/serrafm879.com.br\/serrafm\/"},{"@type":"Person","@id":"https:\/\/serrafm879.com.br\/serrafm\/author\/serrafm87\/#author","url":"https:\/\/serrafm879.com.br\/serrafm\/author\/serrafm87\/","name":"serrafm87","image":{"@type":"ImageObject","@id":"https:\/\/serrafm879.com.br\/serrafm\/2026\/09\/trf-5-manda-prender-operador-do-psb-e-ex-secretario-de-geraldo-julio\/#authorImage","url":"https:\/\/secure.gravatar.com\/avatar\/a743233f1112d34f48bb3dc9559b76eb930bab8b27175856cba6362608736235?s=96&d=mm&r=g","width":96,"height":96,"caption":"serrafm87"}},{"@type":"WebPage","@id":"https:\/\/serrafm879.com.br\/serrafm\/2026\/09\/trf-5-manda-prender-operador-do-psb-e-ex-secretario-de-geraldo-julio\/#webpage","url":"https:\/\/serrafm879.com.br\/serrafm\/2026\/09\/trf-5-manda-prender-operador-do-psb-e-ex-secretario-de-geraldo-julio\/","name":"TRF-5 manda prender \u201coperador\u201d do PSB e ex-secret\u00e1rio de Geraldo Julio - Serra FM 87,9","description":"EXCLUSIVO, Por Ricardo Antunes \u2013 O Tribunal Regional Federal da 5\u00aa Regi\u00e3o (TRF-5) expediu mandado de pris\u00e3o contra o ex-secret\u00e1rio de Governo e Participa\u00e7\u00e3o Social da Prefeitura do Recife, Jo\u00e3o Guilherme de Godoy Ferraz. Trata-se de um dos principais operadores do PSB no Estado, durante a gest\u00e3o de Geraldo Julio, antecessor de Jo\u00e3o Campos no Executivo","inLanguage":"pt-BR","isPartOf":{"@id":"https:\/\/serrafm879.com.br\/serrafm\/#website"},"breadcrumb":{"@id":"https:\/\/serrafm879.com.br\/serrafm\/2026\/09\/trf-5-manda-prender-operador-do-psb-e-ex-secretario-de-geraldo-julio\/#breadcrumblist"},"author":{"@id":"https:\/\/serrafm879.com.br\/serrafm\/author\/serrafm87\/#author"},"creator":{"@id":"https:\/\/serrafm879.com.br\/serrafm\/author\/serrafm87\/#author"},"image":{"@type":"ImageObject","url":"https:\/\/serrafm879.com.br\/serrafm\/wp-content\/uploads\/2026\/09\/IMG_2649-750x375-1.jpeg","@id":"https:\/\/serrafm879.com.br\/serrafm\/2026\/09\/trf-5-manda-prender-operador-do-psb-e-ex-secretario-de-geraldo-julio\/#mainImage","width":750,"height":375},"primaryImageOfPage":{"@id":"https:\/\/serrafm879.com.br\/serrafm\/2026\/09\/trf-5-manda-prender-operador-do-psb-e-ex-secretario-de-geraldo-julio\/#mainImage"},"datePublished":"2026-09-04T22:45:36-03:00","dateModified":"2026-09-04T22:45:36-03:00"},{"@type":"WebSite","@id":"https:\/\/serrafm879.com.br\/serrafm\/#website","url":"https:\/\/serrafm879.com.br\/serrafm\/","name":"Serra FM 87,9","description":"O seu novo amor!","inLanguage":"pt-BR","publisher":{"@id":"https:\/\/serrafm879.com.br\/serrafm\/#organization"}}]},"twitter:card":"summary_large_image","twitter:title":"TRF-5 manda prender \u201coperador\u201d do PSB e ex-secret\u00e1rio de Geraldo Julio - Serra FM 87,9","twitter:description":"EXCLUSIVO, Por Ricardo Antunes \u2013 O Tribunal Regional Federal da 5\u00aa Regi\u00e3o (TRF-5) expediu mandado de pris\u00e3o contra o ex-secret\u00e1rio de Governo e Participa\u00e7\u00e3o Social da Prefeitura do Recife, Jo\u00e3o Guilherme de Godoy Ferraz. Trata-se de um dos principais operadores do PSB no Estado, durante a gest\u00e3o de Geraldo Julio, antecessor de Jo\u00e3o Campos no Executivo","twitter:image":"https:\/\/serrafm879.com.br\/serrafm\/wp-content\/uploads\/2026\/09\/IMG_2649-750x375-1.jpeg"},"aioseo_meta_data":{"post_id":"28333","title":null,"description":null,"keywords":null,"keyphrases":{"focus":{"keyphrase":"","score":0,"analysis":{"keyphraseInTitle":{"score":0,"maxScore":9,"error":1}}},"additional":[]},"primary_term":null,"canonical_url":null,"og_title":null,"og_description":null,"og_object_type":"default","og_image_type":"default","og_image_custom_url":null,"og_image_custom_fields":null,"og_image_url":null,"og_image_width":null,"og_image_height":null,"og_video":"","og_custom_url":null,"og_article_section":null,"og_article_tags":null,"twitter_use_og":false,"twitter_card":"default","twitter_image_type":"default","twitter_image_custom_url":null,"twitter_image_custom_fields":null,"twitter_image_url":null,"twitter_title":null,"twitter_description":null,"schema_type":"default","schema_type_options":null,"schema":{"blockGraphs":[],"customGraphs":[],"default":{"data":{"Article":[],"Course":[],"Dataset":[],"FAQPage":[],"Movie":[],"Person":[],"Product":[],"ProductReview":[],"Car":[],"Recipe":[],"Service":[],"SoftwareApplication":[],"WebPage":[]},"graphName":"BlogPosting","isEnabled":true},"graphs":[]},"pillar_content":false,"robots_default":true,"robots_noindex":false,"robots_noarchive":false,"robots_nosnippet":false,"robots_nofollow":false,"robots_noimageindex":false,"robots_noodp":false,"robots_notranslate":false,"robots_max_snippet":"-1","robots_max_videopreview":"-1","robots_max_imagepreview":"large","priority":null,"frequency":"default","local_seo":null,"limit_modified_date":false,"ai":{"faqs":[],"keyPoints":[],"schemas":[],"titles":[],"descriptions":[],"socialPosts":{"email":{"subject":"","preview":"","content":""},"linkedin":[],"twitter":[],"facebook":[],"instagram":[]}},"breadcrumb_settings":null,"seo_analyzer_scan_date":null,"created":"2026-09-05 01:45:36","updated":"2026-09-05 01:46:40"},"aioseo_breadcrumb":"<div class=\"aioseo-breadcrumbs\"><span class=\"aioseo-breadcrumb\">\n\t\t\t<a href=\"https:\/\/serrafm879.com.br\/serrafm\" title=\"Home\">Home<\/a>\n\t\t<\/span><span class=\"aioseo-breadcrumb-separator\">&raquo;<\/span><span class=\"aioseo-breadcrumb\">\n\t\t\t<a href=\"https:\/\/serrafm879.com.br\/serrafm\/categoria\/policia\/\" title=\"Pol\u00edcia\">Pol\u00edcia<\/a>\n\t\t<\/span><span class=\"aioseo-breadcrumb-separator\">&raquo;<\/span><span class=\"aioseo-breadcrumb\">\n\t\t\tTRF-5 manda prender \u201coperador\u201d do PSB e ex-secret\u00e1rio de Geraldo Julio\n\t\t<\/span><\/div>","aioseo_breadcrumb_json":[{"label":"Home","link":"https:\/\/serrafm879.com.br\/serrafm"},{"label":"Pol\u00edcia","link":"https:\/\/serrafm879.com.br\/serrafm\/categoria\/policia\/"},{"label":"TRF-5 manda prender \u201coperador\u201d do PSB e ex-secret\u00e1rio de Geraldo Julio","link":"https:\/\/serrafm879.com.br\/serrafm\/2026\/09\/trf-5-manda-prender-operador-do-psb-e-ex-secretario-de-geraldo-julio\/"}],"jetpack_publicize_connections":[],"jetpack_featured_media_url":"https:\/\/serrafm879.com.br\/serrafm\/wp-content\/uploads\/2026\/09\/IMG_2649-750x375-1.jpeg","jetpack_shortlink":"https:\/\/wp.me\/p7HyXg-7mZ","jetpack_sharing_enabled":true,"_links":{"self":[{"href":"https:\/\/serrafm879.com.br\/serrafm\/wp-json\/wp\/v2\/posts\/28333","targetHints":{"allow":["GET"]}}],"collection":[{"href":"https:\/\/serrafm879.com.br\/serrafm\/wp-json\/wp\/v2\/posts"}],"about":[{"href":"https:\/\/serrafm879.com.br\/serrafm\/wp-json\/wp\/v2\/types\/post"}],"author":[{"embeddable":true,"href":"https:\/\/serrafm879.com.br\/serrafm\/wp-json\/wp\/v2\/users\/2"}],"replies":[{"embeddable":true,"href":"https:\/\/serrafm879.com.br\/serrafm\/wp-json\/wp\/v2\/comments?post=28333"}],"version-history":[{"count":1,"href":"https:\/\/serrafm879.com.br\/serrafm\/wp-json\/wp\/v2\/posts\/28333\/revisions"}],"predecessor-version":[{"id":28335,"href":"https:\/\/serrafm879.com.br\/serrafm\/wp-json\/wp\/v2\/posts\/28333\/revisions\/28335"}],"wp:featuredmedia":[{"embeddable":true,"href":"https:\/\/serrafm879.com.br\/serrafm\/wp-json\/wp\/v2\/media\/28334"}],"wp:attachment":[{"href":"https:\/\/serrafm879.com.br\/serrafm\/wp-json\/wp\/v2\/media?parent=28333"}],"wp:term":[{"taxonomy":"category","embeddable":true,"href":"https:\/\/serrafm879.com.br\/serrafm\/wp-json\/wp\/v2\/categories?post=28333"},{"taxonomy":"post_tag","embeddable":true,"href":"https:\/\/serrafm879.com.br\/serrafm\/wp-json\/wp\/v2\/tags?post=28333"}],"curies":[{"name":"wp","href":"https:\/\/api.w.org\/{rel}","templated":true}]}}