{"id":3972,"date":"2020-10-24T14:00:04","date_gmt":"2020-10-24T17:00:04","guid":{"rendered":"https:\/?p=3972"},"modified":"2020-10-24T14:00:04","modified_gmt":"2020-10-24T17:00:04","slug":"candidata-governista-em-serra-atingiu-51-das-intencoes-de-voto","status":"publish","type":"post","link":"https:\/\/serrafm879.com.br\/serrafm\/2020\/10\/candidata-governista-em-serra-atingiu-51-das-intencoes-de-voto\/","title":{"rendered":"Candidata governista em Serra atingiu 51% das inten\u00e7\u00f5es de voto"},"content":{"rendered":"<p>Conrado cresceu e chegou a 51,7% das inten\u00e7\u00f5es de voto de acordo com levantamento do Instituto M\u00faltipla realizado dia 21 de outubro. No levantamento, a candidata Socorro de Carlos Evandro se manteve est\u00e1vel, com 18,3%. Victor Oliveira tamb\u00e9m n\u00e3o teve altera\u00e7\u00e3o significativa e apareceu com 10,7%. Outro fato importante foi a desidrata\u00e7\u00e3o de Marquinhos Dantas, caindo a 0,7% das inten\u00e7\u00f5es de voto. Disseram votar branco ou nulo, 5,3%. Indecisos s\u00e3o 12,3%. N\u00e3o opinaram 1% dos entrevistados.<\/p>\n<p>Na primeira pesquisa em 13 de setembro, M\u00e1rcia tinha 43%. Foi a 46% no levantamento divulgado em 4 de outubro e agora tem 51,7%, o que demonstra curva ascendente da petista. Socorro de Carlos Evandro apareceu com 11% na pesquisa de setembro. Foi a 17% no levantamento de 4 de outubro e agora tem 18,3%. Victor Oliveira saiu com 19% no primeiro levantamento divulgado em 13 de setembro. Caiu para 11% em 4 de outubro e agora tem 10%. Marquinhos Dantas come\u00e7ou com 9%, caiu a 5% em 4\/10 e agora manteve a tend\u00eancia de queda, chegando a 0,7%.<\/p>\n<p><img loading=\"lazy\" decoding=\"async\" class=\"aligncenter size-full wp-image-383923\" src=\"https:\/\/faroldenoticias.com.br\/wp-content\/uploads\/2020\/10\/CEN%C3%81RIO-1.jpg\" sizes=\"auto, (max-width: 926px) 100vw, 926px\" srcset=\"https:\/\/faroldenoticias.com.br\/wp-content\/uploads\/2020\/10\/CEN\u00c1RIO-1.jpg 926w, https:\/\/faroldenoticias.com.br\/wp-content\/uploads\/2020\/10\/CEN\u00c1RIO-1-300x195.jpg 300w, https:\/\/faroldenoticias.com.br\/wp-content\/uploads\/2020\/10\/CEN\u00c1RIO-1-768x500.jpg 768w\" alt=\"\" width=\"926\" height=\"603\" data-attachment-id=\"383923\" data-permalink=\"https:\/\/faroldenoticias.com.br\/marcia-conrado-com-51-socorro-brito-18-victor-oliveira-10-marcos-dantas-07\/cenario-1\/\" data-orig-file=\"https:\/\/faroldenoticias.com.br\/wp-content\/uploads\/2020\/10\/CEN\u00c1RIO-1.jpg\" data-orig-size=\"926,603\" data-comments-opened=\"1\" data-image-meta=\"{&quot;aperture&quot;:&quot;0&quot;,&quot;credit&quot;:&quot;&quot;,&quot;camera&quot;:&quot;&quot;,&quot;caption&quot;:&quot;&quot;,&quot;created_timestamp&quot;:&quot;0&quot;,&quot;copyright&quot;:&quot;&quot;,&quot;focal_length&quot;:&quot;0&quot;,&quot;iso&quot;:&quot;0&quot;,&quot;shutter_speed&quot;:&quot;0&quot;,&quot;title&quot;:&quot;&quot;,&quot;orientation&quot;:&quot;0&quot;}\" data-image-title=\"CEN\u00c1RIO 1\" data-image-description=\"\" data-medium-file=\"https:\/\/faroldenoticias.com.br\/wp-content\/uploads\/2020\/10\/CEN\u00c1RIO-1-300x195.jpg\" data-large-file=\"https:\/\/faroldenoticias.com.br\/wp-content\/uploads\/2020\/10\/CEN\u00c1RIO-1.jpg\" \/><\/p>\n<p>Na pesquisa espont\u00e2nea, em que n\u00e3o s\u00e3o apresentadas as op\u00e7\u00f5es para o eleitor, M\u00e1rcia tem 44,7%, Socorro de Carlos Evandro, 14,3%, Victor Oliveira 4% e Marquinhos Dantas, 0,3%. N\u00e3o opinaram\u00a0 5%. Citaram outros nomes 2,3%. Se disseram indecisos 23,7%. Brancos e nulos s\u00e3o 5,7%. O item rejei\u00e7\u00e3o \u00e9 importante para aferir o campo potencial de crescimento dos candidatos. M\u00e1rcia Conrado tem a menor, com 22,3% afirmando que n\u00e3o votariam nela de jeito nenhum. Esse n\u00famero \u00e9 de 65,7% para Marquinhos Dantas, 62,3% para Victor Oliveira e 53,7% para Socorro de Carlos Evandro.<\/p>\n<p><img loading=\"lazy\" decoding=\"async\" class=\"aligncenter size-full wp-image-383924\" src=\"https:\/\/faroldenoticias.com.br\/wp-content\/uploads\/2020\/10\/CEN%C3%81RIO-2.jpg\" sizes=\"auto, (max-width: 932px) 100vw, 932px\" srcset=\"https:\/\/faroldenoticias.com.br\/wp-content\/uploads\/2020\/10\/CEN\u00c1RIO-2.jpg 932w, https:\/\/faroldenoticias.com.br\/wp-content\/uploads\/2020\/10\/CEN\u00c1RIO-2-300x204.jpg 300w, https:\/\/faroldenoticias.com.br\/wp-content\/uploads\/2020\/10\/CEN\u00c1RIO-2-768x522.jpg 768w\" alt=\"\" width=\"932\" height=\"633\" data-attachment-id=\"383924\" data-permalink=\"https:\/\/faroldenoticias.com.br\/marcia-conrado-com-51-socorro-brito-18-victor-oliveira-10-marcos-dantas-07\/cenario-2-2\/\" data-orig-file=\"https:\/\/faroldenoticias.com.br\/wp-content\/uploads\/2020\/10\/CEN\u00c1RIO-2.jpg\" data-orig-size=\"932,633\" data-comments-opened=\"1\" data-image-meta=\"{&quot;aperture&quot;:&quot;0&quot;,&quot;credit&quot;:&quot;&quot;,&quot;camera&quot;:&quot;&quot;,&quot;caption&quot;:&quot;&quot;,&quot;created_timestamp&quot;:&quot;0&quot;,&quot;copyright&quot;:&quot;&quot;,&quot;focal_length&quot;:&quot;0&quot;,&quot;iso&quot;:&quot;0&quot;,&quot;shutter_speed&quot;:&quot;0&quot;,&quot;title&quot;:&quot;&quot;,&quot;orientation&quot;:&quot;0&quot;}\" data-image-title=\"CEN\u00c1RIO 2\" data-image-description=\"\" data-medium-file=\"https:\/\/faroldenoticias.com.br\/wp-content\/uploads\/2020\/10\/CEN\u00c1RIO-2-300x204.jpg\" data-large-file=\"https:\/\/faroldenoticias.com.br\/wp-content\/uploads\/2020\/10\/CEN\u00c1RIO-2.jpg\" \/><\/p>\n<p><img loading=\"lazy\" decoding=\"async\" class=\"aligncenter size-full wp-image-383925\" src=\"https:\/\/faroldenoticias.com.br\/wp-content\/uploads\/2020\/10\/CEN%C3%81RIO-3.jpg\" sizes=\"auto, (max-width: 925px) 100vw, 925px\" srcset=\"https:\/\/faroldenoticias.com.br\/wp-content\/uploads\/2020\/10\/CEN\u00c1RIO-3.jpg 925w, https:\/\/faroldenoticias.com.br\/wp-content\/uploads\/2020\/10\/CEN\u00c1RIO-3-300x207.jpg 300w, https:\/\/faroldenoticias.com.br\/wp-content\/uploads\/2020\/10\/CEN\u00c1RIO-3-768x530.jpg 768w\" alt=\"\" width=\"925\" height=\"638\" data-attachment-id=\"383925\" data-permalink=\"https:\/\/faroldenoticias.com.br\/marcia-conrado-com-51-socorro-brito-18-victor-oliveira-10-marcos-dantas-07\/cenario-3\/\" data-orig-file=\"https:\/\/faroldenoticias.com.br\/wp-content\/uploads\/2020\/10\/CEN\u00c1RIO-3.jpg\" data-orig-size=\"925,638\" data-comments-opened=\"1\" data-image-meta=\"{&quot;aperture&quot;:&quot;0&quot;,&quot;credit&quot;:&quot;&quot;,&quot;camera&quot;:&quot;&quot;,&quot;caption&quot;:&quot;&quot;,&quot;created_timestamp&quot;:&quot;0&quot;,&quot;copyright&quot;:&quot;&quot;,&quot;focal_length&quot;:&quot;0&quot;,&quot;iso&quot;:&quot;0&quot;,&quot;shutter_speed&quot;:&quot;0&quot;,&quot;title&quot;:&quot;&quot;,&quot;orientation&quot;:&quot;0&quot;}\" data-image-title=\"CEN\u00c1RIO 3\" data-image-description=\"\" data-medium-file=\"https:\/\/faroldenoticias.com.br\/wp-content\/uploads\/2020\/10\/CEN\u00c1RIO-3-300x207.jpg\" data-large-file=\"https:\/\/faroldenoticias.com.br\/wp-content\/uploads\/2020\/10\/CEN\u00c1RIO-3.jpg\" \/><img loading=\"lazy\" decoding=\"async\" class=\"aligncenter size-full wp-image-383926\" src=\"https:\/\/faroldenoticias.com.br\/wp-content\/uploads\/2020\/10\/CEN%C3%81RIO-4.jpg\" sizes=\"auto, (max-width: 932px) 100vw, 932px\" srcset=\"https:\/\/faroldenoticias.com.br\/wp-content\/uploads\/2020\/10\/CEN\u00c1RIO-4.jpg 932w, https:\/\/faroldenoticias.com.br\/wp-content\/uploads\/2020\/10\/CEN\u00c1RIO-4-300x170.jpg 300w, https:\/\/faroldenoticias.com.br\/wp-content\/uploads\/2020\/10\/CEN\u00c1RIO-4-768x436.jpg 768w\" alt=\"\" width=\"932\" height=\"529\" data-attachment-id=\"383926\" data-permalink=\"https:\/\/faroldenoticias.com.br\/marcia-conrado-com-51-socorro-brito-18-victor-oliveira-10-marcos-dantas-07\/cenario-4-2\/\" data-orig-file=\"https:\/\/faroldenoticias.com.br\/wp-content\/uploads\/2020\/10\/CEN\u00c1RIO-4.jpg\" data-orig-size=\"932,529\" data-comments-opened=\"1\" data-image-meta=\"{&quot;aperture&quot;:&quot;0&quot;,&quot;credit&quot;:&quot;&quot;,&quot;camera&quot;:&quot;&quot;,&quot;caption&quot;:&quot;&quot;,&quot;created_timestamp&quot;:&quot;0&quot;,&quot;copyright&quot;:&quot;&quot;,&quot;focal_length&quot;:&quot;0&quot;,&quot;iso&quot;:&quot;0&quot;,&quot;shutter_speed&quot;:&quot;0&quot;,&quot;title&quot;:&quot;&quot;,&quot;orientation&quot;:&quot;0&quot;}\" data-image-title=\"CEN\u00c1RIO 4\" data-image-description=\"\" data-medium-file=\"https:\/\/faroldenoticias.com.br\/wp-content\/uploads\/2020\/10\/CEN\u00c1RIO-4-300x170.jpg\" data-large-file=\"https:\/\/faroldenoticias.com.br\/wp-content\/uploads\/2020\/10\/CEN\u00c1RIO-4.jpg\" \/><\/p>\n<p><strong>AVALIA\u00c7\u00c3O GOVERNO\u00a0<\/strong><\/p>\n<p>A avalia\u00e7\u00e3o do prefeito Luciano Duque, principal cabo eleitoral de M\u00e1rcia Conrado \u00e9 de 71,3%. Um total de 14% desaprovam e 14,7% n\u00e3o opinaram. Quando chamada a avaliar a gest\u00e3o, 13% a considera \u00f3tima, 44,7% boa, 31,7% regular, 2% ruim e 5,7% p\u00e9ssimo. S\u00f3 3% n\u00e3o opinaram.<\/p>\n<p><img loading=\"lazy\" decoding=\"async\" class=\"aligncenter size-full wp-image-383937\" src=\"https:\/\/faroldenoticias.com.br\/wp-content\/uploads\/2020\/10\/serra-3-aprva%C3%A7%C3%A3o-Duque.jpg\" sizes=\"auto, (max-width: 561px) 100vw, 561px\" srcset=\"https:\/\/faroldenoticias.com.br\/wp-content\/uploads\/2020\/10\/serra-3-aprva\u00e7\u00e3o-Duque.jpg 561w, https:\/\/faroldenoticias.com.br\/wp-content\/uploads\/2020\/10\/serra-3-aprva\u00e7\u00e3o-Duque-300x163.jpg 300w\" alt=\"\" width=\"561\" height=\"305\" data-attachment-id=\"383937\" data-permalink=\"https:\/\/faroldenoticias.com.br\/marcia-conrado-com-51-socorro-brito-18-victor-oliveira-10-marcos-dantas-07\/serra-3-aprvacao-duque\/\" data-orig-file=\"https:\/\/faroldenoticias.com.br\/wp-content\/uploads\/2020\/10\/serra-3-aprva\u00e7\u00e3o-Duque.jpg\" data-orig-size=\"561,305\" data-comments-opened=\"1\" data-image-meta=\"{&quot;aperture&quot;:&quot;0&quot;,&quot;credit&quot;:&quot;&quot;,&quot;camera&quot;:&quot;&quot;,&quot;caption&quot;:&quot;&quot;,&quot;created_timestamp&quot;:&quot;0&quot;,&quot;copyright&quot;:&quot;&quot;,&quot;focal_length&quot;:&quot;0&quot;,&quot;iso&quot;:&quot;0&quot;,&quot;shutter_speed&quot;:&quot;0&quot;,&quot;title&quot;:&quot;&quot;,&quot;orientation&quot;:&quot;1&quot;}\" data-image-title=\"serra-3-aprva\u00e7\u00e3o Duque\" data-image-description=\"\" data-medium-file=\"https:\/\/faroldenoticias.com.br\/wp-content\/uploads\/2020\/10\/serra-3-aprva\u00e7\u00e3o-Duque-300x163.jpg\" data-large-file=\"https:\/\/faroldenoticias.com.br\/wp-content\/uploads\/2020\/10\/serra-3-aprva\u00e7\u00e3o-Duque.jpg\" \/><\/p>\n<p><img loading=\"lazy\" decoding=\"async\" class=\"aligncenter size-full wp-image-383939\" src=\"https:\/\/faroldenoticias.com.br\/wp-content\/uploads\/2020\/10\/serra-3-classifica%C3%A7%C3%A3o.jpg\" sizes=\"auto, (max-width: 564px) 100vw, 564px\" srcset=\"https:\/\/faroldenoticias.com.br\/wp-content\/uploads\/2020\/10\/serra-3-classifica\u00e7\u00e3o.jpg 564w, https:\/\/faroldenoticias.com.br\/wp-content\/uploads\/2020\/10\/serra-3-classifica\u00e7\u00e3o-300x187.jpg 300w\" alt=\"\" width=\"564\" height=\"352\" data-attachment-id=\"383939\" data-permalink=\"https:\/\/faroldenoticias.com.br\/marcia-conrado-com-51-socorro-brito-18-victor-oliveira-10-marcos-dantas-07\/serra-3-classificacao\/\" data-orig-file=\"https:\/\/faroldenoticias.com.br\/wp-content\/uploads\/2020\/10\/serra-3-classifica\u00e7\u00e3o.jpg\" data-orig-size=\"564,352\" data-comments-opened=\"1\" data-image-meta=\"{&quot;aperture&quot;:&quot;0&quot;,&quot;credit&quot;:&quot;&quot;,&quot;camera&quot;:&quot;&quot;,&quot;caption&quot;:&quot;&quot;,&quot;created_timestamp&quot;:&quot;0&quot;,&quot;copyright&quot;:&quot;&quot;,&quot;focal_length&quot;:&quot;0&quot;,&quot;iso&quot;:&quot;0&quot;,&quot;shutter_speed&quot;:&quot;0&quot;,&quot;title&quot;:&quot;&quot;,&quot;orientation&quot;:&quot;1&quot;}\" data-image-title=\"serra-3-classifica\u00e7\u00e3o\" data-image-description=\"\" data-medium-file=\"https:\/\/faroldenoticias.com.br\/wp-content\/uploads\/2020\/10\/serra-3-classifica\u00e7\u00e3o-300x187.jpg\" data-large-file=\"https:\/\/faroldenoticias.com.br\/wp-content\/uploads\/2020\/10\/serra-3-classifica\u00e7\u00e3o.jpg\" \/><\/p>\n<p><strong>SOBRE A PESQUISA<\/strong><\/p>\n<p>A pesquisa foi registrada com o n\u00famero de identifica\u00e7\u00e3o PE-03167\/2020. Foram 300 entrevistas realizadas dia 21 de outubro. A margem de erro \u00e9 de 5,7% para mais ou para menos, com intervalo de confian\u00e7a de 95%. Nome da entidade que realizou a pesquisa: Andr\u00e9 Cavalcante Falabella LTDA. Nome de fantasia: Instituto de pesquisa M\u00faltipla. Nome do contratante: Andr\u00e9 Cavalcante Falabella LTDA. Nome de fantasia: Instituto de pesquisa M\u00faltipla. Observa\u00e7\u00e3o: A soma das respostas que n\u00e3o totalizarem 100% s\u00e3o decorrentes de arredondamento do programa.<\/p>\n","protected":false},"excerpt":{"rendered":"<p>Conrado cresceu e chegou a 51,7% das inten\u00e7\u00f5es de voto de acordo com levantamento do Instituto M\u00faltipla realizado dia 21 de outubro. No levantamento, a candidata Socorro de Carlos Evandro se manteve est\u00e1vel, com 18,3%. Victor Oliveira tamb\u00e9m n\u00e3o teve altera\u00e7\u00e3o significativa e apareceu com 10,7%. Outro fato importante foi a desidrata\u00e7\u00e3o de Marquinhos Dantas, caindo a 0,7% das inten\u00e7\u00f5es de voto. Disseram votar branco ou nulo, 5,3%. Indecisos s\u00e3o 12,3%. N\u00e3o opinaram 1% dos entrevistados. Na primeira pesquisa em 13 de setembro, M\u00e1rcia tinha 43%. Foi a 46% no levantamento divulgado em 4 de outubro e agora tem 51,7%, [&hellip;]<\/p>\n","protected":false},"author":2,"featured_media":2741,"comment_status":"open","ping_status":"open","sticky":false,"template":"","format":"standard","meta":{"_jetpack_memberships_contains_paid_content":false,"footnotes":"","jetpack_publicize_message":"","jetpack_publicize_feature_enabled":true,"jetpack_social_post_already_shared":true,"jetpack_social_options":{"image_generator_settings":{"template":"highway","enabled":false},"version":2}},"categories":[2],"tags":[],"class_list":["post-3972","post","type-post","status-publish","format-standard","has-post-thumbnail","hentry","category-noticias"],"jetpack_publicize_connections":[],"yoast_head":"<!-- This site is optimized with the Yoast SEO plugin v24.7 - https:\/\/yoast.com\/wordpress\/plugins\/seo\/ -->\n<title>Candidata governista em Serra atingiu 51% das inten\u00e7\u00f5es de voto - Serra FM 87,9<\/title>\n<meta name=\"robots\" content=\"index, follow, max-snippet:-1, max-image-preview:large, max-video-preview:-1\" \/>\n<link rel=\"canonical\" href=\"https:\/\/serrafm879.com.br\/serrafm\/2020\/10\/candidata-governista-em-serra-atingiu-51-das-intencoes-de-voto\/\" \/>\n<meta property=\"og:locale\" content=\"pt_BR\" \/>\n<meta property=\"og:type\" content=\"article\" \/>\n<meta property=\"og:title\" content=\"Candidata governista em Serra atingiu 51% das inten\u00e7\u00f5es de voto - Serra FM 87,9\" \/>\n<meta property=\"og:description\" content=\"Conrado cresceu e chegou a 51,7% das inten\u00e7\u00f5es de voto de acordo com levantamento do Instituto M\u00faltipla realizado dia 21 de outubro. No levantamento, a candidata Socorro de Carlos Evandro se manteve est\u00e1vel, com 18,3%. Victor Oliveira tamb\u00e9m n\u00e3o teve altera\u00e7\u00e3o significativa e apareceu com 10,7%. Outro fato importante foi a desidrata\u00e7\u00e3o de Marquinhos Dantas, caindo a 0,7% das inten\u00e7\u00f5es de voto. Disseram votar branco ou nulo, 5,3%. Indecisos s\u00e3o 12,3%. N\u00e3o opinaram 1% dos entrevistados. Na primeira pesquisa em 13 de setembro, M\u00e1rcia tinha 43%. Foi a 46% no levantamento divulgado em 4 de outubro e agora tem 51,7%, [&hellip;]\" \/>\n<meta property=\"og:url\" content=\"https:\/\/serrafm879.com.br\/serrafm\/2020\/10\/candidata-governista-em-serra-atingiu-51-das-intencoes-de-voto\/\" \/>\n<meta property=\"og:site_name\" content=\"Serra FM 87,9\" \/>\n<meta property=\"article:published_time\" content=\"2020-10-24T17:00:04+00:00\" \/>\n<meta property=\"og:image\" content=\"https:\/\/serrafm879.com.br\/serrafm\/wp-content\/uploads\/2020\/05\/urna-eletr.jpg\" \/>\n\t<meta property=\"og:image:width\" content=\"475\" \/>\n\t<meta property=\"og:image:height\" content=\"365\" \/>\n\t<meta property=\"og:image:type\" content=\"image\/jpeg\" \/>\n<meta name=\"author\" content=\"serrafm87\" \/>\n<meta name=\"twitter:card\" content=\"summary_large_image\" \/>\n<meta name=\"twitter:label1\" content=\"Escrito por\" \/>\n\t<meta name=\"twitter:data1\" content=\"serrafm87\" \/>\n\t<meta name=\"twitter:label2\" content=\"Est. tempo de leitura\" \/>\n\t<meta name=\"twitter:data2\" content=\"2 minutos\" \/>\n<script type=\"application\/ld+json\" class=\"yoast-schema-graph\">{\"@context\":\"https:\/\/schema.org\",\"@graph\":[{\"@type\":\"WebPage\",\"@id\":\"https:\/\/serrafm879.com.br\/serrafm\/2020\/10\/candidata-governista-em-serra-atingiu-51-das-intencoes-de-voto\/\",\"url\":\"https:\/\/serrafm879.com.br\/serrafm\/2020\/10\/candidata-governista-em-serra-atingiu-51-das-intencoes-de-voto\/\",\"name\":\"Candidata governista em Serra atingiu 51% das inten\u00e7\u00f5es de voto - Serra FM 87,9\",\"isPartOf\":{\"@id\":\"https:\/\/serrafm879.com.br\/serrafm\/#website\"},\"primaryImageOfPage\":{\"@id\":\"https:\/\/serrafm879.com.br\/serrafm\/2020\/10\/candidata-governista-em-serra-atingiu-51-das-intencoes-de-voto\/#primaryimage\"},\"image\":{\"@id\":\"https:\/\/serrafm879.com.br\/serrafm\/2020\/10\/candidata-governista-em-serra-atingiu-51-das-intencoes-de-voto\/#primaryimage\"},\"thumbnailUrl\":\"https:\/\/serrafm879.com.br\/serrafm\/wp-content\/uploads\/2020\/05\/urna-eletr.jpg\",\"datePublished\":\"2020-10-24T17:00:04+00:00\",\"author\":{\"@id\":\"https:\/\/serrafm879.com.br\/serrafm\/#\/schema\/person\/c028a197030ff8b1c03c68dfba4a787a\"},\"breadcrumb\":{\"@id\":\"https:\/\/serrafm879.com.br\/serrafm\/2020\/10\/candidata-governista-em-serra-atingiu-51-das-intencoes-de-voto\/#breadcrumb\"},\"inLanguage\":\"pt-BR\",\"potentialAction\":[{\"@type\":\"ReadAction\",\"target\":[\"https:\/\/serrafm879.com.br\/serrafm\/2020\/10\/candidata-governista-em-serra-atingiu-51-das-intencoes-de-voto\/\"]}]},{\"@type\":\"ImageObject\",\"inLanguage\":\"pt-BR\",\"@id\":\"https:\/\/serrafm879.com.br\/serrafm\/2020\/10\/candidata-governista-em-serra-atingiu-51-das-intencoes-de-voto\/#primaryimage\",\"url\":\"https:\/\/serrafm879.com.br\/serrafm\/wp-content\/uploads\/2020\/05\/urna-eletr.jpg\",\"contentUrl\":\"https:\/\/serrafm879.com.br\/serrafm\/wp-content\/uploads\/2020\/05\/urna-eletr.jpg\",\"width\":475,\"height\":365},{\"@type\":\"BreadcrumbList\",\"@id\":\"https:\/\/serrafm879.com.br\/serrafm\/2020\/10\/candidata-governista-em-serra-atingiu-51-das-intencoes-de-voto\/#breadcrumb\",\"itemListElement\":[{\"@type\":\"ListItem\",\"position\":1,\"name\":\"In\u00edcio\",\"item\":\"https:\/\/serrafm879.com.br\/serrafm\/\"},{\"@type\":\"ListItem\",\"position\":2,\"name\":\"Candidata governista em Serra atingiu 51% das inten\u00e7\u00f5es de voto\"}]},{\"@type\":\"WebSite\",\"@id\":\"https:\/\/serrafm879.com.br\/serrafm\/#website\",\"url\":\"https:\/\/serrafm879.com.br\/serrafm\/\",\"name\":\"Serra FM 87,9\",\"description\":\"O seu novo amor!\",\"potentialAction\":[{\"@type\":\"SearchAction\",\"target\":{\"@type\":\"EntryPoint\",\"urlTemplate\":\"https:\/\/serrafm879.com.br\/serrafm\/?s={search_term_string}\"},\"query-input\":{\"@type\":\"PropertyValueSpecification\",\"valueRequired\":true,\"valueName\":\"search_term_string\"}}],\"inLanguage\":\"pt-BR\"},{\"@type\":\"Person\",\"@id\":\"https:\/\/serrafm879.com.br\/serrafm\/#\/schema\/person\/c028a197030ff8b1c03c68dfba4a787a\",\"name\":\"serrafm87\",\"image\":{\"@type\":\"ImageObject\",\"inLanguage\":\"pt-BR\",\"@id\":\"https:\/\/serrafm879.com.br\/serrafm\/#\/schema\/person\/image\/\",\"url\":\"https:\/\/secure.gravatar.com\/avatar\/a743233f1112d34f48bb3dc9559b76eb930bab8b27175856cba6362608736235?s=96&d=mm&r=g\",\"contentUrl\":\"https:\/\/secure.gravatar.com\/avatar\/a743233f1112d34f48bb3dc9559b76eb930bab8b27175856cba6362608736235?s=96&d=mm&r=g\",\"caption\":\"serrafm87\"},\"sameAs\":[\"http:\/\/serrafm879.com.br\/\"],\"url\":\"https:\/\/serrafm879.com.br\/serrafm\/author\/serrafm87\/\"}]}<\/script>\n<!-- \/ Yoast SEO plugin. -->","yoast_head_json":{"title":"Candidata governista em Serra atingiu 51% das inten\u00e7\u00f5es de voto - Serra FM 87,9","robots":{"index":"index","follow":"follow","max-snippet":"max-snippet:-1","max-image-preview":"max-image-preview:large","max-video-preview":"max-video-preview:-1"},"canonical":"https:\/\/serrafm879.com.br\/serrafm\/2020\/10\/candidata-governista-em-serra-atingiu-51-das-intencoes-de-voto\/","og_locale":"pt_BR","og_type":"article","og_title":"Candidata governista em Serra atingiu 51% das inten\u00e7\u00f5es de voto - Serra FM 87,9","og_description":"Conrado cresceu e chegou a 51,7% das inten\u00e7\u00f5es de voto de acordo com levantamento do Instituto M\u00faltipla realizado dia 21 de outubro. No levantamento, a candidata Socorro de Carlos Evandro se manteve est\u00e1vel, com 18,3%. Victor Oliveira tamb\u00e9m n\u00e3o teve altera\u00e7\u00e3o significativa e apareceu com 10,7%. Outro fato importante foi a desidrata\u00e7\u00e3o de Marquinhos Dantas, caindo a 0,7% das inten\u00e7\u00f5es de voto. Disseram votar branco ou nulo, 5,3%. Indecisos s\u00e3o 12,3%. N\u00e3o opinaram 1% dos entrevistados. Na primeira pesquisa em 13 de setembro, M\u00e1rcia tinha 43%. Foi a 46% no levantamento divulgado em 4 de outubro e agora tem 51,7%, [&hellip;]","og_url":"https:\/\/serrafm879.com.br\/serrafm\/2020\/10\/candidata-governista-em-serra-atingiu-51-das-intencoes-de-voto\/","og_site_name":"Serra FM 87,9","article_published_time":"2020-10-24T17:00:04+00:00","og_image":[{"width":475,"height":365,"url":"https:\/\/serrafm879.com.br\/serrafm\/wp-content\/uploads\/2020\/05\/urna-eletr.jpg","type":"image\/jpeg"}],"author":"serrafm87","twitter_card":"summary_large_image","twitter_misc":{"Escrito por":"serrafm87","Est. tempo de leitura":"2 minutos"},"schema":{"@context":"https:\/\/schema.org","@graph":[{"@type":"WebPage","@id":"https:\/\/serrafm879.com.br\/serrafm\/2020\/10\/candidata-governista-em-serra-atingiu-51-das-intencoes-de-voto\/","url":"https:\/\/serrafm879.com.br\/serrafm\/2020\/10\/candidata-governista-em-serra-atingiu-51-das-intencoes-de-voto\/","name":"Candidata governista em Serra atingiu 51% das inten\u00e7\u00f5es de voto - Serra FM 87,9","isPartOf":{"@id":"https:\/\/serrafm879.com.br\/serrafm\/#website"},"primaryImageOfPage":{"@id":"https:\/\/serrafm879.com.br\/serrafm\/2020\/10\/candidata-governista-em-serra-atingiu-51-das-intencoes-de-voto\/#primaryimage"},"image":{"@id":"https:\/\/serrafm879.com.br\/serrafm\/2020\/10\/candidata-governista-em-serra-atingiu-51-das-intencoes-de-voto\/#primaryimage"},"thumbnailUrl":"https:\/\/serrafm879.com.br\/serrafm\/wp-content\/uploads\/2020\/05\/urna-eletr.jpg","datePublished":"2020-10-24T17:00:04+00:00","author":{"@id":"https:\/\/serrafm879.com.br\/serrafm\/#\/schema\/person\/c028a197030ff8b1c03c68dfba4a787a"},"breadcrumb":{"@id":"https:\/\/serrafm879.com.br\/serrafm\/2020\/10\/candidata-governista-em-serra-atingiu-51-das-intencoes-de-voto\/#breadcrumb"},"inLanguage":"pt-BR","potentialAction":[{"@type":"ReadAction","target":["https:\/\/serrafm879.com.br\/serrafm\/2020\/10\/candidata-governista-em-serra-atingiu-51-das-intencoes-de-voto\/"]}]},{"@type":"ImageObject","inLanguage":"pt-BR","@id":"https:\/\/serrafm879.com.br\/serrafm\/2020\/10\/candidata-governista-em-serra-atingiu-51-das-intencoes-de-voto\/#primaryimage","url":"https:\/\/serrafm879.com.br\/serrafm\/wp-content\/uploads\/2020\/05\/urna-eletr.jpg","contentUrl":"https:\/\/serrafm879.com.br\/serrafm\/wp-content\/uploads\/2020\/05\/urna-eletr.jpg","width":475,"height":365},{"@type":"BreadcrumbList","@id":"https:\/\/serrafm879.com.br\/serrafm\/2020\/10\/candidata-governista-em-serra-atingiu-51-das-intencoes-de-voto\/#breadcrumb","itemListElement":[{"@type":"ListItem","position":1,"name":"In\u00edcio","item":"https:\/\/serrafm879.com.br\/serrafm\/"},{"@type":"ListItem","position":2,"name":"Candidata governista em Serra atingiu 51% das inten\u00e7\u00f5es de voto"}]},{"@type":"WebSite","@id":"https:\/\/serrafm879.com.br\/serrafm\/#website","url":"https:\/\/serrafm879.com.br\/serrafm\/","name":"Serra FM 87,9","description":"O seu novo amor!","potentialAction":[{"@type":"SearchAction","target":{"@type":"EntryPoint","urlTemplate":"https:\/\/serrafm879.com.br\/serrafm\/?s={search_term_string}"},"query-input":{"@type":"PropertyValueSpecification","valueRequired":true,"valueName":"search_term_string"}}],"inLanguage":"pt-BR"},{"@type":"Person","@id":"https:\/\/serrafm879.com.br\/serrafm\/#\/schema\/person\/c028a197030ff8b1c03c68dfba4a787a","name":"serrafm87","image":{"@type":"ImageObject","inLanguage":"pt-BR","@id":"https:\/\/serrafm879.com.br\/serrafm\/#\/schema\/person\/image\/","url":"https:\/\/secure.gravatar.com\/avatar\/a743233f1112d34f48bb3dc9559b76eb930bab8b27175856cba6362608736235?s=96&d=mm&r=g","contentUrl":"https:\/\/secure.gravatar.com\/avatar\/a743233f1112d34f48bb3dc9559b76eb930bab8b27175856cba6362608736235?s=96&d=mm&r=g","caption":"serrafm87"},"sameAs":["http:\/\/serrafm879.com.br\/"],"url":"https:\/\/serrafm879.com.br\/serrafm\/author\/serrafm87\/"}]}},"jetpack_featured_media_url":"https:\/\/serrafm879.com.br\/serrafm\/wp-content\/uploads\/2020\/05\/urna-eletr.jpg","jetpack_shortlink":"https:\/\/wp.me\/p7HyXg-124","jetpack_sharing_enabled":true,"_links":{"self":[{"href":"https:\/\/serrafm879.com.br\/serrafm\/wp-json\/wp\/v2\/posts\/3972","targetHints":{"allow":["GET"]}}],"collection":[{"href":"https:\/\/serrafm879.com.br\/serrafm\/wp-json\/wp\/v2\/posts"}],"about":[{"href":"https:\/\/serrafm879.com.br\/serrafm\/wp-json\/wp\/v2\/types\/post"}],"author":[{"embeddable":true,"href":"https:\/\/serrafm879.com.br\/serrafm\/wp-json\/wp\/v2\/users\/2"}],"replies":[{"embeddable":true,"href":"https:\/\/serrafm879.com.br\/serrafm\/wp-json\/wp\/v2\/comments?post=3972"}],"version-history":[{"count":1,"href":"https:\/\/serrafm879.com.br\/serrafm\/wp-json\/wp\/v2\/posts\/3972\/revisions"}],"predecessor-version":[{"id":3973,"href":"https:\/\/serrafm879.com.br\/serrafm\/wp-json\/wp\/v2\/posts\/3972\/revisions\/3973"}],"wp:featuredmedia":[{"embeddable":true,"href":"https:\/\/serrafm879.com.br\/serrafm\/wp-json\/wp\/v2\/media\/2741"}],"wp:attachment":[{"href":"https:\/\/serrafm879.com.br\/serrafm\/wp-json\/wp\/v2\/media?parent=3972"}],"wp:term":[{"taxonomy":"category","embeddable":true,"href":"https:\/\/serrafm879.com.br\/serrafm\/wp-json\/wp\/v2\/categories?post=3972"},{"taxonomy":"post_tag","embeddable":true,"href":"https:\/\/serrafm879.com.br\/serrafm\/wp-json\/wp\/v2\/tags?post=3972"}],"curies":[{"name":"wp","href":"https:\/\/api.w.org\/{rel}","templated":true}]}}