{"id":3985,"date":"2020-10-26T06:36:27","date_gmt":"2020-10-26T09:36:27","guid":{"rendered":"https:\/?p=3985"},"modified":"2020-10-26T06:36:27","modified_gmt":"2020-10-26T09:36:27","slug":"nordeste-pode-ter-segunda-onda-de-covid-19-nos-proximos-meses-alerta-comite","status":"publish","type":"post","link":"https:\/\/serrafm879.com.br\/serrafm\/2020\/10\/nordeste-pode-ter-segunda-onda-de-covid-19-nos-proximos-meses-alerta-comite\/","title":{"rendered":"Nordeste pode ter segunda onda de Covid-19 nos pr\u00f3ximos meses, alerta comit\u00ea"},"content":{"rendered":"<p>A segunda onda da pandemia de Covid-19, que j\u00e1 preocupa Europa e Estados Unidos, pode atingir o Nordeste nos pr\u00f3ximos meses. \u00c9 o que alerta o Comit\u00ea Cient\u00edfico do Cons\u00f3rcio Nordeste. A entidade refor\u00e7a que o risco \u00e9 causado pelo relaxamento nos cuidados, campanhas eleitorais e vinda de turistas europeus para o ver\u00e3o nas praias nordestinas.<\/p>\n<p>\u201cH\u00e1 um risco real de que nos pr\u00f3ximos meses tenhamos um fluxo de portadores do Sars-CoV-2, at\u00e9 de cepas diferentes das que aqui prevalecem\u201d, alerta Miguel Nicolelis, neurocientista e um dos coordenadores do comit\u00ea. Para frear a possibilidade, o comit\u00ea alerta que sejam implantados em todos os aeroportos da regi\u00e3o estandes sanit\u00e1rios com equipes de sa\u00fade munidas de folhetos informativos, equipamentos de aferi\u00e7\u00e3o de temperatura e kits de testagem r\u00e1pida de passageiros provenientes do exterior.<\/p>\n<div class=\"dn_noticiasRelacionadas\">\n<div class=\"spacer30\"><span style=\"font-size: 1.21429rem;\">O comit\u00ea ressalta que turistas vindos de regi\u00f5es com aumento de casos da Covid-19 e que n\u00e3o apresentarem atestados que comprovem a aus\u00eancia de infec\u00e7\u00e3o devem ser colocados em quarentena de 14 dias. \u201cJ\u00e1 passamos por essa situa\u00e7\u00e3o de ver os acontecimentos primeiro na Europa e depois se reproduzindo aqui. Temos uma oportunidade, desta vez, de n\u00e3o deixar isso se repetir\u201d, refor\u00e7a Nicolelis.\u00a0<\/span><\/div>\n<\/div>\n<p><strong>Pico da pandemia<\/strong><br \/>\nO boletim n\u00ba 12 do Comit\u00ea Cient\u00edfico mostra que a pandemia de Covid-19 j\u00e1 atingiu o seu pico em todos os estados da regi\u00e3o Nordeste. A entidade usou modelos de previs\u00e3o matem\u00e1tica para chegar \u00e0 conclus\u00e3o.<\/p>\n<p>\u201cIsso fez com que, em v\u00e1rios locais, as medidas de isolamento social fossem diminu\u00eddas al\u00e9m do necess\u00e1rio, resultando em alta probabilidade de uma poss\u00edvel segunda onda\u201d, constata o ex-ministro da Ci\u00eancia e Tecnologia e tamb\u00e9m coordenador do Comit\u00ea Cient\u00edfico do Nordeste.<\/p>\n<p>O coordenador ainda frisa a \u201cprem\u00eancia de se adotarem as medidas sugeridas pelo Comit\u00ea porque uma nova onda de Covid-19, obviamente, poder\u00e1 trazer s\u00e9rias consequ\u00eancias econ\u00f4micas, sanit\u00e1rias e sociais, complicando ainda mais o cen\u00e1rio delicado que j\u00e1 vimos enfrentando neste ano\u201d.<\/p>\n<p><strong>Elei\u00e7\u00f5es<\/strong><br \/>\nCenas de aglomera\u00e7\u00f5es em com\u00edcios e atos da campanha eleitoral tamb\u00e9m preocupam o comit\u00ea. Em geral, as campanhas criam eventos \u201conde pessoas desprezam todas as normas sanit\u00e1rias indicadas pela Organiza\u00e7\u00e3o Mundial de Sa\u00fade\u201d, diz o boletim.<\/p>\n<p>Invariavelmente, nas aglomera\u00e7\u00f5es o risco desse tipo de contamina\u00e7\u00e3o aumenta consideravelmente, gerando a expectativa de que, no per\u00edodo p\u00f3s-elei\u00e7\u00e3o, possa ocorrer uma segunda onda da epidemia. Infelizmente, a maioria dos candidatos coloca sua elei\u00e7\u00e3o como prioridade, desconsiderando a vida de seus eleitores e as suas pr\u00f3prias\u201d, criticam os cientistas.<\/p>\n<p>Nas aglomera\u00e7\u00f5es as pessoas retiram as m\u00e1scaras com muita frequ\u00eancia, o que potencializa o risco. \u201cUm estudo publicado na revista Science indicou que o v\u00edrus pode permanecer no ar por algumas horas, ou seja, tirar a m\u00e1scara em aglomera\u00e7\u00f5es \u00e9 um grande risco\u201d, alertam os cientistas.<\/p>\n","protected":false},"excerpt":{"rendered":"<p>A segunda onda da pandemia de Covid-19, que j\u00e1 preocupa Europa e Estados Unidos, pode atingir o Nordeste nos pr\u00f3ximos meses. \u00c9 o que alerta o Comit\u00ea Cient\u00edfico do Cons\u00f3rcio Nordeste. A entidade refor\u00e7a que o risco \u00e9 causado pelo relaxamento nos cuidados, campanhas eleitorais e vinda de turistas europeus para o ver\u00e3o nas praias nordestinas. \u201cH\u00e1 um risco real de que nos pr\u00f3ximos meses tenhamos um fluxo de portadores do Sars-CoV-2, at\u00e9 de cepas diferentes das que aqui prevalecem\u201d, alerta Miguel Nicolelis, neurocientista e um dos coordenadores do comit\u00ea. Para frear a possibilidade, o comit\u00ea alerta que sejam implantados [&hellip;]<\/p>\n","protected":false},"author":2,"featured_media":2400,"comment_status":"open","ping_status":"open","sticky":false,"template":"","format":"standard","meta":{"_jetpack_memberships_contains_paid_content":false,"footnotes":"","jetpack_publicize_message":"","jetpack_publicize_feature_enabled":true,"jetpack_social_post_already_shared":true,"jetpack_social_options":{"image_generator_settings":{"template":"highway","enabled":false},"version":2}},"categories":[2],"tags":[],"class_list":["post-3985","post","type-post","status-publish","format-standard","has-post-thumbnail","hentry","category-noticias"],"jetpack_publicize_connections":[],"yoast_head":"<!-- This site is optimized with the Yoast SEO plugin v24.7 - https:\/\/yoast.com\/wordpress\/plugins\/seo\/ -->\n<title>Nordeste pode ter segunda onda de Covid-19 nos pr\u00f3ximos meses, alerta comit\u00ea - Serra FM 87,9<\/title>\n<meta name=\"robots\" content=\"index, follow, max-snippet:-1, max-image-preview:large, max-video-preview:-1\" \/>\n<link rel=\"canonical\" href=\"https:\/\/serrafm879.com.br\/serrafm\/2020\/10\/nordeste-pode-ter-segunda-onda-de-covid-19-nos-proximos-meses-alerta-comite\/\" \/>\n<meta property=\"og:locale\" content=\"pt_BR\" \/>\n<meta property=\"og:type\" content=\"article\" \/>\n<meta property=\"og:title\" content=\"Nordeste pode ter segunda onda de Covid-19 nos pr\u00f3ximos meses, alerta comit\u00ea - Serra FM 87,9\" \/>\n<meta property=\"og:description\" content=\"A segunda onda da pandemia de Covid-19, que j\u00e1 preocupa Europa e Estados Unidos, pode atingir o Nordeste nos pr\u00f3ximos meses. \u00c9 o que alerta o Comit\u00ea Cient\u00edfico do Cons\u00f3rcio Nordeste. A entidade refor\u00e7a que o risco \u00e9 causado pelo relaxamento nos cuidados, campanhas eleitorais e vinda de turistas europeus para o ver\u00e3o nas praias nordestinas. \u201cH\u00e1 um risco real de que nos pr\u00f3ximos meses tenhamos um fluxo de portadores do Sars-CoV-2, at\u00e9 de cepas diferentes das que aqui prevalecem\u201d, alerta Miguel Nicolelis, neurocientista e um dos coordenadores do comit\u00ea. Para frear a possibilidade, o comit\u00ea alerta que sejam implantados [&hellip;]\" \/>\n<meta property=\"og:url\" content=\"https:\/\/serrafm879.com.br\/serrafm\/2020\/10\/nordeste-pode-ter-segunda-onda-de-covid-19-nos-proximos-meses-alerta-comite\/\" \/>\n<meta property=\"og:site_name\" content=\"Serra FM 87,9\" \/>\n<meta property=\"article:published_time\" content=\"2020-10-26T09:36:27+00:00\" \/>\n<meta property=\"og:image\" content=\"https:\/\/serrafm879.com.br\/serrafm\/wp-content\/uploads\/2020\/04\/covid-19.jpg\" \/>\n\t<meta property=\"og:image:width\" content=\"984\" \/>\n\t<meta property=\"og:image:height\" content=\"653\" \/>\n\t<meta property=\"og:image:type\" content=\"image\/jpeg\" \/>\n<meta name=\"author\" content=\"serrafm87\" \/>\n<meta name=\"twitter:card\" content=\"summary_large_image\" \/>\n<meta name=\"twitter:label1\" content=\"Escrito por\" \/>\n\t<meta name=\"twitter:data1\" content=\"serrafm87\" \/>\n\t<meta name=\"twitter:label2\" content=\"Est. tempo de leitura\" \/>\n\t<meta name=\"twitter:data2\" content=\"2 minutos\" \/>\n<script type=\"application\/ld+json\" class=\"yoast-schema-graph\">{\"@context\":\"https:\/\/schema.org\",\"@graph\":[{\"@type\":\"WebPage\",\"@id\":\"https:\/\/serrafm879.com.br\/serrafm\/2020\/10\/nordeste-pode-ter-segunda-onda-de-covid-19-nos-proximos-meses-alerta-comite\/\",\"url\":\"https:\/\/serrafm879.com.br\/serrafm\/2020\/10\/nordeste-pode-ter-segunda-onda-de-covid-19-nos-proximos-meses-alerta-comite\/\",\"name\":\"Nordeste pode ter segunda onda de Covid-19 nos pr\u00f3ximos meses, alerta comit\u00ea - Serra FM 87,9\",\"isPartOf\":{\"@id\":\"https:\/\/serrafm879.com.br\/serrafm\/#website\"},\"primaryImageOfPage\":{\"@id\":\"https:\/\/serrafm879.com.br\/serrafm\/2020\/10\/nordeste-pode-ter-segunda-onda-de-covid-19-nos-proximos-meses-alerta-comite\/#primaryimage\"},\"image\":{\"@id\":\"https:\/\/serrafm879.com.br\/serrafm\/2020\/10\/nordeste-pode-ter-segunda-onda-de-covid-19-nos-proximos-meses-alerta-comite\/#primaryimage\"},\"thumbnailUrl\":\"https:\/\/serrafm879.com.br\/serrafm\/wp-content\/uploads\/2020\/04\/covid-19.jpg\",\"datePublished\":\"2020-10-26T09:36:27+00:00\",\"author\":{\"@id\":\"https:\/\/serrafm879.com.br\/serrafm\/#\/schema\/person\/c028a197030ff8b1c03c68dfba4a787a\"},\"breadcrumb\":{\"@id\":\"https:\/\/serrafm879.com.br\/serrafm\/2020\/10\/nordeste-pode-ter-segunda-onda-de-covid-19-nos-proximos-meses-alerta-comite\/#breadcrumb\"},\"inLanguage\":\"pt-BR\",\"potentialAction\":[{\"@type\":\"ReadAction\",\"target\":[\"https:\/\/serrafm879.com.br\/serrafm\/2020\/10\/nordeste-pode-ter-segunda-onda-de-covid-19-nos-proximos-meses-alerta-comite\/\"]}]},{\"@type\":\"ImageObject\",\"inLanguage\":\"pt-BR\",\"@id\":\"https:\/\/serrafm879.com.br\/serrafm\/2020\/10\/nordeste-pode-ter-segunda-onda-de-covid-19-nos-proximos-meses-alerta-comite\/#primaryimage\",\"url\":\"https:\/\/serrafm879.com.br\/serrafm\/wp-content\/uploads\/2020\/04\/covid-19.jpg\",\"contentUrl\":\"https:\/\/serrafm879.com.br\/serrafm\/wp-content\/uploads\/2020\/04\/covid-19.jpg\",\"width\":984,\"height\":653},{\"@type\":\"BreadcrumbList\",\"@id\":\"https:\/\/serrafm879.com.br\/serrafm\/2020\/10\/nordeste-pode-ter-segunda-onda-de-covid-19-nos-proximos-meses-alerta-comite\/#breadcrumb\",\"itemListElement\":[{\"@type\":\"ListItem\",\"position\":1,\"name\":\"In\u00edcio\",\"item\":\"https:\/\/serrafm879.com.br\/serrafm\/\"},{\"@type\":\"ListItem\",\"position\":2,\"name\":\"Nordeste pode ter segunda onda de Covid-19 nos pr\u00f3ximos meses, alerta comit\u00ea\"}]},{\"@type\":\"WebSite\",\"@id\":\"https:\/\/serrafm879.com.br\/serrafm\/#website\",\"url\":\"https:\/\/serrafm879.com.br\/serrafm\/\",\"name\":\"Serra FM 87,9\",\"description\":\"O seu novo amor!\",\"potentialAction\":[{\"@type\":\"SearchAction\",\"target\":{\"@type\":\"EntryPoint\",\"urlTemplate\":\"https:\/\/serrafm879.com.br\/serrafm\/?s={search_term_string}\"},\"query-input\":{\"@type\":\"PropertyValueSpecification\",\"valueRequired\":true,\"valueName\":\"search_term_string\"}}],\"inLanguage\":\"pt-BR\"},{\"@type\":\"Person\",\"@id\":\"https:\/\/serrafm879.com.br\/serrafm\/#\/schema\/person\/c028a197030ff8b1c03c68dfba4a787a\",\"name\":\"serrafm87\",\"image\":{\"@type\":\"ImageObject\",\"inLanguage\":\"pt-BR\",\"@id\":\"https:\/\/serrafm879.com.br\/serrafm\/#\/schema\/person\/image\/\",\"url\":\"https:\/\/secure.gravatar.com\/avatar\/a743233f1112d34f48bb3dc9559b76eb930bab8b27175856cba6362608736235?s=96&d=mm&r=g\",\"contentUrl\":\"https:\/\/secure.gravatar.com\/avatar\/a743233f1112d34f48bb3dc9559b76eb930bab8b27175856cba6362608736235?s=96&d=mm&r=g\",\"caption\":\"serrafm87\"},\"sameAs\":[\"http:\/\/serrafm879.com.br\/\"],\"url\":\"https:\/\/serrafm879.com.br\/serrafm\/author\/serrafm87\/\"}]}<\/script>\n<!-- \/ Yoast SEO plugin. -->","yoast_head_json":{"title":"Nordeste pode ter segunda onda de Covid-19 nos pr\u00f3ximos meses, alerta comit\u00ea - Serra FM 87,9","robots":{"index":"index","follow":"follow","max-snippet":"max-snippet:-1","max-image-preview":"max-image-preview:large","max-video-preview":"max-video-preview:-1"},"canonical":"https:\/\/serrafm879.com.br\/serrafm\/2020\/10\/nordeste-pode-ter-segunda-onda-de-covid-19-nos-proximos-meses-alerta-comite\/","og_locale":"pt_BR","og_type":"article","og_title":"Nordeste pode ter segunda onda de Covid-19 nos pr\u00f3ximos meses, alerta comit\u00ea - Serra FM 87,9","og_description":"A segunda onda da pandemia de Covid-19, que j\u00e1 preocupa Europa e Estados Unidos, pode atingir o Nordeste nos pr\u00f3ximos meses. \u00c9 o que alerta o Comit\u00ea Cient\u00edfico do Cons\u00f3rcio Nordeste. A entidade refor\u00e7a que o risco \u00e9 causado pelo relaxamento nos cuidados, campanhas eleitorais e vinda de turistas europeus para o ver\u00e3o nas praias nordestinas. \u201cH\u00e1 um risco real de que nos pr\u00f3ximos meses tenhamos um fluxo de portadores do Sars-CoV-2, at\u00e9 de cepas diferentes das que aqui prevalecem\u201d, alerta Miguel Nicolelis, neurocientista e um dos coordenadores do comit\u00ea. Para frear a possibilidade, o comit\u00ea alerta que sejam implantados [&hellip;]","og_url":"https:\/\/serrafm879.com.br\/serrafm\/2020\/10\/nordeste-pode-ter-segunda-onda-de-covid-19-nos-proximos-meses-alerta-comite\/","og_site_name":"Serra FM 87,9","article_published_time":"2020-10-26T09:36:27+00:00","og_image":[{"width":984,"height":653,"url":"https:\/\/serrafm879.com.br\/serrafm\/wp-content\/uploads\/2020\/04\/covid-19.jpg","type":"image\/jpeg"}],"author":"serrafm87","twitter_card":"summary_large_image","twitter_misc":{"Escrito por":"serrafm87","Est. tempo de leitura":"2 minutos"},"schema":{"@context":"https:\/\/schema.org","@graph":[{"@type":"WebPage","@id":"https:\/\/serrafm879.com.br\/serrafm\/2020\/10\/nordeste-pode-ter-segunda-onda-de-covid-19-nos-proximos-meses-alerta-comite\/","url":"https:\/\/serrafm879.com.br\/serrafm\/2020\/10\/nordeste-pode-ter-segunda-onda-de-covid-19-nos-proximos-meses-alerta-comite\/","name":"Nordeste pode ter segunda onda de Covid-19 nos pr\u00f3ximos meses, alerta comit\u00ea - Serra FM 87,9","isPartOf":{"@id":"https:\/\/serrafm879.com.br\/serrafm\/#website"},"primaryImageOfPage":{"@id":"https:\/\/serrafm879.com.br\/serrafm\/2020\/10\/nordeste-pode-ter-segunda-onda-de-covid-19-nos-proximos-meses-alerta-comite\/#primaryimage"},"image":{"@id":"https:\/\/serrafm879.com.br\/serrafm\/2020\/10\/nordeste-pode-ter-segunda-onda-de-covid-19-nos-proximos-meses-alerta-comite\/#primaryimage"},"thumbnailUrl":"https:\/\/serrafm879.com.br\/serrafm\/wp-content\/uploads\/2020\/04\/covid-19.jpg","datePublished":"2020-10-26T09:36:27+00:00","author":{"@id":"https:\/\/serrafm879.com.br\/serrafm\/#\/schema\/person\/c028a197030ff8b1c03c68dfba4a787a"},"breadcrumb":{"@id":"https:\/\/serrafm879.com.br\/serrafm\/2020\/10\/nordeste-pode-ter-segunda-onda-de-covid-19-nos-proximos-meses-alerta-comite\/#breadcrumb"},"inLanguage":"pt-BR","potentialAction":[{"@type":"ReadAction","target":["https:\/\/serrafm879.com.br\/serrafm\/2020\/10\/nordeste-pode-ter-segunda-onda-de-covid-19-nos-proximos-meses-alerta-comite\/"]}]},{"@type":"ImageObject","inLanguage":"pt-BR","@id":"https:\/\/serrafm879.com.br\/serrafm\/2020\/10\/nordeste-pode-ter-segunda-onda-de-covid-19-nos-proximos-meses-alerta-comite\/#primaryimage","url":"https:\/\/serrafm879.com.br\/serrafm\/wp-content\/uploads\/2020\/04\/covid-19.jpg","contentUrl":"https:\/\/serrafm879.com.br\/serrafm\/wp-content\/uploads\/2020\/04\/covid-19.jpg","width":984,"height":653},{"@type":"BreadcrumbList","@id":"https:\/\/serrafm879.com.br\/serrafm\/2020\/10\/nordeste-pode-ter-segunda-onda-de-covid-19-nos-proximos-meses-alerta-comite\/#breadcrumb","itemListElement":[{"@type":"ListItem","position":1,"name":"In\u00edcio","item":"https:\/\/serrafm879.com.br\/serrafm\/"},{"@type":"ListItem","position":2,"name":"Nordeste pode ter segunda onda de Covid-19 nos pr\u00f3ximos meses, alerta comit\u00ea"}]},{"@type":"WebSite","@id":"https:\/\/serrafm879.com.br\/serrafm\/#website","url":"https:\/\/serrafm879.com.br\/serrafm\/","name":"Serra FM 87,9","description":"O seu novo amor!","potentialAction":[{"@type":"SearchAction","target":{"@type":"EntryPoint","urlTemplate":"https:\/\/serrafm879.com.br\/serrafm\/?s={search_term_string}"},"query-input":{"@type":"PropertyValueSpecification","valueRequired":true,"valueName":"search_term_string"}}],"inLanguage":"pt-BR"},{"@type":"Person","@id":"https:\/\/serrafm879.com.br\/serrafm\/#\/schema\/person\/c028a197030ff8b1c03c68dfba4a787a","name":"serrafm87","image":{"@type":"ImageObject","inLanguage":"pt-BR","@id":"https:\/\/serrafm879.com.br\/serrafm\/#\/schema\/person\/image\/","url":"https:\/\/secure.gravatar.com\/avatar\/a743233f1112d34f48bb3dc9559b76eb930bab8b27175856cba6362608736235?s=96&d=mm&r=g","contentUrl":"https:\/\/secure.gravatar.com\/avatar\/a743233f1112d34f48bb3dc9559b76eb930bab8b27175856cba6362608736235?s=96&d=mm&r=g","caption":"serrafm87"},"sameAs":["http:\/\/serrafm879.com.br\/"],"url":"https:\/\/serrafm879.com.br\/serrafm\/author\/serrafm87\/"}]}},"jetpack_featured_media_url":"https:\/\/serrafm879.com.br\/serrafm\/wp-content\/uploads\/2020\/04\/covid-19.jpg","jetpack_shortlink":"https:\/\/wp.me\/p7HyXg-12h","jetpack_sharing_enabled":true,"_links":{"self":[{"href":"https:\/\/serrafm879.com.br\/serrafm\/wp-json\/wp\/v2\/posts\/3985","targetHints":{"allow":["GET"]}}],"collection":[{"href":"https:\/\/serrafm879.com.br\/serrafm\/wp-json\/wp\/v2\/posts"}],"about":[{"href":"https:\/\/serrafm879.com.br\/serrafm\/wp-json\/wp\/v2\/types\/post"}],"author":[{"embeddable":true,"href":"https:\/\/serrafm879.com.br\/serrafm\/wp-json\/wp\/v2\/users\/2"}],"replies":[{"embeddable":true,"href":"https:\/\/serrafm879.com.br\/serrafm\/wp-json\/wp\/v2\/comments?post=3985"}],"version-history":[{"count":1,"href":"https:\/\/serrafm879.com.br\/serrafm\/wp-json\/wp\/v2\/posts\/3985\/revisions"}],"predecessor-version":[{"id":3986,"href":"https:\/\/serrafm879.com.br\/serrafm\/wp-json\/wp\/v2\/posts\/3985\/revisions\/3986"}],"wp:featuredmedia":[{"embeddable":true,"href":"https:\/\/serrafm879.com.br\/serrafm\/wp-json\/wp\/v2\/media\/2400"}],"wp:attachment":[{"href":"https:\/\/serrafm879.com.br\/serrafm\/wp-json\/wp\/v2\/media?parent=3985"}],"wp:term":[{"taxonomy":"category","embeddable":true,"href":"https:\/\/serrafm879.com.br\/serrafm\/wp-json\/wp\/v2\/categories?post=3985"},{"taxonomy":"post_tag","embeddable":true,"href":"https:\/\/serrafm879.com.br\/serrafm\/wp-json\/wp\/v2\/tags?post=3985"}],"curies":[{"name":"wp","href":"https:\/\/api.w.org\/{rel}","templated":true}]}}