{"id":3989,"date":"2020-10-26T06:48:05","date_gmt":"2020-10-26T09:48:05","guid":{"rendered":"https:\/?p=3989"},"modified":"2020-10-26T06:48:05","modified_gmt":"2020-10-26T09:48:05","slug":"dirigente-do-mst-e-sequestrado-e-assassinado-tiros-no-interior-do-parana","status":"publish","type":"post","link":"https:\/\/serrafm879.com.br\/serrafm\/2020\/10\/dirigente-do-mst-e-sequestrado-e-assassinado-tiros-no-interior-do-parana\/","title":{"rendered":"Dirigente do MST \u00e9 sequestrado e assassinado a tiros no interior do Paran\u00e1"},"content":{"rendered":"<p>O dirigente estadual do Movimento dos Trabalhadores Rurais Sem Terra (MST) do Paran\u00e1, \u00canio Pasqualin, foi assassinado a tiros entre a noite de s\u00e1bado (25) e a manh\u00e3 deste domingo (26), em Rio Bonito do Igua\u00e7u, cidade do interior do Paran\u00e1, estado onde vivia com sua fam\u00edlia.<\/p>\n<p>De acordo com o MST, \u00canio estava com a fam\u00edlia em sua casa, no Assentamento Ireno Alves dos Santo, quando foi surpreendido por um grupo armado que invadiu sua resid\u00eancia e o sequestrou utilizando o carro do pr\u00f3prio militante.<\/p>\n<p>Segundo a Pol\u00edcia Militar, que foi \u00e0 casa de Pasqualin logo ap\u00f3s o sequestro, sua esposa relatou que o grupo chegou a p\u00e9, efetuou disparos no local, roubou documentos, celulares e outros objetos pessoais e, finalmente, saiu com o dirigente em sua caminhonete.<\/p>\n<p>Segundo a Pol\u00edcia Militar, que foi \u00e0 casa de Pasqualin logo ap\u00f3s o sequestro, sua esposa relatou que o grupo chegou a p\u00e9, efetuou disparos no local, roubou documentos, celulares e outros objetos pessoais e, finalmente, saiu com o dirigente em sua caminhonete.<\/p>\n<p>Segundo a Pol\u00edcia Militar, que foi \u00e0 casa de Pasqualin logo ap\u00f3s o sequestro, sua esposa relatou que o grupo chegou a p\u00e9, efetuou disparos no local, roubou documentos, celulares e outros objetos pessoais e, finalmente, saiu com o dirigente em sua caminhonete.<\/p>\n<p>Policiais agora trabalham para localizar os autores do crime e trabalham com motiva\u00e7\u00e3o pol\u00edtica para o assassinato, j\u00e1 que o militante, segundo sua esposa, vinha recebendo amea\u00e7as em \u00e1udios no WhatsApp.<\/p>\n<p>Fonte: F\u00f3rum<\/p>\n","protected":false},"excerpt":{"rendered":"<p>O dirigente estadual do Movimento dos Trabalhadores Rurais Sem Terra (MST) do Paran\u00e1, \u00canio Pasqualin, foi assassinado a tiros entre a noite de s\u00e1bado (25) e a manh\u00e3 deste domingo (26), em Rio Bonito do Igua\u00e7u, cidade do interior do Paran\u00e1, estado onde vivia com sua fam\u00edlia. De acordo com o MST, \u00canio estava com a fam\u00edlia em sua casa, no Assentamento Ireno Alves dos Santo, quando foi surpreendido por um grupo armado que invadiu sua resid\u00eancia e o sequestrou utilizando o carro do pr\u00f3prio militante. Segundo a Pol\u00edcia Militar, que foi \u00e0 casa de Pasqualin logo ap\u00f3s o sequestro, [&hellip;]<\/p>\n","protected":false},"author":2,"featured_media":3990,"comment_status":"open","ping_status":"open","sticky":false,"template":"","format":"standard","meta":{"_jetpack_memberships_contains_paid_content":false,"footnotes":"","jetpack_publicize_message":"","jetpack_publicize_feature_enabled":true,"jetpack_social_post_already_shared":true,"jetpack_social_options":{"image_generator_settings":{"template":"highway","enabled":false},"version":2}},"categories":[2],"tags":[],"class_list":["post-3989","post","type-post","status-publish","format-standard","has-post-thumbnail","hentry","category-noticias"],"jetpack_publicize_connections":[],"yoast_head":"<!-- This site is optimized with the Yoast SEO plugin v24.7 - https:\/\/yoast.com\/wordpress\/plugins\/seo\/ -->\n<title>Dirigente do MST \u00e9 sequestrado e assassinado a tiros no interior do Paran\u00e1 - Serra FM 87,9<\/title>\n<meta name=\"robots\" content=\"index, follow, max-snippet:-1, max-image-preview:large, max-video-preview:-1\" \/>\n<link rel=\"canonical\" href=\"https:\/\/serrafm879.com.br\/serrafm\/2020\/10\/dirigente-do-mst-e-sequestrado-e-assassinado-tiros-no-interior-do-parana\/\" \/>\n<meta property=\"og:locale\" content=\"pt_BR\" \/>\n<meta property=\"og:type\" content=\"article\" \/>\n<meta property=\"og:title\" content=\"Dirigente do MST \u00e9 sequestrado e assassinado a tiros no interior do Paran\u00e1 - Serra FM 87,9\" \/>\n<meta property=\"og:description\" content=\"O dirigente estadual do Movimento dos Trabalhadores Rurais Sem Terra (MST) do Paran\u00e1, \u00canio Pasqualin, foi assassinado a tiros entre a noite de s\u00e1bado (25) e a manh\u00e3 deste domingo (26), em Rio Bonito do Igua\u00e7u, cidade do interior do Paran\u00e1, estado onde vivia com sua fam\u00edlia. De acordo com o MST, \u00canio estava com a fam\u00edlia em sua casa, no Assentamento Ireno Alves dos Santo, quando foi surpreendido por um grupo armado que invadiu sua resid\u00eancia e o sequestrou utilizando o carro do pr\u00f3prio militante. Segundo a Pol\u00edcia Militar, que foi \u00e0 casa de Pasqualin logo ap\u00f3s o sequestro, [&hellip;]\" \/>\n<meta property=\"og:url\" content=\"https:\/\/serrafm879.com.br\/serrafm\/2020\/10\/dirigente-do-mst-e-sequestrado-e-assassinado-tiros-no-interior-do-parana\/\" \/>\n<meta property=\"og:site_name\" content=\"Serra FM 87,9\" \/>\n<meta property=\"article:published_time\" content=\"2020-10-26T09:48:05+00:00\" \/>\n<meta property=\"og:image\" content=\"https:\/\/serrafm879.com.br\/serrafm\/wp-content\/uploads\/2020\/10\/sequestro-enio-pasqualin.jpg\" \/>\n\t<meta property=\"og:image:width\" content=\"667\" \/>\n\t<meta property=\"og:image:height\" content=\"537\" \/>\n\t<meta property=\"og:image:type\" content=\"image\/jpeg\" \/>\n<meta name=\"author\" content=\"serrafm87\" \/>\n<meta name=\"twitter:card\" content=\"summary_large_image\" \/>\n<meta name=\"twitter:label1\" content=\"Escrito por\" \/>\n\t<meta name=\"twitter:data1\" content=\"serrafm87\" \/>\n\t<meta name=\"twitter:label2\" content=\"Est. tempo de leitura\" \/>\n\t<meta name=\"twitter:data2\" content=\"1 minuto\" \/>\n<script type=\"application\/ld+json\" class=\"yoast-schema-graph\">{\"@context\":\"https:\/\/schema.org\",\"@graph\":[{\"@type\":\"WebPage\",\"@id\":\"https:\/\/serrafm879.com.br\/serrafm\/2020\/10\/dirigente-do-mst-e-sequestrado-e-assassinado-tiros-no-interior-do-parana\/\",\"url\":\"https:\/\/serrafm879.com.br\/serrafm\/2020\/10\/dirigente-do-mst-e-sequestrado-e-assassinado-tiros-no-interior-do-parana\/\",\"name\":\"Dirigente do MST \u00e9 sequestrado e assassinado a tiros no interior do Paran\u00e1 - Serra FM 87,9\",\"isPartOf\":{\"@id\":\"https:\/\/serrafm879.com.br\/serrafm\/#website\"},\"primaryImageOfPage\":{\"@id\":\"https:\/\/serrafm879.com.br\/serrafm\/2020\/10\/dirigente-do-mst-e-sequestrado-e-assassinado-tiros-no-interior-do-parana\/#primaryimage\"},\"image\":{\"@id\":\"https:\/\/serrafm879.com.br\/serrafm\/2020\/10\/dirigente-do-mst-e-sequestrado-e-assassinado-tiros-no-interior-do-parana\/#primaryimage\"},\"thumbnailUrl\":\"https:\/\/serrafm879.com.br\/serrafm\/wp-content\/uploads\/2020\/10\/sequestro-enio-pasqualin.jpg\",\"datePublished\":\"2020-10-26T09:48:05+00:00\",\"author\":{\"@id\":\"https:\/\/serrafm879.com.br\/serrafm\/#\/schema\/person\/c028a197030ff8b1c03c68dfba4a787a\"},\"breadcrumb\":{\"@id\":\"https:\/\/serrafm879.com.br\/serrafm\/2020\/10\/dirigente-do-mst-e-sequestrado-e-assassinado-tiros-no-interior-do-parana\/#breadcrumb\"},\"inLanguage\":\"pt-BR\",\"potentialAction\":[{\"@type\":\"ReadAction\",\"target\":[\"https:\/\/serrafm879.com.br\/serrafm\/2020\/10\/dirigente-do-mst-e-sequestrado-e-assassinado-tiros-no-interior-do-parana\/\"]}]},{\"@type\":\"ImageObject\",\"inLanguage\":\"pt-BR\",\"@id\":\"https:\/\/serrafm879.com.br\/serrafm\/2020\/10\/dirigente-do-mst-e-sequestrado-e-assassinado-tiros-no-interior-do-parana\/#primaryimage\",\"url\":\"https:\/\/serrafm879.com.br\/serrafm\/wp-content\/uploads\/2020\/10\/sequestro-enio-pasqualin.jpg\",\"contentUrl\":\"https:\/\/serrafm879.com.br\/serrafm\/wp-content\/uploads\/2020\/10\/sequestro-enio-pasqualin.jpg\",\"width\":667,\"height\":537},{\"@type\":\"BreadcrumbList\",\"@id\":\"https:\/\/serrafm879.com.br\/serrafm\/2020\/10\/dirigente-do-mst-e-sequestrado-e-assassinado-tiros-no-interior-do-parana\/#breadcrumb\",\"itemListElement\":[{\"@type\":\"ListItem\",\"position\":1,\"name\":\"In\u00edcio\",\"item\":\"https:\/\/serrafm879.com.br\/serrafm\/\"},{\"@type\":\"ListItem\",\"position\":2,\"name\":\"Dirigente do MST \u00e9 sequestrado e assassinado a tiros no interior do Paran\u00e1\"}]},{\"@type\":\"WebSite\",\"@id\":\"https:\/\/serrafm879.com.br\/serrafm\/#website\",\"url\":\"https:\/\/serrafm879.com.br\/serrafm\/\",\"name\":\"Serra FM 87,9\",\"description\":\"O seu novo amor!\",\"potentialAction\":[{\"@type\":\"SearchAction\",\"target\":{\"@type\":\"EntryPoint\",\"urlTemplate\":\"https:\/\/serrafm879.com.br\/serrafm\/?s={search_term_string}\"},\"query-input\":{\"@type\":\"PropertyValueSpecification\",\"valueRequired\":true,\"valueName\":\"search_term_string\"}}],\"inLanguage\":\"pt-BR\"},{\"@type\":\"Person\",\"@id\":\"https:\/\/serrafm879.com.br\/serrafm\/#\/schema\/person\/c028a197030ff8b1c03c68dfba4a787a\",\"name\":\"serrafm87\",\"image\":{\"@type\":\"ImageObject\",\"inLanguage\":\"pt-BR\",\"@id\":\"https:\/\/serrafm879.com.br\/serrafm\/#\/schema\/person\/image\/\",\"url\":\"https:\/\/secure.gravatar.com\/avatar\/a743233f1112d34f48bb3dc9559b76eb930bab8b27175856cba6362608736235?s=96&d=mm&r=g\",\"contentUrl\":\"https:\/\/secure.gravatar.com\/avatar\/a743233f1112d34f48bb3dc9559b76eb930bab8b27175856cba6362608736235?s=96&d=mm&r=g\",\"caption\":\"serrafm87\"},\"sameAs\":[\"http:\/\/serrafm879.com.br\/\"],\"url\":\"https:\/\/serrafm879.com.br\/serrafm\/author\/serrafm87\/\"}]}<\/script>\n<!-- \/ Yoast SEO plugin. -->","yoast_head_json":{"title":"Dirigente do MST \u00e9 sequestrado e assassinado a tiros no interior do Paran\u00e1 - Serra FM 87,9","robots":{"index":"index","follow":"follow","max-snippet":"max-snippet:-1","max-image-preview":"max-image-preview:large","max-video-preview":"max-video-preview:-1"},"canonical":"https:\/\/serrafm879.com.br\/serrafm\/2020\/10\/dirigente-do-mst-e-sequestrado-e-assassinado-tiros-no-interior-do-parana\/","og_locale":"pt_BR","og_type":"article","og_title":"Dirigente do MST \u00e9 sequestrado e assassinado a tiros no interior do Paran\u00e1 - Serra FM 87,9","og_description":"O dirigente estadual do Movimento dos Trabalhadores Rurais Sem Terra (MST) do Paran\u00e1, \u00canio Pasqualin, foi assassinado a tiros entre a noite de s\u00e1bado (25) e a manh\u00e3 deste domingo (26), em Rio Bonito do Igua\u00e7u, cidade do interior do Paran\u00e1, estado onde vivia com sua fam\u00edlia. De acordo com o MST, \u00canio estava com a fam\u00edlia em sua casa, no Assentamento Ireno Alves dos Santo, quando foi surpreendido por um grupo armado que invadiu sua resid\u00eancia e o sequestrou utilizando o carro do pr\u00f3prio militante. Segundo a Pol\u00edcia Militar, que foi \u00e0 casa de Pasqualin logo ap\u00f3s o sequestro, [&hellip;]","og_url":"https:\/\/serrafm879.com.br\/serrafm\/2020\/10\/dirigente-do-mst-e-sequestrado-e-assassinado-tiros-no-interior-do-parana\/","og_site_name":"Serra FM 87,9","article_published_time":"2020-10-26T09:48:05+00:00","og_image":[{"width":667,"height":537,"url":"https:\/\/serrafm879.com.br\/serrafm\/wp-content\/uploads\/2020\/10\/sequestro-enio-pasqualin.jpg","type":"image\/jpeg"}],"author":"serrafm87","twitter_card":"summary_large_image","twitter_misc":{"Escrito por":"serrafm87","Est. tempo de leitura":"1 minuto"},"schema":{"@context":"https:\/\/schema.org","@graph":[{"@type":"WebPage","@id":"https:\/\/serrafm879.com.br\/serrafm\/2020\/10\/dirigente-do-mst-e-sequestrado-e-assassinado-tiros-no-interior-do-parana\/","url":"https:\/\/serrafm879.com.br\/serrafm\/2020\/10\/dirigente-do-mst-e-sequestrado-e-assassinado-tiros-no-interior-do-parana\/","name":"Dirigente do MST \u00e9 sequestrado e assassinado a tiros no interior do Paran\u00e1 - Serra FM 87,9","isPartOf":{"@id":"https:\/\/serrafm879.com.br\/serrafm\/#website"},"primaryImageOfPage":{"@id":"https:\/\/serrafm879.com.br\/serrafm\/2020\/10\/dirigente-do-mst-e-sequestrado-e-assassinado-tiros-no-interior-do-parana\/#primaryimage"},"image":{"@id":"https:\/\/serrafm879.com.br\/serrafm\/2020\/10\/dirigente-do-mst-e-sequestrado-e-assassinado-tiros-no-interior-do-parana\/#primaryimage"},"thumbnailUrl":"https:\/\/serrafm879.com.br\/serrafm\/wp-content\/uploads\/2020\/10\/sequestro-enio-pasqualin.jpg","datePublished":"2020-10-26T09:48:05+00:00","author":{"@id":"https:\/\/serrafm879.com.br\/serrafm\/#\/schema\/person\/c028a197030ff8b1c03c68dfba4a787a"},"breadcrumb":{"@id":"https:\/\/serrafm879.com.br\/serrafm\/2020\/10\/dirigente-do-mst-e-sequestrado-e-assassinado-tiros-no-interior-do-parana\/#breadcrumb"},"inLanguage":"pt-BR","potentialAction":[{"@type":"ReadAction","target":["https:\/\/serrafm879.com.br\/serrafm\/2020\/10\/dirigente-do-mst-e-sequestrado-e-assassinado-tiros-no-interior-do-parana\/"]}]},{"@type":"ImageObject","inLanguage":"pt-BR","@id":"https:\/\/serrafm879.com.br\/serrafm\/2020\/10\/dirigente-do-mst-e-sequestrado-e-assassinado-tiros-no-interior-do-parana\/#primaryimage","url":"https:\/\/serrafm879.com.br\/serrafm\/wp-content\/uploads\/2020\/10\/sequestro-enio-pasqualin.jpg","contentUrl":"https:\/\/serrafm879.com.br\/serrafm\/wp-content\/uploads\/2020\/10\/sequestro-enio-pasqualin.jpg","width":667,"height":537},{"@type":"BreadcrumbList","@id":"https:\/\/serrafm879.com.br\/serrafm\/2020\/10\/dirigente-do-mst-e-sequestrado-e-assassinado-tiros-no-interior-do-parana\/#breadcrumb","itemListElement":[{"@type":"ListItem","position":1,"name":"In\u00edcio","item":"https:\/\/serrafm879.com.br\/serrafm\/"},{"@type":"ListItem","position":2,"name":"Dirigente do MST \u00e9 sequestrado e assassinado a tiros no interior do Paran\u00e1"}]},{"@type":"WebSite","@id":"https:\/\/serrafm879.com.br\/serrafm\/#website","url":"https:\/\/serrafm879.com.br\/serrafm\/","name":"Serra FM 87,9","description":"O seu novo amor!","potentialAction":[{"@type":"SearchAction","target":{"@type":"EntryPoint","urlTemplate":"https:\/\/serrafm879.com.br\/serrafm\/?s={search_term_string}"},"query-input":{"@type":"PropertyValueSpecification","valueRequired":true,"valueName":"search_term_string"}}],"inLanguage":"pt-BR"},{"@type":"Person","@id":"https:\/\/serrafm879.com.br\/serrafm\/#\/schema\/person\/c028a197030ff8b1c03c68dfba4a787a","name":"serrafm87","image":{"@type":"ImageObject","inLanguage":"pt-BR","@id":"https:\/\/serrafm879.com.br\/serrafm\/#\/schema\/person\/image\/","url":"https:\/\/secure.gravatar.com\/avatar\/a743233f1112d34f48bb3dc9559b76eb930bab8b27175856cba6362608736235?s=96&d=mm&r=g","contentUrl":"https:\/\/secure.gravatar.com\/avatar\/a743233f1112d34f48bb3dc9559b76eb930bab8b27175856cba6362608736235?s=96&d=mm&r=g","caption":"serrafm87"},"sameAs":["http:\/\/serrafm879.com.br\/"],"url":"https:\/\/serrafm879.com.br\/serrafm\/author\/serrafm87\/"}]}},"jetpack_featured_media_url":"https:\/\/serrafm879.com.br\/serrafm\/wp-content\/uploads\/2020\/10\/sequestro-enio-pasqualin.jpg","jetpack_shortlink":"https:\/\/wp.me\/p7HyXg-12l","jetpack_sharing_enabled":true,"_links":{"self":[{"href":"https:\/\/serrafm879.com.br\/serrafm\/wp-json\/wp\/v2\/posts\/3989","targetHints":{"allow":["GET"]}}],"collection":[{"href":"https:\/\/serrafm879.com.br\/serrafm\/wp-json\/wp\/v2\/posts"}],"about":[{"href":"https:\/\/serrafm879.com.br\/serrafm\/wp-json\/wp\/v2\/types\/post"}],"author":[{"embeddable":true,"href":"https:\/\/serrafm879.com.br\/serrafm\/wp-json\/wp\/v2\/users\/2"}],"replies":[{"embeddable":true,"href":"https:\/\/serrafm879.com.br\/serrafm\/wp-json\/wp\/v2\/comments?post=3989"}],"version-history":[{"count":1,"href":"https:\/\/serrafm879.com.br\/serrafm\/wp-json\/wp\/v2\/posts\/3989\/revisions"}],"predecessor-version":[{"id":3991,"href":"https:\/\/serrafm879.com.br\/serrafm\/wp-json\/wp\/v2\/posts\/3989\/revisions\/3991"}],"wp:featuredmedia":[{"embeddable":true,"href":"https:\/\/serrafm879.com.br\/serrafm\/wp-json\/wp\/v2\/media\/3990"}],"wp:attachment":[{"href":"https:\/\/serrafm879.com.br\/serrafm\/wp-json\/wp\/v2\/media?parent=3989"}],"wp:term":[{"taxonomy":"category","embeddable":true,"href":"https:\/\/serrafm879.com.br\/serrafm\/wp-json\/wp\/v2\/categories?post=3989"},{"taxonomy":"post_tag","embeddable":true,"href":"https:\/\/serrafm879.com.br\/serrafm\/wp-json\/wp\/v2\/tags?post=3989"}],"curies":[{"name":"wp","href":"https:\/\/api.w.org\/{rel}","templated":true}]}}