{"id":3992,"date":"2020-10-26T07:00:54","date_gmt":"2020-10-26T10:00:54","guid":{"rendered":"https:\/?p=3992"},"modified":"2020-10-26T07:00:54","modified_gmt":"2020-10-26T10:00:54","slug":"ouricuri-e-afogados-avancam-para-etapa-10-e-todo-estado-se-iguala-no-plano","status":"publish","type":"post","link":"https:\/\/serrafm879.com.br\/serrafm\/2020\/10\/ouricuri-e-afogados-avancam-para-etapa-10-e-todo-estado-se-iguala-no-plano\/","title":{"rendered":"Ouricuri e Afogados avan\u00e7am para a Etapa 10 e todo Estado se iguala no Plano"},"content":{"rendered":"<p>A partir desta segunda-feira, todas as Ger\u00eancias Regionais de Sa\u00fade (Geres) do Estado v\u00e3o estar na mesma etapa do Plano de Conviv\u00eancia com a Covid-19. As Geres com sedes em Ouricuri e Afogados da Ingazeira, no Sert\u00e3o, v\u00e3o ter permiss\u00e3o para abertura de parques de divers\u00f5es, tem\u00e1ticos e similares. As regi\u00f5es s\u00e3o as \u00faltimas a ingressarem na Etapa 10 do Plano. Essa etapa permite ainda uma amplia\u00e7\u00e3o da capacidade do setor de eventos, que v\u00e3o poder funcionar com 50% da capacidade ou no m\u00e1ximo 300 pessoas. 23 munic\u00edpios do Sert\u00e3o poder\u00e3o avan\u00e7ar para a nova fase.<\/p>\n<p><span style=\"font-size: 1.21429rem;\">Com a igualdade das etapas das regi\u00f5es, o Estado fica mais pr\u00f3ximo da Fase Azul do Plano, que \u00e9 chamada de \u201cNovo Normal\u201d. A expectativa da gest\u00e3o estadual \u00e9 que a partir do dia 3 de novembro, Pernambuco j\u00e1 esteja iniciando a Etapa 11, que faz parte da Fase Azul. Ao chegar nesse momento, todas atividades econ\u00f4micas estar\u00e3o autorizadas a funcionar, desde que respeitem os protocolos gerais e espec\u00edficos na sua atua\u00e7\u00e3o.\u00a0<\/span><\/p>\n<p>Na Etapa 10, os parques de divers\u00f5es poder\u00e3o funcionar com 50% da capacidade de p\u00fablico, distanciamento social de um metro e meio nas \u00e1reas comuns e de 1 metro entre as pessoas dentro dos brinquedos. Ser\u00e1 obrigat\u00f3rio tamb\u00e9m a higieniza\u00e7\u00e3o de todos os equipamentos ap\u00f3s a utiliza\u00e7\u00e3o.<\/p>\n<div class=\"dn_noticiasRelacionadas\">\n<div class=\"clear\"><\/div>\n<div class=\"spacer30\"><\/div>\n<\/div>\n<p>Os 23 munic\u00edpios beneficiados com esse avan\u00e7o v\u00e3o ter permiss\u00e3o ainda para a amplia\u00e7\u00e3o da capacidade de lota\u00e7\u00e3o para 50% em cinemas e teatros. Tamb\u00e9m est\u00e1 permitida a venda e consumo de alimentos e bebidas, como pipocas e refrigerantes, dentro das salas de exibi\u00e7\u00e3o nas cidades autorizadas.<\/p>\n<p>Eventos corporativos, culturais e sociais tem nessa etapa a capacidade aumentada para at\u00e9 300 pessoas ou 50% da capacidade do espa\u00e7o (o que for menor). Apesar do aumento, o limite de hor\u00e1rio permanece o mesmo, das 6h at\u00e9 a meia-noite.<\/p>\n<p>Os protocolos de seguran\u00e7a, higiene, comunica\u00e7\u00e3o e monitoramento de cada setor, j\u00e1 foram divulgados pelo Governo do Estado, por meio do site\u00a0<a href=\"https:\/\/www.pecontracoronavirus.pe.gov.br\/\" target=\"_blank\" rel=\"noopener noreferrer\"><strong>www.pecontracoronavirus.pe.gov.br<\/strong><\/a>.<\/p>\n<p>De acordo com o secret\u00e1rio de Desenvolvimento Econ\u00f4mico, Bruno Schwambach, os avan\u00e7os mostram um controle da pandemia em Pernambuco.<\/p>\n<p>\u201cEssa \u00e9 a 43\u00aa semana epidemiol\u00f3gica e os n\u00fameros se mantem em queda e podemos validar o avan\u00e7o para a Etapa 10 das geres de Ouricuri e Afogados da Ingazeira. Estamos conseguindo implantar o plano, com protocolos gerias e espec\u00edficos, dando possibilidade de voltar, gerar renda, mas com cuidado, para evitar a prolifera\u00e7\u00e3o do coronav\u00edrus\u201d, contou.<\/p>\n<p>Schwambach aponta tamb\u00e9m que a fase chamada de \u201cNovo Normal\u201d representa um bom momento de retomada da economia. \u201cEssa \u00e9 a fase onde todos as atividades econ\u00f4micas est\u00e3o permitidas a funcionar, mas com protocolos seguidos \u00e0 risca. Nesse novo normal, vamos continuar a dialogar com setores produtivos e fazendo ajustes nas cargas, como capacidade, hor\u00e1rio, mas sempre de acordo com dados da pandemia\u201d, disse.<\/p>\n","protected":false},"excerpt":{"rendered":"<p>A partir desta segunda-feira, todas as Ger\u00eancias Regionais de Sa\u00fade (Geres) do Estado v\u00e3o estar na mesma etapa do Plano de Conviv\u00eancia com a Covid-19. As Geres com sedes em Ouricuri e Afogados da Ingazeira, no Sert\u00e3o, v\u00e3o ter permiss\u00e3o para abertura de parques de divers\u00f5es, tem\u00e1ticos e similares. As regi\u00f5es s\u00e3o as \u00faltimas a ingressarem na Etapa 10 do Plano. Essa etapa permite ainda uma amplia\u00e7\u00e3o da capacidade do setor de eventos, que v\u00e3o poder funcionar com 50% da capacidade ou no m\u00e1ximo 300 pessoas. 23 munic\u00edpios do Sert\u00e3o poder\u00e3o avan\u00e7ar para a nova fase. Com a igualdade das [&hellip;]<\/p>\n","protected":false},"author":2,"featured_media":2338,"comment_status":"open","ping_status":"open","sticky":false,"template":"","format":"standard","meta":{"_jetpack_memberships_contains_paid_content":false,"footnotes":"","jetpack_publicize_message":"","jetpack_publicize_feature_enabled":true,"jetpack_social_post_already_shared":true,"jetpack_social_options":{"image_generator_settings":{"template":"highway","enabled":false},"version":2}},"categories":[2],"tags":[],"class_list":["post-3992","post","type-post","status-publish","format-standard","has-post-thumbnail","hentry","category-noticias"],"jetpack_publicize_connections":[],"yoast_head":"<!-- This site is optimized with the Yoast SEO plugin v24.7 - https:\/\/yoast.com\/wordpress\/plugins\/seo\/ -->\n<title>Ouricuri e Afogados avan\u00e7am para a Etapa 10 e todo Estado se iguala no Plano - Serra FM 87,9<\/title>\n<meta name=\"robots\" content=\"index, follow, max-snippet:-1, max-image-preview:large, max-video-preview:-1\" \/>\n<link rel=\"canonical\" href=\"https:\/\/serrafm879.com.br\/serrafm\/2020\/10\/ouricuri-e-afogados-avancam-para-etapa-10-e-todo-estado-se-iguala-no-plano\/\" \/>\n<meta property=\"og:locale\" content=\"pt_BR\" \/>\n<meta property=\"og:type\" content=\"article\" \/>\n<meta property=\"og:title\" content=\"Ouricuri e Afogados avan\u00e7am para a Etapa 10 e todo Estado se iguala no Plano - Serra FM 87,9\" \/>\n<meta property=\"og:description\" content=\"A partir desta segunda-feira, todas as Ger\u00eancias Regionais de Sa\u00fade (Geres) do Estado v\u00e3o estar na mesma etapa do Plano de Conviv\u00eancia com a Covid-19. As Geres com sedes em Ouricuri e Afogados da Ingazeira, no Sert\u00e3o, v\u00e3o ter permiss\u00e3o para abertura de parques de divers\u00f5es, tem\u00e1ticos e similares. As regi\u00f5es s\u00e3o as \u00faltimas a ingressarem na Etapa 10 do Plano. Essa etapa permite ainda uma amplia\u00e7\u00e3o da capacidade do setor de eventos, que v\u00e3o poder funcionar com 50% da capacidade ou no m\u00e1ximo 300 pessoas. 23 munic\u00edpios do Sert\u00e3o poder\u00e3o avan\u00e7ar para a nova fase. Com a igualdade das [&hellip;]\" \/>\n<meta property=\"og:url\" content=\"https:\/\/serrafm879.com.br\/serrafm\/2020\/10\/ouricuri-e-afogados-avancam-para-etapa-10-e-todo-estado-se-iguala-no-plano\/\" \/>\n<meta property=\"og:site_name\" content=\"Serra FM 87,9\" \/>\n<meta property=\"article:published_time\" content=\"2020-10-26T10:00:54+00:00\" \/>\n<meta property=\"og:image\" content=\"https:\/\/serrafm879.com.br\/serrafm\/wp-content\/uploads\/2020\/03\/covid19ne.jpg\" \/>\n\t<meta property=\"og:image:width\" content=\"750\" \/>\n\t<meta property=\"og:image:height\" content=\"498\" \/>\n\t<meta property=\"og:image:type\" content=\"image\/jpeg\" \/>\n<meta name=\"author\" content=\"serrafm87\" \/>\n<meta name=\"twitter:card\" content=\"summary_large_image\" \/>\n<meta name=\"twitter:label1\" content=\"Escrito por\" \/>\n\t<meta name=\"twitter:data1\" content=\"serrafm87\" \/>\n\t<meta name=\"twitter:label2\" content=\"Est. tempo de leitura\" \/>\n\t<meta name=\"twitter:data2\" content=\"3 minutos\" \/>\n<script type=\"application\/ld+json\" class=\"yoast-schema-graph\">{\"@context\":\"https:\/\/schema.org\",\"@graph\":[{\"@type\":\"WebPage\",\"@id\":\"https:\/\/serrafm879.com.br\/serrafm\/2020\/10\/ouricuri-e-afogados-avancam-para-etapa-10-e-todo-estado-se-iguala-no-plano\/\",\"url\":\"https:\/\/serrafm879.com.br\/serrafm\/2020\/10\/ouricuri-e-afogados-avancam-para-etapa-10-e-todo-estado-se-iguala-no-plano\/\",\"name\":\"Ouricuri e Afogados avan\u00e7am para a Etapa 10 e todo Estado se iguala no Plano - Serra FM 87,9\",\"isPartOf\":{\"@id\":\"https:\/\/serrafm879.com.br\/serrafm\/#website\"},\"primaryImageOfPage\":{\"@id\":\"https:\/\/serrafm879.com.br\/serrafm\/2020\/10\/ouricuri-e-afogados-avancam-para-etapa-10-e-todo-estado-se-iguala-no-plano\/#primaryimage\"},\"image\":{\"@id\":\"https:\/\/serrafm879.com.br\/serrafm\/2020\/10\/ouricuri-e-afogados-avancam-para-etapa-10-e-todo-estado-se-iguala-no-plano\/#primaryimage\"},\"thumbnailUrl\":\"https:\/\/serrafm879.com.br\/serrafm\/wp-content\/uploads\/2020\/03\/covid19ne.jpg\",\"datePublished\":\"2020-10-26T10:00:54+00:00\",\"author\":{\"@id\":\"https:\/\/serrafm879.com.br\/serrafm\/#\/schema\/person\/c028a197030ff8b1c03c68dfba4a787a\"},\"breadcrumb\":{\"@id\":\"https:\/\/serrafm879.com.br\/serrafm\/2020\/10\/ouricuri-e-afogados-avancam-para-etapa-10-e-todo-estado-se-iguala-no-plano\/#breadcrumb\"},\"inLanguage\":\"pt-BR\",\"potentialAction\":[{\"@type\":\"ReadAction\",\"target\":[\"https:\/\/serrafm879.com.br\/serrafm\/2020\/10\/ouricuri-e-afogados-avancam-para-etapa-10-e-todo-estado-se-iguala-no-plano\/\"]}]},{\"@type\":\"ImageObject\",\"inLanguage\":\"pt-BR\",\"@id\":\"https:\/\/serrafm879.com.br\/serrafm\/2020\/10\/ouricuri-e-afogados-avancam-para-etapa-10-e-todo-estado-se-iguala-no-plano\/#primaryimage\",\"url\":\"https:\/\/serrafm879.com.br\/serrafm\/wp-content\/uploads\/2020\/03\/covid19ne.jpg\",\"contentUrl\":\"https:\/\/serrafm879.com.br\/serrafm\/wp-content\/uploads\/2020\/03\/covid19ne.jpg\",\"width\":750,\"height\":498},{\"@type\":\"BreadcrumbList\",\"@id\":\"https:\/\/serrafm879.com.br\/serrafm\/2020\/10\/ouricuri-e-afogados-avancam-para-etapa-10-e-todo-estado-se-iguala-no-plano\/#breadcrumb\",\"itemListElement\":[{\"@type\":\"ListItem\",\"position\":1,\"name\":\"In\u00edcio\",\"item\":\"https:\/\/serrafm879.com.br\/serrafm\/\"},{\"@type\":\"ListItem\",\"position\":2,\"name\":\"Ouricuri e Afogados avan\u00e7am para a Etapa 10 e todo Estado se iguala no Plano\"}]},{\"@type\":\"WebSite\",\"@id\":\"https:\/\/serrafm879.com.br\/serrafm\/#website\",\"url\":\"https:\/\/serrafm879.com.br\/serrafm\/\",\"name\":\"Serra FM 87,9\",\"description\":\"O seu novo amor!\",\"potentialAction\":[{\"@type\":\"SearchAction\",\"target\":{\"@type\":\"EntryPoint\",\"urlTemplate\":\"https:\/\/serrafm879.com.br\/serrafm\/?s={search_term_string}\"},\"query-input\":{\"@type\":\"PropertyValueSpecification\",\"valueRequired\":true,\"valueName\":\"search_term_string\"}}],\"inLanguage\":\"pt-BR\"},{\"@type\":\"Person\",\"@id\":\"https:\/\/serrafm879.com.br\/serrafm\/#\/schema\/person\/c028a197030ff8b1c03c68dfba4a787a\",\"name\":\"serrafm87\",\"image\":{\"@type\":\"ImageObject\",\"inLanguage\":\"pt-BR\",\"@id\":\"https:\/\/serrafm879.com.br\/serrafm\/#\/schema\/person\/image\/\",\"url\":\"https:\/\/secure.gravatar.com\/avatar\/a743233f1112d34f48bb3dc9559b76eb930bab8b27175856cba6362608736235?s=96&d=mm&r=g\",\"contentUrl\":\"https:\/\/secure.gravatar.com\/avatar\/a743233f1112d34f48bb3dc9559b76eb930bab8b27175856cba6362608736235?s=96&d=mm&r=g\",\"caption\":\"serrafm87\"},\"sameAs\":[\"http:\/\/serrafm879.com.br\/\"],\"url\":\"https:\/\/serrafm879.com.br\/serrafm\/author\/serrafm87\/\"}]}<\/script>\n<!-- \/ Yoast SEO plugin. -->","yoast_head_json":{"title":"Ouricuri e Afogados avan\u00e7am para a Etapa 10 e todo Estado se iguala no Plano - Serra FM 87,9","robots":{"index":"index","follow":"follow","max-snippet":"max-snippet:-1","max-image-preview":"max-image-preview:large","max-video-preview":"max-video-preview:-1"},"canonical":"https:\/\/serrafm879.com.br\/serrafm\/2020\/10\/ouricuri-e-afogados-avancam-para-etapa-10-e-todo-estado-se-iguala-no-plano\/","og_locale":"pt_BR","og_type":"article","og_title":"Ouricuri e Afogados avan\u00e7am para a Etapa 10 e todo Estado se iguala no Plano - Serra FM 87,9","og_description":"A partir desta segunda-feira, todas as Ger\u00eancias Regionais de Sa\u00fade (Geres) do Estado v\u00e3o estar na mesma etapa do Plano de Conviv\u00eancia com a Covid-19. As Geres com sedes em Ouricuri e Afogados da Ingazeira, no Sert\u00e3o, v\u00e3o ter permiss\u00e3o para abertura de parques de divers\u00f5es, tem\u00e1ticos e similares. As regi\u00f5es s\u00e3o as \u00faltimas a ingressarem na Etapa 10 do Plano. Essa etapa permite ainda uma amplia\u00e7\u00e3o da capacidade do setor de eventos, que v\u00e3o poder funcionar com 50% da capacidade ou no m\u00e1ximo 300 pessoas. 23 munic\u00edpios do Sert\u00e3o poder\u00e3o avan\u00e7ar para a nova fase. Com a igualdade das [&hellip;]","og_url":"https:\/\/serrafm879.com.br\/serrafm\/2020\/10\/ouricuri-e-afogados-avancam-para-etapa-10-e-todo-estado-se-iguala-no-plano\/","og_site_name":"Serra FM 87,9","article_published_time":"2020-10-26T10:00:54+00:00","og_image":[{"width":750,"height":498,"url":"https:\/\/serrafm879.com.br\/serrafm\/wp-content\/uploads\/2020\/03\/covid19ne.jpg","type":"image\/jpeg"}],"author":"serrafm87","twitter_card":"summary_large_image","twitter_misc":{"Escrito por":"serrafm87","Est. tempo de leitura":"3 minutos"},"schema":{"@context":"https:\/\/schema.org","@graph":[{"@type":"WebPage","@id":"https:\/\/serrafm879.com.br\/serrafm\/2020\/10\/ouricuri-e-afogados-avancam-para-etapa-10-e-todo-estado-se-iguala-no-plano\/","url":"https:\/\/serrafm879.com.br\/serrafm\/2020\/10\/ouricuri-e-afogados-avancam-para-etapa-10-e-todo-estado-se-iguala-no-plano\/","name":"Ouricuri e Afogados avan\u00e7am para a Etapa 10 e todo Estado se iguala no Plano - Serra FM 87,9","isPartOf":{"@id":"https:\/\/serrafm879.com.br\/serrafm\/#website"},"primaryImageOfPage":{"@id":"https:\/\/serrafm879.com.br\/serrafm\/2020\/10\/ouricuri-e-afogados-avancam-para-etapa-10-e-todo-estado-se-iguala-no-plano\/#primaryimage"},"image":{"@id":"https:\/\/serrafm879.com.br\/serrafm\/2020\/10\/ouricuri-e-afogados-avancam-para-etapa-10-e-todo-estado-se-iguala-no-plano\/#primaryimage"},"thumbnailUrl":"https:\/\/serrafm879.com.br\/serrafm\/wp-content\/uploads\/2020\/03\/covid19ne.jpg","datePublished":"2020-10-26T10:00:54+00:00","author":{"@id":"https:\/\/serrafm879.com.br\/serrafm\/#\/schema\/person\/c028a197030ff8b1c03c68dfba4a787a"},"breadcrumb":{"@id":"https:\/\/serrafm879.com.br\/serrafm\/2020\/10\/ouricuri-e-afogados-avancam-para-etapa-10-e-todo-estado-se-iguala-no-plano\/#breadcrumb"},"inLanguage":"pt-BR","potentialAction":[{"@type":"ReadAction","target":["https:\/\/serrafm879.com.br\/serrafm\/2020\/10\/ouricuri-e-afogados-avancam-para-etapa-10-e-todo-estado-se-iguala-no-plano\/"]}]},{"@type":"ImageObject","inLanguage":"pt-BR","@id":"https:\/\/serrafm879.com.br\/serrafm\/2020\/10\/ouricuri-e-afogados-avancam-para-etapa-10-e-todo-estado-se-iguala-no-plano\/#primaryimage","url":"https:\/\/serrafm879.com.br\/serrafm\/wp-content\/uploads\/2020\/03\/covid19ne.jpg","contentUrl":"https:\/\/serrafm879.com.br\/serrafm\/wp-content\/uploads\/2020\/03\/covid19ne.jpg","width":750,"height":498},{"@type":"BreadcrumbList","@id":"https:\/\/serrafm879.com.br\/serrafm\/2020\/10\/ouricuri-e-afogados-avancam-para-etapa-10-e-todo-estado-se-iguala-no-plano\/#breadcrumb","itemListElement":[{"@type":"ListItem","position":1,"name":"In\u00edcio","item":"https:\/\/serrafm879.com.br\/serrafm\/"},{"@type":"ListItem","position":2,"name":"Ouricuri e Afogados avan\u00e7am para a Etapa 10 e todo Estado se iguala no Plano"}]},{"@type":"WebSite","@id":"https:\/\/serrafm879.com.br\/serrafm\/#website","url":"https:\/\/serrafm879.com.br\/serrafm\/","name":"Serra FM 87,9","description":"O seu novo amor!","potentialAction":[{"@type":"SearchAction","target":{"@type":"EntryPoint","urlTemplate":"https:\/\/serrafm879.com.br\/serrafm\/?s={search_term_string}"},"query-input":{"@type":"PropertyValueSpecification","valueRequired":true,"valueName":"search_term_string"}}],"inLanguage":"pt-BR"},{"@type":"Person","@id":"https:\/\/serrafm879.com.br\/serrafm\/#\/schema\/person\/c028a197030ff8b1c03c68dfba4a787a","name":"serrafm87","image":{"@type":"ImageObject","inLanguage":"pt-BR","@id":"https:\/\/serrafm879.com.br\/serrafm\/#\/schema\/person\/image\/","url":"https:\/\/secure.gravatar.com\/avatar\/a743233f1112d34f48bb3dc9559b76eb930bab8b27175856cba6362608736235?s=96&d=mm&r=g","contentUrl":"https:\/\/secure.gravatar.com\/avatar\/a743233f1112d34f48bb3dc9559b76eb930bab8b27175856cba6362608736235?s=96&d=mm&r=g","caption":"serrafm87"},"sameAs":["http:\/\/serrafm879.com.br\/"],"url":"https:\/\/serrafm879.com.br\/serrafm\/author\/serrafm87\/"}]}},"jetpack_featured_media_url":"https:\/\/serrafm879.com.br\/serrafm\/wp-content\/uploads\/2020\/03\/covid19ne.jpg","jetpack_shortlink":"https:\/\/wp.me\/p7HyXg-12o","jetpack_sharing_enabled":true,"_links":{"self":[{"href":"https:\/\/serrafm879.com.br\/serrafm\/wp-json\/wp\/v2\/posts\/3992","targetHints":{"allow":["GET"]}}],"collection":[{"href":"https:\/\/serrafm879.com.br\/serrafm\/wp-json\/wp\/v2\/posts"}],"about":[{"href":"https:\/\/serrafm879.com.br\/serrafm\/wp-json\/wp\/v2\/types\/post"}],"author":[{"embeddable":true,"href":"https:\/\/serrafm879.com.br\/serrafm\/wp-json\/wp\/v2\/users\/2"}],"replies":[{"embeddable":true,"href":"https:\/\/serrafm879.com.br\/serrafm\/wp-json\/wp\/v2\/comments?post=3992"}],"version-history":[{"count":1,"href":"https:\/\/serrafm879.com.br\/serrafm\/wp-json\/wp\/v2\/posts\/3992\/revisions"}],"predecessor-version":[{"id":3993,"href":"https:\/\/serrafm879.com.br\/serrafm\/wp-json\/wp\/v2\/posts\/3992\/revisions\/3993"}],"wp:featuredmedia":[{"embeddable":true,"href":"https:\/\/serrafm879.com.br\/serrafm\/wp-json\/wp\/v2\/media\/2338"}],"wp:attachment":[{"href":"https:\/\/serrafm879.com.br\/serrafm\/wp-json\/wp\/v2\/media?parent=3992"}],"wp:term":[{"taxonomy":"category","embeddable":true,"href":"https:\/\/serrafm879.com.br\/serrafm\/wp-json\/wp\/v2\/categories?post=3992"},{"taxonomy":"post_tag","embeddable":true,"href":"https:\/\/serrafm879.com.br\/serrafm\/wp-json\/wp\/v2\/tags?post=3992"}],"curies":[{"name":"wp","href":"https:\/\/api.w.org\/{rel}","templated":true}]}}