{"id":3996,"date":"2020-11-03T07:23:00","date_gmt":"2020-11-03T10:23:00","guid":{"rendered":"https:\/?p=3996"},"modified":"2020-11-03T07:23:00","modified_gmt":"2020-11-03T10:23:00","slug":"nova-queda-faz-media-movel-de-mortes-por-coronavirus-chegar-408-no-brasil","status":"publish","type":"post","link":"https:\/\/serrafm879.com.br\/serrafm\/2020\/11\/nova-queda-faz-media-movel-de-mortes-por-coronavirus-chegar-408-no-brasil\/","title":{"rendered":"Nova queda faz m\u00e9dia m\u00f3vel de mortes por coronav\u00edrus chegar a 408 no Brasil"},"content":{"rendered":"<p>A m\u00e9dia m\u00f3vel de mortes pelo novo coronav\u00edrus no Brasil apresentou nova queda nesta segunda-feira (02\/11) e chegou a 408 a cada 24 horas. Trata-se do \u00edndice mais baixo registrado desde 4 de maio, quando o pa\u00eds teve m\u00e9dia de 396 mortos pela Covid-19.<\/p>\n<p>Com 179 novos \u00f3bitos nas \u00faltimas 24 horas, o \u00edndice apresenta recuo de 25,6% na m\u00e9dia m\u00f3vel do n\u00famero de v\u00edtimas no comparativo com os \u00faltimos 14 dias. S\u00e3o Paulo \u00e9 o estado com mais mortes e mais casos: s\u00e3o 39.346 \u00f3bitos e e 1.117.795 infectados.<\/p>\n<p>Apesar das recentes quedas na m\u00e9dia m\u00f3vel de mortes, v\u00e1rias regi\u00f5es do pa\u00eds registraram aumento na quantidade de pacientes da doen\u00e7a internados em estado grave. No Amap\u00e1, por exemplo, houve um aumento de 50% para 86% na lota\u00e7\u00e3o de leitos de unidades de terapia intensiva (UTI) da rede p\u00fablica de sa\u00fade.<\/p>\n<p>Ainda conforme os indicadores nacionais, a taxa de letalidade da Covid-19 no Brasil \u00e9 de 2,9%. J\u00e1 a incid\u00eancia \u00e9 de 2.643 pessoas infectadas para cada 100 mil habitantes.<\/p>\n<p>Em n\u00fameros absolutos, o pa\u00eds registrou 179 \u00f3bitos em decorr\u00eancia da Covid-19 e 8.501 novas infec\u00e7\u00f5es de coronav\u00edrus nas \u00faltimas 24 horas, segundo o mais recente balan\u00e7o divulgado pelo\u00a0Conselho Nacional de Secret\u00e1rios de Sa\u00fade (Conass). No total, o Brasil j\u00e1 perdeu 160.253 vidas para a Covid-19 e computou 5.554.206 casos de infec\u00e7\u00e3o.<\/p>\n<p>Fonte: Metr\u00f3poles<\/p>\n","protected":false},"excerpt":{"rendered":"<p>A m\u00e9dia m\u00f3vel de mortes pelo novo coronav\u00edrus no Brasil apresentou nova queda nesta segunda-feira (02\/11) e chegou a 408 a cada 24 horas. Trata-se do \u00edndice mais baixo registrado desde 4 de maio, quando o pa\u00eds teve m\u00e9dia de 396 mortos pela Covid-19. Com 179 novos \u00f3bitos nas \u00faltimas 24 horas, o \u00edndice apresenta recuo de 25,6% na m\u00e9dia m\u00f3vel do n\u00famero de v\u00edtimas no comparativo com os \u00faltimos 14 dias. S\u00e3o Paulo \u00e9 o estado com mais mortes e mais casos: s\u00e3o 39.346 \u00f3bitos e e 1.117.795 infectados. Apesar das recentes quedas na m\u00e9dia m\u00f3vel de mortes, v\u00e1rias [&hellip;]<\/p>\n","protected":false},"author":2,"featured_media":2400,"comment_status":"open","ping_status":"open","sticky":false,"template":"","format":"standard","meta":{"_jetpack_memberships_contains_paid_content":false,"footnotes":"","jetpack_publicize_message":"","jetpack_publicize_feature_enabled":true,"jetpack_social_post_already_shared":true,"jetpack_social_options":{"image_generator_settings":{"template":"highway","enabled":false},"version":2}},"categories":[2],"tags":[],"class_list":["post-3996","post","type-post","status-publish","format-standard","has-post-thumbnail","hentry","category-noticias"],"jetpack_publicize_connections":[],"yoast_head":"<!-- This site is optimized with the Yoast SEO plugin v24.7 - https:\/\/yoast.com\/wordpress\/plugins\/seo\/ -->\n<title>Nova queda faz m\u00e9dia m\u00f3vel de mortes por coronav\u00edrus chegar a 408 no Brasil - Serra FM 87,9<\/title>\n<meta name=\"robots\" content=\"index, follow, max-snippet:-1, max-image-preview:large, max-video-preview:-1\" \/>\n<link rel=\"canonical\" href=\"https:\/\/serrafm879.com.br\/serrafm\/2020\/11\/nova-queda-faz-media-movel-de-mortes-por-coronavirus-chegar-408-no-brasil\/\" \/>\n<meta property=\"og:locale\" content=\"pt_BR\" \/>\n<meta property=\"og:type\" content=\"article\" \/>\n<meta property=\"og:title\" content=\"Nova queda faz m\u00e9dia m\u00f3vel de mortes por coronav\u00edrus chegar a 408 no Brasil - Serra FM 87,9\" \/>\n<meta property=\"og:description\" content=\"A m\u00e9dia m\u00f3vel de mortes pelo novo coronav\u00edrus no Brasil apresentou nova queda nesta segunda-feira (02\/11) e chegou a 408 a cada 24 horas. Trata-se do \u00edndice mais baixo registrado desde 4 de maio, quando o pa\u00eds teve m\u00e9dia de 396 mortos pela Covid-19. Com 179 novos \u00f3bitos nas \u00faltimas 24 horas, o \u00edndice apresenta recuo de 25,6% na m\u00e9dia m\u00f3vel do n\u00famero de v\u00edtimas no comparativo com os \u00faltimos 14 dias. S\u00e3o Paulo \u00e9 o estado com mais mortes e mais casos: s\u00e3o 39.346 \u00f3bitos e e 1.117.795 infectados. Apesar das recentes quedas na m\u00e9dia m\u00f3vel de mortes, v\u00e1rias [&hellip;]\" \/>\n<meta property=\"og:url\" content=\"https:\/\/serrafm879.com.br\/serrafm\/2020\/11\/nova-queda-faz-media-movel-de-mortes-por-coronavirus-chegar-408-no-brasil\/\" \/>\n<meta property=\"og:site_name\" content=\"Serra FM 87,9\" \/>\n<meta property=\"article:published_time\" content=\"2020-11-03T10:23:00+00:00\" \/>\n<meta property=\"og:image\" content=\"https:\/\/serrafm879.com.br\/serrafm\/wp-content\/uploads\/2020\/04\/covid-19.jpg\" \/>\n\t<meta property=\"og:image:width\" content=\"984\" \/>\n\t<meta property=\"og:image:height\" content=\"653\" \/>\n\t<meta property=\"og:image:type\" content=\"image\/jpeg\" \/>\n<meta name=\"author\" content=\"serrafm87\" \/>\n<meta name=\"twitter:card\" content=\"summary_large_image\" \/>\n<meta name=\"twitter:label1\" content=\"Escrito por\" \/>\n\t<meta name=\"twitter:data1\" content=\"serrafm87\" \/>\n\t<meta name=\"twitter:label2\" content=\"Est. tempo de leitura\" \/>\n\t<meta name=\"twitter:data2\" content=\"1 minuto\" \/>\n<script type=\"application\/ld+json\" class=\"yoast-schema-graph\">{\"@context\":\"https:\/\/schema.org\",\"@graph\":[{\"@type\":\"WebPage\",\"@id\":\"https:\/\/serrafm879.com.br\/serrafm\/2020\/11\/nova-queda-faz-media-movel-de-mortes-por-coronavirus-chegar-408-no-brasil\/\",\"url\":\"https:\/\/serrafm879.com.br\/serrafm\/2020\/11\/nova-queda-faz-media-movel-de-mortes-por-coronavirus-chegar-408-no-brasil\/\",\"name\":\"Nova queda faz m\u00e9dia m\u00f3vel de mortes por coronav\u00edrus chegar a 408 no Brasil - Serra FM 87,9\",\"isPartOf\":{\"@id\":\"https:\/\/serrafm879.com.br\/serrafm\/#website\"},\"primaryImageOfPage\":{\"@id\":\"https:\/\/serrafm879.com.br\/serrafm\/2020\/11\/nova-queda-faz-media-movel-de-mortes-por-coronavirus-chegar-408-no-brasil\/#primaryimage\"},\"image\":{\"@id\":\"https:\/\/serrafm879.com.br\/serrafm\/2020\/11\/nova-queda-faz-media-movel-de-mortes-por-coronavirus-chegar-408-no-brasil\/#primaryimage\"},\"thumbnailUrl\":\"https:\/\/serrafm879.com.br\/serrafm\/wp-content\/uploads\/2020\/04\/covid-19.jpg\",\"datePublished\":\"2020-11-03T10:23:00+00:00\",\"author\":{\"@id\":\"https:\/\/serrafm879.com.br\/serrafm\/#\/schema\/person\/c028a197030ff8b1c03c68dfba4a787a\"},\"breadcrumb\":{\"@id\":\"https:\/\/serrafm879.com.br\/serrafm\/2020\/11\/nova-queda-faz-media-movel-de-mortes-por-coronavirus-chegar-408-no-brasil\/#breadcrumb\"},\"inLanguage\":\"pt-BR\",\"potentialAction\":[{\"@type\":\"ReadAction\",\"target\":[\"https:\/\/serrafm879.com.br\/serrafm\/2020\/11\/nova-queda-faz-media-movel-de-mortes-por-coronavirus-chegar-408-no-brasil\/\"]}]},{\"@type\":\"ImageObject\",\"inLanguage\":\"pt-BR\",\"@id\":\"https:\/\/serrafm879.com.br\/serrafm\/2020\/11\/nova-queda-faz-media-movel-de-mortes-por-coronavirus-chegar-408-no-brasil\/#primaryimage\",\"url\":\"https:\/\/serrafm879.com.br\/serrafm\/wp-content\/uploads\/2020\/04\/covid-19.jpg\",\"contentUrl\":\"https:\/\/serrafm879.com.br\/serrafm\/wp-content\/uploads\/2020\/04\/covid-19.jpg\",\"width\":984,\"height\":653},{\"@type\":\"BreadcrumbList\",\"@id\":\"https:\/\/serrafm879.com.br\/serrafm\/2020\/11\/nova-queda-faz-media-movel-de-mortes-por-coronavirus-chegar-408-no-brasil\/#breadcrumb\",\"itemListElement\":[{\"@type\":\"ListItem\",\"position\":1,\"name\":\"In\u00edcio\",\"item\":\"https:\/\/serrafm879.com.br\/serrafm\/\"},{\"@type\":\"ListItem\",\"position\":2,\"name\":\"Nova queda faz m\u00e9dia m\u00f3vel de mortes por coronav\u00edrus chegar a 408 no Brasil\"}]},{\"@type\":\"WebSite\",\"@id\":\"https:\/\/serrafm879.com.br\/serrafm\/#website\",\"url\":\"https:\/\/serrafm879.com.br\/serrafm\/\",\"name\":\"Serra FM 87,9\",\"description\":\"O seu novo amor!\",\"potentialAction\":[{\"@type\":\"SearchAction\",\"target\":{\"@type\":\"EntryPoint\",\"urlTemplate\":\"https:\/\/serrafm879.com.br\/serrafm\/?s={search_term_string}\"},\"query-input\":{\"@type\":\"PropertyValueSpecification\",\"valueRequired\":true,\"valueName\":\"search_term_string\"}}],\"inLanguage\":\"pt-BR\"},{\"@type\":\"Person\",\"@id\":\"https:\/\/serrafm879.com.br\/serrafm\/#\/schema\/person\/c028a197030ff8b1c03c68dfba4a787a\",\"name\":\"serrafm87\",\"image\":{\"@type\":\"ImageObject\",\"inLanguage\":\"pt-BR\",\"@id\":\"https:\/\/serrafm879.com.br\/serrafm\/#\/schema\/person\/image\/\",\"url\":\"https:\/\/secure.gravatar.com\/avatar\/a743233f1112d34f48bb3dc9559b76eb930bab8b27175856cba6362608736235?s=96&d=mm&r=g\",\"contentUrl\":\"https:\/\/secure.gravatar.com\/avatar\/a743233f1112d34f48bb3dc9559b76eb930bab8b27175856cba6362608736235?s=96&d=mm&r=g\",\"caption\":\"serrafm87\"},\"sameAs\":[\"http:\/\/serrafm879.com.br\/\"],\"url\":\"https:\/\/serrafm879.com.br\/serrafm\/author\/serrafm87\/\"}]}<\/script>\n<!-- \/ Yoast SEO plugin. -->","yoast_head_json":{"title":"Nova queda faz m\u00e9dia m\u00f3vel de mortes por coronav\u00edrus chegar a 408 no Brasil - Serra FM 87,9","robots":{"index":"index","follow":"follow","max-snippet":"max-snippet:-1","max-image-preview":"max-image-preview:large","max-video-preview":"max-video-preview:-1"},"canonical":"https:\/\/serrafm879.com.br\/serrafm\/2020\/11\/nova-queda-faz-media-movel-de-mortes-por-coronavirus-chegar-408-no-brasil\/","og_locale":"pt_BR","og_type":"article","og_title":"Nova queda faz m\u00e9dia m\u00f3vel de mortes por coronav\u00edrus chegar a 408 no Brasil - Serra FM 87,9","og_description":"A m\u00e9dia m\u00f3vel de mortes pelo novo coronav\u00edrus no Brasil apresentou nova queda nesta segunda-feira (02\/11) e chegou a 408 a cada 24 horas. Trata-se do \u00edndice mais baixo registrado desde 4 de maio, quando o pa\u00eds teve m\u00e9dia de 396 mortos pela Covid-19. Com 179 novos \u00f3bitos nas \u00faltimas 24 horas, o \u00edndice apresenta recuo de 25,6% na m\u00e9dia m\u00f3vel do n\u00famero de v\u00edtimas no comparativo com os \u00faltimos 14 dias. S\u00e3o Paulo \u00e9 o estado com mais mortes e mais casos: s\u00e3o 39.346 \u00f3bitos e e 1.117.795 infectados. Apesar das recentes quedas na m\u00e9dia m\u00f3vel de mortes, v\u00e1rias [&hellip;]","og_url":"https:\/\/serrafm879.com.br\/serrafm\/2020\/11\/nova-queda-faz-media-movel-de-mortes-por-coronavirus-chegar-408-no-brasil\/","og_site_name":"Serra FM 87,9","article_published_time":"2020-11-03T10:23:00+00:00","og_image":[{"width":984,"height":653,"url":"https:\/\/serrafm879.com.br\/serrafm\/wp-content\/uploads\/2020\/04\/covid-19.jpg","type":"image\/jpeg"}],"author":"serrafm87","twitter_card":"summary_large_image","twitter_misc":{"Escrito por":"serrafm87","Est. tempo de leitura":"1 minuto"},"schema":{"@context":"https:\/\/schema.org","@graph":[{"@type":"WebPage","@id":"https:\/\/serrafm879.com.br\/serrafm\/2020\/11\/nova-queda-faz-media-movel-de-mortes-por-coronavirus-chegar-408-no-brasil\/","url":"https:\/\/serrafm879.com.br\/serrafm\/2020\/11\/nova-queda-faz-media-movel-de-mortes-por-coronavirus-chegar-408-no-brasil\/","name":"Nova queda faz m\u00e9dia m\u00f3vel de mortes por coronav\u00edrus chegar a 408 no Brasil - Serra FM 87,9","isPartOf":{"@id":"https:\/\/serrafm879.com.br\/serrafm\/#website"},"primaryImageOfPage":{"@id":"https:\/\/serrafm879.com.br\/serrafm\/2020\/11\/nova-queda-faz-media-movel-de-mortes-por-coronavirus-chegar-408-no-brasil\/#primaryimage"},"image":{"@id":"https:\/\/serrafm879.com.br\/serrafm\/2020\/11\/nova-queda-faz-media-movel-de-mortes-por-coronavirus-chegar-408-no-brasil\/#primaryimage"},"thumbnailUrl":"https:\/\/serrafm879.com.br\/serrafm\/wp-content\/uploads\/2020\/04\/covid-19.jpg","datePublished":"2020-11-03T10:23:00+00:00","author":{"@id":"https:\/\/serrafm879.com.br\/serrafm\/#\/schema\/person\/c028a197030ff8b1c03c68dfba4a787a"},"breadcrumb":{"@id":"https:\/\/serrafm879.com.br\/serrafm\/2020\/11\/nova-queda-faz-media-movel-de-mortes-por-coronavirus-chegar-408-no-brasil\/#breadcrumb"},"inLanguage":"pt-BR","potentialAction":[{"@type":"ReadAction","target":["https:\/\/serrafm879.com.br\/serrafm\/2020\/11\/nova-queda-faz-media-movel-de-mortes-por-coronavirus-chegar-408-no-brasil\/"]}]},{"@type":"ImageObject","inLanguage":"pt-BR","@id":"https:\/\/serrafm879.com.br\/serrafm\/2020\/11\/nova-queda-faz-media-movel-de-mortes-por-coronavirus-chegar-408-no-brasil\/#primaryimage","url":"https:\/\/serrafm879.com.br\/serrafm\/wp-content\/uploads\/2020\/04\/covid-19.jpg","contentUrl":"https:\/\/serrafm879.com.br\/serrafm\/wp-content\/uploads\/2020\/04\/covid-19.jpg","width":984,"height":653},{"@type":"BreadcrumbList","@id":"https:\/\/serrafm879.com.br\/serrafm\/2020\/11\/nova-queda-faz-media-movel-de-mortes-por-coronavirus-chegar-408-no-brasil\/#breadcrumb","itemListElement":[{"@type":"ListItem","position":1,"name":"In\u00edcio","item":"https:\/\/serrafm879.com.br\/serrafm\/"},{"@type":"ListItem","position":2,"name":"Nova queda faz m\u00e9dia m\u00f3vel de mortes por coronav\u00edrus chegar a 408 no Brasil"}]},{"@type":"WebSite","@id":"https:\/\/serrafm879.com.br\/serrafm\/#website","url":"https:\/\/serrafm879.com.br\/serrafm\/","name":"Serra FM 87,9","description":"O seu novo amor!","potentialAction":[{"@type":"SearchAction","target":{"@type":"EntryPoint","urlTemplate":"https:\/\/serrafm879.com.br\/serrafm\/?s={search_term_string}"},"query-input":{"@type":"PropertyValueSpecification","valueRequired":true,"valueName":"search_term_string"}}],"inLanguage":"pt-BR"},{"@type":"Person","@id":"https:\/\/serrafm879.com.br\/serrafm\/#\/schema\/person\/c028a197030ff8b1c03c68dfba4a787a","name":"serrafm87","image":{"@type":"ImageObject","inLanguage":"pt-BR","@id":"https:\/\/serrafm879.com.br\/serrafm\/#\/schema\/person\/image\/","url":"https:\/\/secure.gravatar.com\/avatar\/a743233f1112d34f48bb3dc9559b76eb930bab8b27175856cba6362608736235?s=96&d=mm&r=g","contentUrl":"https:\/\/secure.gravatar.com\/avatar\/a743233f1112d34f48bb3dc9559b76eb930bab8b27175856cba6362608736235?s=96&d=mm&r=g","caption":"serrafm87"},"sameAs":["http:\/\/serrafm879.com.br\/"],"url":"https:\/\/serrafm879.com.br\/serrafm\/author\/serrafm87\/"}]}},"jetpack_featured_media_url":"https:\/\/serrafm879.com.br\/serrafm\/wp-content\/uploads\/2020\/04\/covid-19.jpg","jetpack_shortlink":"https:\/\/wp.me\/p7HyXg-12s","jetpack_sharing_enabled":true,"_links":{"self":[{"href":"https:\/\/serrafm879.com.br\/serrafm\/wp-json\/wp\/v2\/posts\/3996","targetHints":{"allow":["GET"]}}],"collection":[{"href":"https:\/\/serrafm879.com.br\/serrafm\/wp-json\/wp\/v2\/posts"}],"about":[{"href":"https:\/\/serrafm879.com.br\/serrafm\/wp-json\/wp\/v2\/types\/post"}],"author":[{"embeddable":true,"href":"https:\/\/serrafm879.com.br\/serrafm\/wp-json\/wp\/v2\/users\/2"}],"replies":[{"embeddable":true,"href":"https:\/\/serrafm879.com.br\/serrafm\/wp-json\/wp\/v2\/comments?post=3996"}],"version-history":[{"count":1,"href":"https:\/\/serrafm879.com.br\/serrafm\/wp-json\/wp\/v2\/posts\/3996\/revisions"}],"predecessor-version":[{"id":3997,"href":"https:\/\/serrafm879.com.br\/serrafm\/wp-json\/wp\/v2\/posts\/3996\/revisions\/3997"}],"wp:featuredmedia":[{"embeddable":true,"href":"https:\/\/serrafm879.com.br\/serrafm\/wp-json\/wp\/v2\/media\/2400"}],"wp:attachment":[{"href":"https:\/\/serrafm879.com.br\/serrafm\/wp-json\/wp\/v2\/media?parent=3996"}],"wp:term":[{"taxonomy":"category","embeddable":true,"href":"https:\/\/serrafm879.com.br\/serrafm\/wp-json\/wp\/v2\/categories?post=3996"},{"taxonomy":"post_tag","embeddable":true,"href":"https:\/\/serrafm879.com.br\/serrafm\/wp-json\/wp\/v2\/tags?post=3996"}],"curies":[{"name":"wp","href":"https:\/\/api.w.org\/{rel}","templated":true}]}}