{"id":4003,"date":"2020-11-03T07:30:23","date_gmt":"2020-11-03T10:30:23","guid":{"rendered":"https:\/?p=4003"},"modified":"2020-11-03T07:30:23","modified_gmt":"2020-11-03T10:30:23","slug":"movimento-de-ciro-e-lula-pode-somar-para-dialogo-no-recife","status":"publish","type":"post","link":"https:\/\/serrafm879.com.br\/serrafm\/2020\/11\/movimento-de-ciro-e-lula-pode-somar-para-dialogo-no-recife\/","title":{"rendered":"Movimento de Ciro e Lula pode somar para di\u00e1logo no Recife"},"content":{"rendered":"<p>N\u00e3o s\u00f3 em p\u00fablico se deram as rea\u00e7\u00f5es cr\u00edticas de lideran\u00e7as do PT e do PDT ao encontro recente que o ex-presidente Lula teve com o presidenci\u00e1vel Ciro Gomes. Nas hostes pedetistas, em conversas reservadas, o que se fala \u00e9 que foi &#8220;uma coisa boa, mas na hora errada&#8221; e que os dois deveriam &#8220;ter deixado passar a elei\u00e7\u00e3o&#8221; para irem \u00e0 mesa. Por uma raz\u00e3o: h\u00e1 lugares onde o PT e o PDT est\u00e3o disputando e essa movimenta\u00e7\u00e3o pode atrapalhar os discursos de alguns candidatos. H\u00e1 no PDT quem avalie que essa reaproxima\u00e7\u00e3o poderia aguardar uns 15 dias. Uma ala argumenta que n\u00e3o se tratou de um encontro dos partidos, mas das duas lideran\u00e7as, uma vez que a pr\u00f3pria presidente nacional do PT, Gleisi Hoffmann, condicionou uma reaproxima\u00e7\u00e3o a um pedido desculpas de Ciro ao PT. Parlamentares sublinham, nos bastidores, que a unidade de a\u00e7\u00e3o das duas legendas n\u00e3o passa necessariamente pelo reencontro de Ciro e Lula, mas j\u00e1 est\u00e1 em curso no Congresso Nacional, onde PT e PDT atuam juntos, via blocos da Oposi\u00e7\u00e3o e da Minoria, liderados por Andr\u00e9 Figueiredo (PDT) e Jos\u00e9 Guimar\u00e3es (PT), respectivamente.<\/p>\n<p>Em Pernambuco, a movimenta\u00e7\u00e3o de Ciro e Lula foi vista como positiva pelo deputado federal T\u00falio Gad\u00ealha. \u00c0 coluna, ele avaliou: &#8220;J\u00e1 era hora de sentarem e conversarem, porque o Brasil n\u00e3o aguenta mais essa divis\u00e3o no campo progressista&#8221;. Apesar do distanciamento protagonizado pelas duas siglas, T\u00falio real\u00e7a que o PT apoia o PDT em 173 munic\u00edpios e que o PT tem apoio do PDT em 134. Tem os n\u00fameros de cabe\u00e7a e, em sua rede social, destacou o encontro. No Recife, aliados da prefeitur\u00e1vel Mar\u00edlia Arraes apostam, h\u00e1 algum tempo, num estreitamento da rela\u00e7\u00e3o com T\u00falio. T\u00falio e Mar\u00edlia tem canal de di\u00e1logo aberto e essa aproxima\u00e7\u00e3o nacional, encabe\u00e7ada por Ciro e Lula, eventualmente, pode somar para catalisar um entendimento na Capital, onde o PDT apoia Jo\u00e3o Campos, mas T\u00falio ainda n\u00e3o declarou voto e nem fala sobre isso.<\/p>\n<p>Comparativo x fragilidades<\/p>\n<p>Na reta final da campanha no Recife, os candidatos sobem o tom na dire\u00e7\u00e3o dos advers\u00e1rios. Mendon\u00e7a Filho passou a investir em comparativos e fragilidades dos advers\u00e1rios. Se j\u00e1 havia iniciado os disparos na dire\u00e7\u00e3o da delegada Patr\u00edcia Domingos, o democrata passou a mirar tamb\u00e9m em Jo\u00e3o Campos e em Mar\u00edlia Arraes. &#8220;Chega de PT e PSB que est\u00e3o h\u00e1 20 anos no poder. Basta comparar!&#8221;, diz o trecho do guia.<\/p>\n<p>Miras &gt;<\/p>\n<p>Mendon\u00e7a compara os cargos que ocupou com os de Jo\u00e3o Campos e mira Patr\u00edcia Domingos e Mar\u00edlia Arraes: &#8220;N\u00e3o tem compara\u00e7\u00e3o, nem com Jo\u00e3o, nem com Mar\u00edlia, sem falar na delegada, que nunca administrou nada, n\u00e3o tem experi\u00eancia e ofendeu nosso povo&#8221;.<\/p>\n<p>Endere\u00e7o &gt;<\/p>\n<p>Mesmo o prefeitur\u00e1vel Jo\u00e3o Campos, que vinha evitando embates, levou ao ar propaganda em que emite cr\u00edticas, ainda que sem citar nome, \u00e0 advers\u00e1ria Patr\u00edcia Domingos. &#8220;A gente \u00e9 recifense com um orgulho danado e fica arretado quando algu\u00e9m fala mal daqui&#8221;, diz o v\u00eddeo e segue: &#8220;Mas n\u00e3o venha botar meu Recife para baixo&#8221;.<\/p>\n<p>S\u00e3o Tom\u00e9 &gt;<\/p>\n<p>Carlos Andrade Lima retornou ontem de Salvador e n\u00e3o teve agenda pol\u00edtica por l\u00e1. Foi gravar imagens da constru\u00e7\u00e3o do VLT na Bahia em fun\u00e7\u00e3o das cr\u00edticas que vem recebendo \u00e0 sua proposta. Advers\u00e1rios dizem que o trem elevado \u00e9 invi\u00e1vel. Aliados de Carlos reagem, afirmando que n\u00e3o botar f\u00e9 nisso \u00e9 &#8220;complexo de vira-lata&#8221;.<\/p>\n<p>Prop\u00f3sito &gt;<\/p>\n<p>A candidatura coletiva do PDT, Ativistas, n\u00e3o ocupa espa\u00e7o no guia de Jo\u00e3o Campos. O coletivo abriu m\u00e3o, porque era defensor do projeto majorit\u00e1rio de T\u00falio Gad\u00ealha. Os membros do Ativistas j\u00e1 assinaram cartas compromisso se comprometendo com tr\u00eas frentes: a mobilidade sustent\u00e1vel, a primeira inf\u00e2ncia e o clima.<\/p>\n<p>Por FolhaPE<\/p>\n","protected":false},"excerpt":{"rendered":"<p>N\u00e3o s\u00f3 em p\u00fablico se deram as rea\u00e7\u00f5es cr\u00edticas de lideran\u00e7as do PT e do PDT ao encontro recente que o ex-presidente Lula teve com o presidenci\u00e1vel Ciro Gomes. Nas hostes pedetistas, em conversas reservadas, o que se fala \u00e9 que foi &#8220;uma coisa boa, mas na hora errada&#8221; e que os dois deveriam &#8220;ter deixado passar a elei\u00e7\u00e3o&#8221; para irem \u00e0 mesa. Por uma raz\u00e3o: h\u00e1 lugares onde o PT e o PDT est\u00e3o disputando e essa movimenta\u00e7\u00e3o pode atrapalhar os discursos de alguns candidatos. H\u00e1 no PDT quem avalie que essa reaproxima\u00e7\u00e3o poderia aguardar uns 15 dias. Uma [&hellip;]<\/p>\n","protected":false},"author":2,"featured_media":4004,"comment_status":"open","ping_status":"open","sticky":false,"template":"","format":"standard","meta":{"_jetpack_memberships_contains_paid_content":false,"footnotes":"","jetpack_publicize_message":"","jetpack_publicize_feature_enabled":true,"jetpack_social_post_already_shared":true,"jetpack_social_options":{"image_generator_settings":{"template":"highway","enabled":false},"version":2}},"categories":[2],"tags":[],"class_list":["post-4003","post","type-post","status-publish","format-standard","has-post-thumbnail","hentry","category-noticias"],"jetpack_publicize_connections":[],"yoast_head":"<!-- This site is optimized with the Yoast SEO plugin v24.7 - https:\/\/yoast.com\/wordpress\/plugins\/seo\/ -->\n<title>Movimento de Ciro e Lula pode somar para di\u00e1logo no Recife - Serra FM 87,9<\/title>\n<meta name=\"robots\" content=\"index, follow, max-snippet:-1, max-image-preview:large, max-video-preview:-1\" \/>\n<link rel=\"canonical\" href=\"https:\/\/serrafm879.com.br\/serrafm\/2020\/11\/movimento-de-ciro-e-lula-pode-somar-para-dialogo-no-recife\/\" \/>\n<meta property=\"og:locale\" content=\"pt_BR\" \/>\n<meta property=\"og:type\" content=\"article\" \/>\n<meta property=\"og:title\" content=\"Movimento de Ciro e Lula pode somar para di\u00e1logo no Recife - Serra FM 87,9\" \/>\n<meta property=\"og:description\" content=\"N\u00e3o s\u00f3 em p\u00fablico se deram as rea\u00e7\u00f5es cr\u00edticas de lideran\u00e7as do PT e do PDT ao encontro recente que o ex-presidente Lula teve com o presidenci\u00e1vel Ciro Gomes. Nas hostes pedetistas, em conversas reservadas, o que se fala \u00e9 que foi &#8220;uma coisa boa, mas na hora errada&#8221; e que os dois deveriam &#8220;ter deixado passar a elei\u00e7\u00e3o&#8221; para irem \u00e0 mesa. Por uma raz\u00e3o: h\u00e1 lugares onde o PT e o PDT est\u00e3o disputando e essa movimenta\u00e7\u00e3o pode atrapalhar os discursos de alguns candidatos. H\u00e1 no PDT quem avalie que essa reaproxima\u00e7\u00e3o poderia aguardar uns 15 dias. Uma [&hellip;]\" \/>\n<meta property=\"og:url\" content=\"https:\/\/serrafm879.com.br\/serrafm\/2020\/11\/movimento-de-ciro-e-lula-pode-somar-para-dialogo-no-recife\/\" \/>\n<meta property=\"og:site_name\" content=\"Serra FM 87,9\" \/>\n<meta property=\"article:published_time\" content=\"2020-11-03T10:30:23+00:00\" \/>\n<meta property=\"og:image\" content=\"https:\/\/serrafm879.com.br\/serrafm\/wp-content\/uploads\/2020\/11\/lula-ciro-tulio.jpeg\" \/>\n\t<meta property=\"og:image:width\" content=\"1100\" \/>\n\t<meta property=\"og:image:height\" content=\"731\" \/>\n\t<meta property=\"og:image:type\" content=\"image\/jpeg\" \/>\n<meta name=\"author\" content=\"serrafm87\" \/>\n<meta name=\"twitter:card\" content=\"summary_large_image\" \/>\n<meta name=\"twitter:label1\" content=\"Escrito por\" \/>\n\t<meta name=\"twitter:data1\" content=\"serrafm87\" \/>\n\t<meta name=\"twitter:label2\" content=\"Est. tempo de leitura\" \/>\n\t<meta name=\"twitter:data2\" content=\"3 minutos\" \/>\n<script type=\"application\/ld+json\" class=\"yoast-schema-graph\">{\"@context\":\"https:\/\/schema.org\",\"@graph\":[{\"@type\":\"WebPage\",\"@id\":\"https:\/\/serrafm879.com.br\/serrafm\/2020\/11\/movimento-de-ciro-e-lula-pode-somar-para-dialogo-no-recife\/\",\"url\":\"https:\/\/serrafm879.com.br\/serrafm\/2020\/11\/movimento-de-ciro-e-lula-pode-somar-para-dialogo-no-recife\/\",\"name\":\"Movimento de Ciro e Lula pode somar para di\u00e1logo no Recife - Serra FM 87,9\",\"isPartOf\":{\"@id\":\"https:\/\/serrafm879.com.br\/serrafm\/#website\"},\"primaryImageOfPage\":{\"@id\":\"https:\/\/serrafm879.com.br\/serrafm\/2020\/11\/movimento-de-ciro-e-lula-pode-somar-para-dialogo-no-recife\/#primaryimage\"},\"image\":{\"@id\":\"https:\/\/serrafm879.com.br\/serrafm\/2020\/11\/movimento-de-ciro-e-lula-pode-somar-para-dialogo-no-recife\/#primaryimage\"},\"thumbnailUrl\":\"https:\/\/serrafm879.com.br\/serrafm\/wp-content\/uploads\/2020\/11\/lula-ciro-tulio.jpeg\",\"datePublished\":\"2020-11-03T10:30:23+00:00\",\"author\":{\"@id\":\"https:\/\/serrafm879.com.br\/serrafm\/#\/schema\/person\/c028a197030ff8b1c03c68dfba4a787a\"},\"breadcrumb\":{\"@id\":\"https:\/\/serrafm879.com.br\/serrafm\/2020\/11\/movimento-de-ciro-e-lula-pode-somar-para-dialogo-no-recife\/#breadcrumb\"},\"inLanguage\":\"pt-BR\",\"potentialAction\":[{\"@type\":\"ReadAction\",\"target\":[\"https:\/\/serrafm879.com.br\/serrafm\/2020\/11\/movimento-de-ciro-e-lula-pode-somar-para-dialogo-no-recife\/\"]}]},{\"@type\":\"ImageObject\",\"inLanguage\":\"pt-BR\",\"@id\":\"https:\/\/serrafm879.com.br\/serrafm\/2020\/11\/movimento-de-ciro-e-lula-pode-somar-para-dialogo-no-recife\/#primaryimage\",\"url\":\"https:\/\/serrafm879.com.br\/serrafm\/wp-content\/uploads\/2020\/11\/lula-ciro-tulio.jpeg\",\"contentUrl\":\"https:\/\/serrafm879.com.br\/serrafm\/wp-content\/uploads\/2020\/11\/lula-ciro-tulio.jpeg\",\"width\":1100,\"height\":731},{\"@type\":\"BreadcrumbList\",\"@id\":\"https:\/\/serrafm879.com.br\/serrafm\/2020\/11\/movimento-de-ciro-e-lula-pode-somar-para-dialogo-no-recife\/#breadcrumb\",\"itemListElement\":[{\"@type\":\"ListItem\",\"position\":1,\"name\":\"In\u00edcio\",\"item\":\"https:\/\/serrafm879.com.br\/serrafm\/\"},{\"@type\":\"ListItem\",\"position\":2,\"name\":\"Movimento de Ciro e Lula pode somar para di\u00e1logo no Recife\"}]},{\"@type\":\"WebSite\",\"@id\":\"https:\/\/serrafm879.com.br\/serrafm\/#website\",\"url\":\"https:\/\/serrafm879.com.br\/serrafm\/\",\"name\":\"Serra FM 87,9\",\"description\":\"O seu novo amor!\",\"potentialAction\":[{\"@type\":\"SearchAction\",\"target\":{\"@type\":\"EntryPoint\",\"urlTemplate\":\"https:\/\/serrafm879.com.br\/serrafm\/?s={search_term_string}\"},\"query-input\":{\"@type\":\"PropertyValueSpecification\",\"valueRequired\":true,\"valueName\":\"search_term_string\"}}],\"inLanguage\":\"pt-BR\"},{\"@type\":\"Person\",\"@id\":\"https:\/\/serrafm879.com.br\/serrafm\/#\/schema\/person\/c028a197030ff8b1c03c68dfba4a787a\",\"name\":\"serrafm87\",\"image\":{\"@type\":\"ImageObject\",\"inLanguage\":\"pt-BR\",\"@id\":\"https:\/\/serrafm879.com.br\/serrafm\/#\/schema\/person\/image\/\",\"url\":\"https:\/\/secure.gravatar.com\/avatar\/a743233f1112d34f48bb3dc9559b76eb930bab8b27175856cba6362608736235?s=96&d=mm&r=g\",\"contentUrl\":\"https:\/\/secure.gravatar.com\/avatar\/a743233f1112d34f48bb3dc9559b76eb930bab8b27175856cba6362608736235?s=96&d=mm&r=g\",\"caption\":\"serrafm87\"},\"sameAs\":[\"http:\/\/serrafm879.com.br\/\"],\"url\":\"https:\/\/serrafm879.com.br\/serrafm\/author\/serrafm87\/\"}]}<\/script>\n<!-- \/ Yoast SEO plugin. -->","yoast_head_json":{"title":"Movimento de Ciro e Lula pode somar para di\u00e1logo no Recife - Serra FM 87,9","robots":{"index":"index","follow":"follow","max-snippet":"max-snippet:-1","max-image-preview":"max-image-preview:large","max-video-preview":"max-video-preview:-1"},"canonical":"https:\/\/serrafm879.com.br\/serrafm\/2020\/11\/movimento-de-ciro-e-lula-pode-somar-para-dialogo-no-recife\/","og_locale":"pt_BR","og_type":"article","og_title":"Movimento de Ciro e Lula pode somar para di\u00e1logo no Recife - Serra FM 87,9","og_description":"N\u00e3o s\u00f3 em p\u00fablico se deram as rea\u00e7\u00f5es cr\u00edticas de lideran\u00e7as do PT e do PDT ao encontro recente que o ex-presidente Lula teve com o presidenci\u00e1vel Ciro Gomes. Nas hostes pedetistas, em conversas reservadas, o que se fala \u00e9 que foi &#8220;uma coisa boa, mas na hora errada&#8221; e que os dois deveriam &#8220;ter deixado passar a elei\u00e7\u00e3o&#8221; para irem \u00e0 mesa. Por uma raz\u00e3o: h\u00e1 lugares onde o PT e o PDT est\u00e3o disputando e essa movimenta\u00e7\u00e3o pode atrapalhar os discursos de alguns candidatos. H\u00e1 no PDT quem avalie que essa reaproxima\u00e7\u00e3o poderia aguardar uns 15 dias. Uma [&hellip;]","og_url":"https:\/\/serrafm879.com.br\/serrafm\/2020\/11\/movimento-de-ciro-e-lula-pode-somar-para-dialogo-no-recife\/","og_site_name":"Serra FM 87,9","article_published_time":"2020-11-03T10:30:23+00:00","og_image":[{"width":1100,"height":731,"url":"https:\/\/serrafm879.com.br\/serrafm\/wp-content\/uploads\/2020\/11\/lula-ciro-tulio.jpeg","type":"image\/jpeg"}],"author":"serrafm87","twitter_card":"summary_large_image","twitter_misc":{"Escrito por":"serrafm87","Est. tempo de leitura":"3 minutos"},"schema":{"@context":"https:\/\/schema.org","@graph":[{"@type":"WebPage","@id":"https:\/\/serrafm879.com.br\/serrafm\/2020\/11\/movimento-de-ciro-e-lula-pode-somar-para-dialogo-no-recife\/","url":"https:\/\/serrafm879.com.br\/serrafm\/2020\/11\/movimento-de-ciro-e-lula-pode-somar-para-dialogo-no-recife\/","name":"Movimento de Ciro e Lula pode somar para di\u00e1logo no Recife - Serra FM 87,9","isPartOf":{"@id":"https:\/\/serrafm879.com.br\/serrafm\/#website"},"primaryImageOfPage":{"@id":"https:\/\/serrafm879.com.br\/serrafm\/2020\/11\/movimento-de-ciro-e-lula-pode-somar-para-dialogo-no-recife\/#primaryimage"},"image":{"@id":"https:\/\/serrafm879.com.br\/serrafm\/2020\/11\/movimento-de-ciro-e-lula-pode-somar-para-dialogo-no-recife\/#primaryimage"},"thumbnailUrl":"https:\/\/serrafm879.com.br\/serrafm\/wp-content\/uploads\/2020\/11\/lula-ciro-tulio.jpeg","datePublished":"2020-11-03T10:30:23+00:00","author":{"@id":"https:\/\/serrafm879.com.br\/serrafm\/#\/schema\/person\/c028a197030ff8b1c03c68dfba4a787a"},"breadcrumb":{"@id":"https:\/\/serrafm879.com.br\/serrafm\/2020\/11\/movimento-de-ciro-e-lula-pode-somar-para-dialogo-no-recife\/#breadcrumb"},"inLanguage":"pt-BR","potentialAction":[{"@type":"ReadAction","target":["https:\/\/serrafm879.com.br\/serrafm\/2020\/11\/movimento-de-ciro-e-lula-pode-somar-para-dialogo-no-recife\/"]}]},{"@type":"ImageObject","inLanguage":"pt-BR","@id":"https:\/\/serrafm879.com.br\/serrafm\/2020\/11\/movimento-de-ciro-e-lula-pode-somar-para-dialogo-no-recife\/#primaryimage","url":"https:\/\/serrafm879.com.br\/serrafm\/wp-content\/uploads\/2020\/11\/lula-ciro-tulio.jpeg","contentUrl":"https:\/\/serrafm879.com.br\/serrafm\/wp-content\/uploads\/2020\/11\/lula-ciro-tulio.jpeg","width":1100,"height":731},{"@type":"BreadcrumbList","@id":"https:\/\/serrafm879.com.br\/serrafm\/2020\/11\/movimento-de-ciro-e-lula-pode-somar-para-dialogo-no-recife\/#breadcrumb","itemListElement":[{"@type":"ListItem","position":1,"name":"In\u00edcio","item":"https:\/\/serrafm879.com.br\/serrafm\/"},{"@type":"ListItem","position":2,"name":"Movimento de Ciro e Lula pode somar para di\u00e1logo no Recife"}]},{"@type":"WebSite","@id":"https:\/\/serrafm879.com.br\/serrafm\/#website","url":"https:\/\/serrafm879.com.br\/serrafm\/","name":"Serra FM 87,9","description":"O seu novo amor!","potentialAction":[{"@type":"SearchAction","target":{"@type":"EntryPoint","urlTemplate":"https:\/\/serrafm879.com.br\/serrafm\/?s={search_term_string}"},"query-input":{"@type":"PropertyValueSpecification","valueRequired":true,"valueName":"search_term_string"}}],"inLanguage":"pt-BR"},{"@type":"Person","@id":"https:\/\/serrafm879.com.br\/serrafm\/#\/schema\/person\/c028a197030ff8b1c03c68dfba4a787a","name":"serrafm87","image":{"@type":"ImageObject","inLanguage":"pt-BR","@id":"https:\/\/serrafm879.com.br\/serrafm\/#\/schema\/person\/image\/","url":"https:\/\/secure.gravatar.com\/avatar\/a743233f1112d34f48bb3dc9559b76eb930bab8b27175856cba6362608736235?s=96&d=mm&r=g","contentUrl":"https:\/\/secure.gravatar.com\/avatar\/a743233f1112d34f48bb3dc9559b76eb930bab8b27175856cba6362608736235?s=96&d=mm&r=g","caption":"serrafm87"},"sameAs":["http:\/\/serrafm879.com.br\/"],"url":"https:\/\/serrafm879.com.br\/serrafm\/author\/serrafm87\/"}]}},"jetpack_featured_media_url":"https:\/\/serrafm879.com.br\/serrafm\/wp-content\/uploads\/2020\/11\/lula-ciro-tulio.jpeg","jetpack_shortlink":"https:\/\/wp.me\/p7HyXg-12z","jetpack_sharing_enabled":true,"_links":{"self":[{"href":"https:\/\/serrafm879.com.br\/serrafm\/wp-json\/wp\/v2\/posts\/4003","targetHints":{"allow":["GET"]}}],"collection":[{"href":"https:\/\/serrafm879.com.br\/serrafm\/wp-json\/wp\/v2\/posts"}],"about":[{"href":"https:\/\/serrafm879.com.br\/serrafm\/wp-json\/wp\/v2\/types\/post"}],"author":[{"embeddable":true,"href":"https:\/\/serrafm879.com.br\/serrafm\/wp-json\/wp\/v2\/users\/2"}],"replies":[{"embeddable":true,"href":"https:\/\/serrafm879.com.br\/serrafm\/wp-json\/wp\/v2\/comments?post=4003"}],"version-history":[{"count":1,"href":"https:\/\/serrafm879.com.br\/serrafm\/wp-json\/wp\/v2\/posts\/4003\/revisions"}],"predecessor-version":[{"id":4005,"href":"https:\/\/serrafm879.com.br\/serrafm\/wp-json\/wp\/v2\/posts\/4003\/revisions\/4005"}],"wp:featuredmedia":[{"embeddable":true,"href":"https:\/\/serrafm879.com.br\/serrafm\/wp-json\/wp\/v2\/media\/4004"}],"wp:attachment":[{"href":"https:\/\/serrafm879.com.br\/serrafm\/wp-json\/wp\/v2\/media?parent=4003"}],"wp:term":[{"taxonomy":"category","embeddable":true,"href":"https:\/\/serrafm879.com.br\/serrafm\/wp-json\/wp\/v2\/categories?post=4003"},{"taxonomy":"post_tag","embeddable":true,"href":"https:\/\/serrafm879.com.br\/serrafm\/wp-json\/wp\/v2\/tags?post=4003"}],"curies":[{"name":"wp","href":"https:\/\/api.w.org\/{rel}","templated":true}]}}