{"id":4018,"date":"2020-11-11T05:52:56","date_gmt":"2020-11-11T08:52:56","guid":{"rendered":"https:\/?p=4018"},"modified":"2020-11-11T05:52:56","modified_gmt":"2020-11-11T08:52:56","slug":"mp-ve-abuso-de-poder-economico-na-pre-campanha-e-pede-cassacao-de-victor-oliveira","status":"publish","type":"post","link":"https:\/\/serrafm879.com.br\/serrafm\/2020\/11\/mp-ve-abuso-de-poder-economico-na-pre-campanha-e-pede-cassacao-de-victor-oliveira\/","title":{"rendered":"MP v\u00ea abuso de poder econ\u00f4mico na pr\u00e9 campanha e pede cassa\u00e7\u00e3o de Victor Oliveira"},"content":{"rendered":"<p>Na ter\u00e7a-feira AIJE (A\u00e7\u00e3o de Investiga\u00e7\u00e3o Judicial Eleitoral) contra o candidato Victor Oliveira (PL) ap\u00f3s enxergar a pr\u00e1tica de abuso de poder econ\u00f4mico em pe\u00e7as divulgadas por Victor nas suas redes sociais durante o per\u00edodo de pr\u00e9-campanha.<\/p>\n<p>Al\u00e9m de pedir a cassa\u00e7\u00e3o do registro do jovem, o MPPE requer \u00e0 Justi\u00e7a Eleitoral que Victor fique 8 anos ineleg\u00edvel, a contar de agora.<\/p>\n<p>Frente os dados apresentados pela Promotoria, o juiz eleitoral Marcus C\u00e9sar Sarmento Gadelha deu a Victor Oliveira cinco dias para apresentar defesa. Na A\u00e7\u00e3o de Investiga\u00e7\u00e3o Judicial Eleitoral, o MPPE evidencia que o ent\u00e3o pr\u00e9-candidato investiu pesado tendo alto custo de produ\u00e7\u00e3o, edi\u00e7\u00e3o e divulga\u00e7\u00e3o do projeto \u201cCaminhos pro Amanh\u00e3\u201d e \u201cSerra Talhada dos meus sonhos\u201d. Segundo a Promotoria, foram gastos pouco mais de R$ 79 mil para grava\u00e7\u00e3o de v\u00eddeos de alta qualidade visando publica\u00e7\u00f5es nas redes sociais de Instagram e Facebook de Victor.<\/p>\n<p>O\u00a0<strong>Farol de Not\u00edcias<\/strong>\u00a0teve acesso ao conte\u00fado da A\u00e7\u00e3o de Investiga\u00e7\u00e3o contra Victor Oliveira. Nos autos, o MPPE diz que, apesar de nas pe\u00e7as publicit\u00e1rias n\u00e3o terem sido verificados propaganda eleitoral antecipada, \u201cem raz\u00e3o de efetivamente n\u00e3o estarem configurados os seus elementos\u201d, a instaura\u00e7\u00e3o do inqu\u00e9rito se deu diante a \u201cforma pela qual a publicidade fora apresentada e, a vista dos evidentes recursos financeiros e tecnol\u00f3gicos utilizados na produ\u00e7\u00e3o de tais pe\u00e7as publicit\u00e1rias\u201d. Assim, escreveu a Promotoria:<\/p>\n<p>\u201cAp\u00f3s os esclarecimentos prestados pelo r\u00e9u, verificou-se que o mesmo gastou o exorbitante valor de R$ 79.001,10 na produ\u00e7\u00e3o dos v\u00eddeos e imagens publicit\u00e1rias, com evidente fim eleitoral em sua pr\u00e9-campanha, praticando, assim, abuso do poder econ\u00f4mico, na promo\u00e7\u00e3o da sua imagem em pr\u00e9-campanha eleitoral. (\u2026) h\u00e1 elementos nos presentes autos a demonstrar que restou configurada a pr\u00e1tica do abuso de poder econ\u00f4mico pelo r\u00e9u, quando promoveu a exalta\u00e7\u00e3o das suas qualidades pessoais, atrav\u00e9s de pe\u00e7as publicit\u00e1rias, que custaram exorbitantes R$ 79.001,10.\u201d<\/p>\n","protected":false},"excerpt":{"rendered":"<p>Na ter\u00e7a-feira AIJE (A\u00e7\u00e3o de Investiga\u00e7\u00e3o Judicial Eleitoral) contra o candidato Victor Oliveira (PL) ap\u00f3s enxergar a pr\u00e1tica de abuso de poder econ\u00f4mico em pe\u00e7as divulgadas por Victor nas suas redes sociais durante o per\u00edodo de pr\u00e9-campanha. Al\u00e9m de pedir a cassa\u00e7\u00e3o do registro do jovem, o MPPE requer \u00e0 Justi\u00e7a Eleitoral que Victor fique 8 anos ineleg\u00edvel, a contar de agora. Frente os dados apresentados pela Promotoria, o juiz eleitoral Marcus C\u00e9sar Sarmento Gadelha deu a Victor Oliveira cinco dias para apresentar defesa. Na A\u00e7\u00e3o de Investiga\u00e7\u00e3o Judicial Eleitoral, o MPPE evidencia que o ent\u00e3o pr\u00e9-candidato investiu pesado tendo [&hellip;]<\/p>\n","protected":false},"author":2,"featured_media":4019,"comment_status":"open","ping_status":"open","sticky":false,"template":"","format":"standard","meta":{"_jetpack_memberships_contains_paid_content":false,"footnotes":"","jetpack_publicize_message":"","jetpack_publicize_feature_enabled":true,"jetpack_social_post_already_shared":true,"jetpack_social_options":{"image_generator_settings":{"template":"highway","enabled":false},"version":2}},"categories":[2],"tags":[],"class_list":["post-4018","post","type-post","status-publish","format-standard","has-post-thumbnail","hentry","category-noticias"],"jetpack_publicize_connections":[],"yoast_head":"<!-- This site is optimized with the Yoast SEO plugin v24.7 - https:\/\/yoast.com\/wordpress\/plugins\/seo\/ -->\n<title>MP v\u00ea abuso de poder econ\u00f4mico na pr\u00e9 campanha e pede cassa\u00e7\u00e3o de Victor Oliveira - Serra FM 87,9<\/title>\n<meta name=\"robots\" content=\"index, follow, max-snippet:-1, max-image-preview:large, max-video-preview:-1\" \/>\n<link rel=\"canonical\" href=\"https:\/\/serrafm879.com.br\/serrafm\/2020\/11\/mp-ve-abuso-de-poder-economico-na-pre-campanha-e-pede-cassacao-de-victor-oliveira\/\" \/>\n<meta property=\"og:locale\" content=\"pt_BR\" \/>\n<meta property=\"og:type\" content=\"article\" \/>\n<meta property=\"og:title\" content=\"MP v\u00ea abuso de poder econ\u00f4mico na pr\u00e9 campanha e pede cassa\u00e7\u00e3o de Victor Oliveira - Serra FM 87,9\" \/>\n<meta property=\"og:description\" content=\"Na ter\u00e7a-feira AIJE (A\u00e7\u00e3o de Investiga\u00e7\u00e3o Judicial Eleitoral) contra o candidato Victor Oliveira (PL) ap\u00f3s enxergar a pr\u00e1tica de abuso de poder econ\u00f4mico em pe\u00e7as divulgadas por Victor nas suas redes sociais durante o per\u00edodo de pr\u00e9-campanha. Al\u00e9m de pedir a cassa\u00e7\u00e3o do registro do jovem, o MPPE requer \u00e0 Justi\u00e7a Eleitoral que Victor fique 8 anos ineleg\u00edvel, a contar de agora. Frente os dados apresentados pela Promotoria, o juiz eleitoral Marcus C\u00e9sar Sarmento Gadelha deu a Victor Oliveira cinco dias para apresentar defesa. Na A\u00e7\u00e3o de Investiga\u00e7\u00e3o Judicial Eleitoral, o MPPE evidencia que o ent\u00e3o pr\u00e9-candidato investiu pesado tendo [&hellip;]\" \/>\n<meta property=\"og:url\" content=\"https:\/\/serrafm879.com.br\/serrafm\/2020\/11\/mp-ve-abuso-de-poder-economico-na-pre-campanha-e-pede-cassacao-de-victor-oliveira\/\" \/>\n<meta property=\"og:site_name\" content=\"Serra FM 87,9\" \/>\n<meta property=\"article:published_time\" content=\"2020-11-11T08:52:56+00:00\" \/>\n<meta property=\"og:image\" content=\"https:\/\/serrafm879.com.br\/serrafm\/wp-content\/uploads\/2020\/11\/victor-car-8-1536x1027-1.jpg\" \/>\n\t<meta property=\"og:image:width\" content=\"598\" \/>\n\t<meta property=\"og:image:height\" content=\"400\" \/>\n\t<meta property=\"og:image:type\" content=\"image\/jpeg\" \/>\n<meta name=\"author\" content=\"serrafm87\" \/>\n<meta name=\"twitter:card\" content=\"summary_large_image\" \/>\n<meta name=\"twitter:label1\" content=\"Escrito por\" \/>\n\t<meta name=\"twitter:data1\" content=\"serrafm87\" \/>\n\t<meta name=\"twitter:label2\" content=\"Est. tempo de leitura\" \/>\n\t<meta name=\"twitter:data2\" content=\"2 minutos\" \/>\n<script type=\"application\/ld+json\" class=\"yoast-schema-graph\">{\"@context\":\"https:\/\/schema.org\",\"@graph\":[{\"@type\":\"WebPage\",\"@id\":\"https:\/\/serrafm879.com.br\/serrafm\/2020\/11\/mp-ve-abuso-de-poder-economico-na-pre-campanha-e-pede-cassacao-de-victor-oliveira\/\",\"url\":\"https:\/\/serrafm879.com.br\/serrafm\/2020\/11\/mp-ve-abuso-de-poder-economico-na-pre-campanha-e-pede-cassacao-de-victor-oliveira\/\",\"name\":\"MP v\u00ea abuso de poder econ\u00f4mico na pr\u00e9 campanha e pede cassa\u00e7\u00e3o de Victor Oliveira - Serra FM 87,9\",\"isPartOf\":{\"@id\":\"https:\/\/serrafm879.com.br\/serrafm\/#website\"},\"primaryImageOfPage\":{\"@id\":\"https:\/\/serrafm879.com.br\/serrafm\/2020\/11\/mp-ve-abuso-de-poder-economico-na-pre-campanha-e-pede-cassacao-de-victor-oliveira\/#primaryimage\"},\"image\":{\"@id\":\"https:\/\/serrafm879.com.br\/serrafm\/2020\/11\/mp-ve-abuso-de-poder-economico-na-pre-campanha-e-pede-cassacao-de-victor-oliveira\/#primaryimage\"},\"thumbnailUrl\":\"https:\/\/serrafm879.com.br\/serrafm\/wp-content\/uploads\/2020\/11\/victor-car-8-1536x1027-1.jpg\",\"datePublished\":\"2020-11-11T08:52:56+00:00\",\"author\":{\"@id\":\"https:\/\/serrafm879.com.br\/serrafm\/#\/schema\/person\/c028a197030ff8b1c03c68dfba4a787a\"},\"breadcrumb\":{\"@id\":\"https:\/\/serrafm879.com.br\/serrafm\/2020\/11\/mp-ve-abuso-de-poder-economico-na-pre-campanha-e-pede-cassacao-de-victor-oliveira\/#breadcrumb\"},\"inLanguage\":\"pt-BR\",\"potentialAction\":[{\"@type\":\"ReadAction\",\"target\":[\"https:\/\/serrafm879.com.br\/serrafm\/2020\/11\/mp-ve-abuso-de-poder-economico-na-pre-campanha-e-pede-cassacao-de-victor-oliveira\/\"]}]},{\"@type\":\"ImageObject\",\"inLanguage\":\"pt-BR\",\"@id\":\"https:\/\/serrafm879.com.br\/serrafm\/2020\/11\/mp-ve-abuso-de-poder-economico-na-pre-campanha-e-pede-cassacao-de-victor-oliveira\/#primaryimage\",\"url\":\"https:\/\/serrafm879.com.br\/serrafm\/wp-content\/uploads\/2020\/11\/victor-car-8-1536x1027-1.jpg\",\"contentUrl\":\"https:\/\/serrafm879.com.br\/serrafm\/wp-content\/uploads\/2020\/11\/victor-car-8-1536x1027-1.jpg\",\"width\":598,\"height\":400},{\"@type\":\"BreadcrumbList\",\"@id\":\"https:\/\/serrafm879.com.br\/serrafm\/2020\/11\/mp-ve-abuso-de-poder-economico-na-pre-campanha-e-pede-cassacao-de-victor-oliveira\/#breadcrumb\",\"itemListElement\":[{\"@type\":\"ListItem\",\"position\":1,\"name\":\"In\u00edcio\",\"item\":\"https:\/\/serrafm879.com.br\/serrafm\/\"},{\"@type\":\"ListItem\",\"position\":2,\"name\":\"MP v\u00ea abuso de poder econ\u00f4mico na pr\u00e9 campanha e pede cassa\u00e7\u00e3o de Victor Oliveira\"}]},{\"@type\":\"WebSite\",\"@id\":\"https:\/\/serrafm879.com.br\/serrafm\/#website\",\"url\":\"https:\/\/serrafm879.com.br\/serrafm\/\",\"name\":\"Serra FM 87,9\",\"description\":\"O seu novo amor!\",\"potentialAction\":[{\"@type\":\"SearchAction\",\"target\":{\"@type\":\"EntryPoint\",\"urlTemplate\":\"https:\/\/serrafm879.com.br\/serrafm\/?s={search_term_string}\"},\"query-input\":{\"@type\":\"PropertyValueSpecification\",\"valueRequired\":true,\"valueName\":\"search_term_string\"}}],\"inLanguage\":\"pt-BR\"},{\"@type\":\"Person\",\"@id\":\"https:\/\/serrafm879.com.br\/serrafm\/#\/schema\/person\/c028a197030ff8b1c03c68dfba4a787a\",\"name\":\"serrafm87\",\"image\":{\"@type\":\"ImageObject\",\"inLanguage\":\"pt-BR\",\"@id\":\"https:\/\/serrafm879.com.br\/serrafm\/#\/schema\/person\/image\/\",\"url\":\"https:\/\/secure.gravatar.com\/avatar\/a743233f1112d34f48bb3dc9559b76eb930bab8b27175856cba6362608736235?s=96&d=mm&r=g\",\"contentUrl\":\"https:\/\/secure.gravatar.com\/avatar\/a743233f1112d34f48bb3dc9559b76eb930bab8b27175856cba6362608736235?s=96&d=mm&r=g\",\"caption\":\"serrafm87\"},\"sameAs\":[\"http:\/\/serrafm879.com.br\/\"],\"url\":\"https:\/\/serrafm879.com.br\/serrafm\/author\/serrafm87\/\"}]}<\/script>\n<!-- \/ Yoast SEO plugin. -->","yoast_head_json":{"title":"MP v\u00ea abuso de poder econ\u00f4mico na pr\u00e9 campanha e pede cassa\u00e7\u00e3o de Victor Oliveira - Serra FM 87,9","robots":{"index":"index","follow":"follow","max-snippet":"max-snippet:-1","max-image-preview":"max-image-preview:large","max-video-preview":"max-video-preview:-1"},"canonical":"https:\/\/serrafm879.com.br\/serrafm\/2020\/11\/mp-ve-abuso-de-poder-economico-na-pre-campanha-e-pede-cassacao-de-victor-oliveira\/","og_locale":"pt_BR","og_type":"article","og_title":"MP v\u00ea abuso de poder econ\u00f4mico na pr\u00e9 campanha e pede cassa\u00e7\u00e3o de Victor Oliveira - Serra FM 87,9","og_description":"Na ter\u00e7a-feira AIJE (A\u00e7\u00e3o de Investiga\u00e7\u00e3o Judicial Eleitoral) contra o candidato Victor Oliveira (PL) ap\u00f3s enxergar a pr\u00e1tica de abuso de poder econ\u00f4mico em pe\u00e7as divulgadas por Victor nas suas redes sociais durante o per\u00edodo de pr\u00e9-campanha. Al\u00e9m de pedir a cassa\u00e7\u00e3o do registro do jovem, o MPPE requer \u00e0 Justi\u00e7a Eleitoral que Victor fique 8 anos ineleg\u00edvel, a contar de agora. Frente os dados apresentados pela Promotoria, o juiz eleitoral Marcus C\u00e9sar Sarmento Gadelha deu a Victor Oliveira cinco dias para apresentar defesa. Na A\u00e7\u00e3o de Investiga\u00e7\u00e3o Judicial Eleitoral, o MPPE evidencia que o ent\u00e3o pr\u00e9-candidato investiu pesado tendo [&hellip;]","og_url":"https:\/\/serrafm879.com.br\/serrafm\/2020\/11\/mp-ve-abuso-de-poder-economico-na-pre-campanha-e-pede-cassacao-de-victor-oliveira\/","og_site_name":"Serra FM 87,9","article_published_time":"2020-11-11T08:52:56+00:00","og_image":[{"width":598,"height":400,"url":"https:\/\/serrafm879.com.br\/serrafm\/wp-content\/uploads\/2020\/11\/victor-car-8-1536x1027-1.jpg","type":"image\/jpeg"}],"author":"serrafm87","twitter_card":"summary_large_image","twitter_misc":{"Escrito por":"serrafm87","Est. tempo de leitura":"2 minutos"},"schema":{"@context":"https:\/\/schema.org","@graph":[{"@type":"WebPage","@id":"https:\/\/serrafm879.com.br\/serrafm\/2020\/11\/mp-ve-abuso-de-poder-economico-na-pre-campanha-e-pede-cassacao-de-victor-oliveira\/","url":"https:\/\/serrafm879.com.br\/serrafm\/2020\/11\/mp-ve-abuso-de-poder-economico-na-pre-campanha-e-pede-cassacao-de-victor-oliveira\/","name":"MP v\u00ea abuso de poder econ\u00f4mico na pr\u00e9 campanha e pede cassa\u00e7\u00e3o de Victor Oliveira - Serra FM 87,9","isPartOf":{"@id":"https:\/\/serrafm879.com.br\/serrafm\/#website"},"primaryImageOfPage":{"@id":"https:\/\/serrafm879.com.br\/serrafm\/2020\/11\/mp-ve-abuso-de-poder-economico-na-pre-campanha-e-pede-cassacao-de-victor-oliveira\/#primaryimage"},"image":{"@id":"https:\/\/serrafm879.com.br\/serrafm\/2020\/11\/mp-ve-abuso-de-poder-economico-na-pre-campanha-e-pede-cassacao-de-victor-oliveira\/#primaryimage"},"thumbnailUrl":"https:\/\/serrafm879.com.br\/serrafm\/wp-content\/uploads\/2020\/11\/victor-car-8-1536x1027-1.jpg","datePublished":"2020-11-11T08:52:56+00:00","author":{"@id":"https:\/\/serrafm879.com.br\/serrafm\/#\/schema\/person\/c028a197030ff8b1c03c68dfba4a787a"},"breadcrumb":{"@id":"https:\/\/serrafm879.com.br\/serrafm\/2020\/11\/mp-ve-abuso-de-poder-economico-na-pre-campanha-e-pede-cassacao-de-victor-oliveira\/#breadcrumb"},"inLanguage":"pt-BR","potentialAction":[{"@type":"ReadAction","target":["https:\/\/serrafm879.com.br\/serrafm\/2020\/11\/mp-ve-abuso-de-poder-economico-na-pre-campanha-e-pede-cassacao-de-victor-oliveira\/"]}]},{"@type":"ImageObject","inLanguage":"pt-BR","@id":"https:\/\/serrafm879.com.br\/serrafm\/2020\/11\/mp-ve-abuso-de-poder-economico-na-pre-campanha-e-pede-cassacao-de-victor-oliveira\/#primaryimage","url":"https:\/\/serrafm879.com.br\/serrafm\/wp-content\/uploads\/2020\/11\/victor-car-8-1536x1027-1.jpg","contentUrl":"https:\/\/serrafm879.com.br\/serrafm\/wp-content\/uploads\/2020\/11\/victor-car-8-1536x1027-1.jpg","width":598,"height":400},{"@type":"BreadcrumbList","@id":"https:\/\/serrafm879.com.br\/serrafm\/2020\/11\/mp-ve-abuso-de-poder-economico-na-pre-campanha-e-pede-cassacao-de-victor-oliveira\/#breadcrumb","itemListElement":[{"@type":"ListItem","position":1,"name":"In\u00edcio","item":"https:\/\/serrafm879.com.br\/serrafm\/"},{"@type":"ListItem","position":2,"name":"MP v\u00ea abuso de poder econ\u00f4mico na pr\u00e9 campanha e pede cassa\u00e7\u00e3o de Victor Oliveira"}]},{"@type":"WebSite","@id":"https:\/\/serrafm879.com.br\/serrafm\/#website","url":"https:\/\/serrafm879.com.br\/serrafm\/","name":"Serra FM 87,9","description":"O seu novo amor!","potentialAction":[{"@type":"SearchAction","target":{"@type":"EntryPoint","urlTemplate":"https:\/\/serrafm879.com.br\/serrafm\/?s={search_term_string}"},"query-input":{"@type":"PropertyValueSpecification","valueRequired":true,"valueName":"search_term_string"}}],"inLanguage":"pt-BR"},{"@type":"Person","@id":"https:\/\/serrafm879.com.br\/serrafm\/#\/schema\/person\/c028a197030ff8b1c03c68dfba4a787a","name":"serrafm87","image":{"@type":"ImageObject","inLanguage":"pt-BR","@id":"https:\/\/serrafm879.com.br\/serrafm\/#\/schema\/person\/image\/","url":"https:\/\/secure.gravatar.com\/avatar\/a743233f1112d34f48bb3dc9559b76eb930bab8b27175856cba6362608736235?s=96&d=mm&r=g","contentUrl":"https:\/\/secure.gravatar.com\/avatar\/a743233f1112d34f48bb3dc9559b76eb930bab8b27175856cba6362608736235?s=96&d=mm&r=g","caption":"serrafm87"},"sameAs":["http:\/\/serrafm879.com.br\/"],"url":"https:\/\/serrafm879.com.br\/serrafm\/author\/serrafm87\/"}]}},"jetpack_featured_media_url":"https:\/\/serrafm879.com.br\/serrafm\/wp-content\/uploads\/2020\/11\/victor-car-8-1536x1027-1.jpg","jetpack_shortlink":"https:\/\/wp.me\/p7HyXg-12O","jetpack_sharing_enabled":true,"_links":{"self":[{"href":"https:\/\/serrafm879.com.br\/serrafm\/wp-json\/wp\/v2\/posts\/4018","targetHints":{"allow":["GET"]}}],"collection":[{"href":"https:\/\/serrafm879.com.br\/serrafm\/wp-json\/wp\/v2\/posts"}],"about":[{"href":"https:\/\/serrafm879.com.br\/serrafm\/wp-json\/wp\/v2\/types\/post"}],"author":[{"embeddable":true,"href":"https:\/\/serrafm879.com.br\/serrafm\/wp-json\/wp\/v2\/users\/2"}],"replies":[{"embeddable":true,"href":"https:\/\/serrafm879.com.br\/serrafm\/wp-json\/wp\/v2\/comments?post=4018"}],"version-history":[{"count":1,"href":"https:\/\/serrafm879.com.br\/serrafm\/wp-json\/wp\/v2\/posts\/4018\/revisions"}],"predecessor-version":[{"id":4020,"href":"https:\/\/serrafm879.com.br\/serrafm\/wp-json\/wp\/v2\/posts\/4018\/revisions\/4020"}],"wp:featuredmedia":[{"embeddable":true,"href":"https:\/\/serrafm879.com.br\/serrafm\/wp-json\/wp\/v2\/media\/4019"}],"wp:attachment":[{"href":"https:\/\/serrafm879.com.br\/serrafm\/wp-json\/wp\/v2\/media?parent=4018"}],"wp:term":[{"taxonomy":"category","embeddable":true,"href":"https:\/\/serrafm879.com.br\/serrafm\/wp-json\/wp\/v2\/categories?post=4018"},{"taxonomy":"post_tag","embeddable":true,"href":"https:\/\/serrafm879.com.br\/serrafm\/wp-json\/wp\/v2\/tags?post=4018"}],"curies":[{"name":"wp","href":"https:\/\/api.w.org\/{rel}","templated":true}]}}