{"id":4023,"date":"2020-11-11T05:56:24","date_gmt":"2020-11-11T08:56:24","guid":{"rendered":"https:\/?p=4023"},"modified":"2020-11-11T05:56:24","modified_gmt":"2020-11-11T08:56:24","slug":"paulo-camara-embarca-em-voo-inaugural-para-serra-talhada-e-cumpre-agenda-no-sertao-do-estado","status":"publish","type":"post","link":"https:\/\/serrafm879.com.br\/serrafm\/2020\/11\/paulo-camara-embarca-em-voo-inaugural-para-serra-talhada-e-cumpre-agenda-no-sertao-do-estado\/","title":{"rendered":"Paulo C\u00e2mara embarca em voo inaugural para Serra Talhada e cumpre agenda no Sert\u00e3o do Estado"},"content":{"rendered":"<p>O governador Paulo C\u00e2mara cumpre agenda no Sert\u00e3o pernambucano, nesta quarta-feira (11.11) e, para chegar ao primeiro compromisso, o gestor embarcar\u00e1 no voo inaugural do trecho Recife-Serra Talhada, operado pela Azul Linhas A\u00e9reas. Chegando ao munic\u00edpio, localizado no Paje\u00fa, entregar\u00e1 os Sistemas de Abastecimento de \u00c1gua das Universidades de Pernambuco e Federal Rural de Pernambuco (UPE e UFRPE) e do Instituto Federal de Pernambuco (IFPE).<\/p>\n<p>J\u00e1 em Cust\u00f3dia, no Sert\u00e3o do Moxot\u00f3, o governador visitar\u00e1 as obras do Sistema Adutor do munic\u00edpio e do Sistema de Abastecimento de \u00c1gua do distrito de Lagoa da On\u00e7a. Ainda na mesma regi\u00e3o, vistoria as obras da 1\u00aa etapa da PE-265, em Sert\u00e2nia, e autoriza a contrata\u00e7\u00e3o para as 2\u00aa e 3\u00aa etapas da recupera\u00e7\u00e3o da mesma rodovia.<\/p>\n<p>Paulo C\u00e2mara entregar\u00e1 ainda aos sertanienses a nova Esta\u00e7\u00e3o de Tratamento de \u00c1gua da cidade, al\u00e9m de adutora e da esta\u00e7\u00e3o elevat\u00f3ria que vai ampliar o Sistema Produtor do A\u00e7ude Barra. Finalizando a passagem pelo munic\u00edpio, ele acompanha tamb\u00e9m o in\u00edcio das obras de reconstru\u00e7\u00e3o da PE-275.<\/p>\n","protected":false},"excerpt":{"rendered":"<p>O governador Paulo C\u00e2mara cumpre agenda no Sert\u00e3o pernambucano, nesta quarta-feira (11.11) e, para chegar ao primeiro compromisso, o gestor embarcar\u00e1 no voo inaugural do trecho Recife-Serra Talhada, operado pela Azul Linhas A\u00e9reas. Chegando ao munic\u00edpio, localizado no Paje\u00fa, entregar\u00e1 os Sistemas de Abastecimento de \u00c1gua das Universidades de Pernambuco e Federal Rural de Pernambuco (UPE e UFRPE) e do Instituto Federal de Pernambuco (IFPE). J\u00e1 em Cust\u00f3dia, no Sert\u00e3o do Moxot\u00f3, o governador visitar\u00e1 as obras do Sistema Adutor do munic\u00edpio e do Sistema de Abastecimento de \u00c1gua do distrito de Lagoa da On\u00e7a. Ainda na mesma regi\u00e3o, vistoria [&hellip;]<\/p>\n","protected":false},"author":2,"featured_media":4024,"comment_status":"open","ping_status":"open","sticky":false,"template":"","format":"standard","meta":{"_jetpack_memberships_contains_paid_content":false,"footnotes":"","jetpack_publicize_message":"","jetpack_publicize_feature_enabled":true,"jetpack_social_post_already_shared":true,"jetpack_social_options":{"image_generator_settings":{"template":"highway","enabled":false},"version":2}},"categories":[2],"tags":[],"class_list":["post-4023","post","type-post","status-publish","format-standard","has-post-thumbnail","hentry","category-noticias"],"jetpack_publicize_connections":[],"yoast_head":"<!-- This site is optimized with the Yoast SEO plugin v24.7 - https:\/\/yoast.com\/wordpress\/plugins\/seo\/ -->\n<title>Paulo C\u00e2mara embarca em voo inaugural para Serra Talhada e cumpre agenda no Sert\u00e3o do Estado - Serra FM 87,9<\/title>\n<meta name=\"robots\" content=\"index, follow, max-snippet:-1, max-image-preview:large, max-video-preview:-1\" \/>\n<link rel=\"canonical\" href=\"https:\/\/serrafm879.com.br\/serrafm\/2020\/11\/paulo-camara-embarca-em-voo-inaugural-para-serra-talhada-e-cumpre-agenda-no-sertao-do-estado\/\" \/>\n<meta property=\"og:locale\" content=\"pt_BR\" \/>\n<meta property=\"og:type\" content=\"article\" \/>\n<meta property=\"og:title\" content=\"Paulo C\u00e2mara embarca em voo inaugural para Serra Talhada e cumpre agenda no Sert\u00e3o do Estado - Serra FM 87,9\" \/>\n<meta property=\"og:description\" content=\"O governador Paulo C\u00e2mara cumpre agenda no Sert\u00e3o pernambucano, nesta quarta-feira (11.11) e, para chegar ao primeiro compromisso, o gestor embarcar\u00e1 no voo inaugural do trecho Recife-Serra Talhada, operado pela Azul Linhas A\u00e9reas. Chegando ao munic\u00edpio, localizado no Paje\u00fa, entregar\u00e1 os Sistemas de Abastecimento de \u00c1gua das Universidades de Pernambuco e Federal Rural de Pernambuco (UPE e UFRPE) e do Instituto Federal de Pernambuco (IFPE). J\u00e1 em Cust\u00f3dia, no Sert\u00e3o do Moxot\u00f3, o governador visitar\u00e1 as obras do Sistema Adutor do munic\u00edpio e do Sistema de Abastecimento de \u00c1gua do distrito de Lagoa da On\u00e7a. Ainda na mesma regi\u00e3o, vistoria [&hellip;]\" \/>\n<meta property=\"og:url\" content=\"https:\/\/serrafm879.com.br\/serrafm\/2020\/11\/paulo-camara-embarca-em-voo-inaugural-para-serra-talhada-e-cumpre-agenda-no-sertao-do-estado\/\" \/>\n<meta property=\"og:site_name\" content=\"Serra FM 87,9\" \/>\n<meta property=\"article:published_time\" content=\"2020-11-11T08:56:24+00:00\" \/>\n<meta property=\"og:image\" content=\"https:\/\/serrafm879.com.br\/serrafm\/wp-content\/uploads\/2020\/11\/governador-2.png\" \/>\n\t<meta property=\"og:image:width\" content=\"128\" \/>\n\t<meta property=\"og:image:height\" content=\"240\" \/>\n\t<meta property=\"og:image:type\" content=\"image\/png\" \/>\n<meta name=\"author\" content=\"serrafm87\" \/>\n<meta name=\"twitter:card\" content=\"summary_large_image\" \/>\n<meta name=\"twitter:label1\" content=\"Escrito por\" \/>\n\t<meta name=\"twitter:data1\" content=\"serrafm87\" \/>\n\t<meta name=\"twitter:label2\" content=\"Est. tempo de leitura\" \/>\n\t<meta name=\"twitter:data2\" content=\"1 minuto\" \/>\n<script type=\"application\/ld+json\" class=\"yoast-schema-graph\">{\"@context\":\"https:\/\/schema.org\",\"@graph\":[{\"@type\":\"WebPage\",\"@id\":\"https:\/\/serrafm879.com.br\/serrafm\/2020\/11\/paulo-camara-embarca-em-voo-inaugural-para-serra-talhada-e-cumpre-agenda-no-sertao-do-estado\/\",\"url\":\"https:\/\/serrafm879.com.br\/serrafm\/2020\/11\/paulo-camara-embarca-em-voo-inaugural-para-serra-talhada-e-cumpre-agenda-no-sertao-do-estado\/\",\"name\":\"Paulo C\u00e2mara embarca em voo inaugural para Serra Talhada e cumpre agenda no Sert\u00e3o do Estado - Serra FM 87,9\",\"isPartOf\":{\"@id\":\"https:\/\/serrafm879.com.br\/serrafm\/#website\"},\"primaryImageOfPage\":{\"@id\":\"https:\/\/serrafm879.com.br\/serrafm\/2020\/11\/paulo-camara-embarca-em-voo-inaugural-para-serra-talhada-e-cumpre-agenda-no-sertao-do-estado\/#primaryimage\"},\"image\":{\"@id\":\"https:\/\/serrafm879.com.br\/serrafm\/2020\/11\/paulo-camara-embarca-em-voo-inaugural-para-serra-talhada-e-cumpre-agenda-no-sertao-do-estado\/#primaryimage\"},\"thumbnailUrl\":\"https:\/\/serrafm879.com.br\/serrafm\/wp-content\/uploads\/2020\/11\/governador-2.png\",\"datePublished\":\"2020-11-11T08:56:24+00:00\",\"author\":{\"@id\":\"https:\/\/serrafm879.com.br\/serrafm\/#\/schema\/person\/c028a197030ff8b1c03c68dfba4a787a\"},\"breadcrumb\":{\"@id\":\"https:\/\/serrafm879.com.br\/serrafm\/2020\/11\/paulo-camara-embarca-em-voo-inaugural-para-serra-talhada-e-cumpre-agenda-no-sertao-do-estado\/#breadcrumb\"},\"inLanguage\":\"pt-BR\",\"potentialAction\":[{\"@type\":\"ReadAction\",\"target\":[\"https:\/\/serrafm879.com.br\/serrafm\/2020\/11\/paulo-camara-embarca-em-voo-inaugural-para-serra-talhada-e-cumpre-agenda-no-sertao-do-estado\/\"]}]},{\"@type\":\"ImageObject\",\"inLanguage\":\"pt-BR\",\"@id\":\"https:\/\/serrafm879.com.br\/serrafm\/2020\/11\/paulo-camara-embarca-em-voo-inaugural-para-serra-talhada-e-cumpre-agenda-no-sertao-do-estado\/#primaryimage\",\"url\":\"https:\/\/serrafm879.com.br\/serrafm\/wp-content\/uploads\/2020\/11\/governador-2.png\",\"contentUrl\":\"https:\/\/serrafm879.com.br\/serrafm\/wp-content\/uploads\/2020\/11\/governador-2.png\",\"width\":128,\"height\":240},{\"@type\":\"BreadcrumbList\",\"@id\":\"https:\/\/serrafm879.com.br\/serrafm\/2020\/11\/paulo-camara-embarca-em-voo-inaugural-para-serra-talhada-e-cumpre-agenda-no-sertao-do-estado\/#breadcrumb\",\"itemListElement\":[{\"@type\":\"ListItem\",\"position\":1,\"name\":\"In\u00edcio\",\"item\":\"https:\/\/serrafm879.com.br\/serrafm\/\"},{\"@type\":\"ListItem\",\"position\":2,\"name\":\"Paulo C\u00e2mara embarca em voo inaugural para Serra Talhada e cumpre agenda no Sert\u00e3o do Estado\"}]},{\"@type\":\"WebSite\",\"@id\":\"https:\/\/serrafm879.com.br\/serrafm\/#website\",\"url\":\"https:\/\/serrafm879.com.br\/serrafm\/\",\"name\":\"Serra FM 87,9\",\"description\":\"O seu novo amor!\",\"potentialAction\":[{\"@type\":\"SearchAction\",\"target\":{\"@type\":\"EntryPoint\",\"urlTemplate\":\"https:\/\/serrafm879.com.br\/serrafm\/?s={search_term_string}\"},\"query-input\":{\"@type\":\"PropertyValueSpecification\",\"valueRequired\":true,\"valueName\":\"search_term_string\"}}],\"inLanguage\":\"pt-BR\"},{\"@type\":\"Person\",\"@id\":\"https:\/\/serrafm879.com.br\/serrafm\/#\/schema\/person\/c028a197030ff8b1c03c68dfba4a787a\",\"name\":\"serrafm87\",\"image\":{\"@type\":\"ImageObject\",\"inLanguage\":\"pt-BR\",\"@id\":\"https:\/\/serrafm879.com.br\/serrafm\/#\/schema\/person\/image\/\",\"url\":\"https:\/\/secure.gravatar.com\/avatar\/a743233f1112d34f48bb3dc9559b76eb930bab8b27175856cba6362608736235?s=96&d=mm&r=g\",\"contentUrl\":\"https:\/\/secure.gravatar.com\/avatar\/a743233f1112d34f48bb3dc9559b76eb930bab8b27175856cba6362608736235?s=96&d=mm&r=g\",\"caption\":\"serrafm87\"},\"sameAs\":[\"http:\/\/serrafm879.com.br\/\"],\"url\":\"https:\/\/serrafm879.com.br\/serrafm\/author\/serrafm87\/\"}]}<\/script>\n<!-- \/ Yoast SEO plugin. -->","yoast_head_json":{"title":"Paulo C\u00e2mara embarca em voo inaugural para Serra Talhada e cumpre agenda no Sert\u00e3o do Estado - Serra FM 87,9","robots":{"index":"index","follow":"follow","max-snippet":"max-snippet:-1","max-image-preview":"max-image-preview:large","max-video-preview":"max-video-preview:-1"},"canonical":"https:\/\/serrafm879.com.br\/serrafm\/2020\/11\/paulo-camara-embarca-em-voo-inaugural-para-serra-talhada-e-cumpre-agenda-no-sertao-do-estado\/","og_locale":"pt_BR","og_type":"article","og_title":"Paulo C\u00e2mara embarca em voo inaugural para Serra Talhada e cumpre agenda no Sert\u00e3o do Estado - Serra FM 87,9","og_description":"O governador Paulo C\u00e2mara cumpre agenda no Sert\u00e3o pernambucano, nesta quarta-feira (11.11) e, para chegar ao primeiro compromisso, o gestor embarcar\u00e1 no voo inaugural do trecho Recife-Serra Talhada, operado pela Azul Linhas A\u00e9reas. Chegando ao munic\u00edpio, localizado no Paje\u00fa, entregar\u00e1 os Sistemas de Abastecimento de \u00c1gua das Universidades de Pernambuco e Federal Rural de Pernambuco (UPE e UFRPE) e do Instituto Federal de Pernambuco (IFPE). J\u00e1 em Cust\u00f3dia, no Sert\u00e3o do Moxot\u00f3, o governador visitar\u00e1 as obras do Sistema Adutor do munic\u00edpio e do Sistema de Abastecimento de \u00c1gua do distrito de Lagoa da On\u00e7a. Ainda na mesma regi\u00e3o, vistoria [&hellip;]","og_url":"https:\/\/serrafm879.com.br\/serrafm\/2020\/11\/paulo-camara-embarca-em-voo-inaugural-para-serra-talhada-e-cumpre-agenda-no-sertao-do-estado\/","og_site_name":"Serra FM 87,9","article_published_time":"2020-11-11T08:56:24+00:00","og_image":[{"width":128,"height":240,"url":"https:\/\/serrafm879.com.br\/serrafm\/wp-content\/uploads\/2020\/11\/governador-2.png","type":"image\/png"}],"author":"serrafm87","twitter_card":"summary_large_image","twitter_misc":{"Escrito por":"serrafm87","Est. tempo de leitura":"1 minuto"},"schema":{"@context":"https:\/\/schema.org","@graph":[{"@type":"WebPage","@id":"https:\/\/serrafm879.com.br\/serrafm\/2020\/11\/paulo-camara-embarca-em-voo-inaugural-para-serra-talhada-e-cumpre-agenda-no-sertao-do-estado\/","url":"https:\/\/serrafm879.com.br\/serrafm\/2020\/11\/paulo-camara-embarca-em-voo-inaugural-para-serra-talhada-e-cumpre-agenda-no-sertao-do-estado\/","name":"Paulo C\u00e2mara embarca em voo inaugural para Serra Talhada e cumpre agenda no Sert\u00e3o do Estado - Serra FM 87,9","isPartOf":{"@id":"https:\/\/serrafm879.com.br\/serrafm\/#website"},"primaryImageOfPage":{"@id":"https:\/\/serrafm879.com.br\/serrafm\/2020\/11\/paulo-camara-embarca-em-voo-inaugural-para-serra-talhada-e-cumpre-agenda-no-sertao-do-estado\/#primaryimage"},"image":{"@id":"https:\/\/serrafm879.com.br\/serrafm\/2020\/11\/paulo-camara-embarca-em-voo-inaugural-para-serra-talhada-e-cumpre-agenda-no-sertao-do-estado\/#primaryimage"},"thumbnailUrl":"https:\/\/serrafm879.com.br\/serrafm\/wp-content\/uploads\/2020\/11\/governador-2.png","datePublished":"2020-11-11T08:56:24+00:00","author":{"@id":"https:\/\/serrafm879.com.br\/serrafm\/#\/schema\/person\/c028a197030ff8b1c03c68dfba4a787a"},"breadcrumb":{"@id":"https:\/\/serrafm879.com.br\/serrafm\/2020\/11\/paulo-camara-embarca-em-voo-inaugural-para-serra-talhada-e-cumpre-agenda-no-sertao-do-estado\/#breadcrumb"},"inLanguage":"pt-BR","potentialAction":[{"@type":"ReadAction","target":["https:\/\/serrafm879.com.br\/serrafm\/2020\/11\/paulo-camara-embarca-em-voo-inaugural-para-serra-talhada-e-cumpre-agenda-no-sertao-do-estado\/"]}]},{"@type":"ImageObject","inLanguage":"pt-BR","@id":"https:\/\/serrafm879.com.br\/serrafm\/2020\/11\/paulo-camara-embarca-em-voo-inaugural-para-serra-talhada-e-cumpre-agenda-no-sertao-do-estado\/#primaryimage","url":"https:\/\/serrafm879.com.br\/serrafm\/wp-content\/uploads\/2020\/11\/governador-2.png","contentUrl":"https:\/\/serrafm879.com.br\/serrafm\/wp-content\/uploads\/2020\/11\/governador-2.png","width":128,"height":240},{"@type":"BreadcrumbList","@id":"https:\/\/serrafm879.com.br\/serrafm\/2020\/11\/paulo-camara-embarca-em-voo-inaugural-para-serra-talhada-e-cumpre-agenda-no-sertao-do-estado\/#breadcrumb","itemListElement":[{"@type":"ListItem","position":1,"name":"In\u00edcio","item":"https:\/\/serrafm879.com.br\/serrafm\/"},{"@type":"ListItem","position":2,"name":"Paulo C\u00e2mara embarca em voo inaugural para Serra Talhada e cumpre agenda no Sert\u00e3o do Estado"}]},{"@type":"WebSite","@id":"https:\/\/serrafm879.com.br\/serrafm\/#website","url":"https:\/\/serrafm879.com.br\/serrafm\/","name":"Serra FM 87,9","description":"O seu novo amor!","potentialAction":[{"@type":"SearchAction","target":{"@type":"EntryPoint","urlTemplate":"https:\/\/serrafm879.com.br\/serrafm\/?s={search_term_string}"},"query-input":{"@type":"PropertyValueSpecification","valueRequired":true,"valueName":"search_term_string"}}],"inLanguage":"pt-BR"},{"@type":"Person","@id":"https:\/\/serrafm879.com.br\/serrafm\/#\/schema\/person\/c028a197030ff8b1c03c68dfba4a787a","name":"serrafm87","image":{"@type":"ImageObject","inLanguage":"pt-BR","@id":"https:\/\/serrafm879.com.br\/serrafm\/#\/schema\/person\/image\/","url":"https:\/\/secure.gravatar.com\/avatar\/a743233f1112d34f48bb3dc9559b76eb930bab8b27175856cba6362608736235?s=96&d=mm&r=g","contentUrl":"https:\/\/secure.gravatar.com\/avatar\/a743233f1112d34f48bb3dc9559b76eb930bab8b27175856cba6362608736235?s=96&d=mm&r=g","caption":"serrafm87"},"sameAs":["http:\/\/serrafm879.com.br\/"],"url":"https:\/\/serrafm879.com.br\/serrafm\/author\/serrafm87\/"}]}},"jetpack_featured_media_url":"https:\/\/serrafm879.com.br\/serrafm\/wp-content\/uploads\/2020\/11\/governador-2.png","jetpack_shortlink":"https:\/\/wp.me\/p7HyXg-12T","jetpack_sharing_enabled":true,"_links":{"self":[{"href":"https:\/\/serrafm879.com.br\/serrafm\/wp-json\/wp\/v2\/posts\/4023","targetHints":{"allow":["GET"]}}],"collection":[{"href":"https:\/\/serrafm879.com.br\/serrafm\/wp-json\/wp\/v2\/posts"}],"about":[{"href":"https:\/\/serrafm879.com.br\/serrafm\/wp-json\/wp\/v2\/types\/post"}],"author":[{"embeddable":true,"href":"https:\/\/serrafm879.com.br\/serrafm\/wp-json\/wp\/v2\/users\/2"}],"replies":[{"embeddable":true,"href":"https:\/\/serrafm879.com.br\/serrafm\/wp-json\/wp\/v2\/comments?post=4023"}],"version-history":[{"count":1,"href":"https:\/\/serrafm879.com.br\/serrafm\/wp-json\/wp\/v2\/posts\/4023\/revisions"}],"predecessor-version":[{"id":4025,"href":"https:\/\/serrafm879.com.br\/serrafm\/wp-json\/wp\/v2\/posts\/4023\/revisions\/4025"}],"wp:featuredmedia":[{"embeddable":true,"href":"https:\/\/serrafm879.com.br\/serrafm\/wp-json\/wp\/v2\/media\/4024"}],"wp:attachment":[{"href":"https:\/\/serrafm879.com.br\/serrafm\/wp-json\/wp\/v2\/media?parent=4023"}],"wp:term":[{"taxonomy":"category","embeddable":true,"href":"https:\/\/serrafm879.com.br\/serrafm\/wp-json\/wp\/v2\/categories?post=4023"},{"taxonomy":"post_tag","embeddable":true,"href":"https:\/\/serrafm879.com.br\/serrafm\/wp-json\/wp\/v2\/tags?post=4023"}],"curies":[{"name":"wp","href":"https:\/\/api.w.org\/{rel}","templated":true}]}}