{"id":4029,"date":"2020-11-20T07:34:46","date_gmt":"2020-11-20T10:34:46","guid":{"rendered":"https:\/?p=4029"},"modified":"2020-11-20T07:34:46","modified_gmt":"2020-11-20T10:34:46","slug":"exposerra-2020-tem-divulgada-programacao","status":"publish","type":"post","link":"https:\/\/serrafm879.com.br\/serrafm\/2020\/11\/exposerra-2020-tem-divulgada-programacao\/","title":{"rendered":"ExpoSerra 2020 tem divulgada  Programa\u00e7\u00e3o"},"content":{"rendered":"<p>A CDL e Sindicom de Serra Talhada lan\u00e7aram a campanha da ExpoSerra 2020. O evento pela primeira vez em 21 edi\u00e7\u00f5es ter\u00e1 formato h\u00edbrido, com transmiss\u00e3o virtual, a partir de plataforma pr\u00f3pria, a com palestras e oficinas no Shopping Serra Talhada.<\/p>\n<p><strong>Para mais informa\u00e7\u00f5es os telefones s\u00e3o (87) 3831-2667 e (87) 9-9654-1700.<\/strong><\/p>\n<p>Toda a configura\u00e7\u00e3o e transmiss\u00e3o poder\u00e3o ser conferidos dentro da plataforma virtual\u00a0<a href=\"http:\/\/www.rodadasebrae.com.br\/exposerra2020\/\"><strong>http:\/\/www.rodadasebrae.com.br\/exposerra2020\/<\/strong><\/a>\u00a0. Nela voc\u00ea pode fazer sua inscri\u00e7\u00e3o gratuitamente a ainda tornar-se um expositor. O processo \u00e9 r\u00e1pido e simples.<\/p>\n<p>A programa\u00e7\u00e3o vai de 3 a 5 de dezembro, com alguns eventos realizados no Shopping Serra Talhada, na \u00e1rea do Cine A.<\/p>\n<p>Dentre os palestrantes,\u00a0<strong>Dado Shneider<\/strong>, com o tema \u201cO Futuro mudou, bem na minha Vez!\u201d no dia 3, 19h30. Autor do livro que d\u00e1 nome \u00e0 palestra, Dado Schneider \u00e9 Graduado em Comunica\u00e7\u00e3o e P\u00f3s-Graduado em Marketing pela Universidade Federal do Rio Grande do Sul, al\u00e9m de Mestre e Doutor em Comunica\u00e7\u00e3o pela PUC\/RS. Trabalhou em grandes ag\u00eancias de publicidade nacionais, como MPM, Ogilvy e DM9.<\/p>\n<p>Depois disso, tornou-se executivo de marketing da Claro (e \u00e9 o pr\u00f3prio criador da marca), al\u00e9m de Consultor de grandes empresas. Nos \u00faltimos 10 anos, vem se consagrando como um dos mais requisitados palestrantes do Brasil, gra\u00e7as ao seu temperamento inovador. Foi considerado pelo site BuzzFeed como \u201cum dos palestrantes imperd\u00edveis da Campus Party\u201d \u2013 de onde passou a ser Embaixador.<\/p>\n<p>Dia 4, 10h, tem o Semin\u00e1rio \u201cImpulsionar sua empresa na inova\u00e7\u00e3o do novo tempo\u201d. \u00c0s 16h oficina gastron\u00f4mica com transmiss\u00e3o ao vivo. E \u00e0s 19h30 a palestra \u201cEstrat\u00e9gias para aumentar as vendas em tempos de pandemia\u201d, com\u00a0<strong>Cailto Maia<\/strong>, propriet\u00e1rio da Chilli Beans com mais de 200 endere\u00e7os exclusivos no Brasil, al\u00e9m de pontos em Portugal, Estados Unidos e Panam\u00e1.<\/p>\n<p>Dia 5, 10h, \u00a0Semin\u00e1rio \u201cImpulsionar sua empresa na inova\u00e7\u00e3o do novo tempo\u201d, com\u00a0<strong>Adalberto Souza, Adriana Cavalcanti e Flammarion Cysneiros<\/strong>. \u00c0s 16h oficina gastron\u00f4mica \u201cA Cozinha Nordestina\u201d com o\u00a0<strong>Cheff C\u00e9sar Santos<\/strong>. \u00c0s 19h30, com media\u00e7\u00e3o de\u00a0 Jo\u00e3o Kepler, Talk Show com os empres\u00e1rios da Cedan ra\u00e7\u00f5es, Jodibe, Tupan e Grupo Paje\u00fa. O tema, \u201cTend\u00eancias e Cen\u00e1rios Futuros da Ind\u00fastria, Com\u00e9rcio e Turismo\u201d.<\/p>\n<p><strong>Jo\u00e3o Kepler<\/strong>\u00a0\u00e9 \u00a0reconhecido como um dos conferencistas mais sintonizados com Inova\u00e7\u00e3o e Converg\u00eancia Digital do Brasil. Premiado como melhor Investidor Anjo do Brasil pelo Startup Awards; Diretor na FIESP e na ASSESPRO, al\u00e9m de colunista de diversos Portais no Brasil e palestrante internacional, escritor e autor e coautor de v\u00e1rios livros.<\/p>\n<p>O evento tem apoio de Fecom\u00e9rcio, Sesc Senac, AD-Diper, SEBRAE, Prefeitura de Serra Talhada e Shopping Serra Talhada.<\/p>\n<div class=\"sharedaddy sd-sharing-enabled\">\n<div class=\"robots-nocontent sd-block sd-social sd-social-icon sd-sharing\">\n<h3 class=\"sd-title\">Compartilhe:<\/h3>\n<\/div>\n<\/div>\n","protected":false},"excerpt":{"rendered":"<p>A CDL e Sindicom de Serra Talhada lan\u00e7aram a campanha da ExpoSerra 2020. O evento pela primeira vez em 21 edi\u00e7\u00f5es ter\u00e1 formato h\u00edbrido, com transmiss\u00e3o virtual, a partir de plataforma pr\u00f3pria, a com palestras e oficinas no Shopping Serra Talhada. Para mais informa\u00e7\u00f5es os telefones s\u00e3o (87) 3831-2667 e (87) 9-9654-1700. Toda a configura\u00e7\u00e3o e transmiss\u00e3o poder\u00e3o ser conferidos dentro da plataforma virtual\u00a0http:\/\/www.rodadasebrae.com.br\/exposerra2020\/\u00a0. Nela voc\u00ea pode fazer sua inscri\u00e7\u00e3o gratuitamente a ainda tornar-se um expositor. O processo \u00e9 r\u00e1pido e simples. A programa\u00e7\u00e3o vai de 3 a 5 de dezembro, com alguns eventos realizados no Shopping Serra Talhada, na [&hellip;]<\/p>\n","protected":false},"author":2,"featured_media":4030,"comment_status":"open","ping_status":"open","sticky":false,"template":"","format":"standard","meta":{"_jetpack_memberships_contains_paid_content":false,"footnotes":"","jetpack_publicize_message":"","jetpack_publicize_feature_enabled":true,"jetpack_social_post_already_shared":true,"jetpack_social_options":{"image_generator_settings":{"template":"highway","enabled":false},"version":2}},"categories":[2],"tags":[],"class_list":["post-4029","post","type-post","status-publish","format-standard","has-post-thumbnail","hentry","category-noticias"],"jetpack_publicize_connections":[],"yoast_head":"<!-- This site is optimized with the Yoast SEO plugin v24.7 - https:\/\/yoast.com\/wordpress\/plugins\/seo\/ -->\n<title>ExpoSerra 2020 tem divulgada Programa\u00e7\u00e3o - Serra FM 87,9<\/title>\n<meta name=\"robots\" content=\"index, follow, max-snippet:-1, max-image-preview:large, max-video-preview:-1\" \/>\n<link rel=\"canonical\" href=\"https:\/\/serrafm879.com.br\/serrafm\/2020\/11\/exposerra-2020-tem-divulgada-programacao\/\" \/>\n<meta property=\"og:locale\" content=\"pt_BR\" \/>\n<meta property=\"og:type\" content=\"article\" \/>\n<meta property=\"og:title\" content=\"ExpoSerra 2020 tem divulgada Programa\u00e7\u00e3o - Serra FM 87,9\" \/>\n<meta property=\"og:description\" content=\"A CDL e Sindicom de Serra Talhada lan\u00e7aram a campanha da ExpoSerra 2020. O evento pela primeira vez em 21 edi\u00e7\u00f5es ter\u00e1 formato h\u00edbrido, com transmiss\u00e3o virtual, a partir de plataforma pr\u00f3pria, a com palestras e oficinas no Shopping Serra Talhada. Para mais informa\u00e7\u00f5es os telefones s\u00e3o (87) 3831-2667 e (87) 9-9654-1700. Toda a configura\u00e7\u00e3o e transmiss\u00e3o poder\u00e3o ser conferidos dentro da plataforma virtual\u00a0http:\/\/www.rodadasebrae.com.br\/exposerra2020\/\u00a0. Nela voc\u00ea pode fazer sua inscri\u00e7\u00e3o gratuitamente a ainda tornar-se um expositor. O processo \u00e9 r\u00e1pido e simples. A programa\u00e7\u00e3o vai de 3 a 5 de dezembro, com alguns eventos realizados no Shopping Serra Talhada, na [&hellip;]\" \/>\n<meta property=\"og:url\" content=\"https:\/\/serrafm879.com.br\/serrafm\/2020\/11\/exposerra-2020-tem-divulgada-programacao\/\" \/>\n<meta property=\"og:site_name\" content=\"Serra FM 87,9\" \/>\n<meta property=\"article:published_time\" content=\"2020-11-20T10:34:46+00:00\" \/>\n<meta property=\"og:image\" content=\"https:\/\/serrafm879.com.br\/serrafm\/wp-content\/uploads\/2020\/11\/383f7054-5e85-4fd0-875e-ea05196daff0.jpg\" \/>\n\t<meta property=\"og:image:width\" content=\"768\" \/>\n\t<meta property=\"og:image:height\" content=\"1078\" \/>\n\t<meta property=\"og:image:type\" content=\"image\/jpeg\" \/>\n<meta name=\"author\" content=\"serrafm87\" \/>\n<meta name=\"twitter:card\" content=\"summary_large_image\" \/>\n<meta name=\"twitter:label1\" content=\"Escrito por\" \/>\n\t<meta name=\"twitter:data1\" content=\"serrafm87\" \/>\n\t<meta name=\"twitter:label2\" content=\"Est. tempo de leitura\" \/>\n\t<meta name=\"twitter:data2\" content=\"2 minutos\" \/>\n<script type=\"application\/ld+json\" class=\"yoast-schema-graph\">{\"@context\":\"https:\/\/schema.org\",\"@graph\":[{\"@type\":\"WebPage\",\"@id\":\"https:\/\/serrafm879.com.br\/serrafm\/2020\/11\/exposerra-2020-tem-divulgada-programacao\/\",\"url\":\"https:\/\/serrafm879.com.br\/serrafm\/2020\/11\/exposerra-2020-tem-divulgada-programacao\/\",\"name\":\"ExpoSerra 2020 tem divulgada Programa\u00e7\u00e3o - Serra FM 87,9\",\"isPartOf\":{\"@id\":\"https:\/\/serrafm879.com.br\/serrafm\/#website\"},\"primaryImageOfPage\":{\"@id\":\"https:\/\/serrafm879.com.br\/serrafm\/2020\/11\/exposerra-2020-tem-divulgada-programacao\/#primaryimage\"},\"image\":{\"@id\":\"https:\/\/serrafm879.com.br\/serrafm\/2020\/11\/exposerra-2020-tem-divulgada-programacao\/#primaryimage\"},\"thumbnailUrl\":\"https:\/\/serrafm879.com.br\/serrafm\/wp-content\/uploads\/2020\/11\/383f7054-5e85-4fd0-875e-ea05196daff0.jpg\",\"datePublished\":\"2020-11-20T10:34:46+00:00\",\"author\":{\"@id\":\"https:\/\/serrafm879.com.br\/serrafm\/#\/schema\/person\/c028a197030ff8b1c03c68dfba4a787a\"},\"breadcrumb\":{\"@id\":\"https:\/\/serrafm879.com.br\/serrafm\/2020\/11\/exposerra-2020-tem-divulgada-programacao\/#breadcrumb\"},\"inLanguage\":\"pt-BR\",\"potentialAction\":[{\"@type\":\"ReadAction\",\"target\":[\"https:\/\/serrafm879.com.br\/serrafm\/2020\/11\/exposerra-2020-tem-divulgada-programacao\/\"]}]},{\"@type\":\"ImageObject\",\"inLanguage\":\"pt-BR\",\"@id\":\"https:\/\/serrafm879.com.br\/serrafm\/2020\/11\/exposerra-2020-tem-divulgada-programacao\/#primaryimage\",\"url\":\"https:\/\/serrafm879.com.br\/serrafm\/wp-content\/uploads\/2020\/11\/383f7054-5e85-4fd0-875e-ea05196daff0.jpg\",\"contentUrl\":\"https:\/\/serrafm879.com.br\/serrafm\/wp-content\/uploads\/2020\/11\/383f7054-5e85-4fd0-875e-ea05196daff0.jpg\",\"width\":768,\"height\":1078},{\"@type\":\"BreadcrumbList\",\"@id\":\"https:\/\/serrafm879.com.br\/serrafm\/2020\/11\/exposerra-2020-tem-divulgada-programacao\/#breadcrumb\",\"itemListElement\":[{\"@type\":\"ListItem\",\"position\":1,\"name\":\"In\u00edcio\",\"item\":\"https:\/\/serrafm879.com.br\/serrafm\/\"},{\"@type\":\"ListItem\",\"position\":2,\"name\":\"ExpoSerra 2020 tem divulgada Programa\u00e7\u00e3o\"}]},{\"@type\":\"WebSite\",\"@id\":\"https:\/\/serrafm879.com.br\/serrafm\/#website\",\"url\":\"https:\/\/serrafm879.com.br\/serrafm\/\",\"name\":\"Serra FM 87,9\",\"description\":\"O seu novo amor!\",\"potentialAction\":[{\"@type\":\"SearchAction\",\"target\":{\"@type\":\"EntryPoint\",\"urlTemplate\":\"https:\/\/serrafm879.com.br\/serrafm\/?s={search_term_string}\"},\"query-input\":{\"@type\":\"PropertyValueSpecification\",\"valueRequired\":true,\"valueName\":\"search_term_string\"}}],\"inLanguage\":\"pt-BR\"},{\"@type\":\"Person\",\"@id\":\"https:\/\/serrafm879.com.br\/serrafm\/#\/schema\/person\/c028a197030ff8b1c03c68dfba4a787a\",\"name\":\"serrafm87\",\"image\":{\"@type\":\"ImageObject\",\"inLanguage\":\"pt-BR\",\"@id\":\"https:\/\/serrafm879.com.br\/serrafm\/#\/schema\/person\/image\/\",\"url\":\"https:\/\/secure.gravatar.com\/avatar\/a743233f1112d34f48bb3dc9559b76eb930bab8b27175856cba6362608736235?s=96&d=mm&r=g\",\"contentUrl\":\"https:\/\/secure.gravatar.com\/avatar\/a743233f1112d34f48bb3dc9559b76eb930bab8b27175856cba6362608736235?s=96&d=mm&r=g\",\"caption\":\"serrafm87\"},\"sameAs\":[\"http:\/\/serrafm879.com.br\/\"],\"url\":\"https:\/\/serrafm879.com.br\/serrafm\/author\/serrafm87\/\"}]}<\/script>\n<!-- \/ Yoast SEO plugin. -->","yoast_head_json":{"title":"ExpoSerra 2020 tem divulgada Programa\u00e7\u00e3o - Serra FM 87,9","robots":{"index":"index","follow":"follow","max-snippet":"max-snippet:-1","max-image-preview":"max-image-preview:large","max-video-preview":"max-video-preview:-1"},"canonical":"https:\/\/serrafm879.com.br\/serrafm\/2020\/11\/exposerra-2020-tem-divulgada-programacao\/","og_locale":"pt_BR","og_type":"article","og_title":"ExpoSerra 2020 tem divulgada Programa\u00e7\u00e3o - Serra FM 87,9","og_description":"A CDL e Sindicom de Serra Talhada lan\u00e7aram a campanha da ExpoSerra 2020. O evento pela primeira vez em 21 edi\u00e7\u00f5es ter\u00e1 formato h\u00edbrido, com transmiss\u00e3o virtual, a partir de plataforma pr\u00f3pria, a com palestras e oficinas no Shopping Serra Talhada. Para mais informa\u00e7\u00f5es os telefones s\u00e3o (87) 3831-2667 e (87) 9-9654-1700. Toda a configura\u00e7\u00e3o e transmiss\u00e3o poder\u00e3o ser conferidos dentro da plataforma virtual\u00a0http:\/\/www.rodadasebrae.com.br\/exposerra2020\/\u00a0. Nela voc\u00ea pode fazer sua inscri\u00e7\u00e3o gratuitamente a ainda tornar-se um expositor. O processo \u00e9 r\u00e1pido e simples. A programa\u00e7\u00e3o vai de 3 a 5 de dezembro, com alguns eventos realizados no Shopping Serra Talhada, na [&hellip;]","og_url":"https:\/\/serrafm879.com.br\/serrafm\/2020\/11\/exposerra-2020-tem-divulgada-programacao\/","og_site_name":"Serra FM 87,9","article_published_time":"2020-11-20T10:34:46+00:00","og_image":[{"width":768,"height":1078,"url":"https:\/\/serrafm879.com.br\/serrafm\/wp-content\/uploads\/2020\/11\/383f7054-5e85-4fd0-875e-ea05196daff0.jpg","type":"image\/jpeg"}],"author":"serrafm87","twitter_card":"summary_large_image","twitter_misc":{"Escrito por":"serrafm87","Est. tempo de leitura":"2 minutos"},"schema":{"@context":"https:\/\/schema.org","@graph":[{"@type":"WebPage","@id":"https:\/\/serrafm879.com.br\/serrafm\/2020\/11\/exposerra-2020-tem-divulgada-programacao\/","url":"https:\/\/serrafm879.com.br\/serrafm\/2020\/11\/exposerra-2020-tem-divulgada-programacao\/","name":"ExpoSerra 2020 tem divulgada Programa\u00e7\u00e3o - Serra FM 87,9","isPartOf":{"@id":"https:\/\/serrafm879.com.br\/serrafm\/#website"},"primaryImageOfPage":{"@id":"https:\/\/serrafm879.com.br\/serrafm\/2020\/11\/exposerra-2020-tem-divulgada-programacao\/#primaryimage"},"image":{"@id":"https:\/\/serrafm879.com.br\/serrafm\/2020\/11\/exposerra-2020-tem-divulgada-programacao\/#primaryimage"},"thumbnailUrl":"https:\/\/serrafm879.com.br\/serrafm\/wp-content\/uploads\/2020\/11\/383f7054-5e85-4fd0-875e-ea05196daff0.jpg","datePublished":"2020-11-20T10:34:46+00:00","author":{"@id":"https:\/\/serrafm879.com.br\/serrafm\/#\/schema\/person\/c028a197030ff8b1c03c68dfba4a787a"},"breadcrumb":{"@id":"https:\/\/serrafm879.com.br\/serrafm\/2020\/11\/exposerra-2020-tem-divulgada-programacao\/#breadcrumb"},"inLanguage":"pt-BR","potentialAction":[{"@type":"ReadAction","target":["https:\/\/serrafm879.com.br\/serrafm\/2020\/11\/exposerra-2020-tem-divulgada-programacao\/"]}]},{"@type":"ImageObject","inLanguage":"pt-BR","@id":"https:\/\/serrafm879.com.br\/serrafm\/2020\/11\/exposerra-2020-tem-divulgada-programacao\/#primaryimage","url":"https:\/\/serrafm879.com.br\/serrafm\/wp-content\/uploads\/2020\/11\/383f7054-5e85-4fd0-875e-ea05196daff0.jpg","contentUrl":"https:\/\/serrafm879.com.br\/serrafm\/wp-content\/uploads\/2020\/11\/383f7054-5e85-4fd0-875e-ea05196daff0.jpg","width":768,"height":1078},{"@type":"BreadcrumbList","@id":"https:\/\/serrafm879.com.br\/serrafm\/2020\/11\/exposerra-2020-tem-divulgada-programacao\/#breadcrumb","itemListElement":[{"@type":"ListItem","position":1,"name":"In\u00edcio","item":"https:\/\/serrafm879.com.br\/serrafm\/"},{"@type":"ListItem","position":2,"name":"ExpoSerra 2020 tem divulgada Programa\u00e7\u00e3o"}]},{"@type":"WebSite","@id":"https:\/\/serrafm879.com.br\/serrafm\/#website","url":"https:\/\/serrafm879.com.br\/serrafm\/","name":"Serra FM 87,9","description":"O seu novo amor!","potentialAction":[{"@type":"SearchAction","target":{"@type":"EntryPoint","urlTemplate":"https:\/\/serrafm879.com.br\/serrafm\/?s={search_term_string}"},"query-input":{"@type":"PropertyValueSpecification","valueRequired":true,"valueName":"search_term_string"}}],"inLanguage":"pt-BR"},{"@type":"Person","@id":"https:\/\/serrafm879.com.br\/serrafm\/#\/schema\/person\/c028a197030ff8b1c03c68dfba4a787a","name":"serrafm87","image":{"@type":"ImageObject","inLanguage":"pt-BR","@id":"https:\/\/serrafm879.com.br\/serrafm\/#\/schema\/person\/image\/","url":"https:\/\/secure.gravatar.com\/avatar\/a743233f1112d34f48bb3dc9559b76eb930bab8b27175856cba6362608736235?s=96&d=mm&r=g","contentUrl":"https:\/\/secure.gravatar.com\/avatar\/a743233f1112d34f48bb3dc9559b76eb930bab8b27175856cba6362608736235?s=96&d=mm&r=g","caption":"serrafm87"},"sameAs":["http:\/\/serrafm879.com.br\/"],"url":"https:\/\/serrafm879.com.br\/serrafm\/author\/serrafm87\/"}]}},"jetpack_featured_media_url":"https:\/\/serrafm879.com.br\/serrafm\/wp-content\/uploads\/2020\/11\/383f7054-5e85-4fd0-875e-ea05196daff0.jpg","jetpack_shortlink":"https:\/\/wp.me\/p7HyXg-12Z","jetpack_sharing_enabled":true,"_links":{"self":[{"href":"https:\/\/serrafm879.com.br\/serrafm\/wp-json\/wp\/v2\/posts\/4029","targetHints":{"allow":["GET"]}}],"collection":[{"href":"https:\/\/serrafm879.com.br\/serrafm\/wp-json\/wp\/v2\/posts"}],"about":[{"href":"https:\/\/serrafm879.com.br\/serrafm\/wp-json\/wp\/v2\/types\/post"}],"author":[{"embeddable":true,"href":"https:\/\/serrafm879.com.br\/serrafm\/wp-json\/wp\/v2\/users\/2"}],"replies":[{"embeddable":true,"href":"https:\/\/serrafm879.com.br\/serrafm\/wp-json\/wp\/v2\/comments?post=4029"}],"version-history":[{"count":1,"href":"https:\/\/serrafm879.com.br\/serrafm\/wp-json\/wp\/v2\/posts\/4029\/revisions"}],"predecessor-version":[{"id":4031,"href":"https:\/\/serrafm879.com.br\/serrafm\/wp-json\/wp\/v2\/posts\/4029\/revisions\/4031"}],"wp:featuredmedia":[{"embeddable":true,"href":"https:\/\/serrafm879.com.br\/serrafm\/wp-json\/wp\/v2\/media\/4030"}],"wp:attachment":[{"href":"https:\/\/serrafm879.com.br\/serrafm\/wp-json\/wp\/v2\/media?parent=4029"}],"wp:term":[{"taxonomy":"category","embeddable":true,"href":"https:\/\/serrafm879.com.br\/serrafm\/wp-json\/wp\/v2\/categories?post=4029"},{"taxonomy":"post_tag","embeddable":true,"href":"https:\/\/serrafm879.com.br\/serrafm\/wp-json\/wp\/v2\/tags?post=4029"}],"curies":[{"name":"wp","href":"https:\/\/api.w.org\/{rel}","templated":true}]}}