{"id":4035,"date":"2020-11-20T07:38:41","date_gmt":"2020-11-20T10:38:41","guid":{"rendered":"https:\/?p=4035"},"modified":"2020-11-20T07:38:41","modified_gmt":"2020-11-20T10:38:41","slug":"if-sertao-abre-selecao-para-cursos-em-serra-talhada","status":"publish","type":"post","link":"https:\/\/serrafm879.com.br\/serrafm\/2020\/11\/if-sertao-abre-selecao-para-cursos-em-serra-talhada\/","title":{"rendered":"IF-Sert\u00e3o abre sele\u00e7\u00e3o para cursos em Serra Talhada"},"content":{"rendered":"<p>O Instituto Federal do Sert\u00e3o Pernambucano \u2013\u00a0<strong>IF Sert\u00e3o-PE<\/strong>\u00a0publicou, no dia 9 de novembro, os editais n\u00ba 43, 44\/2020, que tratam do Processo Seletivo para ingresso nos cursos t\u00e9cnicos presenciais e \u00e0 dist\u00e2ncia. S\u00e3o ofertadas em todos os campi do Instituto. Para o campus Serra Talhada, est\u00e3o sendo oferecidas vagas nos cursos de Ensino M\u00e9dio Integrado ao curso de Log\u00edstica ou Edifica\u00e7\u00f5es, e ainda cursos Subsequentes (para quem j\u00e1 concluiu o Ensino M\u00e9dio), em Refrigera\u00e7\u00e3o e Climatiza\u00e7\u00e3o e Log\u00edstica.<\/p>\n<p><strong>Modalidades\u00a0<\/strong>\u2013 A\u00a0modalidade \u201cIntegrado ao Ensino M\u00e9dio\u201d \u00e9 voltada para os concluintes do 9\u00ba ano do Ensino Fundamental. Nessa categoria, em Serra Talhada s\u00e3o oferecidas vagas para os seguintes cursos:\u00a0 Edifica\u00e7\u00f5es (35 vagas \u2013 manh\u00e3) e\u00a0 Log\u00edstica (35 vagas \u2013\u00a0 manh\u00e3 \/ 35 vagas \u2013 tarde). Para a modalidade \u201cSubsequente ao Ensino M\u00e9dio\u201d, destinada a quem j\u00e1 concluiu o Ensino M\u00e9dio, s\u00e3o oferecidas oportunidades para os cursos de Log\u00edstica\u00a0\u00a0(35 vagas \u2013\u00a0 tarde \/ 35 vagas \u2013 noite)\u00a0\u00a0\u00a0e Refrigera\u00e7\u00e3o e Climatiza\u00e7\u00e3o\u00a0\u00a0(35 vagas \u2013\u00a0 tarde \/ 35 vagas \u2013 noite)\u00a0\u00a0. Os estudantes interessados devem ficar atentos na hora de realizar sua inscri\u00e7\u00e3o, visto que o Processo Seletivo acontece simultaneamente em todos os campi do Instituto, ent\u00e3o quem deseja estudar em Serra Talhada, deve se inscrever num curso dispon\u00edvel pelo campus.<\/p>\n<div class=\"google-auto-placed ap_container\"><\/div>\n<p><strong>Inscri\u00e7\u00f5es<\/strong>\u00a0\u2013 As inscri\u00e7\u00f5es s\u00e3o gratuitas e devem ser feitas entre os dias 09 de novembro e 20 de dezembro, exclusivamente pela internet, no endere\u00e7o:\u00a0aluno.ifsertao-pe.<wbr \/>edu.br. A sele\u00e7\u00e3o ser\u00e1 feita atrav\u00e9s de an\u00e1lise de hist\u00f3rico escolar. Por isso, no momento da inscri\u00e7\u00e3o, o candidato deve anexar o documento (ficha 18, para estudantes do N\u00edvel Fundamental; ficha 19, para N\u00edvel M\u00e9dio) e inserir as notas, exigidas no respectivo edital, no sistema.<\/p>\n<p>Os candidatos que se inscreverem para a modalidade \u201cM\u00e9dio Integrado\u201d devem inserir as m\u00e9dias de Portugu\u00eas, Matem\u00e1tica, Hist\u00f3ria e Geografia dos 6\u00ba, 7\u00ba, 8\u00ba e 9\u00ba anos do Ensino Fundamental. J\u00e1 os candidatos \u00e0s vagas da modalidade \u201cSubsequente ao Ensino M\u00e9dio\u201d devem apresentar as m\u00e9dias de Portugu\u00eas e Matem\u00e1tica dos 1\u00ba e 2\u00ba anos do Ensino M\u00e9dio ou as notas do Exame Nacional do Ensino M\u00e9dio.<\/p>\n<p>Este ano, o curso PROEJA no campus Serra Talhada ser\u00e1 oferecido juntamente com a Escola de Refer\u00eancia em Ensino M\u00e9dio Solid\u00f4nio Leite, e o Processo Seletivo ocorrer\u00e1 diretamente no col\u00e9gio.<\/p>\n<div class=\"google-auto-placed ap_container\"><\/div>\n<p><strong>Modelo de declara\u00e7\u00e3o de desempenho escolar<\/strong>\u00a0\u2013 Caso o candidato n\u00e3o tenha acesso ao hist\u00f3rico escolar ou documento equivalente para realizar a inscri\u00e7\u00e3o, poder\u00e1 utilizar uma declara\u00e7\u00e3o emitida pela escola, seguindo o modelo disponibilizado pelo\u00a0<strong>IF Sert\u00e3o-PE<\/strong>\u00a0nos editais do Processo Seletivo. A declara\u00e7\u00e3o deve constar as informa\u00e7\u00f5es pessoas e notas necess\u00e1rias para a inscri\u00e7\u00e3o, al\u00e9m de estar assinada e carimbada pelo respons\u00e1vel pela escola. No caso de declara\u00e7\u00f5es incompletas, a inscri\u00e7\u00e3o ser\u00e1 indeferida.<\/p>\n<p>Aos candidatos que ainda n\u00e3o t\u00eam o hist\u00f3rico escolar, o<strong>\u00a0IF Sert\u00e3o-PE<\/strong>\u00a0orienta que providenciem o mais breve poss\u00edvel o documento. Essa medida de antecipa\u00e7\u00e3o \u00e9 para evitar perda de prazo da inscri\u00e7\u00e3o, em casos onde as escolas necessitam de tempo para a emiss\u00e3o do documento.<\/p>\n<p><strong>Cotas<\/strong>\u00a0\u2013 Metade do total de vagas \u00e9 reservada para candidatos egressos de escolas p\u00fablicas, sendo 50% reservadas para estudantes com renda familiar bruta igual ou inferior a 1,5 sal\u00e1rio m\u00ednimo per capita e 50% para egressos de escola p\u00fablica independente de renda. Dentro desses percentuais, tamb\u00e9m ser\u00e3o reservadas vagas para candidatos autodeclarados pretos, pardos e ind\u00edgenas e para pessoas com defici\u00eancia.<\/p>\n<div class=\"google-auto-placed ap_container\"><\/div>\n<p><strong>Prazos<\/strong>\u00a0\u2013 As inscri\u00e7\u00f5es acontecem entre o dia 09 de novembro e 20 de dezembro. A partir do dia 22 de dezembro, ser\u00e1 publicada a lista preliminar de candidatos inscritos. Os recursos \u00e0s inscri\u00e7\u00f5es n\u00e3o homologadas devem ser apresentados nos dias 23 e 24 de dezembro. O resultado da an\u00e1lise dessas contesta\u00e7\u00f5es ser\u00e1 divulgado no dia 29 de dezembro. O resultado preliminar da sele\u00e7\u00e3o ser\u00e1 publicado no dia 27 de janeiro de 2021. Os candidatos ter\u00e3o os dias 28 e 29 de janeiro de 2021 para apresentarem recursos. O resultado final ser\u00e1 conhecido no dia 04 de fevereiro de 2021.<\/p>\n<p>Outras informa\u00e7\u00f5es, como cronograma completo, orienta\u00e7\u00f5es sobre documenta\u00e7\u00e3o e demais dados est\u00e3o dispon\u00edveis nos editais. Caso o candidato tenha d\u00favidas, poder\u00e1 enviar um e-mail para\u00a0selecao@ifsertao-pe.edu.br, ou procurar o\u00a0<strong>IF Sert\u00e3o-PE<\/strong>\u00a0nas redes sociais.<\/p>\n<p>Fa\u00e7a sua inscri\u00e7\u00e3o\u00a0<a href=\"https:\/\/aluno.ifsertao-pe.edu.br\/\">aqui\u00a0<\/a><\/p>\n<p><a href=\"https:\/\/www.ifsertao-pe.edu.br\/images\/Ingresso\/PS2021\/Edital%2043-2020%20-%20Mdio%20Integrado%2006-11-2020.pdf\">Clique aqui<\/a>\u00a0para acessar o edital da modalidade \u201cEnsino M\u00e9dio Integrado\u201d (Edital 43\/2020)<\/p>\n<p><a href=\"https:\/\/www.ifsertao-pe.edu.br\/images\/Ingresso\/PS2021\/Edital%2044-2020%20-%20Subsequente%2006-11-2020.pdf\">Clique aqui<\/a>\u00a0para acessar o edital da modalidade \u201cSubsequente ao Ensino M\u00e9dio\u201d (Edital 44\/2020)<\/p>\n<p>por Jessica Gabiraba<\/p>\n","protected":false},"excerpt":{"rendered":"<p>O Instituto Federal do Sert\u00e3o Pernambucano \u2013\u00a0IF Sert\u00e3o-PE\u00a0publicou, no dia 9 de novembro, os editais n\u00ba 43, 44\/2020, que tratam do Processo Seletivo para ingresso nos cursos t\u00e9cnicos presenciais e \u00e0 dist\u00e2ncia. S\u00e3o ofertadas em todos os campi do Instituto. Para o campus Serra Talhada, est\u00e3o sendo oferecidas vagas nos cursos de Ensino M\u00e9dio Integrado ao curso de Log\u00edstica ou Edifica\u00e7\u00f5es, e ainda cursos Subsequentes (para quem j\u00e1 concluiu o Ensino M\u00e9dio), em Refrigera\u00e7\u00e3o e Climatiza\u00e7\u00e3o e Log\u00edstica. Modalidades\u00a0\u2013 A\u00a0modalidade \u201cIntegrado ao Ensino M\u00e9dio\u201d \u00e9 voltada para os concluintes do 9\u00ba ano do Ensino Fundamental. Nessa categoria, em Serra Talhada [&hellip;]<\/p>\n","protected":false},"author":2,"featured_media":2714,"comment_status":"open","ping_status":"open","sticky":false,"template":"","format":"standard","meta":{"_jetpack_memberships_contains_paid_content":false,"footnotes":"","jetpack_publicize_message":"","jetpack_publicize_feature_enabled":true,"jetpack_social_post_already_shared":true,"jetpack_social_options":{"image_generator_settings":{"template":"highway","enabled":false},"version":2}},"categories":[2],"tags":[],"class_list":["post-4035","post","type-post","status-publish","format-standard","has-post-thumbnail","hentry","category-noticias"],"jetpack_publicize_connections":[],"yoast_head":"<!-- This site is optimized with the Yoast SEO plugin v24.7 - https:\/\/yoast.com\/wordpress\/plugins\/seo\/ -->\n<title>IF-Sert\u00e3o abre sele\u00e7\u00e3o para cursos em Serra Talhada - Serra FM 87,9<\/title>\n<meta name=\"robots\" content=\"index, follow, max-snippet:-1, max-image-preview:large, max-video-preview:-1\" \/>\n<link rel=\"canonical\" href=\"https:\/\/serrafm879.com.br\/serrafm\/2020\/11\/if-sertao-abre-selecao-para-cursos-em-serra-talhada\/\" \/>\n<meta property=\"og:locale\" content=\"pt_BR\" \/>\n<meta property=\"og:type\" content=\"article\" \/>\n<meta property=\"og:title\" content=\"IF-Sert\u00e3o abre sele\u00e7\u00e3o para cursos em Serra Talhada - Serra FM 87,9\" \/>\n<meta property=\"og:description\" content=\"O Instituto Federal do Sert\u00e3o Pernambucano \u2013\u00a0IF Sert\u00e3o-PE\u00a0publicou, no dia 9 de novembro, os editais n\u00ba 43, 44\/2020, que tratam do Processo Seletivo para ingresso nos cursos t\u00e9cnicos presenciais e \u00e0 dist\u00e2ncia. S\u00e3o ofertadas em todos os campi do Instituto. Para o campus Serra Talhada, est\u00e3o sendo oferecidas vagas nos cursos de Ensino M\u00e9dio Integrado ao curso de Log\u00edstica ou Edifica\u00e7\u00f5es, e ainda cursos Subsequentes (para quem j\u00e1 concluiu o Ensino M\u00e9dio), em Refrigera\u00e7\u00e3o e Climatiza\u00e7\u00e3o e Log\u00edstica. Modalidades\u00a0\u2013 A\u00a0modalidade \u201cIntegrado ao Ensino M\u00e9dio\u201d \u00e9 voltada para os concluintes do 9\u00ba ano do Ensino Fundamental. Nessa categoria, em Serra Talhada [&hellip;]\" \/>\n<meta property=\"og:url\" content=\"https:\/\/serrafm879.com.br\/serrafm\/2020\/11\/if-sertao-abre-selecao-para-cursos-em-serra-talhada\/\" \/>\n<meta property=\"og:site_name\" content=\"Serra FM 87,9\" \/>\n<meta property=\"article:published_time\" content=\"2020-11-20T10:38:41+00:00\" \/>\n<meta property=\"og:image\" content=\"https:\/\/serrafm879.com.br\/serrafm\/wp-content\/uploads\/2020\/05\/IF-SERTO-3.jpg\" \/>\n\t<meta property=\"og:image:width\" content=\"600\" \/>\n\t<meta property=\"og:image:height\" content=\"398\" \/>\n\t<meta property=\"og:image:type\" content=\"image\/jpeg\" \/>\n<meta name=\"author\" content=\"serrafm87\" \/>\n<meta name=\"twitter:card\" content=\"summary_large_image\" \/>\n<meta name=\"twitter:label1\" content=\"Escrito por\" \/>\n\t<meta name=\"twitter:data1\" content=\"serrafm87\" \/>\n\t<meta name=\"twitter:label2\" content=\"Est. tempo de leitura\" \/>\n\t<meta name=\"twitter:data2\" content=\"4 minutos\" \/>\n<script type=\"application\/ld+json\" class=\"yoast-schema-graph\">{\"@context\":\"https:\/\/schema.org\",\"@graph\":[{\"@type\":\"WebPage\",\"@id\":\"https:\/\/serrafm879.com.br\/serrafm\/2020\/11\/if-sertao-abre-selecao-para-cursos-em-serra-talhada\/\",\"url\":\"https:\/\/serrafm879.com.br\/serrafm\/2020\/11\/if-sertao-abre-selecao-para-cursos-em-serra-talhada\/\",\"name\":\"IF-Sert\u00e3o abre sele\u00e7\u00e3o para cursos em Serra Talhada - Serra FM 87,9\",\"isPartOf\":{\"@id\":\"https:\/\/serrafm879.com.br\/serrafm\/#website\"},\"primaryImageOfPage\":{\"@id\":\"https:\/\/serrafm879.com.br\/serrafm\/2020\/11\/if-sertao-abre-selecao-para-cursos-em-serra-talhada\/#primaryimage\"},\"image\":{\"@id\":\"https:\/\/serrafm879.com.br\/serrafm\/2020\/11\/if-sertao-abre-selecao-para-cursos-em-serra-talhada\/#primaryimage\"},\"thumbnailUrl\":\"https:\/\/serrafm879.com.br\/serrafm\/wp-content\/uploads\/2020\/05\/IF-SERTO-3.jpg\",\"datePublished\":\"2020-11-20T10:38:41+00:00\",\"author\":{\"@id\":\"https:\/\/serrafm879.com.br\/serrafm\/#\/schema\/person\/c028a197030ff8b1c03c68dfba4a787a\"},\"breadcrumb\":{\"@id\":\"https:\/\/serrafm879.com.br\/serrafm\/2020\/11\/if-sertao-abre-selecao-para-cursos-em-serra-talhada\/#breadcrumb\"},\"inLanguage\":\"pt-BR\",\"potentialAction\":[{\"@type\":\"ReadAction\",\"target\":[\"https:\/\/serrafm879.com.br\/serrafm\/2020\/11\/if-sertao-abre-selecao-para-cursos-em-serra-talhada\/\"]}]},{\"@type\":\"ImageObject\",\"inLanguage\":\"pt-BR\",\"@id\":\"https:\/\/serrafm879.com.br\/serrafm\/2020\/11\/if-sertao-abre-selecao-para-cursos-em-serra-talhada\/#primaryimage\",\"url\":\"https:\/\/serrafm879.com.br\/serrafm\/wp-content\/uploads\/2020\/05\/IF-SERTO-3.jpg\",\"contentUrl\":\"https:\/\/serrafm879.com.br\/serrafm\/wp-content\/uploads\/2020\/05\/IF-SERTO-3.jpg\",\"width\":600,\"height\":398},{\"@type\":\"BreadcrumbList\",\"@id\":\"https:\/\/serrafm879.com.br\/serrafm\/2020\/11\/if-sertao-abre-selecao-para-cursos-em-serra-talhada\/#breadcrumb\",\"itemListElement\":[{\"@type\":\"ListItem\",\"position\":1,\"name\":\"In\u00edcio\",\"item\":\"https:\/\/serrafm879.com.br\/serrafm\/\"},{\"@type\":\"ListItem\",\"position\":2,\"name\":\"IF-Sert\u00e3o abre sele\u00e7\u00e3o para cursos em Serra Talhada\"}]},{\"@type\":\"WebSite\",\"@id\":\"https:\/\/serrafm879.com.br\/serrafm\/#website\",\"url\":\"https:\/\/serrafm879.com.br\/serrafm\/\",\"name\":\"Serra FM 87,9\",\"description\":\"O seu novo amor!\",\"potentialAction\":[{\"@type\":\"SearchAction\",\"target\":{\"@type\":\"EntryPoint\",\"urlTemplate\":\"https:\/\/serrafm879.com.br\/serrafm\/?s={search_term_string}\"},\"query-input\":{\"@type\":\"PropertyValueSpecification\",\"valueRequired\":true,\"valueName\":\"search_term_string\"}}],\"inLanguage\":\"pt-BR\"},{\"@type\":\"Person\",\"@id\":\"https:\/\/serrafm879.com.br\/serrafm\/#\/schema\/person\/c028a197030ff8b1c03c68dfba4a787a\",\"name\":\"serrafm87\",\"image\":{\"@type\":\"ImageObject\",\"inLanguage\":\"pt-BR\",\"@id\":\"https:\/\/serrafm879.com.br\/serrafm\/#\/schema\/person\/image\/\",\"url\":\"https:\/\/secure.gravatar.com\/avatar\/a743233f1112d34f48bb3dc9559b76eb930bab8b27175856cba6362608736235?s=96&d=mm&r=g\",\"contentUrl\":\"https:\/\/secure.gravatar.com\/avatar\/a743233f1112d34f48bb3dc9559b76eb930bab8b27175856cba6362608736235?s=96&d=mm&r=g\",\"caption\":\"serrafm87\"},\"sameAs\":[\"http:\/\/serrafm879.com.br\/\"],\"url\":\"https:\/\/serrafm879.com.br\/serrafm\/author\/serrafm87\/\"}]}<\/script>\n<!-- \/ Yoast SEO plugin. -->","yoast_head_json":{"title":"IF-Sert\u00e3o abre sele\u00e7\u00e3o para cursos em Serra Talhada - Serra FM 87,9","robots":{"index":"index","follow":"follow","max-snippet":"max-snippet:-1","max-image-preview":"max-image-preview:large","max-video-preview":"max-video-preview:-1"},"canonical":"https:\/\/serrafm879.com.br\/serrafm\/2020\/11\/if-sertao-abre-selecao-para-cursos-em-serra-talhada\/","og_locale":"pt_BR","og_type":"article","og_title":"IF-Sert\u00e3o abre sele\u00e7\u00e3o para cursos em Serra Talhada - Serra FM 87,9","og_description":"O Instituto Federal do Sert\u00e3o Pernambucano \u2013\u00a0IF Sert\u00e3o-PE\u00a0publicou, no dia 9 de novembro, os editais n\u00ba 43, 44\/2020, que tratam do Processo Seletivo para ingresso nos cursos t\u00e9cnicos presenciais e \u00e0 dist\u00e2ncia. S\u00e3o ofertadas em todos os campi do Instituto. Para o campus Serra Talhada, est\u00e3o sendo oferecidas vagas nos cursos de Ensino M\u00e9dio Integrado ao curso de Log\u00edstica ou Edifica\u00e7\u00f5es, e ainda cursos Subsequentes (para quem j\u00e1 concluiu o Ensino M\u00e9dio), em Refrigera\u00e7\u00e3o e Climatiza\u00e7\u00e3o e Log\u00edstica. Modalidades\u00a0\u2013 A\u00a0modalidade \u201cIntegrado ao Ensino M\u00e9dio\u201d \u00e9 voltada para os concluintes do 9\u00ba ano do Ensino Fundamental. Nessa categoria, em Serra Talhada [&hellip;]","og_url":"https:\/\/serrafm879.com.br\/serrafm\/2020\/11\/if-sertao-abre-selecao-para-cursos-em-serra-talhada\/","og_site_name":"Serra FM 87,9","article_published_time":"2020-11-20T10:38:41+00:00","og_image":[{"width":600,"height":398,"url":"https:\/\/serrafm879.com.br\/serrafm\/wp-content\/uploads\/2020\/05\/IF-SERTO-3.jpg","type":"image\/jpeg"}],"author":"serrafm87","twitter_card":"summary_large_image","twitter_misc":{"Escrito por":"serrafm87","Est. tempo de leitura":"4 minutos"},"schema":{"@context":"https:\/\/schema.org","@graph":[{"@type":"WebPage","@id":"https:\/\/serrafm879.com.br\/serrafm\/2020\/11\/if-sertao-abre-selecao-para-cursos-em-serra-talhada\/","url":"https:\/\/serrafm879.com.br\/serrafm\/2020\/11\/if-sertao-abre-selecao-para-cursos-em-serra-talhada\/","name":"IF-Sert\u00e3o abre sele\u00e7\u00e3o para cursos em Serra Talhada - Serra FM 87,9","isPartOf":{"@id":"https:\/\/serrafm879.com.br\/serrafm\/#website"},"primaryImageOfPage":{"@id":"https:\/\/serrafm879.com.br\/serrafm\/2020\/11\/if-sertao-abre-selecao-para-cursos-em-serra-talhada\/#primaryimage"},"image":{"@id":"https:\/\/serrafm879.com.br\/serrafm\/2020\/11\/if-sertao-abre-selecao-para-cursos-em-serra-talhada\/#primaryimage"},"thumbnailUrl":"https:\/\/serrafm879.com.br\/serrafm\/wp-content\/uploads\/2020\/05\/IF-SERTO-3.jpg","datePublished":"2020-11-20T10:38:41+00:00","author":{"@id":"https:\/\/serrafm879.com.br\/serrafm\/#\/schema\/person\/c028a197030ff8b1c03c68dfba4a787a"},"breadcrumb":{"@id":"https:\/\/serrafm879.com.br\/serrafm\/2020\/11\/if-sertao-abre-selecao-para-cursos-em-serra-talhada\/#breadcrumb"},"inLanguage":"pt-BR","potentialAction":[{"@type":"ReadAction","target":["https:\/\/serrafm879.com.br\/serrafm\/2020\/11\/if-sertao-abre-selecao-para-cursos-em-serra-talhada\/"]}]},{"@type":"ImageObject","inLanguage":"pt-BR","@id":"https:\/\/serrafm879.com.br\/serrafm\/2020\/11\/if-sertao-abre-selecao-para-cursos-em-serra-talhada\/#primaryimage","url":"https:\/\/serrafm879.com.br\/serrafm\/wp-content\/uploads\/2020\/05\/IF-SERTO-3.jpg","contentUrl":"https:\/\/serrafm879.com.br\/serrafm\/wp-content\/uploads\/2020\/05\/IF-SERTO-3.jpg","width":600,"height":398},{"@type":"BreadcrumbList","@id":"https:\/\/serrafm879.com.br\/serrafm\/2020\/11\/if-sertao-abre-selecao-para-cursos-em-serra-talhada\/#breadcrumb","itemListElement":[{"@type":"ListItem","position":1,"name":"In\u00edcio","item":"https:\/\/serrafm879.com.br\/serrafm\/"},{"@type":"ListItem","position":2,"name":"IF-Sert\u00e3o abre sele\u00e7\u00e3o para cursos em Serra Talhada"}]},{"@type":"WebSite","@id":"https:\/\/serrafm879.com.br\/serrafm\/#website","url":"https:\/\/serrafm879.com.br\/serrafm\/","name":"Serra FM 87,9","description":"O seu novo amor!","potentialAction":[{"@type":"SearchAction","target":{"@type":"EntryPoint","urlTemplate":"https:\/\/serrafm879.com.br\/serrafm\/?s={search_term_string}"},"query-input":{"@type":"PropertyValueSpecification","valueRequired":true,"valueName":"search_term_string"}}],"inLanguage":"pt-BR"},{"@type":"Person","@id":"https:\/\/serrafm879.com.br\/serrafm\/#\/schema\/person\/c028a197030ff8b1c03c68dfba4a787a","name":"serrafm87","image":{"@type":"ImageObject","inLanguage":"pt-BR","@id":"https:\/\/serrafm879.com.br\/serrafm\/#\/schema\/person\/image\/","url":"https:\/\/secure.gravatar.com\/avatar\/a743233f1112d34f48bb3dc9559b76eb930bab8b27175856cba6362608736235?s=96&d=mm&r=g","contentUrl":"https:\/\/secure.gravatar.com\/avatar\/a743233f1112d34f48bb3dc9559b76eb930bab8b27175856cba6362608736235?s=96&d=mm&r=g","caption":"serrafm87"},"sameAs":["http:\/\/serrafm879.com.br\/"],"url":"https:\/\/serrafm879.com.br\/serrafm\/author\/serrafm87\/"}]}},"jetpack_featured_media_url":"https:\/\/serrafm879.com.br\/serrafm\/wp-content\/uploads\/2020\/05\/IF-SERTO-3.jpg","jetpack_shortlink":"https:\/\/wp.me\/p7HyXg-135","jetpack_sharing_enabled":true,"_links":{"self":[{"href":"https:\/\/serrafm879.com.br\/serrafm\/wp-json\/wp\/v2\/posts\/4035","targetHints":{"allow":["GET"]}}],"collection":[{"href":"https:\/\/serrafm879.com.br\/serrafm\/wp-json\/wp\/v2\/posts"}],"about":[{"href":"https:\/\/serrafm879.com.br\/serrafm\/wp-json\/wp\/v2\/types\/post"}],"author":[{"embeddable":true,"href":"https:\/\/serrafm879.com.br\/serrafm\/wp-json\/wp\/v2\/users\/2"}],"replies":[{"embeddable":true,"href":"https:\/\/serrafm879.com.br\/serrafm\/wp-json\/wp\/v2\/comments?post=4035"}],"version-history":[{"count":1,"href":"https:\/\/serrafm879.com.br\/serrafm\/wp-json\/wp\/v2\/posts\/4035\/revisions"}],"predecessor-version":[{"id":4036,"href":"https:\/\/serrafm879.com.br\/serrafm\/wp-json\/wp\/v2\/posts\/4035\/revisions\/4036"}],"wp:featuredmedia":[{"embeddable":true,"href":"https:\/\/serrafm879.com.br\/serrafm\/wp-json\/wp\/v2\/media\/2714"}],"wp:attachment":[{"href":"https:\/\/serrafm879.com.br\/serrafm\/wp-json\/wp\/v2\/media?parent=4035"}],"wp:term":[{"taxonomy":"category","embeddable":true,"href":"https:\/\/serrafm879.com.br\/serrafm\/wp-json\/wp\/v2\/categories?post=4035"},{"taxonomy":"post_tag","embeddable":true,"href":"https:\/\/serrafm879.com.br\/serrafm\/wp-json\/wp\/v2\/tags?post=4035"}],"curies":[{"name":"wp","href":"https:\/\/api.w.org\/{rel}","templated":true}]}}