{"id":4276,"date":"2021-01-08T02:35:15","date_gmt":"2021-01-08T05:35:15","guid":{"rendered":"https:\/?p=4276"},"modified":"2021-01-08T02:35:15","modified_gmt":"2021-01-08T05:35:15","slug":"pernambuco-ganha-versao-local-do-prouni-e-amplia-incentivo-projetos-de-inovacao","status":"publish","type":"post","link":"https:\/\/serrafm879.com.br\/serrafm\/2021\/01\/pernambuco-ganha-versao-local-do-prouni-e-amplia-incentivo-projetos-de-inovacao\/","title":{"rendered":"Pernambuco ganha vers\u00e3o local do Prouni e amplia incentivo a projetos de inova\u00e7\u00e3o"},"content":{"rendered":"<p>O governador Paulo C\u00e2mara sancionou, na quinta-feira (7), a lei que institui o Programa Pernambuco na Universidade (Prouni-PE). O programa, que universaliza o acesso ao ensino superior para os pernambucanos, vai destinar mil bolsas de estudo, no valor de R$ 500, para alunos matriculados em Institui\u00e7\u00f5es de Ensino Superior (IES), que compreendem as autarquias municipais, Institui\u00e7\u00f5es Comunit\u00e1rias de Educa\u00e7\u00e3o Superior (Ices) e institui\u00e7\u00f5es privadas sediadas em Pernambuco.<\/p>\n<p>O processo seletivo dos bolsistas ter\u00e1 como crit\u00e9rio o Enem ou outro exame nacional que, eventualmente, venha a substitu\u00ed-lo, sendo a nota de entrada m\u00ednima definida em edital.<\/p>\n<p>O governador tamb\u00e9m anunciou a amplia\u00e7\u00e3o do Fundo de Inova\u00e7\u00e3o do Estado de Pernambuco (Fundo Inovar-PE), permitindo que empresas de qualquer porte e setor \u2013 inclusive microempreendedores individuais (MEI), institutos de pesquisas e universidades \u2013 recebam o incentivo nos seus projetos de inova\u00e7\u00e3o.<\/p>\n<p>\u201cVamos garantir, j\u00e1 em 2021, mil bolsas para os nossos alunos da rede p\u00fablica, para que possam fazer cursos em estabelecimentos privados com a garantia da mensalidade e de que ele vai ter sua forma\u00e7\u00e3o de n\u00edvel superior nos padr\u00f5es adequados, em institui\u00e7\u00f5es de qualidade e ter\u00e1 a oportunidade de realizar sonhos. Aproveitamentos para colocar em pr\u00e1tica outra a\u00e7\u00e3o fundamental, com a amplia\u00e7\u00e3o do Fundo Inovar-PE\u201d, afirmou Paulo C\u00e2mara.<\/p>\n<p>\u201cA gente quer ter cada vez mais profissionais prontos para os desafios do s\u00e9culo 21, que \u00e9 realmente digital, conectado, e que precisa de servi\u00e7os com cada vez mais qualidade\u201d, concluiu.<\/p>\n<div class=\"dn_noticiasRelacionadas\"><\/div>\n<p>A concess\u00e3o das bolsas vai beneficiar dois grupos. O primeiro, formado por alunos de gradua\u00e7\u00e3o nas \u00e1reas de ci\u00eancia, tecnologia, matem\u00e1tica e, em especial, nos cursos de engenharia, computa\u00e7\u00e3o, an\u00e1lise e desenvolvimento de sistemas, sistemas de informa\u00e7\u00e3o, estat\u00edstica, matem\u00e1tica, f\u00edsica, qu\u00edmica, oceanografia, biologia e afins.<\/p>\n<p>O segundo grupo engloba alunos dos demais cursos de gradua\u00e7\u00e3o de n\u00edvel superior. Das mil bolsas, 70% ser\u00e3o destinadas ao primeiro grupo e 30% ao segundo grupo.<\/p>\n<p>O secret\u00e1rio de Ci\u00eancia, Tecnologia e Inova\u00e7\u00e3o, Lucas Ramos, cuja pasta vai coordenar o Prouni-PE,\u00a0 esclareceu que os valores das bolsas ser\u00e3o repassados diretamente aos estudantes, por dep\u00f3sito em conta.<\/p>\n<p>Ele ressaltou os avan\u00e7os na educa\u00e7\u00e3o desde que Paulo C\u00e2mara assumiu o Estado e classificou o Prouni-PE como uma promo\u00e7\u00e3o de cidadania. \u201cEstaremos universalizando o acesso \u00e0 universidade. O programa ter\u00e1 in\u00edcio imediato neste primeiro semestre. Ser\u00e3o mil bolsas este ano e planejamos ampliar esse n\u00famero para 2022\u201d, disse.<\/p>\n<p>Ser\u00e3o beneficiados estudantes n\u00e3o portadores de diploma de curso superior, cuja renda familiar mensal per capita n\u00e3o exceda o valor de um sal\u00e1rio m\u00ednimo e meio. Poder\u00e3o concorrer alunos que comprovem v\u00ednculo com institui\u00e7\u00f5es de ensino superior integrantes do Prouni-PE e que tenham cursado ensino m\u00e9dio em escola da rede p\u00fablica ou institui\u00e7\u00f5es privadas na condi\u00e7\u00e3o de bolsista integral e, ainda, tenham realizado o Enem nos dois \u00faltimos anos.<\/p>\n<p>O Prouni-PE tamb\u00e9m ter\u00e1 vagas para professores do ensino fundamental ou m\u00e9dio em exerc\u00edcio da doc\u00eancia, pessoas com defici\u00eancia e mulheres em situa\u00e7\u00e3o de vulnerabilidade socioecon\u00f4mica ou v\u00edtimas de viol\u00eancia dom\u00e9stica e familiar, matriculadas nas IES integrantes do programa.<\/p>\n<p>Os editais para credenciamento de institui\u00e7\u00f5es de ensino superior e sele\u00e7\u00e3o dos estudantes beneficiados ser\u00e3o publicados at\u00e9 15 de janeiro, no site da Secretaria de Ci\u00eancia, Tecnologia e nova\u00e7\u00e3o (www.secti.pe.gov.br).<\/p>\n<p><strong>Fundo Inovar<\/strong><br \/>\nEm Pernambuco, a Lei n\u00ba 15.063, de 2013 determina que a ind\u00fastria instalada em Pernambuco e benefici\u00e1ria de incentivo fiscal (Prodepe; Proind; e Prodeauto) \u00e9 obrigada a realizar investimentos em projetos e atividades de pesquisa, desenvolvimento e inova\u00e7\u00e3o.<\/p>\n<p>Caso contr\u00e1rio, deve depositar essa obriga\u00e7\u00e3o no Fundo Inovar-PE. Com a adequa\u00e7\u00e3o da operacionaliza\u00e7\u00e3o desse fundo, pessoas jur\u00eddicas de qualquer porte poder\u00e3o ter acesso aos recursos, antes reservados apenas para microempresas e empresas de pequeno porte.<\/p>\n<p>Entre os benef\u00edcios da mudan\u00e7a, a exemplo da inclus\u00e3o das universidades entre os favorecidos, est\u00e1 a possibilidade de aumento do n\u00famero de bolsas de incentivo \u00e0 pesquisa, concedidas pela Funda\u00e7\u00e3o de Amparo \u00e0 Ci\u00eancia e Tecnologia do Estado de Pernambuco &#8211; Facepe, para estudantes que estejam desenvolvendo pesquisas dentro da ind\u00fastria pernambucana.<\/p>\n<p>Outra novidade da lei est\u00e1 na operacionaliza\u00e7\u00e3o do Fundo Inovar-PE, que passa a ser de natureza financeira e n\u00e3o mais cont\u00e1bil, facilitando o acesso aos recursos, que devem ser usados para financiamento, subven\u00e7\u00e3o e aval a projetos de inova\u00e7\u00e3o. As altera\u00e7\u00f5es n\u00e3o aumentam as despesas do Estado.<\/p>\n<section class=\"bannerBillboardDetalhe\">\n<div id=\"middle\" data-google-query-id=\"CKKmvKPOi-4CFckxuQYd_RQIIw\">\n<div id=\"google_ads_iframe_\/88816410\/folhape\/noticias_3__container__\"><\/div>\n<\/div>\n<\/section>\n","protected":false},"excerpt":{"rendered":"<p>O governador Paulo C\u00e2mara sancionou, na quinta-feira (7), a lei que institui o Programa Pernambuco na Universidade (Prouni-PE). O programa, que universaliza o acesso ao ensino superior para os pernambucanos, vai destinar mil bolsas de estudo, no valor de R$ 500, para alunos matriculados em Institui\u00e7\u00f5es de Ensino Superior (IES), que compreendem as autarquias municipais, Institui\u00e7\u00f5es Comunit\u00e1rias de Educa\u00e7\u00e3o Superior (Ices) e institui\u00e7\u00f5es privadas sediadas em Pernambuco. O processo seletivo dos bolsistas ter\u00e1 como crit\u00e9rio o Enem ou outro exame nacional que, eventualmente, venha a substitu\u00ed-lo, sendo a nota de entrada m\u00ednima definida em edital. O governador tamb\u00e9m anunciou a [&hellip;]<\/p>\n","protected":false},"author":2,"featured_media":4277,"comment_status":"open","ping_status":"open","sticky":false,"template":"","format":"standard","meta":{"_jetpack_memberships_contains_paid_content":false,"footnotes":"","jetpack_publicize_message":"","jetpack_publicize_feature_enabled":true,"jetpack_social_post_already_shared":true,"jetpack_social_options":{"image_generator_settings":{"template":"highway","enabled":false},"version":2}},"categories":[2],"tags":[],"class_list":["post-4276","post","type-post","status-publish","format-standard","has-post-thumbnail","hentry","category-noticias"],"jetpack_publicize_connections":[],"yoast_head":"<!-- This site is optimized with the Yoast SEO plugin v24.7 - https:\/\/yoast.com\/wordpress\/plugins\/seo\/ -->\n<title>Pernambuco ganha vers\u00e3o local do Prouni e amplia incentivo a projetos de inova\u00e7\u00e3o - Serra FM 87,9<\/title>\n<meta name=\"robots\" content=\"index, follow, max-snippet:-1, max-image-preview:large, max-video-preview:-1\" \/>\n<link rel=\"canonical\" href=\"https:\/\/serrafm879.com.br\/serrafm\/2021\/01\/pernambuco-ganha-versao-local-do-prouni-e-amplia-incentivo-projetos-de-inovacao\/\" \/>\n<meta property=\"og:locale\" content=\"pt_BR\" \/>\n<meta property=\"og:type\" content=\"article\" \/>\n<meta property=\"og:title\" content=\"Pernambuco ganha vers\u00e3o local do Prouni e amplia incentivo a projetos de inova\u00e7\u00e3o - Serra FM 87,9\" \/>\n<meta property=\"og:description\" content=\"O governador Paulo C\u00e2mara sancionou, na quinta-feira (7), a lei que institui o Programa Pernambuco na Universidade (Prouni-PE). O programa, que universaliza o acesso ao ensino superior para os pernambucanos, vai destinar mil bolsas de estudo, no valor de R$ 500, para alunos matriculados em Institui\u00e7\u00f5es de Ensino Superior (IES), que compreendem as autarquias municipais, Institui\u00e7\u00f5es Comunit\u00e1rias de Educa\u00e7\u00e3o Superior (Ices) e institui\u00e7\u00f5es privadas sediadas em Pernambuco. O processo seletivo dos bolsistas ter\u00e1 como crit\u00e9rio o Enem ou outro exame nacional que, eventualmente, venha a substitu\u00ed-lo, sendo a nota de entrada m\u00ednima definida em edital. O governador tamb\u00e9m anunciou a [&hellip;]\" \/>\n<meta property=\"og:url\" content=\"https:\/\/serrafm879.com.br\/serrafm\/2021\/01\/pernambuco-ganha-versao-local-do-prouni-e-amplia-incentivo-projetos-de-inovacao\/\" \/>\n<meta property=\"og:site_name\" content=\"Serra FM 87,9\" \/>\n<meta property=\"article:published_time\" content=\"2021-01-08T05:35:15+00:00\" \/>\n<meta property=\"og:image\" content=\"https:\/\/serrafm879.com.br\/serrafm\/wp-content\/uploads\/2021\/01\/prounipe.jpeg\" \/>\n\t<meta property=\"og:image:width\" content=\"1100\" \/>\n\t<meta property=\"og:image:height\" content=\"734\" \/>\n\t<meta property=\"og:image:type\" content=\"image\/jpeg\" \/>\n<meta name=\"author\" content=\"serrafm87\" \/>\n<meta name=\"twitter:card\" content=\"summary_large_image\" \/>\n<meta name=\"twitter:label1\" content=\"Escrito por\" \/>\n\t<meta name=\"twitter:data1\" content=\"serrafm87\" \/>\n\t<meta name=\"twitter:label2\" content=\"Est. tempo de leitura\" \/>\n\t<meta name=\"twitter:data2\" content=\"4 minutos\" \/>\n<script type=\"application\/ld+json\" class=\"yoast-schema-graph\">{\"@context\":\"https:\/\/schema.org\",\"@graph\":[{\"@type\":\"WebPage\",\"@id\":\"https:\/\/serrafm879.com.br\/serrafm\/2021\/01\/pernambuco-ganha-versao-local-do-prouni-e-amplia-incentivo-projetos-de-inovacao\/\",\"url\":\"https:\/\/serrafm879.com.br\/serrafm\/2021\/01\/pernambuco-ganha-versao-local-do-prouni-e-amplia-incentivo-projetos-de-inovacao\/\",\"name\":\"Pernambuco ganha vers\u00e3o local do Prouni e amplia incentivo a projetos de inova\u00e7\u00e3o - Serra FM 87,9\",\"isPartOf\":{\"@id\":\"https:\/\/serrafm879.com.br\/serrafm\/#website\"},\"primaryImageOfPage\":{\"@id\":\"https:\/\/serrafm879.com.br\/serrafm\/2021\/01\/pernambuco-ganha-versao-local-do-prouni-e-amplia-incentivo-projetos-de-inovacao\/#primaryimage\"},\"image\":{\"@id\":\"https:\/\/serrafm879.com.br\/serrafm\/2021\/01\/pernambuco-ganha-versao-local-do-prouni-e-amplia-incentivo-projetos-de-inovacao\/#primaryimage\"},\"thumbnailUrl\":\"https:\/\/serrafm879.com.br\/serrafm\/wp-content\/uploads\/2021\/01\/prounipe.jpeg\",\"datePublished\":\"2021-01-08T05:35:15+00:00\",\"author\":{\"@id\":\"https:\/\/serrafm879.com.br\/serrafm\/#\/schema\/person\/c028a197030ff8b1c03c68dfba4a787a\"},\"breadcrumb\":{\"@id\":\"https:\/\/serrafm879.com.br\/serrafm\/2021\/01\/pernambuco-ganha-versao-local-do-prouni-e-amplia-incentivo-projetos-de-inovacao\/#breadcrumb\"},\"inLanguage\":\"pt-BR\",\"potentialAction\":[{\"@type\":\"ReadAction\",\"target\":[\"https:\/\/serrafm879.com.br\/serrafm\/2021\/01\/pernambuco-ganha-versao-local-do-prouni-e-amplia-incentivo-projetos-de-inovacao\/\"]}]},{\"@type\":\"ImageObject\",\"inLanguage\":\"pt-BR\",\"@id\":\"https:\/\/serrafm879.com.br\/serrafm\/2021\/01\/pernambuco-ganha-versao-local-do-prouni-e-amplia-incentivo-projetos-de-inovacao\/#primaryimage\",\"url\":\"https:\/\/serrafm879.com.br\/serrafm\/wp-content\/uploads\/2021\/01\/prounipe.jpeg\",\"contentUrl\":\"https:\/\/serrafm879.com.br\/serrafm\/wp-content\/uploads\/2021\/01\/prounipe.jpeg\",\"width\":1100,\"height\":734},{\"@type\":\"BreadcrumbList\",\"@id\":\"https:\/\/serrafm879.com.br\/serrafm\/2021\/01\/pernambuco-ganha-versao-local-do-prouni-e-amplia-incentivo-projetos-de-inovacao\/#breadcrumb\",\"itemListElement\":[{\"@type\":\"ListItem\",\"position\":1,\"name\":\"In\u00edcio\",\"item\":\"https:\/\/serrafm879.com.br\/serrafm\/\"},{\"@type\":\"ListItem\",\"position\":2,\"name\":\"Pernambuco ganha vers\u00e3o local do Prouni e amplia incentivo a projetos de inova\u00e7\u00e3o\"}]},{\"@type\":\"WebSite\",\"@id\":\"https:\/\/serrafm879.com.br\/serrafm\/#website\",\"url\":\"https:\/\/serrafm879.com.br\/serrafm\/\",\"name\":\"Serra FM 87,9\",\"description\":\"O seu novo amor!\",\"potentialAction\":[{\"@type\":\"SearchAction\",\"target\":{\"@type\":\"EntryPoint\",\"urlTemplate\":\"https:\/\/serrafm879.com.br\/serrafm\/?s={search_term_string}\"},\"query-input\":{\"@type\":\"PropertyValueSpecification\",\"valueRequired\":true,\"valueName\":\"search_term_string\"}}],\"inLanguage\":\"pt-BR\"},{\"@type\":\"Person\",\"@id\":\"https:\/\/serrafm879.com.br\/serrafm\/#\/schema\/person\/c028a197030ff8b1c03c68dfba4a787a\",\"name\":\"serrafm87\",\"image\":{\"@type\":\"ImageObject\",\"inLanguage\":\"pt-BR\",\"@id\":\"https:\/\/serrafm879.com.br\/serrafm\/#\/schema\/person\/image\/\",\"url\":\"https:\/\/secure.gravatar.com\/avatar\/a743233f1112d34f48bb3dc9559b76eb930bab8b27175856cba6362608736235?s=96&d=mm&r=g\",\"contentUrl\":\"https:\/\/secure.gravatar.com\/avatar\/a743233f1112d34f48bb3dc9559b76eb930bab8b27175856cba6362608736235?s=96&d=mm&r=g\",\"caption\":\"serrafm87\"},\"sameAs\":[\"http:\/\/serrafm879.com.br\/\"],\"url\":\"https:\/\/serrafm879.com.br\/serrafm\/author\/serrafm87\/\"}]}<\/script>\n<!-- \/ Yoast SEO plugin. -->","yoast_head_json":{"title":"Pernambuco ganha vers\u00e3o local do Prouni e amplia incentivo a projetos de inova\u00e7\u00e3o - Serra FM 87,9","robots":{"index":"index","follow":"follow","max-snippet":"max-snippet:-1","max-image-preview":"max-image-preview:large","max-video-preview":"max-video-preview:-1"},"canonical":"https:\/\/serrafm879.com.br\/serrafm\/2021\/01\/pernambuco-ganha-versao-local-do-prouni-e-amplia-incentivo-projetos-de-inovacao\/","og_locale":"pt_BR","og_type":"article","og_title":"Pernambuco ganha vers\u00e3o local do Prouni e amplia incentivo a projetos de inova\u00e7\u00e3o - Serra FM 87,9","og_description":"O governador Paulo C\u00e2mara sancionou, na quinta-feira (7), a lei que institui o Programa Pernambuco na Universidade (Prouni-PE). O programa, que universaliza o acesso ao ensino superior para os pernambucanos, vai destinar mil bolsas de estudo, no valor de R$ 500, para alunos matriculados em Institui\u00e7\u00f5es de Ensino Superior (IES), que compreendem as autarquias municipais, Institui\u00e7\u00f5es Comunit\u00e1rias de Educa\u00e7\u00e3o Superior (Ices) e institui\u00e7\u00f5es privadas sediadas em Pernambuco. O processo seletivo dos bolsistas ter\u00e1 como crit\u00e9rio o Enem ou outro exame nacional que, eventualmente, venha a substitu\u00ed-lo, sendo a nota de entrada m\u00ednima definida em edital. O governador tamb\u00e9m anunciou a [&hellip;]","og_url":"https:\/\/serrafm879.com.br\/serrafm\/2021\/01\/pernambuco-ganha-versao-local-do-prouni-e-amplia-incentivo-projetos-de-inovacao\/","og_site_name":"Serra FM 87,9","article_published_time":"2021-01-08T05:35:15+00:00","og_image":[{"width":1100,"height":734,"url":"https:\/\/serrafm879.com.br\/serrafm\/wp-content\/uploads\/2021\/01\/prounipe.jpeg","type":"image\/jpeg"}],"author":"serrafm87","twitter_card":"summary_large_image","twitter_misc":{"Escrito por":"serrafm87","Est. tempo de leitura":"4 minutos"},"schema":{"@context":"https:\/\/schema.org","@graph":[{"@type":"WebPage","@id":"https:\/\/serrafm879.com.br\/serrafm\/2021\/01\/pernambuco-ganha-versao-local-do-prouni-e-amplia-incentivo-projetos-de-inovacao\/","url":"https:\/\/serrafm879.com.br\/serrafm\/2021\/01\/pernambuco-ganha-versao-local-do-prouni-e-amplia-incentivo-projetos-de-inovacao\/","name":"Pernambuco ganha vers\u00e3o local do Prouni e amplia incentivo a projetos de inova\u00e7\u00e3o - Serra FM 87,9","isPartOf":{"@id":"https:\/\/serrafm879.com.br\/serrafm\/#website"},"primaryImageOfPage":{"@id":"https:\/\/serrafm879.com.br\/serrafm\/2021\/01\/pernambuco-ganha-versao-local-do-prouni-e-amplia-incentivo-projetos-de-inovacao\/#primaryimage"},"image":{"@id":"https:\/\/serrafm879.com.br\/serrafm\/2021\/01\/pernambuco-ganha-versao-local-do-prouni-e-amplia-incentivo-projetos-de-inovacao\/#primaryimage"},"thumbnailUrl":"https:\/\/serrafm879.com.br\/serrafm\/wp-content\/uploads\/2021\/01\/prounipe.jpeg","datePublished":"2021-01-08T05:35:15+00:00","author":{"@id":"https:\/\/serrafm879.com.br\/serrafm\/#\/schema\/person\/c028a197030ff8b1c03c68dfba4a787a"},"breadcrumb":{"@id":"https:\/\/serrafm879.com.br\/serrafm\/2021\/01\/pernambuco-ganha-versao-local-do-prouni-e-amplia-incentivo-projetos-de-inovacao\/#breadcrumb"},"inLanguage":"pt-BR","potentialAction":[{"@type":"ReadAction","target":["https:\/\/serrafm879.com.br\/serrafm\/2021\/01\/pernambuco-ganha-versao-local-do-prouni-e-amplia-incentivo-projetos-de-inovacao\/"]}]},{"@type":"ImageObject","inLanguage":"pt-BR","@id":"https:\/\/serrafm879.com.br\/serrafm\/2021\/01\/pernambuco-ganha-versao-local-do-prouni-e-amplia-incentivo-projetos-de-inovacao\/#primaryimage","url":"https:\/\/serrafm879.com.br\/serrafm\/wp-content\/uploads\/2021\/01\/prounipe.jpeg","contentUrl":"https:\/\/serrafm879.com.br\/serrafm\/wp-content\/uploads\/2021\/01\/prounipe.jpeg","width":1100,"height":734},{"@type":"BreadcrumbList","@id":"https:\/\/serrafm879.com.br\/serrafm\/2021\/01\/pernambuco-ganha-versao-local-do-prouni-e-amplia-incentivo-projetos-de-inovacao\/#breadcrumb","itemListElement":[{"@type":"ListItem","position":1,"name":"In\u00edcio","item":"https:\/\/serrafm879.com.br\/serrafm\/"},{"@type":"ListItem","position":2,"name":"Pernambuco ganha vers\u00e3o local do Prouni e amplia incentivo a projetos de inova\u00e7\u00e3o"}]},{"@type":"WebSite","@id":"https:\/\/serrafm879.com.br\/serrafm\/#website","url":"https:\/\/serrafm879.com.br\/serrafm\/","name":"Serra FM 87,9","description":"O seu novo amor!","potentialAction":[{"@type":"SearchAction","target":{"@type":"EntryPoint","urlTemplate":"https:\/\/serrafm879.com.br\/serrafm\/?s={search_term_string}"},"query-input":{"@type":"PropertyValueSpecification","valueRequired":true,"valueName":"search_term_string"}}],"inLanguage":"pt-BR"},{"@type":"Person","@id":"https:\/\/serrafm879.com.br\/serrafm\/#\/schema\/person\/c028a197030ff8b1c03c68dfba4a787a","name":"serrafm87","image":{"@type":"ImageObject","inLanguage":"pt-BR","@id":"https:\/\/serrafm879.com.br\/serrafm\/#\/schema\/person\/image\/","url":"https:\/\/secure.gravatar.com\/avatar\/a743233f1112d34f48bb3dc9559b76eb930bab8b27175856cba6362608736235?s=96&d=mm&r=g","contentUrl":"https:\/\/secure.gravatar.com\/avatar\/a743233f1112d34f48bb3dc9559b76eb930bab8b27175856cba6362608736235?s=96&d=mm&r=g","caption":"serrafm87"},"sameAs":["http:\/\/serrafm879.com.br\/"],"url":"https:\/\/serrafm879.com.br\/serrafm\/author\/serrafm87\/"}]}},"jetpack_featured_media_url":"https:\/\/serrafm879.com.br\/serrafm\/wp-content\/uploads\/2021\/01\/prounipe.jpeg","jetpack_shortlink":"https:\/\/wp.me\/p7HyXg-16Y","jetpack_sharing_enabled":true,"_links":{"self":[{"href":"https:\/\/serrafm879.com.br\/serrafm\/wp-json\/wp\/v2\/posts\/4276","targetHints":{"allow":["GET"]}}],"collection":[{"href":"https:\/\/serrafm879.com.br\/serrafm\/wp-json\/wp\/v2\/posts"}],"about":[{"href":"https:\/\/serrafm879.com.br\/serrafm\/wp-json\/wp\/v2\/types\/post"}],"author":[{"embeddable":true,"href":"https:\/\/serrafm879.com.br\/serrafm\/wp-json\/wp\/v2\/users\/2"}],"replies":[{"embeddable":true,"href":"https:\/\/serrafm879.com.br\/serrafm\/wp-json\/wp\/v2\/comments?post=4276"}],"version-history":[{"count":1,"href":"https:\/\/serrafm879.com.br\/serrafm\/wp-json\/wp\/v2\/posts\/4276\/revisions"}],"predecessor-version":[{"id":4278,"href":"https:\/\/serrafm879.com.br\/serrafm\/wp-json\/wp\/v2\/posts\/4276\/revisions\/4278"}],"wp:featuredmedia":[{"embeddable":true,"href":"https:\/\/serrafm879.com.br\/serrafm\/wp-json\/wp\/v2\/media\/4277"}],"wp:attachment":[{"href":"https:\/\/serrafm879.com.br\/serrafm\/wp-json\/wp\/v2\/media?parent=4276"}],"wp:term":[{"taxonomy":"category","embeddable":true,"href":"https:\/\/serrafm879.com.br\/serrafm\/wp-json\/wp\/v2\/categories?post=4276"},{"taxonomy":"post_tag","embeddable":true,"href":"https:\/\/serrafm879.com.br\/serrafm\/wp-json\/wp\/v2\/tags?post=4276"}],"curies":[{"name":"wp","href":"https:\/\/api.w.org\/{rel}","templated":true}]}}