{"id":4279,"date":"2021-01-08T02:38:10","date_gmt":"2021-01-08T05:38:10","guid":{"rendered":"https:\/?p=4279"},"modified":"2021-01-08T02:38:26","modified_gmt":"2021-01-08T05:38:26","slug":"fiocruz-deve-iniciar-producao-da-vacina-de-oxford-em-20-de-janeiro","status":"publish","type":"post","link":"https:\/\/serrafm879.com.br\/serrafm\/2021\/01\/fiocruz-deve-iniciar-producao-da-vacina-de-oxford-em-20-de-janeiro\/","title":{"rendered":"Fiocruz deve iniciar produ\u00e7\u00e3o da vacina de Oxford em 20 de janeiro"},"content":{"rendered":"<p>Com a chegada dos ingredientes farmac\u00eauticos ativos (IFAs) importados em meados de janeiro, a Funda\u00e7\u00e3o Oswaldo Cruz prev\u00ea que a produ\u00e7\u00e3o da vacina AstraZeneca\/Oxford no Brasil deve come\u00e7ar no dia 20 deste m\u00eas. O imunizante previne contra a covid-19 e j\u00e1 come\u00e7ou a ser aplicado no Reino Unido.<\/p>\n<div id=\"ad-middle\" class=\" adRef\" data-google-query-id=\"CI22l5fPi-4CFcomuQYdvbYBHQ\">\n<div id=\"google_ads_iframe_\/21867286880\/folhape\/vmiddle_0__container__\"><\/div>\n<\/div>\n<p>Por meio de um acordo de transfer\u00eancia de tecnologia, o Complexo Industrial de Bio-Manguinhos, da Fiocruz, que fica na zona norte do Rio de Janeiro, foi preparado para processar o IFA e deve entregar o primeiro milh\u00e3o de doses ao Minist\u00e9rio da Sa\u00fade entre 8 e 12 de fevereiro.<\/p>\n<p>A previs\u00e3o da Fiocruz \u00e9 que a produ\u00e7\u00e3o ganhe maior escala nas semanas seguintes. A partir de 22 de fevereiro, Bio-Manguinhos deve entregar 700 mil doses di\u00e1rias ao Programa Nacional de Imuniza\u00e7\u00f5es (PNI).<\/p>\n<p>O acordo entre o governo federal, a farmac\u00eautica AstraZeneca e a Universidade de Oxford prev\u00ea que 100,4 milh\u00f5es de doses ser\u00e3o produzidas no primeiro semestre de 2021 com ingrediente farmac\u00eautico ativo importado.<\/p>\n<p>No segundo semestre, a Fiocruz vai nacionalizar a produ\u00e7\u00e3o do IFA, o que permitir\u00e1 entregar mais 110 milh\u00f5es de doses ao PNI.<\/p>\n<p><strong>Uso emergencial<\/strong><\/p>\n<p>A Fiocruz deve apresentar at\u00e9 esta sexta (8) \u00e0 Ag\u00eancia Nacional de Vigil\u00e2ncia Sanit\u00e1ria (Anvisa) o pedido de uso emergencial de 2 milh\u00f5es de doses da vacina AstraZeneca\/Oxford que o governo negocia para importar da \u00cdndia. Representantes da Fiocruz t\u00eam uma reuni\u00e3o na ag\u00eancia reguladora nesta tarde para tratar da quest\u00e3o.<\/p>\n<p>Com o pedido protocolado e aprovado pela Ag\u00eancia, o in\u00edcio da vacina\u00e7\u00e3o poder\u00e1 ocorrer ainda em janeiro. Na \u00cdndia, as doses da vacina AstraZeneca\/Oxford s\u00e3o produzidas pelo Instituto Serum, o maior produtor de vacinas do mundo.<\/p>\n<p>As negocia\u00e7\u00f5es para a importa\u00e7\u00e3o est\u00e3o avan\u00e7adas e as doses devem custar 5,25 d\u00f3lares cada uma, o que gera um valor total de cerca de R$ 60 milh\u00f5es, inclu\u00eddos os custos com a opera\u00e7\u00e3o (etiqueta e bula), armazenagem e transporte das vacinas.<\/p>\n<p>J\u00e1 o registro definitivo da vacina AstraZeneca\/Oxford no pa\u00eds continua em avalia\u00e7\u00e3o na Anvisa, e a previs\u00e3o da funda\u00e7\u00e3o \u00e9 que todos os documentos necess\u00e1rios para a aprova\u00e7\u00e3o sejam entregues at\u00e9 o dia 15 de janeiro.<\/p>\n<p>Por DP<\/p>\n<section class=\"bannerBillboardDetalhe\">\n<div id=\"middle\" data-google-query-id=\"CPXqlpfPi-4CFdQcuQYdhZcKBA\">\n<div id=\"google_ads_iframe_\/88816410\/folhape\/noticias_3__container__\"><\/div>\n<\/div>\n<\/section>\n","protected":false},"excerpt":{"rendered":"<p>Com a chegada dos ingredientes farmac\u00eauticos ativos (IFAs) importados em meados de janeiro, a Funda\u00e7\u00e3o Oswaldo Cruz prev\u00ea que a produ\u00e7\u00e3o da vacina AstraZeneca\/Oxford no Brasil deve come\u00e7ar no dia 20 deste m\u00eas. O imunizante previne contra a covid-19 e j\u00e1 come\u00e7ou a ser aplicado no Reino Unido. Por meio de um acordo de transfer\u00eancia de tecnologia, o Complexo Industrial de Bio-Manguinhos, da Fiocruz, que fica na zona norte do Rio de Janeiro, foi preparado para processar o IFA e deve entregar o primeiro milh\u00e3o de doses ao Minist\u00e9rio da Sa\u00fade entre 8 e 12 de fevereiro. A previs\u00e3o da [&hellip;]<\/p>\n","protected":false},"author":2,"featured_media":3760,"comment_status":"open","ping_status":"open","sticky":false,"template":"","format":"standard","meta":{"_jetpack_memberships_contains_paid_content":false,"footnotes":"","jetpack_publicize_message":"","jetpack_publicize_feature_enabled":true,"jetpack_social_post_already_shared":true,"jetpack_social_options":{"image_generator_settings":{"template":"highway","enabled":false},"version":2}},"categories":[2],"tags":[],"class_list":["post-4279","post","type-post","status-publish","format-standard","has-post-thumbnail","hentry","category-noticias"],"jetpack_publicize_connections":[],"yoast_head":"<!-- This site is optimized with the Yoast SEO plugin v24.7 - https:\/\/yoast.com\/wordpress\/plugins\/seo\/ -->\n<title>Fiocruz deve iniciar produ\u00e7\u00e3o da vacina de Oxford em 20 de janeiro - Serra FM 87,9<\/title>\n<meta name=\"robots\" content=\"index, follow, max-snippet:-1, max-image-preview:large, max-video-preview:-1\" \/>\n<link rel=\"canonical\" href=\"https:\/\/serrafm879.com.br\/serrafm\/2021\/01\/fiocruz-deve-iniciar-producao-da-vacina-de-oxford-em-20-de-janeiro\/\" \/>\n<meta property=\"og:locale\" content=\"pt_BR\" \/>\n<meta property=\"og:type\" content=\"article\" \/>\n<meta property=\"og:title\" content=\"Fiocruz deve iniciar produ\u00e7\u00e3o da vacina de Oxford em 20 de janeiro - Serra FM 87,9\" \/>\n<meta property=\"og:description\" content=\"Com a chegada dos ingredientes farmac\u00eauticos ativos (IFAs) importados em meados de janeiro, a Funda\u00e7\u00e3o Oswaldo Cruz prev\u00ea que a produ\u00e7\u00e3o da vacina AstraZeneca\/Oxford no Brasil deve come\u00e7ar no dia 20 deste m\u00eas. O imunizante previne contra a covid-19 e j\u00e1 come\u00e7ou a ser aplicado no Reino Unido. Por meio de um acordo de transfer\u00eancia de tecnologia, o Complexo Industrial de Bio-Manguinhos, da Fiocruz, que fica na zona norte do Rio de Janeiro, foi preparado para processar o IFA e deve entregar o primeiro milh\u00e3o de doses ao Minist\u00e9rio da Sa\u00fade entre 8 e 12 de fevereiro. A previs\u00e3o da [&hellip;]\" \/>\n<meta property=\"og:url\" content=\"https:\/\/serrafm879.com.br\/serrafm\/2021\/01\/fiocruz-deve-iniciar-producao-da-vacina-de-oxford-em-20-de-janeiro\/\" \/>\n<meta property=\"og:site_name\" content=\"Serra FM 87,9\" \/>\n<meta property=\"article:published_time\" content=\"2021-01-08T05:38:10+00:00\" \/>\n<meta property=\"article:modified_time\" content=\"2021-01-08T05:38:26+00:00\" \/>\n<meta property=\"og:image\" content=\"https:\/\/serrafm879.com.br\/serrafm\/wp-content\/uploads\/2020\/08\/vacinaCovid.jpg\" \/>\n\t<meta property=\"og:image:width\" content=\"500\" \/>\n\t<meta property=\"og:image:height\" content=\"299\" \/>\n\t<meta property=\"og:image:type\" content=\"image\/jpeg\" \/>\n<meta name=\"author\" content=\"serrafm87\" \/>\n<meta name=\"twitter:card\" content=\"summary_large_image\" \/>\n<meta name=\"twitter:label1\" content=\"Escrito por\" \/>\n\t<meta name=\"twitter:data1\" content=\"serrafm87\" \/>\n\t<meta name=\"twitter:label2\" content=\"Est. tempo de leitura\" \/>\n\t<meta name=\"twitter:data2\" content=\"2 minutos\" \/>\n<script type=\"application\/ld+json\" class=\"yoast-schema-graph\">{\"@context\":\"https:\/\/schema.org\",\"@graph\":[{\"@type\":\"WebPage\",\"@id\":\"https:\/\/serrafm879.com.br\/serrafm\/2021\/01\/fiocruz-deve-iniciar-producao-da-vacina-de-oxford-em-20-de-janeiro\/\",\"url\":\"https:\/\/serrafm879.com.br\/serrafm\/2021\/01\/fiocruz-deve-iniciar-producao-da-vacina-de-oxford-em-20-de-janeiro\/\",\"name\":\"Fiocruz deve iniciar produ\u00e7\u00e3o da vacina de Oxford em 20 de janeiro - Serra FM 87,9\",\"isPartOf\":{\"@id\":\"https:\/\/serrafm879.com.br\/serrafm\/#website\"},\"primaryImageOfPage\":{\"@id\":\"https:\/\/serrafm879.com.br\/serrafm\/2021\/01\/fiocruz-deve-iniciar-producao-da-vacina-de-oxford-em-20-de-janeiro\/#primaryimage\"},\"image\":{\"@id\":\"https:\/\/serrafm879.com.br\/serrafm\/2021\/01\/fiocruz-deve-iniciar-producao-da-vacina-de-oxford-em-20-de-janeiro\/#primaryimage\"},\"thumbnailUrl\":\"https:\/\/serrafm879.com.br\/serrafm\/wp-content\/uploads\/2020\/08\/vacinaCovid.jpg\",\"datePublished\":\"2021-01-08T05:38:10+00:00\",\"dateModified\":\"2021-01-08T05:38:26+00:00\",\"author\":{\"@id\":\"https:\/\/serrafm879.com.br\/serrafm\/#\/schema\/person\/c028a197030ff8b1c03c68dfba4a787a\"},\"breadcrumb\":{\"@id\":\"https:\/\/serrafm879.com.br\/serrafm\/2021\/01\/fiocruz-deve-iniciar-producao-da-vacina-de-oxford-em-20-de-janeiro\/#breadcrumb\"},\"inLanguage\":\"pt-BR\",\"potentialAction\":[{\"@type\":\"ReadAction\",\"target\":[\"https:\/\/serrafm879.com.br\/serrafm\/2021\/01\/fiocruz-deve-iniciar-producao-da-vacina-de-oxford-em-20-de-janeiro\/\"]}]},{\"@type\":\"ImageObject\",\"inLanguage\":\"pt-BR\",\"@id\":\"https:\/\/serrafm879.com.br\/serrafm\/2021\/01\/fiocruz-deve-iniciar-producao-da-vacina-de-oxford-em-20-de-janeiro\/#primaryimage\",\"url\":\"https:\/\/serrafm879.com.br\/serrafm\/wp-content\/uploads\/2020\/08\/vacinaCovid.jpg\",\"contentUrl\":\"https:\/\/serrafm879.com.br\/serrafm\/wp-content\/uploads\/2020\/08\/vacinaCovid.jpg\",\"width\":500,\"height\":299},{\"@type\":\"BreadcrumbList\",\"@id\":\"https:\/\/serrafm879.com.br\/serrafm\/2021\/01\/fiocruz-deve-iniciar-producao-da-vacina-de-oxford-em-20-de-janeiro\/#breadcrumb\",\"itemListElement\":[{\"@type\":\"ListItem\",\"position\":1,\"name\":\"In\u00edcio\",\"item\":\"https:\/\/serrafm879.com.br\/serrafm\/\"},{\"@type\":\"ListItem\",\"position\":2,\"name\":\"Fiocruz deve iniciar produ\u00e7\u00e3o da vacina de Oxford em 20 de janeiro\"}]},{\"@type\":\"WebSite\",\"@id\":\"https:\/\/serrafm879.com.br\/serrafm\/#website\",\"url\":\"https:\/\/serrafm879.com.br\/serrafm\/\",\"name\":\"Serra FM 87,9\",\"description\":\"O seu novo amor!\",\"potentialAction\":[{\"@type\":\"SearchAction\",\"target\":{\"@type\":\"EntryPoint\",\"urlTemplate\":\"https:\/\/serrafm879.com.br\/serrafm\/?s={search_term_string}\"},\"query-input\":{\"@type\":\"PropertyValueSpecification\",\"valueRequired\":true,\"valueName\":\"search_term_string\"}}],\"inLanguage\":\"pt-BR\"},{\"@type\":\"Person\",\"@id\":\"https:\/\/serrafm879.com.br\/serrafm\/#\/schema\/person\/c028a197030ff8b1c03c68dfba4a787a\",\"name\":\"serrafm87\",\"image\":{\"@type\":\"ImageObject\",\"inLanguage\":\"pt-BR\",\"@id\":\"https:\/\/serrafm879.com.br\/serrafm\/#\/schema\/person\/image\/\",\"url\":\"https:\/\/secure.gravatar.com\/avatar\/a743233f1112d34f48bb3dc9559b76eb930bab8b27175856cba6362608736235?s=96&d=mm&r=g\",\"contentUrl\":\"https:\/\/secure.gravatar.com\/avatar\/a743233f1112d34f48bb3dc9559b76eb930bab8b27175856cba6362608736235?s=96&d=mm&r=g\",\"caption\":\"serrafm87\"},\"sameAs\":[\"http:\/\/serrafm879.com.br\/\"],\"url\":\"https:\/\/serrafm879.com.br\/serrafm\/author\/serrafm87\/\"}]}<\/script>\n<!-- \/ Yoast SEO plugin. -->","yoast_head_json":{"title":"Fiocruz deve iniciar produ\u00e7\u00e3o da vacina de Oxford em 20 de janeiro - Serra FM 87,9","robots":{"index":"index","follow":"follow","max-snippet":"max-snippet:-1","max-image-preview":"max-image-preview:large","max-video-preview":"max-video-preview:-1"},"canonical":"https:\/\/serrafm879.com.br\/serrafm\/2021\/01\/fiocruz-deve-iniciar-producao-da-vacina-de-oxford-em-20-de-janeiro\/","og_locale":"pt_BR","og_type":"article","og_title":"Fiocruz deve iniciar produ\u00e7\u00e3o da vacina de Oxford em 20 de janeiro - Serra FM 87,9","og_description":"Com a chegada dos ingredientes farmac\u00eauticos ativos (IFAs) importados em meados de janeiro, a Funda\u00e7\u00e3o Oswaldo Cruz prev\u00ea que a produ\u00e7\u00e3o da vacina AstraZeneca\/Oxford no Brasil deve come\u00e7ar no dia 20 deste m\u00eas. O imunizante previne contra a covid-19 e j\u00e1 come\u00e7ou a ser aplicado no Reino Unido. Por meio de um acordo de transfer\u00eancia de tecnologia, o Complexo Industrial de Bio-Manguinhos, da Fiocruz, que fica na zona norte do Rio de Janeiro, foi preparado para processar o IFA e deve entregar o primeiro milh\u00e3o de doses ao Minist\u00e9rio da Sa\u00fade entre 8 e 12 de fevereiro. A previs\u00e3o da [&hellip;]","og_url":"https:\/\/serrafm879.com.br\/serrafm\/2021\/01\/fiocruz-deve-iniciar-producao-da-vacina-de-oxford-em-20-de-janeiro\/","og_site_name":"Serra FM 87,9","article_published_time":"2021-01-08T05:38:10+00:00","article_modified_time":"2021-01-08T05:38:26+00:00","og_image":[{"width":500,"height":299,"url":"https:\/\/serrafm879.com.br\/serrafm\/wp-content\/uploads\/2020\/08\/vacinaCovid.jpg","type":"image\/jpeg"}],"author":"serrafm87","twitter_card":"summary_large_image","twitter_misc":{"Escrito por":"serrafm87","Est. tempo de leitura":"2 minutos"},"schema":{"@context":"https:\/\/schema.org","@graph":[{"@type":"WebPage","@id":"https:\/\/serrafm879.com.br\/serrafm\/2021\/01\/fiocruz-deve-iniciar-producao-da-vacina-de-oxford-em-20-de-janeiro\/","url":"https:\/\/serrafm879.com.br\/serrafm\/2021\/01\/fiocruz-deve-iniciar-producao-da-vacina-de-oxford-em-20-de-janeiro\/","name":"Fiocruz deve iniciar produ\u00e7\u00e3o da vacina de Oxford em 20 de janeiro - Serra FM 87,9","isPartOf":{"@id":"https:\/\/serrafm879.com.br\/serrafm\/#website"},"primaryImageOfPage":{"@id":"https:\/\/serrafm879.com.br\/serrafm\/2021\/01\/fiocruz-deve-iniciar-producao-da-vacina-de-oxford-em-20-de-janeiro\/#primaryimage"},"image":{"@id":"https:\/\/serrafm879.com.br\/serrafm\/2021\/01\/fiocruz-deve-iniciar-producao-da-vacina-de-oxford-em-20-de-janeiro\/#primaryimage"},"thumbnailUrl":"https:\/\/serrafm879.com.br\/serrafm\/wp-content\/uploads\/2020\/08\/vacinaCovid.jpg","datePublished":"2021-01-08T05:38:10+00:00","dateModified":"2021-01-08T05:38:26+00:00","author":{"@id":"https:\/\/serrafm879.com.br\/serrafm\/#\/schema\/person\/c028a197030ff8b1c03c68dfba4a787a"},"breadcrumb":{"@id":"https:\/\/serrafm879.com.br\/serrafm\/2021\/01\/fiocruz-deve-iniciar-producao-da-vacina-de-oxford-em-20-de-janeiro\/#breadcrumb"},"inLanguage":"pt-BR","potentialAction":[{"@type":"ReadAction","target":["https:\/\/serrafm879.com.br\/serrafm\/2021\/01\/fiocruz-deve-iniciar-producao-da-vacina-de-oxford-em-20-de-janeiro\/"]}]},{"@type":"ImageObject","inLanguage":"pt-BR","@id":"https:\/\/serrafm879.com.br\/serrafm\/2021\/01\/fiocruz-deve-iniciar-producao-da-vacina-de-oxford-em-20-de-janeiro\/#primaryimage","url":"https:\/\/serrafm879.com.br\/serrafm\/wp-content\/uploads\/2020\/08\/vacinaCovid.jpg","contentUrl":"https:\/\/serrafm879.com.br\/serrafm\/wp-content\/uploads\/2020\/08\/vacinaCovid.jpg","width":500,"height":299},{"@type":"BreadcrumbList","@id":"https:\/\/serrafm879.com.br\/serrafm\/2021\/01\/fiocruz-deve-iniciar-producao-da-vacina-de-oxford-em-20-de-janeiro\/#breadcrumb","itemListElement":[{"@type":"ListItem","position":1,"name":"In\u00edcio","item":"https:\/\/serrafm879.com.br\/serrafm\/"},{"@type":"ListItem","position":2,"name":"Fiocruz deve iniciar produ\u00e7\u00e3o da vacina de Oxford em 20 de janeiro"}]},{"@type":"WebSite","@id":"https:\/\/serrafm879.com.br\/serrafm\/#website","url":"https:\/\/serrafm879.com.br\/serrafm\/","name":"Serra FM 87,9","description":"O seu novo amor!","potentialAction":[{"@type":"SearchAction","target":{"@type":"EntryPoint","urlTemplate":"https:\/\/serrafm879.com.br\/serrafm\/?s={search_term_string}"},"query-input":{"@type":"PropertyValueSpecification","valueRequired":true,"valueName":"search_term_string"}}],"inLanguage":"pt-BR"},{"@type":"Person","@id":"https:\/\/serrafm879.com.br\/serrafm\/#\/schema\/person\/c028a197030ff8b1c03c68dfba4a787a","name":"serrafm87","image":{"@type":"ImageObject","inLanguage":"pt-BR","@id":"https:\/\/serrafm879.com.br\/serrafm\/#\/schema\/person\/image\/","url":"https:\/\/secure.gravatar.com\/avatar\/a743233f1112d34f48bb3dc9559b76eb930bab8b27175856cba6362608736235?s=96&d=mm&r=g","contentUrl":"https:\/\/secure.gravatar.com\/avatar\/a743233f1112d34f48bb3dc9559b76eb930bab8b27175856cba6362608736235?s=96&d=mm&r=g","caption":"serrafm87"},"sameAs":["http:\/\/serrafm879.com.br\/"],"url":"https:\/\/serrafm879.com.br\/serrafm\/author\/serrafm87\/"}]}},"jetpack_featured_media_url":"https:\/\/serrafm879.com.br\/serrafm\/wp-content\/uploads\/2020\/08\/vacinaCovid.jpg","jetpack_shortlink":"https:\/\/wp.me\/p7HyXg-171","jetpack_sharing_enabled":true,"_links":{"self":[{"href":"https:\/\/serrafm879.com.br\/serrafm\/wp-json\/wp\/v2\/posts\/4279","targetHints":{"allow":["GET"]}}],"collection":[{"href":"https:\/\/serrafm879.com.br\/serrafm\/wp-json\/wp\/v2\/posts"}],"about":[{"href":"https:\/\/serrafm879.com.br\/serrafm\/wp-json\/wp\/v2\/types\/post"}],"author":[{"embeddable":true,"href":"https:\/\/serrafm879.com.br\/serrafm\/wp-json\/wp\/v2\/users\/2"}],"replies":[{"embeddable":true,"href":"https:\/\/serrafm879.com.br\/serrafm\/wp-json\/wp\/v2\/comments?post=4279"}],"version-history":[{"count":2,"href":"https:\/\/serrafm879.com.br\/serrafm\/wp-json\/wp\/v2\/posts\/4279\/revisions"}],"predecessor-version":[{"id":4281,"href":"https:\/\/serrafm879.com.br\/serrafm\/wp-json\/wp\/v2\/posts\/4279\/revisions\/4281"}],"wp:featuredmedia":[{"embeddable":true,"href":"https:\/\/serrafm879.com.br\/serrafm\/wp-json\/wp\/v2\/media\/3760"}],"wp:attachment":[{"href":"https:\/\/serrafm879.com.br\/serrafm\/wp-json\/wp\/v2\/media?parent=4279"}],"wp:term":[{"taxonomy":"category","embeddable":true,"href":"https:\/\/serrafm879.com.br\/serrafm\/wp-json\/wp\/v2\/categories?post=4279"},{"taxonomy":"post_tag","embeddable":true,"href":"https:\/\/serrafm879.com.br\/serrafm\/wp-json\/wp\/v2\/tags?post=4279"}],"curies":[{"name":"wp","href":"https:\/\/api.w.org\/{rel}","templated":true}]}}