{"id":4291,"date":"2021-01-22T08:02:53","date_gmt":"2021-01-22T11:02:53","guid":{"rendered":"https:\/?p=4291"},"modified":"2021-01-22T08:02:53","modified_gmt":"2021-01-22T11:02:53","slug":"prefeitura-de-serra-talhada-assina-ordem-de-servico-do-parque-dos-ipes","status":"publish","type":"post","link":"https:\/\/serrafm879.com.br\/serrafm\/2021\/01\/prefeitura-de-serra-talhada-assina-ordem-de-servico-do-parque-dos-ipes\/","title":{"rendered":"Prefeitura de Serra Talhada assina ordem de servi\u00e7o do Parque dos Ip\u00eas"},"content":{"rendered":"<p>A Prefeitura de Serra Talhada, por meio das secretarias de Obras e Infraestrutura e Meio Ambiente, assinou nesta quinta-feira (21), a Ordem de Servi\u00e7o do Parque dos Ip\u00eas, que ser\u00e1 constru\u00eddo ao lado da Escola Municipal Zuleide Feitosa de Carvalho, no bairro IPSEP.<\/p>\n<p>O Parque dos Ip\u00eas receber\u00e1 o nome do ambientalista Padre Afonso Carvalho, e contar\u00e1 com uma \u00e1rea total de 14.904,00 m2, com mais de 70% de \u00e1rea verde, pista de skate, pista de bicicross, pista de cooper, ciclovia, \u00e1rea de quiosques, parque infantil, \u00e1rea de gin\u00e1stica e espa\u00e7o para feira de artesanato.<\/p>\n<p>O investimento total na obra ser\u00e1 de R$1.255.841,47, sendo R$427.091,47 de contrapartida do munic\u00edpio.\u00a0<em>\u201cAl\u00e9m de escola, creche, ruas pavimentadas e tr\u00eas postos de sa\u00fade, o bairro do IPSEP agora tamb\u00e9m vai ter a maior pra\u00e7a de Serra Talhada, o Parque dos Ip\u00eas, que receber\u00e1 o nome do Padre Afonso, ambientalista que muito fez por nossa cidade\u201d, disse M\u00e1rcia.<\/em><\/p>\n<p>\u201c<em>Hoje (21) n\u00f3s autorizamos o in\u00edcio das obras e vamos acompanhar cada passo da execu\u00e7\u00e3o do parque, que sem d\u00favidas vai elevar a qualidade de vida dos moradores da localidade e do entorno, com muita arboriza\u00e7\u00e3o e \u00e1reas de lazer\u201d<\/em>, comentou a prefeita M\u00e1rcia Conrado.<\/p>\n","protected":false},"excerpt":{"rendered":"<p>A Prefeitura de Serra Talhada, por meio das secretarias de Obras e Infraestrutura e Meio Ambiente, assinou nesta quinta-feira (21), a Ordem de Servi\u00e7o do Parque dos Ip\u00eas, que ser\u00e1 constru\u00eddo ao lado da Escola Municipal Zuleide Feitosa de Carvalho, no bairro IPSEP. O Parque dos Ip\u00eas receber\u00e1 o nome do ambientalista Padre Afonso Carvalho, e contar\u00e1 com uma \u00e1rea total de 14.904,00 m2, com mais de 70% de \u00e1rea verde, pista de skate, pista de bicicross, pista de cooper, ciclovia, \u00e1rea de quiosques, parque infantil, \u00e1rea de gin\u00e1stica e espa\u00e7o para feira de artesanato. O investimento total na obra [&hellip;]<\/p>\n","protected":false},"author":2,"featured_media":4290,"comment_status":"open","ping_status":"open","sticky":false,"template":"","format":"standard","meta":{"_jetpack_memberships_contains_paid_content":false,"footnotes":"","jetpack_publicize_message":"","jetpack_publicize_feature_enabled":true,"jetpack_social_post_already_shared":true,"jetpack_social_options":{"image_generator_settings":{"template":"highway","enabled":false},"version":2}},"categories":[2],"tags":[],"class_list":["post-4291","post","type-post","status-publish","format-standard","has-post-thumbnail","hentry","category-noticias"],"jetpack_publicize_connections":[],"yoast_head":"<!-- This site is optimized with the Yoast SEO plugin v24.7 - https:\/\/yoast.com\/wordpress\/plugins\/seo\/ -->\n<title>Prefeitura de Serra Talhada assina ordem de servi\u00e7o do Parque dos Ip\u00eas - Serra FM 87,9<\/title>\n<meta name=\"robots\" content=\"index, follow, max-snippet:-1, max-image-preview:large, max-video-preview:-1\" \/>\n<link rel=\"canonical\" href=\"https:\/\/serrafm879.com.br\/serrafm\/2021\/01\/prefeitura-de-serra-talhada-assina-ordem-de-servico-do-parque-dos-ipes\/\" \/>\n<meta property=\"og:locale\" content=\"pt_BR\" \/>\n<meta property=\"og:type\" content=\"article\" \/>\n<meta property=\"og:title\" content=\"Prefeitura de Serra Talhada assina ordem de servi\u00e7o do Parque dos Ip\u00eas - Serra FM 87,9\" \/>\n<meta property=\"og:description\" content=\"A Prefeitura de Serra Talhada, por meio das secretarias de Obras e Infraestrutura e Meio Ambiente, assinou nesta quinta-feira (21), a Ordem de Servi\u00e7o do Parque dos Ip\u00eas, que ser\u00e1 constru\u00eddo ao lado da Escola Municipal Zuleide Feitosa de Carvalho, no bairro IPSEP. O Parque dos Ip\u00eas receber\u00e1 o nome do ambientalista Padre Afonso Carvalho, e contar\u00e1 com uma \u00e1rea total de 14.904,00 m2, com mais de 70% de \u00e1rea verde, pista de skate, pista de bicicross, pista de cooper, ciclovia, \u00e1rea de quiosques, parque infantil, \u00e1rea de gin\u00e1stica e espa\u00e7o para feira de artesanato. O investimento total na obra [&hellip;]\" \/>\n<meta property=\"og:url\" content=\"https:\/\/serrafm879.com.br\/serrafm\/2021\/01\/prefeitura-de-serra-talhada-assina-ordem-de-servico-do-parque-dos-ipes\/\" \/>\n<meta property=\"og:site_name\" content=\"Serra FM 87,9\" \/>\n<meta property=\"article:published_time\" content=\"2021-01-22T11:02:53+00:00\" \/>\n<meta property=\"og:image\" content=\"https:\/\/serrafm879.com.br\/serrafm\/wp-content\/uploads\/2021\/01\/07-59-59-11228cf2-0b08-488b-8d70-902f61091687-620x465-1.jpg\" \/>\n\t<meta property=\"og:image:width\" content=\"620\" \/>\n\t<meta property=\"og:image:height\" content=\"465\" \/>\n\t<meta property=\"og:image:type\" content=\"image\/jpeg\" \/>\n<meta name=\"author\" content=\"serrafm87\" \/>\n<meta name=\"twitter:card\" content=\"summary_large_image\" \/>\n<meta name=\"twitter:label1\" content=\"Escrito por\" \/>\n\t<meta name=\"twitter:data1\" content=\"serrafm87\" \/>\n\t<meta name=\"twitter:label2\" content=\"Est. tempo de leitura\" \/>\n\t<meta name=\"twitter:data2\" content=\"1 minuto\" \/>\n<script type=\"application\/ld+json\" class=\"yoast-schema-graph\">{\"@context\":\"https:\/\/schema.org\",\"@graph\":[{\"@type\":\"WebPage\",\"@id\":\"https:\/\/serrafm879.com.br\/serrafm\/2021\/01\/prefeitura-de-serra-talhada-assina-ordem-de-servico-do-parque-dos-ipes\/\",\"url\":\"https:\/\/serrafm879.com.br\/serrafm\/2021\/01\/prefeitura-de-serra-talhada-assina-ordem-de-servico-do-parque-dos-ipes\/\",\"name\":\"Prefeitura de Serra Talhada assina ordem de servi\u00e7o do Parque dos Ip\u00eas - Serra FM 87,9\",\"isPartOf\":{\"@id\":\"https:\/\/serrafm879.com.br\/serrafm\/#website\"},\"primaryImageOfPage\":{\"@id\":\"https:\/\/serrafm879.com.br\/serrafm\/2021\/01\/prefeitura-de-serra-talhada-assina-ordem-de-servico-do-parque-dos-ipes\/#primaryimage\"},\"image\":{\"@id\":\"https:\/\/serrafm879.com.br\/serrafm\/2021\/01\/prefeitura-de-serra-talhada-assina-ordem-de-servico-do-parque-dos-ipes\/#primaryimage\"},\"thumbnailUrl\":\"https:\/\/serrafm879.com.br\/serrafm\/wp-content\/uploads\/2021\/01\/07-59-59-11228cf2-0b08-488b-8d70-902f61091687-620x465-1.jpg\",\"datePublished\":\"2021-01-22T11:02:53+00:00\",\"author\":{\"@id\":\"https:\/\/serrafm879.com.br\/serrafm\/#\/schema\/person\/c028a197030ff8b1c03c68dfba4a787a\"},\"breadcrumb\":{\"@id\":\"https:\/\/serrafm879.com.br\/serrafm\/2021\/01\/prefeitura-de-serra-talhada-assina-ordem-de-servico-do-parque-dos-ipes\/#breadcrumb\"},\"inLanguage\":\"pt-BR\",\"potentialAction\":[{\"@type\":\"ReadAction\",\"target\":[\"https:\/\/serrafm879.com.br\/serrafm\/2021\/01\/prefeitura-de-serra-talhada-assina-ordem-de-servico-do-parque-dos-ipes\/\"]}]},{\"@type\":\"ImageObject\",\"inLanguage\":\"pt-BR\",\"@id\":\"https:\/\/serrafm879.com.br\/serrafm\/2021\/01\/prefeitura-de-serra-talhada-assina-ordem-de-servico-do-parque-dos-ipes\/#primaryimage\",\"url\":\"https:\/\/serrafm879.com.br\/serrafm\/wp-content\/uploads\/2021\/01\/07-59-59-11228cf2-0b08-488b-8d70-902f61091687-620x465-1.jpg\",\"contentUrl\":\"https:\/\/serrafm879.com.br\/serrafm\/wp-content\/uploads\/2021\/01\/07-59-59-11228cf2-0b08-488b-8d70-902f61091687-620x465-1.jpg\",\"width\":620,\"height\":465},{\"@type\":\"BreadcrumbList\",\"@id\":\"https:\/\/serrafm879.com.br\/serrafm\/2021\/01\/prefeitura-de-serra-talhada-assina-ordem-de-servico-do-parque-dos-ipes\/#breadcrumb\",\"itemListElement\":[{\"@type\":\"ListItem\",\"position\":1,\"name\":\"In\u00edcio\",\"item\":\"https:\/\/serrafm879.com.br\/serrafm\/\"},{\"@type\":\"ListItem\",\"position\":2,\"name\":\"Prefeitura de Serra Talhada assina ordem de servi\u00e7o do Parque dos Ip\u00eas\"}]},{\"@type\":\"WebSite\",\"@id\":\"https:\/\/serrafm879.com.br\/serrafm\/#website\",\"url\":\"https:\/\/serrafm879.com.br\/serrafm\/\",\"name\":\"Serra FM 87,9\",\"description\":\"O seu novo amor!\",\"potentialAction\":[{\"@type\":\"SearchAction\",\"target\":{\"@type\":\"EntryPoint\",\"urlTemplate\":\"https:\/\/serrafm879.com.br\/serrafm\/?s={search_term_string}\"},\"query-input\":{\"@type\":\"PropertyValueSpecification\",\"valueRequired\":true,\"valueName\":\"search_term_string\"}}],\"inLanguage\":\"pt-BR\"},{\"@type\":\"Person\",\"@id\":\"https:\/\/serrafm879.com.br\/serrafm\/#\/schema\/person\/c028a197030ff8b1c03c68dfba4a787a\",\"name\":\"serrafm87\",\"image\":{\"@type\":\"ImageObject\",\"inLanguage\":\"pt-BR\",\"@id\":\"https:\/\/serrafm879.com.br\/serrafm\/#\/schema\/person\/image\/\",\"url\":\"https:\/\/secure.gravatar.com\/avatar\/a743233f1112d34f48bb3dc9559b76eb930bab8b27175856cba6362608736235?s=96&d=mm&r=g\",\"contentUrl\":\"https:\/\/secure.gravatar.com\/avatar\/a743233f1112d34f48bb3dc9559b76eb930bab8b27175856cba6362608736235?s=96&d=mm&r=g\",\"caption\":\"serrafm87\"},\"sameAs\":[\"http:\/\/serrafm879.com.br\/\"],\"url\":\"https:\/\/serrafm879.com.br\/serrafm\/author\/serrafm87\/\"}]}<\/script>\n<!-- \/ Yoast SEO plugin. -->","yoast_head_json":{"title":"Prefeitura de Serra Talhada assina ordem de servi\u00e7o do Parque dos Ip\u00eas - Serra FM 87,9","robots":{"index":"index","follow":"follow","max-snippet":"max-snippet:-1","max-image-preview":"max-image-preview:large","max-video-preview":"max-video-preview:-1"},"canonical":"https:\/\/serrafm879.com.br\/serrafm\/2021\/01\/prefeitura-de-serra-talhada-assina-ordem-de-servico-do-parque-dos-ipes\/","og_locale":"pt_BR","og_type":"article","og_title":"Prefeitura de Serra Talhada assina ordem de servi\u00e7o do Parque dos Ip\u00eas - Serra FM 87,9","og_description":"A Prefeitura de Serra Talhada, por meio das secretarias de Obras e Infraestrutura e Meio Ambiente, assinou nesta quinta-feira (21), a Ordem de Servi\u00e7o do Parque dos Ip\u00eas, que ser\u00e1 constru\u00eddo ao lado da Escola Municipal Zuleide Feitosa de Carvalho, no bairro IPSEP. O Parque dos Ip\u00eas receber\u00e1 o nome do ambientalista Padre Afonso Carvalho, e contar\u00e1 com uma \u00e1rea total de 14.904,00 m2, com mais de 70% de \u00e1rea verde, pista de skate, pista de bicicross, pista de cooper, ciclovia, \u00e1rea de quiosques, parque infantil, \u00e1rea de gin\u00e1stica e espa\u00e7o para feira de artesanato. O investimento total na obra [&hellip;]","og_url":"https:\/\/serrafm879.com.br\/serrafm\/2021\/01\/prefeitura-de-serra-talhada-assina-ordem-de-servico-do-parque-dos-ipes\/","og_site_name":"Serra FM 87,9","article_published_time":"2021-01-22T11:02:53+00:00","og_image":[{"width":620,"height":465,"url":"https:\/\/serrafm879.com.br\/serrafm\/wp-content\/uploads\/2021\/01\/07-59-59-11228cf2-0b08-488b-8d70-902f61091687-620x465-1.jpg","type":"image\/jpeg"}],"author":"serrafm87","twitter_card":"summary_large_image","twitter_misc":{"Escrito por":"serrafm87","Est. tempo de leitura":"1 minuto"},"schema":{"@context":"https:\/\/schema.org","@graph":[{"@type":"WebPage","@id":"https:\/\/serrafm879.com.br\/serrafm\/2021\/01\/prefeitura-de-serra-talhada-assina-ordem-de-servico-do-parque-dos-ipes\/","url":"https:\/\/serrafm879.com.br\/serrafm\/2021\/01\/prefeitura-de-serra-talhada-assina-ordem-de-servico-do-parque-dos-ipes\/","name":"Prefeitura de Serra Talhada assina ordem de servi\u00e7o do Parque dos Ip\u00eas - Serra FM 87,9","isPartOf":{"@id":"https:\/\/serrafm879.com.br\/serrafm\/#website"},"primaryImageOfPage":{"@id":"https:\/\/serrafm879.com.br\/serrafm\/2021\/01\/prefeitura-de-serra-talhada-assina-ordem-de-servico-do-parque-dos-ipes\/#primaryimage"},"image":{"@id":"https:\/\/serrafm879.com.br\/serrafm\/2021\/01\/prefeitura-de-serra-talhada-assina-ordem-de-servico-do-parque-dos-ipes\/#primaryimage"},"thumbnailUrl":"https:\/\/serrafm879.com.br\/serrafm\/wp-content\/uploads\/2021\/01\/07-59-59-11228cf2-0b08-488b-8d70-902f61091687-620x465-1.jpg","datePublished":"2021-01-22T11:02:53+00:00","author":{"@id":"https:\/\/serrafm879.com.br\/serrafm\/#\/schema\/person\/c028a197030ff8b1c03c68dfba4a787a"},"breadcrumb":{"@id":"https:\/\/serrafm879.com.br\/serrafm\/2021\/01\/prefeitura-de-serra-talhada-assina-ordem-de-servico-do-parque-dos-ipes\/#breadcrumb"},"inLanguage":"pt-BR","potentialAction":[{"@type":"ReadAction","target":["https:\/\/serrafm879.com.br\/serrafm\/2021\/01\/prefeitura-de-serra-talhada-assina-ordem-de-servico-do-parque-dos-ipes\/"]}]},{"@type":"ImageObject","inLanguage":"pt-BR","@id":"https:\/\/serrafm879.com.br\/serrafm\/2021\/01\/prefeitura-de-serra-talhada-assina-ordem-de-servico-do-parque-dos-ipes\/#primaryimage","url":"https:\/\/serrafm879.com.br\/serrafm\/wp-content\/uploads\/2021\/01\/07-59-59-11228cf2-0b08-488b-8d70-902f61091687-620x465-1.jpg","contentUrl":"https:\/\/serrafm879.com.br\/serrafm\/wp-content\/uploads\/2021\/01\/07-59-59-11228cf2-0b08-488b-8d70-902f61091687-620x465-1.jpg","width":620,"height":465},{"@type":"BreadcrumbList","@id":"https:\/\/serrafm879.com.br\/serrafm\/2021\/01\/prefeitura-de-serra-talhada-assina-ordem-de-servico-do-parque-dos-ipes\/#breadcrumb","itemListElement":[{"@type":"ListItem","position":1,"name":"In\u00edcio","item":"https:\/\/serrafm879.com.br\/serrafm\/"},{"@type":"ListItem","position":2,"name":"Prefeitura de Serra Talhada assina ordem de servi\u00e7o do Parque dos Ip\u00eas"}]},{"@type":"WebSite","@id":"https:\/\/serrafm879.com.br\/serrafm\/#website","url":"https:\/\/serrafm879.com.br\/serrafm\/","name":"Serra FM 87,9","description":"O seu novo amor!","potentialAction":[{"@type":"SearchAction","target":{"@type":"EntryPoint","urlTemplate":"https:\/\/serrafm879.com.br\/serrafm\/?s={search_term_string}"},"query-input":{"@type":"PropertyValueSpecification","valueRequired":true,"valueName":"search_term_string"}}],"inLanguage":"pt-BR"},{"@type":"Person","@id":"https:\/\/serrafm879.com.br\/serrafm\/#\/schema\/person\/c028a197030ff8b1c03c68dfba4a787a","name":"serrafm87","image":{"@type":"ImageObject","inLanguage":"pt-BR","@id":"https:\/\/serrafm879.com.br\/serrafm\/#\/schema\/person\/image\/","url":"https:\/\/secure.gravatar.com\/avatar\/a743233f1112d34f48bb3dc9559b76eb930bab8b27175856cba6362608736235?s=96&d=mm&r=g","contentUrl":"https:\/\/secure.gravatar.com\/avatar\/a743233f1112d34f48bb3dc9559b76eb930bab8b27175856cba6362608736235?s=96&d=mm&r=g","caption":"serrafm87"},"sameAs":["http:\/\/serrafm879.com.br\/"],"url":"https:\/\/serrafm879.com.br\/serrafm\/author\/serrafm87\/"}]}},"jetpack_featured_media_url":"https:\/\/serrafm879.com.br\/serrafm\/wp-content\/uploads\/2021\/01\/07-59-59-11228cf2-0b08-488b-8d70-902f61091687-620x465-1.jpg","jetpack_shortlink":"https:\/\/wp.me\/p7HyXg-17d","jetpack_sharing_enabled":true,"_links":{"self":[{"href":"https:\/\/serrafm879.com.br\/serrafm\/wp-json\/wp\/v2\/posts\/4291","targetHints":{"allow":["GET"]}}],"collection":[{"href":"https:\/\/serrafm879.com.br\/serrafm\/wp-json\/wp\/v2\/posts"}],"about":[{"href":"https:\/\/serrafm879.com.br\/serrafm\/wp-json\/wp\/v2\/types\/post"}],"author":[{"embeddable":true,"href":"https:\/\/serrafm879.com.br\/serrafm\/wp-json\/wp\/v2\/users\/2"}],"replies":[{"embeddable":true,"href":"https:\/\/serrafm879.com.br\/serrafm\/wp-json\/wp\/v2\/comments?post=4291"}],"version-history":[{"count":1,"href":"https:\/\/serrafm879.com.br\/serrafm\/wp-json\/wp\/v2\/posts\/4291\/revisions"}],"predecessor-version":[{"id":4292,"href":"https:\/\/serrafm879.com.br\/serrafm\/wp-json\/wp\/v2\/posts\/4291\/revisions\/4292"}],"wp:featuredmedia":[{"embeddable":true,"href":"https:\/\/serrafm879.com.br\/serrafm\/wp-json\/wp\/v2\/media\/4290"}],"wp:attachment":[{"href":"https:\/\/serrafm879.com.br\/serrafm\/wp-json\/wp\/v2\/media?parent=4291"}],"wp:term":[{"taxonomy":"category","embeddable":true,"href":"https:\/\/serrafm879.com.br\/serrafm\/wp-json\/wp\/v2\/categories?post=4291"},{"taxonomy":"post_tag","embeddable":true,"href":"https:\/\/serrafm879.com.br\/serrafm\/wp-json\/wp\/v2\/tags?post=4291"}],"curies":[{"name":"wp","href":"https:\/\/api.w.org\/{rel}","templated":true}]}}