{"id":4293,"date":"2021-01-22T08:07:09","date_gmt":"2021-01-22T11:07:09","guid":{"rendered":"https:\/?p=4293"},"modified":"2021-01-22T08:07:09","modified_gmt":"2021-01-22T11:07:09","slug":"numero-de-empregos-registrou-aumento-em-dezembro-2020","status":"publish","type":"post","link":"https:\/\/serrafm879.com.br\/serrafm\/2021\/01\/numero-de-empregos-registrou-aumento-em-dezembro-2020\/","title":{"rendered":"N\u00famero de empregos registrou aumento em dezembro 2020"},"content":{"rendered":"<p>O n\u00famero de trabalhadores empregados na ind\u00fastria brasileira registrou crescimento em dezembro. \u00c9 a 1\u00aa vez que o m\u00eas tem alta no total de funcion\u00e1rios no setor desde o in\u00edcio da s\u00e9rie hist\u00f3rica, em 2011.<\/p>\n<p>O estudo faz parte da Sondagem Industrial, da CNI (Confedera\u00e7\u00e3o Nacional da Ind\u00fastria). O \u00edndice ficou em 50,5 pontos, acima da linha divis\u00f3ria de 50 pontos que marca o limite entre crescimento ou redu\u00e7\u00e3o de postos de trabalho. A pesquisa entrevistou 1.887 empresas, sendo 741 de pequeno porte, 669 de m\u00e9dio porte e 477 grandes empresas, de 4 a 15 de janeiro.<\/p>\n<p>A atividade industrial encerrou o ano relativamente forte, embora os sinais de desacelera\u00e7\u00e3o j\u00e1 possam ser percebidos.<\/p>\n","protected":false},"excerpt":{"rendered":"<p>O n\u00famero de trabalhadores empregados na ind\u00fastria brasileira registrou crescimento em dezembro. \u00c9 a 1\u00aa vez que o m\u00eas tem alta no total de funcion\u00e1rios no setor desde o in\u00edcio da s\u00e9rie hist\u00f3rica, em 2011. O estudo faz parte da Sondagem Industrial, da CNI (Confedera\u00e7\u00e3o Nacional da Ind\u00fastria). O \u00edndice ficou em 50,5 pontos, acima da linha divis\u00f3ria de 50 pontos que marca o limite entre crescimento ou redu\u00e7\u00e3o de postos de trabalho. A pesquisa entrevistou 1.887 empresas, sendo 741 de pequeno porte, 669 de m\u00e9dio porte e 477 grandes empresas, de 4 a 15 de janeiro. A atividade industrial [&hellip;]<\/p>\n","protected":false},"author":2,"featured_media":3112,"comment_status":"open","ping_status":"open","sticky":false,"template":"","format":"standard","meta":{"_jetpack_memberships_contains_paid_content":false,"footnotes":"","jetpack_publicize_message":"","jetpack_publicize_feature_enabled":true,"jetpack_social_post_already_shared":true,"jetpack_social_options":{"image_generator_settings":{"template":"highway","enabled":false},"version":2}},"categories":[2],"tags":[],"class_list":["post-4293","post","type-post","status-publish","format-standard","has-post-thumbnail","hentry","category-noticias"],"jetpack_publicize_connections":[],"yoast_head":"<!-- This site is optimized with the Yoast SEO plugin v24.7 - https:\/\/yoast.com\/wordpress\/plugins\/seo\/ -->\n<title>N\u00famero de empregos registrou aumento em dezembro 2020 - Serra FM 87,9<\/title>\n<meta name=\"robots\" content=\"index, follow, max-snippet:-1, max-image-preview:large, max-video-preview:-1\" \/>\n<link rel=\"canonical\" href=\"https:\/\/serrafm879.com.br\/serrafm\/2021\/01\/numero-de-empregos-registrou-aumento-em-dezembro-2020\/\" \/>\n<meta property=\"og:locale\" content=\"pt_BR\" \/>\n<meta property=\"og:type\" content=\"article\" \/>\n<meta property=\"og:title\" content=\"N\u00famero de empregos registrou aumento em dezembro 2020 - Serra FM 87,9\" \/>\n<meta property=\"og:description\" content=\"O n\u00famero de trabalhadores empregados na ind\u00fastria brasileira registrou crescimento em dezembro. \u00c9 a 1\u00aa vez que o m\u00eas tem alta no total de funcion\u00e1rios no setor desde o in\u00edcio da s\u00e9rie hist\u00f3rica, em 2011. O estudo faz parte da Sondagem Industrial, da CNI (Confedera\u00e7\u00e3o Nacional da Ind\u00fastria). O \u00edndice ficou em 50,5 pontos, acima da linha divis\u00f3ria de 50 pontos que marca o limite entre crescimento ou redu\u00e7\u00e3o de postos de trabalho. A pesquisa entrevistou 1.887 empresas, sendo 741 de pequeno porte, 669 de m\u00e9dio porte e 477 grandes empresas, de 4 a 15 de janeiro. A atividade industrial [&hellip;]\" \/>\n<meta property=\"og:url\" content=\"https:\/\/serrafm879.com.br\/serrafm\/2021\/01\/numero-de-empregos-registrou-aumento-em-dezembro-2020\/\" \/>\n<meta property=\"og:site_name\" content=\"Serra FM 87,9\" \/>\n<meta property=\"article:published_time\" content=\"2021-01-22T11:07:09+00:00\" \/>\n<meta property=\"og:image\" content=\"https:\/\/serrafm879.com.br\/serrafm\/wp-content\/uploads\/2020\/07\/04-15-39-carteira-de-trabalho.jpg\" \/>\n\t<meta property=\"og:image:width\" content=\"700\" \/>\n\t<meta property=\"og:image:height\" content=\"425\" \/>\n\t<meta property=\"og:image:type\" content=\"image\/jpeg\" \/>\n<meta name=\"author\" content=\"serrafm87\" \/>\n<meta name=\"twitter:card\" content=\"summary_large_image\" \/>\n<meta name=\"twitter:label1\" content=\"Escrito por\" \/>\n\t<meta name=\"twitter:data1\" content=\"serrafm87\" \/>\n\t<meta name=\"twitter:label2\" content=\"Est. tempo de leitura\" \/>\n\t<meta name=\"twitter:data2\" content=\"1 minuto\" \/>\n<script type=\"application\/ld+json\" class=\"yoast-schema-graph\">{\"@context\":\"https:\/\/schema.org\",\"@graph\":[{\"@type\":\"WebPage\",\"@id\":\"https:\/\/serrafm879.com.br\/serrafm\/2021\/01\/numero-de-empregos-registrou-aumento-em-dezembro-2020\/\",\"url\":\"https:\/\/serrafm879.com.br\/serrafm\/2021\/01\/numero-de-empregos-registrou-aumento-em-dezembro-2020\/\",\"name\":\"N\u00famero de empregos registrou aumento em dezembro 2020 - Serra FM 87,9\",\"isPartOf\":{\"@id\":\"https:\/\/serrafm879.com.br\/serrafm\/#website\"},\"primaryImageOfPage\":{\"@id\":\"https:\/\/serrafm879.com.br\/serrafm\/2021\/01\/numero-de-empregos-registrou-aumento-em-dezembro-2020\/#primaryimage\"},\"image\":{\"@id\":\"https:\/\/serrafm879.com.br\/serrafm\/2021\/01\/numero-de-empregos-registrou-aumento-em-dezembro-2020\/#primaryimage\"},\"thumbnailUrl\":\"https:\/\/serrafm879.com.br\/serrafm\/wp-content\/uploads\/2020\/07\/04-15-39-carteira-de-trabalho.jpg\",\"datePublished\":\"2021-01-22T11:07:09+00:00\",\"author\":{\"@id\":\"https:\/\/serrafm879.com.br\/serrafm\/#\/schema\/person\/c028a197030ff8b1c03c68dfba4a787a\"},\"breadcrumb\":{\"@id\":\"https:\/\/serrafm879.com.br\/serrafm\/2021\/01\/numero-de-empregos-registrou-aumento-em-dezembro-2020\/#breadcrumb\"},\"inLanguage\":\"pt-BR\",\"potentialAction\":[{\"@type\":\"ReadAction\",\"target\":[\"https:\/\/serrafm879.com.br\/serrafm\/2021\/01\/numero-de-empregos-registrou-aumento-em-dezembro-2020\/\"]}]},{\"@type\":\"ImageObject\",\"inLanguage\":\"pt-BR\",\"@id\":\"https:\/\/serrafm879.com.br\/serrafm\/2021\/01\/numero-de-empregos-registrou-aumento-em-dezembro-2020\/#primaryimage\",\"url\":\"https:\/\/serrafm879.com.br\/serrafm\/wp-content\/uploads\/2020\/07\/04-15-39-carteira-de-trabalho.jpg\",\"contentUrl\":\"https:\/\/serrafm879.com.br\/serrafm\/wp-content\/uploads\/2020\/07\/04-15-39-carteira-de-trabalho.jpg\",\"width\":700,\"height\":425},{\"@type\":\"BreadcrumbList\",\"@id\":\"https:\/\/serrafm879.com.br\/serrafm\/2021\/01\/numero-de-empregos-registrou-aumento-em-dezembro-2020\/#breadcrumb\",\"itemListElement\":[{\"@type\":\"ListItem\",\"position\":1,\"name\":\"In\u00edcio\",\"item\":\"https:\/\/serrafm879.com.br\/serrafm\/\"},{\"@type\":\"ListItem\",\"position\":2,\"name\":\"N\u00famero de empregos registrou aumento em dezembro 2020\"}]},{\"@type\":\"WebSite\",\"@id\":\"https:\/\/serrafm879.com.br\/serrafm\/#website\",\"url\":\"https:\/\/serrafm879.com.br\/serrafm\/\",\"name\":\"Serra FM 87,9\",\"description\":\"O seu novo amor!\",\"potentialAction\":[{\"@type\":\"SearchAction\",\"target\":{\"@type\":\"EntryPoint\",\"urlTemplate\":\"https:\/\/serrafm879.com.br\/serrafm\/?s={search_term_string}\"},\"query-input\":{\"@type\":\"PropertyValueSpecification\",\"valueRequired\":true,\"valueName\":\"search_term_string\"}}],\"inLanguage\":\"pt-BR\"},{\"@type\":\"Person\",\"@id\":\"https:\/\/serrafm879.com.br\/serrafm\/#\/schema\/person\/c028a197030ff8b1c03c68dfba4a787a\",\"name\":\"serrafm87\",\"image\":{\"@type\":\"ImageObject\",\"inLanguage\":\"pt-BR\",\"@id\":\"https:\/\/serrafm879.com.br\/serrafm\/#\/schema\/person\/image\/\",\"url\":\"https:\/\/secure.gravatar.com\/avatar\/a743233f1112d34f48bb3dc9559b76eb930bab8b27175856cba6362608736235?s=96&d=mm&r=g\",\"contentUrl\":\"https:\/\/secure.gravatar.com\/avatar\/a743233f1112d34f48bb3dc9559b76eb930bab8b27175856cba6362608736235?s=96&d=mm&r=g\",\"caption\":\"serrafm87\"},\"sameAs\":[\"http:\/\/serrafm879.com.br\/\"],\"url\":\"https:\/\/serrafm879.com.br\/serrafm\/author\/serrafm87\/\"}]}<\/script>\n<!-- \/ Yoast SEO plugin. -->","yoast_head_json":{"title":"N\u00famero de empregos registrou aumento em dezembro 2020 - Serra FM 87,9","robots":{"index":"index","follow":"follow","max-snippet":"max-snippet:-1","max-image-preview":"max-image-preview:large","max-video-preview":"max-video-preview:-1"},"canonical":"https:\/\/serrafm879.com.br\/serrafm\/2021\/01\/numero-de-empregos-registrou-aumento-em-dezembro-2020\/","og_locale":"pt_BR","og_type":"article","og_title":"N\u00famero de empregos registrou aumento em dezembro 2020 - Serra FM 87,9","og_description":"O n\u00famero de trabalhadores empregados na ind\u00fastria brasileira registrou crescimento em dezembro. \u00c9 a 1\u00aa vez que o m\u00eas tem alta no total de funcion\u00e1rios no setor desde o in\u00edcio da s\u00e9rie hist\u00f3rica, em 2011. O estudo faz parte da Sondagem Industrial, da CNI (Confedera\u00e7\u00e3o Nacional da Ind\u00fastria). O \u00edndice ficou em 50,5 pontos, acima da linha divis\u00f3ria de 50 pontos que marca o limite entre crescimento ou redu\u00e7\u00e3o de postos de trabalho. A pesquisa entrevistou 1.887 empresas, sendo 741 de pequeno porte, 669 de m\u00e9dio porte e 477 grandes empresas, de 4 a 15 de janeiro. A atividade industrial [&hellip;]","og_url":"https:\/\/serrafm879.com.br\/serrafm\/2021\/01\/numero-de-empregos-registrou-aumento-em-dezembro-2020\/","og_site_name":"Serra FM 87,9","article_published_time":"2021-01-22T11:07:09+00:00","og_image":[{"width":700,"height":425,"url":"https:\/\/serrafm879.com.br\/serrafm\/wp-content\/uploads\/2020\/07\/04-15-39-carteira-de-trabalho.jpg","type":"image\/jpeg"}],"author":"serrafm87","twitter_card":"summary_large_image","twitter_misc":{"Escrito por":"serrafm87","Est. tempo de leitura":"1 minuto"},"schema":{"@context":"https:\/\/schema.org","@graph":[{"@type":"WebPage","@id":"https:\/\/serrafm879.com.br\/serrafm\/2021\/01\/numero-de-empregos-registrou-aumento-em-dezembro-2020\/","url":"https:\/\/serrafm879.com.br\/serrafm\/2021\/01\/numero-de-empregos-registrou-aumento-em-dezembro-2020\/","name":"N\u00famero de empregos registrou aumento em dezembro 2020 - Serra FM 87,9","isPartOf":{"@id":"https:\/\/serrafm879.com.br\/serrafm\/#website"},"primaryImageOfPage":{"@id":"https:\/\/serrafm879.com.br\/serrafm\/2021\/01\/numero-de-empregos-registrou-aumento-em-dezembro-2020\/#primaryimage"},"image":{"@id":"https:\/\/serrafm879.com.br\/serrafm\/2021\/01\/numero-de-empregos-registrou-aumento-em-dezembro-2020\/#primaryimage"},"thumbnailUrl":"https:\/\/serrafm879.com.br\/serrafm\/wp-content\/uploads\/2020\/07\/04-15-39-carteira-de-trabalho.jpg","datePublished":"2021-01-22T11:07:09+00:00","author":{"@id":"https:\/\/serrafm879.com.br\/serrafm\/#\/schema\/person\/c028a197030ff8b1c03c68dfba4a787a"},"breadcrumb":{"@id":"https:\/\/serrafm879.com.br\/serrafm\/2021\/01\/numero-de-empregos-registrou-aumento-em-dezembro-2020\/#breadcrumb"},"inLanguage":"pt-BR","potentialAction":[{"@type":"ReadAction","target":["https:\/\/serrafm879.com.br\/serrafm\/2021\/01\/numero-de-empregos-registrou-aumento-em-dezembro-2020\/"]}]},{"@type":"ImageObject","inLanguage":"pt-BR","@id":"https:\/\/serrafm879.com.br\/serrafm\/2021\/01\/numero-de-empregos-registrou-aumento-em-dezembro-2020\/#primaryimage","url":"https:\/\/serrafm879.com.br\/serrafm\/wp-content\/uploads\/2020\/07\/04-15-39-carteira-de-trabalho.jpg","contentUrl":"https:\/\/serrafm879.com.br\/serrafm\/wp-content\/uploads\/2020\/07\/04-15-39-carteira-de-trabalho.jpg","width":700,"height":425},{"@type":"BreadcrumbList","@id":"https:\/\/serrafm879.com.br\/serrafm\/2021\/01\/numero-de-empregos-registrou-aumento-em-dezembro-2020\/#breadcrumb","itemListElement":[{"@type":"ListItem","position":1,"name":"In\u00edcio","item":"https:\/\/serrafm879.com.br\/serrafm\/"},{"@type":"ListItem","position":2,"name":"N\u00famero de empregos registrou aumento em dezembro 2020"}]},{"@type":"WebSite","@id":"https:\/\/serrafm879.com.br\/serrafm\/#website","url":"https:\/\/serrafm879.com.br\/serrafm\/","name":"Serra FM 87,9","description":"O seu novo amor!","potentialAction":[{"@type":"SearchAction","target":{"@type":"EntryPoint","urlTemplate":"https:\/\/serrafm879.com.br\/serrafm\/?s={search_term_string}"},"query-input":{"@type":"PropertyValueSpecification","valueRequired":true,"valueName":"search_term_string"}}],"inLanguage":"pt-BR"},{"@type":"Person","@id":"https:\/\/serrafm879.com.br\/serrafm\/#\/schema\/person\/c028a197030ff8b1c03c68dfba4a787a","name":"serrafm87","image":{"@type":"ImageObject","inLanguage":"pt-BR","@id":"https:\/\/serrafm879.com.br\/serrafm\/#\/schema\/person\/image\/","url":"https:\/\/secure.gravatar.com\/avatar\/a743233f1112d34f48bb3dc9559b76eb930bab8b27175856cba6362608736235?s=96&d=mm&r=g","contentUrl":"https:\/\/secure.gravatar.com\/avatar\/a743233f1112d34f48bb3dc9559b76eb930bab8b27175856cba6362608736235?s=96&d=mm&r=g","caption":"serrafm87"},"sameAs":["http:\/\/serrafm879.com.br\/"],"url":"https:\/\/serrafm879.com.br\/serrafm\/author\/serrafm87\/"}]}},"jetpack_featured_media_url":"https:\/\/serrafm879.com.br\/serrafm\/wp-content\/uploads\/2020\/07\/04-15-39-carteira-de-trabalho.jpg","jetpack_shortlink":"https:\/\/wp.me\/p7HyXg-17f","jetpack_sharing_enabled":true,"_links":{"self":[{"href":"https:\/\/serrafm879.com.br\/serrafm\/wp-json\/wp\/v2\/posts\/4293","targetHints":{"allow":["GET"]}}],"collection":[{"href":"https:\/\/serrafm879.com.br\/serrafm\/wp-json\/wp\/v2\/posts"}],"about":[{"href":"https:\/\/serrafm879.com.br\/serrafm\/wp-json\/wp\/v2\/types\/post"}],"author":[{"embeddable":true,"href":"https:\/\/serrafm879.com.br\/serrafm\/wp-json\/wp\/v2\/users\/2"}],"replies":[{"embeddable":true,"href":"https:\/\/serrafm879.com.br\/serrafm\/wp-json\/wp\/v2\/comments?post=4293"}],"version-history":[{"count":1,"href":"https:\/\/serrafm879.com.br\/serrafm\/wp-json\/wp\/v2\/posts\/4293\/revisions"}],"predecessor-version":[{"id":4294,"href":"https:\/\/serrafm879.com.br\/serrafm\/wp-json\/wp\/v2\/posts\/4293\/revisions\/4294"}],"wp:featuredmedia":[{"embeddable":true,"href":"https:\/\/serrafm879.com.br\/serrafm\/wp-json\/wp\/v2\/media\/3112"}],"wp:attachment":[{"href":"https:\/\/serrafm879.com.br\/serrafm\/wp-json\/wp\/v2\/media?parent=4293"}],"wp:term":[{"taxonomy":"category","embeddable":true,"href":"https:\/\/serrafm879.com.br\/serrafm\/wp-json\/wp\/v2\/categories?post=4293"},{"taxonomy":"post_tag","embeddable":true,"href":"https:\/\/serrafm879.com.br\/serrafm\/wp-json\/wp\/v2\/tags?post=4293"}],"curies":[{"name":"wp","href":"https:\/\/api.w.org\/{rel}","templated":true}]}}