{"id":4297,"date":"2021-01-22T08:12:13","date_gmt":"2021-01-22T11:12:13","guid":{"rendered":"https:\/?p=4297"},"modified":"2021-01-22T08:12:13","modified_gmt":"2021-01-22T11:12:13","slug":"o-ex-presidente-lula-teve-covid-19","status":"publish","type":"post","link":"https:\/\/serrafm879.com.br\/serrafm\/2021\/01\/o-ex-presidente-lula-teve-covid-19\/","title":{"rendered":"O ex-presidente Lula teve Covid-19"},"content":{"rendered":"<p>O ex-presidente\u00a0Lula\u00a0(PT) anunciou, nesta quinta-feira (21), que foi diagnosticado com Covid-19 em Cuba e que fez quarentena no pa\u00eds, ao qual havia chegado em 21 de dezembro. Em nota, ele disse que n\u00e3o precisou ser internado e que j\u00e1 est\u00e1 recuperado da doen\u00e7a causada pelo coronav\u00edrus.<\/p>\n<p>Em Cuba, Lula tamb\u00e9m foi submetido a um exame de tomografia, que mostrou les\u00f5es no pulm\u00e3o \u2013 segundo o comunicado oficial, elas eram compat\u00edveis com \u201cbroncopneumonia associada \u00e0 Covid-19\u201d.<\/p>\n<p>A broncopneumonia \u00e9 uma inflama\u00e7\u00e3o dos br\u00f4nquios, ao passo que a pneumonia \u00e9 uma infec\u00e7\u00e3o que se instala nos pulm\u00f5es. Geralmente causada por bact\u00e9rias mais comuns, a broncopneumonia costuma ser mais branda.<\/p>\n<p>O ex-presidente viajou a Cuba com uma comitiva que tinha no total de nove pessoas, e apenas uma n\u00e3o teve resultado positivo para o coronav\u00edrus. O \u00fanico a ser internado foi o escritor Fernando Morais, que teve complica\u00e7\u00f5es pulmonares.<\/p>\n<p>No comunicado, Lula afirmou ainda \u201cque decidiu comunicar a doen\u00e7a apenas na chegada ao Brasil para preservar sua fam\u00edlia e a dos demais infectados\u201d. Ele voltou a S\u00e3o Paulo nesta quarta-feira (20).<\/p>\n<p>Fonte: G1<\/p>\n","protected":false},"excerpt":{"rendered":"<p>O ex-presidente\u00a0Lula\u00a0(PT) anunciou, nesta quinta-feira (21), que foi diagnosticado com Covid-19 em Cuba e que fez quarentena no pa\u00eds, ao qual havia chegado em 21 de dezembro. Em nota, ele disse que n\u00e3o precisou ser internado e que j\u00e1 est\u00e1 recuperado da doen\u00e7a causada pelo coronav\u00edrus. Em Cuba, Lula tamb\u00e9m foi submetido a um exame de tomografia, que mostrou les\u00f5es no pulm\u00e3o \u2013 segundo o comunicado oficial, elas eram compat\u00edveis com \u201cbroncopneumonia associada \u00e0 Covid-19\u201d. A broncopneumonia \u00e9 uma inflama\u00e7\u00e3o dos br\u00f4nquios, ao passo que a pneumonia \u00e9 uma infec\u00e7\u00e3o que se instala nos pulm\u00f5es. Geralmente causada por bact\u00e9rias mais [&hellip;]<\/p>\n","protected":false},"author":2,"featured_media":3602,"comment_status":"open","ping_status":"open","sticky":false,"template":"","format":"standard","meta":{"_jetpack_memberships_contains_paid_content":false,"footnotes":"","jetpack_publicize_message":"","jetpack_publicize_feature_enabled":true,"jetpack_social_post_already_shared":true,"jetpack_social_options":{"image_generator_settings":{"template":"highway","enabled":false},"version":2}},"categories":[2],"tags":[],"class_list":["post-4297","post","type-post","status-publish","format-standard","has-post-thumbnail","hentry","category-noticias"],"jetpack_publicize_connections":[],"yoast_head":"<!-- This site is optimized with the Yoast SEO plugin v24.7 - https:\/\/yoast.com\/wordpress\/plugins\/seo\/ -->\n<title>O ex-presidente Lula teve Covid-19 - Serra FM 87,9<\/title>\n<meta name=\"robots\" content=\"index, follow, max-snippet:-1, max-image-preview:large, max-video-preview:-1\" \/>\n<link rel=\"canonical\" href=\"https:\/\/serrafm879.com.br\/serrafm\/2021\/01\/o-ex-presidente-lula-teve-covid-19\/\" \/>\n<meta property=\"og:locale\" content=\"pt_BR\" \/>\n<meta property=\"og:type\" content=\"article\" \/>\n<meta property=\"og:title\" content=\"O ex-presidente Lula teve Covid-19 - Serra FM 87,9\" \/>\n<meta property=\"og:description\" content=\"O ex-presidente\u00a0Lula\u00a0(PT) anunciou, nesta quinta-feira (21), que foi diagnosticado com Covid-19 em Cuba e que fez quarentena no pa\u00eds, ao qual havia chegado em 21 de dezembro. Em nota, ele disse que n\u00e3o precisou ser internado e que j\u00e1 est\u00e1 recuperado da doen\u00e7a causada pelo coronav\u00edrus. Em Cuba, Lula tamb\u00e9m foi submetido a um exame de tomografia, que mostrou les\u00f5es no pulm\u00e3o \u2013 segundo o comunicado oficial, elas eram compat\u00edveis com \u201cbroncopneumonia associada \u00e0 Covid-19\u201d. A broncopneumonia \u00e9 uma inflama\u00e7\u00e3o dos br\u00f4nquios, ao passo que a pneumonia \u00e9 uma infec\u00e7\u00e3o que se instala nos pulm\u00f5es. Geralmente causada por bact\u00e9rias mais [&hellip;]\" \/>\n<meta property=\"og:url\" content=\"https:\/\/serrafm879.com.br\/serrafm\/2021\/01\/o-ex-presidente-lula-teve-covid-19\/\" \/>\n<meta property=\"og:site_name\" content=\"Serra FM 87,9\" \/>\n<meta property=\"article:published_time\" content=\"2021-01-22T11:12:13+00:00\" \/>\n<meta property=\"og:image\" content=\"https:\/\/serrafm879.com.br\/serrafm\/wp-content\/uploads\/2020\/08\/lula.jpg\" \/>\n\t<meta property=\"og:image:width\" content=\"1086\" \/>\n\t<meta property=\"og:image:height\" content=\"652\" \/>\n\t<meta property=\"og:image:type\" content=\"image\/jpeg\" \/>\n<meta name=\"author\" content=\"serrafm87\" \/>\n<meta name=\"twitter:card\" content=\"summary_large_image\" \/>\n<meta name=\"twitter:label1\" content=\"Escrito por\" \/>\n\t<meta name=\"twitter:data1\" content=\"serrafm87\" \/>\n\t<meta name=\"twitter:label2\" content=\"Est. tempo de leitura\" \/>\n\t<meta name=\"twitter:data2\" content=\"1 minuto\" \/>\n<script type=\"application\/ld+json\" class=\"yoast-schema-graph\">{\"@context\":\"https:\/\/schema.org\",\"@graph\":[{\"@type\":\"WebPage\",\"@id\":\"https:\/\/serrafm879.com.br\/serrafm\/2021\/01\/o-ex-presidente-lula-teve-covid-19\/\",\"url\":\"https:\/\/serrafm879.com.br\/serrafm\/2021\/01\/o-ex-presidente-lula-teve-covid-19\/\",\"name\":\"O ex-presidente Lula teve Covid-19 - Serra FM 87,9\",\"isPartOf\":{\"@id\":\"https:\/\/serrafm879.com.br\/serrafm\/#website\"},\"primaryImageOfPage\":{\"@id\":\"https:\/\/serrafm879.com.br\/serrafm\/2021\/01\/o-ex-presidente-lula-teve-covid-19\/#primaryimage\"},\"image\":{\"@id\":\"https:\/\/serrafm879.com.br\/serrafm\/2021\/01\/o-ex-presidente-lula-teve-covid-19\/#primaryimage\"},\"thumbnailUrl\":\"https:\/\/serrafm879.com.br\/serrafm\/wp-content\/uploads\/2020\/08\/lula.jpg\",\"datePublished\":\"2021-01-22T11:12:13+00:00\",\"author\":{\"@id\":\"https:\/\/serrafm879.com.br\/serrafm\/#\/schema\/person\/c028a197030ff8b1c03c68dfba4a787a\"},\"breadcrumb\":{\"@id\":\"https:\/\/serrafm879.com.br\/serrafm\/2021\/01\/o-ex-presidente-lula-teve-covid-19\/#breadcrumb\"},\"inLanguage\":\"pt-BR\",\"potentialAction\":[{\"@type\":\"ReadAction\",\"target\":[\"https:\/\/serrafm879.com.br\/serrafm\/2021\/01\/o-ex-presidente-lula-teve-covid-19\/\"]}]},{\"@type\":\"ImageObject\",\"inLanguage\":\"pt-BR\",\"@id\":\"https:\/\/serrafm879.com.br\/serrafm\/2021\/01\/o-ex-presidente-lula-teve-covid-19\/#primaryimage\",\"url\":\"https:\/\/serrafm879.com.br\/serrafm\/wp-content\/uploads\/2020\/08\/lula.jpg\",\"contentUrl\":\"https:\/\/serrafm879.com.br\/serrafm\/wp-content\/uploads\/2020\/08\/lula.jpg\",\"width\":1086,\"height\":652},{\"@type\":\"BreadcrumbList\",\"@id\":\"https:\/\/serrafm879.com.br\/serrafm\/2021\/01\/o-ex-presidente-lula-teve-covid-19\/#breadcrumb\",\"itemListElement\":[{\"@type\":\"ListItem\",\"position\":1,\"name\":\"In\u00edcio\",\"item\":\"https:\/\/serrafm879.com.br\/serrafm\/\"},{\"@type\":\"ListItem\",\"position\":2,\"name\":\"O ex-presidente Lula teve Covid-19\"}]},{\"@type\":\"WebSite\",\"@id\":\"https:\/\/serrafm879.com.br\/serrafm\/#website\",\"url\":\"https:\/\/serrafm879.com.br\/serrafm\/\",\"name\":\"Serra FM 87,9\",\"description\":\"O seu novo amor!\",\"potentialAction\":[{\"@type\":\"SearchAction\",\"target\":{\"@type\":\"EntryPoint\",\"urlTemplate\":\"https:\/\/serrafm879.com.br\/serrafm\/?s={search_term_string}\"},\"query-input\":{\"@type\":\"PropertyValueSpecification\",\"valueRequired\":true,\"valueName\":\"search_term_string\"}}],\"inLanguage\":\"pt-BR\"},{\"@type\":\"Person\",\"@id\":\"https:\/\/serrafm879.com.br\/serrafm\/#\/schema\/person\/c028a197030ff8b1c03c68dfba4a787a\",\"name\":\"serrafm87\",\"image\":{\"@type\":\"ImageObject\",\"inLanguage\":\"pt-BR\",\"@id\":\"https:\/\/serrafm879.com.br\/serrafm\/#\/schema\/person\/image\/\",\"url\":\"https:\/\/secure.gravatar.com\/avatar\/a743233f1112d34f48bb3dc9559b76eb930bab8b27175856cba6362608736235?s=96&d=mm&r=g\",\"contentUrl\":\"https:\/\/secure.gravatar.com\/avatar\/a743233f1112d34f48bb3dc9559b76eb930bab8b27175856cba6362608736235?s=96&d=mm&r=g\",\"caption\":\"serrafm87\"},\"sameAs\":[\"http:\/\/serrafm879.com.br\/\"],\"url\":\"https:\/\/serrafm879.com.br\/serrafm\/author\/serrafm87\/\"}]}<\/script>\n<!-- \/ Yoast SEO plugin. -->","yoast_head_json":{"title":"O ex-presidente Lula teve Covid-19 - Serra FM 87,9","robots":{"index":"index","follow":"follow","max-snippet":"max-snippet:-1","max-image-preview":"max-image-preview:large","max-video-preview":"max-video-preview:-1"},"canonical":"https:\/\/serrafm879.com.br\/serrafm\/2021\/01\/o-ex-presidente-lula-teve-covid-19\/","og_locale":"pt_BR","og_type":"article","og_title":"O ex-presidente Lula teve Covid-19 - Serra FM 87,9","og_description":"O ex-presidente\u00a0Lula\u00a0(PT) anunciou, nesta quinta-feira (21), que foi diagnosticado com Covid-19 em Cuba e que fez quarentena no pa\u00eds, ao qual havia chegado em 21 de dezembro. Em nota, ele disse que n\u00e3o precisou ser internado e que j\u00e1 est\u00e1 recuperado da doen\u00e7a causada pelo coronav\u00edrus. Em Cuba, Lula tamb\u00e9m foi submetido a um exame de tomografia, que mostrou les\u00f5es no pulm\u00e3o \u2013 segundo o comunicado oficial, elas eram compat\u00edveis com \u201cbroncopneumonia associada \u00e0 Covid-19\u201d. A broncopneumonia \u00e9 uma inflama\u00e7\u00e3o dos br\u00f4nquios, ao passo que a pneumonia \u00e9 uma infec\u00e7\u00e3o que se instala nos pulm\u00f5es. Geralmente causada por bact\u00e9rias mais [&hellip;]","og_url":"https:\/\/serrafm879.com.br\/serrafm\/2021\/01\/o-ex-presidente-lula-teve-covid-19\/","og_site_name":"Serra FM 87,9","article_published_time":"2021-01-22T11:12:13+00:00","og_image":[{"width":1086,"height":652,"url":"https:\/\/serrafm879.com.br\/serrafm\/wp-content\/uploads\/2020\/08\/lula.jpg","type":"image\/jpeg"}],"author":"serrafm87","twitter_card":"summary_large_image","twitter_misc":{"Escrito por":"serrafm87","Est. tempo de leitura":"1 minuto"},"schema":{"@context":"https:\/\/schema.org","@graph":[{"@type":"WebPage","@id":"https:\/\/serrafm879.com.br\/serrafm\/2021\/01\/o-ex-presidente-lula-teve-covid-19\/","url":"https:\/\/serrafm879.com.br\/serrafm\/2021\/01\/o-ex-presidente-lula-teve-covid-19\/","name":"O ex-presidente Lula teve Covid-19 - Serra FM 87,9","isPartOf":{"@id":"https:\/\/serrafm879.com.br\/serrafm\/#website"},"primaryImageOfPage":{"@id":"https:\/\/serrafm879.com.br\/serrafm\/2021\/01\/o-ex-presidente-lula-teve-covid-19\/#primaryimage"},"image":{"@id":"https:\/\/serrafm879.com.br\/serrafm\/2021\/01\/o-ex-presidente-lula-teve-covid-19\/#primaryimage"},"thumbnailUrl":"https:\/\/serrafm879.com.br\/serrafm\/wp-content\/uploads\/2020\/08\/lula.jpg","datePublished":"2021-01-22T11:12:13+00:00","author":{"@id":"https:\/\/serrafm879.com.br\/serrafm\/#\/schema\/person\/c028a197030ff8b1c03c68dfba4a787a"},"breadcrumb":{"@id":"https:\/\/serrafm879.com.br\/serrafm\/2021\/01\/o-ex-presidente-lula-teve-covid-19\/#breadcrumb"},"inLanguage":"pt-BR","potentialAction":[{"@type":"ReadAction","target":["https:\/\/serrafm879.com.br\/serrafm\/2021\/01\/o-ex-presidente-lula-teve-covid-19\/"]}]},{"@type":"ImageObject","inLanguage":"pt-BR","@id":"https:\/\/serrafm879.com.br\/serrafm\/2021\/01\/o-ex-presidente-lula-teve-covid-19\/#primaryimage","url":"https:\/\/serrafm879.com.br\/serrafm\/wp-content\/uploads\/2020\/08\/lula.jpg","contentUrl":"https:\/\/serrafm879.com.br\/serrafm\/wp-content\/uploads\/2020\/08\/lula.jpg","width":1086,"height":652},{"@type":"BreadcrumbList","@id":"https:\/\/serrafm879.com.br\/serrafm\/2021\/01\/o-ex-presidente-lula-teve-covid-19\/#breadcrumb","itemListElement":[{"@type":"ListItem","position":1,"name":"In\u00edcio","item":"https:\/\/serrafm879.com.br\/serrafm\/"},{"@type":"ListItem","position":2,"name":"O ex-presidente Lula teve Covid-19"}]},{"@type":"WebSite","@id":"https:\/\/serrafm879.com.br\/serrafm\/#website","url":"https:\/\/serrafm879.com.br\/serrafm\/","name":"Serra FM 87,9","description":"O seu novo amor!","potentialAction":[{"@type":"SearchAction","target":{"@type":"EntryPoint","urlTemplate":"https:\/\/serrafm879.com.br\/serrafm\/?s={search_term_string}"},"query-input":{"@type":"PropertyValueSpecification","valueRequired":true,"valueName":"search_term_string"}}],"inLanguage":"pt-BR"},{"@type":"Person","@id":"https:\/\/serrafm879.com.br\/serrafm\/#\/schema\/person\/c028a197030ff8b1c03c68dfba4a787a","name":"serrafm87","image":{"@type":"ImageObject","inLanguage":"pt-BR","@id":"https:\/\/serrafm879.com.br\/serrafm\/#\/schema\/person\/image\/","url":"https:\/\/secure.gravatar.com\/avatar\/a743233f1112d34f48bb3dc9559b76eb930bab8b27175856cba6362608736235?s=96&d=mm&r=g","contentUrl":"https:\/\/secure.gravatar.com\/avatar\/a743233f1112d34f48bb3dc9559b76eb930bab8b27175856cba6362608736235?s=96&d=mm&r=g","caption":"serrafm87"},"sameAs":["http:\/\/serrafm879.com.br\/"],"url":"https:\/\/serrafm879.com.br\/serrafm\/author\/serrafm87\/"}]}},"jetpack_featured_media_url":"https:\/\/serrafm879.com.br\/serrafm\/wp-content\/uploads\/2020\/08\/lula.jpg","jetpack_shortlink":"https:\/\/wp.me\/p7HyXg-17j","jetpack_sharing_enabled":true,"_links":{"self":[{"href":"https:\/\/serrafm879.com.br\/serrafm\/wp-json\/wp\/v2\/posts\/4297","targetHints":{"allow":["GET"]}}],"collection":[{"href":"https:\/\/serrafm879.com.br\/serrafm\/wp-json\/wp\/v2\/posts"}],"about":[{"href":"https:\/\/serrafm879.com.br\/serrafm\/wp-json\/wp\/v2\/types\/post"}],"author":[{"embeddable":true,"href":"https:\/\/serrafm879.com.br\/serrafm\/wp-json\/wp\/v2\/users\/2"}],"replies":[{"embeddable":true,"href":"https:\/\/serrafm879.com.br\/serrafm\/wp-json\/wp\/v2\/comments?post=4297"}],"version-history":[{"count":1,"href":"https:\/\/serrafm879.com.br\/serrafm\/wp-json\/wp\/v2\/posts\/4297\/revisions"}],"predecessor-version":[{"id":4298,"href":"https:\/\/serrafm879.com.br\/serrafm\/wp-json\/wp\/v2\/posts\/4297\/revisions\/4298"}],"wp:featuredmedia":[{"embeddable":true,"href":"https:\/\/serrafm879.com.br\/serrafm\/wp-json\/wp\/v2\/media\/3602"}],"wp:attachment":[{"href":"https:\/\/serrafm879.com.br\/serrafm\/wp-json\/wp\/v2\/media?parent=4297"}],"wp:term":[{"taxonomy":"category","embeddable":true,"href":"https:\/\/serrafm879.com.br\/serrafm\/wp-json\/wp\/v2\/categories?post=4297"},{"taxonomy":"post_tag","embeddable":true,"href":"https:\/\/serrafm879.com.br\/serrafm\/wp-json\/wp\/v2\/tags?post=4297"}],"curies":[{"name":"wp","href":"https:\/\/api.w.org\/{rel}","templated":true}]}}