{"id":4306,"date":"2021-01-22T09:19:27","date_gmt":"2021-01-22T12:19:27","guid":{"rendered":"https:\/?p=4306"},"modified":"2021-01-22T09:19:27","modified_gmt":"2021-01-22T12:19:27","slug":"comandante-da-guarda-municipal-em-serra-talhada-sera-escolhido-por-votacao","status":"publish","type":"post","link":"https:\/\/serrafm879.com.br\/serrafm\/2021\/01\/comandante-da-guarda-municipal-em-serra-talhada-sera-escolhido-por-votacao\/","title":{"rendered":"Comandante da Guarda Municipal em Serra Talhada ser\u00e1 escolhido por vota\u00e7\u00e3o"},"content":{"rendered":"<p>A guarda Municipal de Serra Talhada. Pela primeira vez, desde a sua cria\u00e7\u00e3o, o comandante da corpora\u00e7\u00e3o ser\u00e1 escolhido por elei\u00e7\u00e3o direta. Em conversa com um guarda municipal, nessa quinta-feira (21), que n\u00e3o escondeu o entusiasmo ap\u00f3s uma reuni\u00e3o de quase duas horas, entre a prefeita M\u00e1rcia Conrado e os envolvidos.<\/p>\n<p>Por Farol de not\u00edcias<\/p>\n<p>\u201cNa realidade, a nossa prefeita est\u00e1 seguindo a Lei Federal 13.022, que determina que o comandante da Guarda Municipal seja um integrante da corpora\u00e7\u00e3o. Mostramos isso a ela. O resultado \u00e9 que hoje temos nove nomes em campanha interna, tr\u00eas ser\u00e3o escolhidos, e a lista tr\u00edplice ser\u00e1 enviada para a prefeita M\u00e1rcia Conrado, no dia 26, que decidir\u00e1 pelo novo comandante\u201d, explicou o guarda, pedindo anonimato.<\/p>\n<p>Nas suas redes sociais, a prefeita M\u00e1rcia Conrado comentou o encontro com os servidores. \u201cDe Tabira direto para uma reuni\u00e3o com a Guarda Municipal. Como eu sempre digo, quem ouve as pessoas erra menos, e assim vou governar, ouvindo todos, colocando em pr\u00e1tica as a\u00e7\u00f5es e cobrando resultados\u201d, refor\u00e7ou.<\/p>\n","protected":false},"excerpt":{"rendered":"<p>A guarda Municipal de Serra Talhada. Pela primeira vez, desde a sua cria\u00e7\u00e3o, o comandante da corpora\u00e7\u00e3o ser\u00e1 escolhido por elei\u00e7\u00e3o direta. Em conversa com um guarda municipal, nessa quinta-feira (21), que n\u00e3o escondeu o entusiasmo ap\u00f3s uma reuni\u00e3o de quase duas horas, entre a prefeita M\u00e1rcia Conrado e os envolvidos. Por Farol de not\u00edcias \u201cNa realidade, a nossa prefeita est\u00e1 seguindo a Lei Federal 13.022, que determina que o comandante da Guarda Municipal seja um integrante da corpora\u00e7\u00e3o. Mostramos isso a ela. O resultado \u00e9 que hoje temos nove nomes em campanha interna, tr\u00eas ser\u00e3o escolhidos, e a lista [&hellip;]<\/p>\n","protected":false},"author":2,"featured_media":4307,"comment_status":"open","ping_status":"open","sticky":false,"template":"","format":"video","meta":{"_jetpack_memberships_contains_paid_content":false,"footnotes":"","jetpack_publicize_message":"","jetpack_publicize_feature_enabled":true,"jetpack_social_post_already_shared":true,"jetpack_social_options":{"image_generator_settings":{"template":"highway","enabled":false},"version":2}},"categories":[2],"tags":[],"class_list":["post-4306","post","type-post","status-publish","format-video","has-post-thumbnail","hentry","category-noticias","post_format-post-format-video"],"jetpack_publicize_connections":[],"yoast_head":"<!-- This site is optimized with the Yoast SEO plugin v24.7 - https:\/\/yoast.com\/wordpress\/plugins\/seo\/ -->\n<title>Comandante da Guarda Municipal em Serra Talhada ser\u00e1 escolhido por vota\u00e7\u00e3o - Serra FM 87,9<\/title>\n<meta name=\"robots\" content=\"index, follow, max-snippet:-1, max-image-preview:large, max-video-preview:-1\" \/>\n<link rel=\"canonical\" href=\"https:\/\/serrafm879.com.br\/serrafm\/2021\/01\/comandante-da-guarda-municipal-em-serra-talhada-sera-escolhido-por-votacao\/\" \/>\n<meta property=\"og:locale\" content=\"pt_BR\" \/>\n<meta property=\"og:type\" content=\"article\" \/>\n<meta property=\"og:title\" content=\"Comandante da Guarda Municipal em Serra Talhada ser\u00e1 escolhido por vota\u00e7\u00e3o - Serra FM 87,9\" \/>\n<meta property=\"og:description\" content=\"A guarda Municipal de Serra Talhada. Pela primeira vez, desde a sua cria\u00e7\u00e3o, o comandante da corpora\u00e7\u00e3o ser\u00e1 escolhido por elei\u00e7\u00e3o direta. Em conversa com um guarda municipal, nessa quinta-feira (21), que n\u00e3o escondeu o entusiasmo ap\u00f3s uma reuni\u00e3o de quase duas horas, entre a prefeita M\u00e1rcia Conrado e os envolvidos. Por Farol de not\u00edcias \u201cNa realidade, a nossa prefeita est\u00e1 seguindo a Lei Federal 13.022, que determina que o comandante da Guarda Municipal seja um integrante da corpora\u00e7\u00e3o. Mostramos isso a ela. O resultado \u00e9 que hoje temos nove nomes em campanha interna, tr\u00eas ser\u00e3o escolhidos, e a lista [&hellip;]\" \/>\n<meta property=\"og:url\" content=\"https:\/\/serrafm879.com.br\/serrafm\/2021\/01\/comandante-da-guarda-municipal-em-serra-talhada-sera-escolhido-por-votacao\/\" \/>\n<meta property=\"og:site_name\" content=\"Serra FM 87,9\" \/>\n<meta property=\"article:published_time\" content=\"2021-01-22T12:19:27+00:00\" \/>\n<meta property=\"og:image\" content=\"https:\/\/serrafm879.com.br\/serrafm\/wp-content\/uploads\/2021\/01\/09-17-55-marcia-e-guardas.jpg\" \/>\n\t<meta property=\"og:image:width\" content=\"480\" \/>\n\t<meta property=\"og:image:height\" content=\"319\" \/>\n\t<meta property=\"og:image:type\" content=\"image\/jpeg\" \/>\n<meta name=\"author\" content=\"serrafm87\" \/>\n<meta name=\"twitter:card\" content=\"summary_large_image\" \/>\n<meta name=\"twitter:label1\" content=\"Escrito por\" \/>\n\t<meta name=\"twitter:data1\" content=\"serrafm87\" \/>\n\t<meta name=\"twitter:label2\" content=\"Est. tempo de leitura\" \/>\n\t<meta name=\"twitter:data2\" content=\"1 minuto\" \/>\n<script type=\"application\/ld+json\" class=\"yoast-schema-graph\">{\"@context\":\"https:\/\/schema.org\",\"@graph\":[{\"@type\":\"WebPage\",\"@id\":\"https:\/\/serrafm879.com.br\/serrafm\/2021\/01\/comandante-da-guarda-municipal-em-serra-talhada-sera-escolhido-por-votacao\/\",\"url\":\"https:\/\/serrafm879.com.br\/serrafm\/2021\/01\/comandante-da-guarda-municipal-em-serra-talhada-sera-escolhido-por-votacao\/\",\"name\":\"Comandante da Guarda Municipal em Serra Talhada ser\u00e1 escolhido por vota\u00e7\u00e3o - Serra FM 87,9\",\"isPartOf\":{\"@id\":\"https:\/\/serrafm879.com.br\/serrafm\/#website\"},\"primaryImageOfPage\":{\"@id\":\"https:\/\/serrafm879.com.br\/serrafm\/2021\/01\/comandante-da-guarda-municipal-em-serra-talhada-sera-escolhido-por-votacao\/#primaryimage\"},\"image\":{\"@id\":\"https:\/\/serrafm879.com.br\/serrafm\/2021\/01\/comandante-da-guarda-municipal-em-serra-talhada-sera-escolhido-por-votacao\/#primaryimage\"},\"thumbnailUrl\":\"https:\/\/serrafm879.com.br\/serrafm\/wp-content\/uploads\/2021\/01\/09-17-55-marcia-e-guardas.jpg\",\"datePublished\":\"2021-01-22T12:19:27+00:00\",\"author\":{\"@id\":\"https:\/\/serrafm879.com.br\/serrafm\/#\/schema\/person\/c028a197030ff8b1c03c68dfba4a787a\"},\"breadcrumb\":{\"@id\":\"https:\/\/serrafm879.com.br\/serrafm\/2021\/01\/comandante-da-guarda-municipal-em-serra-talhada-sera-escolhido-por-votacao\/#breadcrumb\"},\"inLanguage\":\"pt-BR\",\"potentialAction\":[{\"@type\":\"ReadAction\",\"target\":[\"https:\/\/serrafm879.com.br\/serrafm\/2021\/01\/comandante-da-guarda-municipal-em-serra-talhada-sera-escolhido-por-votacao\/\"]}]},{\"@type\":\"ImageObject\",\"inLanguage\":\"pt-BR\",\"@id\":\"https:\/\/serrafm879.com.br\/serrafm\/2021\/01\/comandante-da-guarda-municipal-em-serra-talhada-sera-escolhido-por-votacao\/#primaryimage\",\"url\":\"https:\/\/serrafm879.com.br\/serrafm\/wp-content\/uploads\/2021\/01\/09-17-55-marcia-e-guardas.jpg\",\"contentUrl\":\"https:\/\/serrafm879.com.br\/serrafm\/wp-content\/uploads\/2021\/01\/09-17-55-marcia-e-guardas.jpg\",\"width\":480,\"height\":319},{\"@type\":\"BreadcrumbList\",\"@id\":\"https:\/\/serrafm879.com.br\/serrafm\/2021\/01\/comandante-da-guarda-municipal-em-serra-talhada-sera-escolhido-por-votacao\/#breadcrumb\",\"itemListElement\":[{\"@type\":\"ListItem\",\"position\":1,\"name\":\"In\u00edcio\",\"item\":\"https:\/\/serrafm879.com.br\/serrafm\/\"},{\"@type\":\"ListItem\",\"position\":2,\"name\":\"Comandante da Guarda Municipal em Serra Talhada ser\u00e1 escolhido por vota\u00e7\u00e3o\"}]},{\"@type\":\"WebSite\",\"@id\":\"https:\/\/serrafm879.com.br\/serrafm\/#website\",\"url\":\"https:\/\/serrafm879.com.br\/serrafm\/\",\"name\":\"Serra FM 87,9\",\"description\":\"O seu novo amor!\",\"potentialAction\":[{\"@type\":\"SearchAction\",\"target\":{\"@type\":\"EntryPoint\",\"urlTemplate\":\"https:\/\/serrafm879.com.br\/serrafm\/?s={search_term_string}\"},\"query-input\":{\"@type\":\"PropertyValueSpecification\",\"valueRequired\":true,\"valueName\":\"search_term_string\"}}],\"inLanguage\":\"pt-BR\"},{\"@type\":\"Person\",\"@id\":\"https:\/\/serrafm879.com.br\/serrafm\/#\/schema\/person\/c028a197030ff8b1c03c68dfba4a787a\",\"name\":\"serrafm87\",\"image\":{\"@type\":\"ImageObject\",\"inLanguage\":\"pt-BR\",\"@id\":\"https:\/\/serrafm879.com.br\/serrafm\/#\/schema\/person\/image\/\",\"url\":\"https:\/\/secure.gravatar.com\/avatar\/a743233f1112d34f48bb3dc9559b76eb930bab8b27175856cba6362608736235?s=96&d=mm&r=g\",\"contentUrl\":\"https:\/\/secure.gravatar.com\/avatar\/a743233f1112d34f48bb3dc9559b76eb930bab8b27175856cba6362608736235?s=96&d=mm&r=g\",\"caption\":\"serrafm87\"},\"sameAs\":[\"http:\/\/serrafm879.com.br\/\"],\"url\":\"https:\/\/serrafm879.com.br\/serrafm\/author\/serrafm87\/\"}]}<\/script>\n<!-- \/ Yoast SEO plugin. -->","yoast_head_json":{"title":"Comandante da Guarda Municipal em Serra Talhada ser\u00e1 escolhido por vota\u00e7\u00e3o - Serra FM 87,9","robots":{"index":"index","follow":"follow","max-snippet":"max-snippet:-1","max-image-preview":"max-image-preview:large","max-video-preview":"max-video-preview:-1"},"canonical":"https:\/\/serrafm879.com.br\/serrafm\/2021\/01\/comandante-da-guarda-municipal-em-serra-talhada-sera-escolhido-por-votacao\/","og_locale":"pt_BR","og_type":"article","og_title":"Comandante da Guarda Municipal em Serra Talhada ser\u00e1 escolhido por vota\u00e7\u00e3o - Serra FM 87,9","og_description":"A guarda Municipal de Serra Talhada. Pela primeira vez, desde a sua cria\u00e7\u00e3o, o comandante da corpora\u00e7\u00e3o ser\u00e1 escolhido por elei\u00e7\u00e3o direta. Em conversa com um guarda municipal, nessa quinta-feira (21), que n\u00e3o escondeu o entusiasmo ap\u00f3s uma reuni\u00e3o de quase duas horas, entre a prefeita M\u00e1rcia Conrado e os envolvidos. Por Farol de not\u00edcias \u201cNa realidade, a nossa prefeita est\u00e1 seguindo a Lei Federal 13.022, que determina que o comandante da Guarda Municipal seja um integrante da corpora\u00e7\u00e3o. Mostramos isso a ela. O resultado \u00e9 que hoje temos nove nomes em campanha interna, tr\u00eas ser\u00e3o escolhidos, e a lista [&hellip;]","og_url":"https:\/\/serrafm879.com.br\/serrafm\/2021\/01\/comandante-da-guarda-municipal-em-serra-talhada-sera-escolhido-por-votacao\/","og_site_name":"Serra FM 87,9","article_published_time":"2021-01-22T12:19:27+00:00","og_image":[{"width":480,"height":319,"url":"https:\/\/serrafm879.com.br\/serrafm\/wp-content\/uploads\/2021\/01\/09-17-55-marcia-e-guardas.jpg","type":"image\/jpeg"}],"author":"serrafm87","twitter_card":"summary_large_image","twitter_misc":{"Escrito por":"serrafm87","Est. tempo de leitura":"1 minuto"},"schema":{"@context":"https:\/\/schema.org","@graph":[{"@type":"WebPage","@id":"https:\/\/serrafm879.com.br\/serrafm\/2021\/01\/comandante-da-guarda-municipal-em-serra-talhada-sera-escolhido-por-votacao\/","url":"https:\/\/serrafm879.com.br\/serrafm\/2021\/01\/comandante-da-guarda-municipal-em-serra-talhada-sera-escolhido-por-votacao\/","name":"Comandante da Guarda Municipal em Serra Talhada ser\u00e1 escolhido por vota\u00e7\u00e3o - Serra FM 87,9","isPartOf":{"@id":"https:\/\/serrafm879.com.br\/serrafm\/#website"},"primaryImageOfPage":{"@id":"https:\/\/serrafm879.com.br\/serrafm\/2021\/01\/comandante-da-guarda-municipal-em-serra-talhada-sera-escolhido-por-votacao\/#primaryimage"},"image":{"@id":"https:\/\/serrafm879.com.br\/serrafm\/2021\/01\/comandante-da-guarda-municipal-em-serra-talhada-sera-escolhido-por-votacao\/#primaryimage"},"thumbnailUrl":"https:\/\/serrafm879.com.br\/serrafm\/wp-content\/uploads\/2021\/01\/09-17-55-marcia-e-guardas.jpg","datePublished":"2021-01-22T12:19:27+00:00","author":{"@id":"https:\/\/serrafm879.com.br\/serrafm\/#\/schema\/person\/c028a197030ff8b1c03c68dfba4a787a"},"breadcrumb":{"@id":"https:\/\/serrafm879.com.br\/serrafm\/2021\/01\/comandante-da-guarda-municipal-em-serra-talhada-sera-escolhido-por-votacao\/#breadcrumb"},"inLanguage":"pt-BR","potentialAction":[{"@type":"ReadAction","target":["https:\/\/serrafm879.com.br\/serrafm\/2021\/01\/comandante-da-guarda-municipal-em-serra-talhada-sera-escolhido-por-votacao\/"]}]},{"@type":"ImageObject","inLanguage":"pt-BR","@id":"https:\/\/serrafm879.com.br\/serrafm\/2021\/01\/comandante-da-guarda-municipal-em-serra-talhada-sera-escolhido-por-votacao\/#primaryimage","url":"https:\/\/serrafm879.com.br\/serrafm\/wp-content\/uploads\/2021\/01\/09-17-55-marcia-e-guardas.jpg","contentUrl":"https:\/\/serrafm879.com.br\/serrafm\/wp-content\/uploads\/2021\/01\/09-17-55-marcia-e-guardas.jpg","width":480,"height":319},{"@type":"BreadcrumbList","@id":"https:\/\/serrafm879.com.br\/serrafm\/2021\/01\/comandante-da-guarda-municipal-em-serra-talhada-sera-escolhido-por-votacao\/#breadcrumb","itemListElement":[{"@type":"ListItem","position":1,"name":"In\u00edcio","item":"https:\/\/serrafm879.com.br\/serrafm\/"},{"@type":"ListItem","position":2,"name":"Comandante da Guarda Municipal em Serra Talhada ser\u00e1 escolhido por vota\u00e7\u00e3o"}]},{"@type":"WebSite","@id":"https:\/\/serrafm879.com.br\/serrafm\/#website","url":"https:\/\/serrafm879.com.br\/serrafm\/","name":"Serra FM 87,9","description":"O seu novo amor!","potentialAction":[{"@type":"SearchAction","target":{"@type":"EntryPoint","urlTemplate":"https:\/\/serrafm879.com.br\/serrafm\/?s={search_term_string}"},"query-input":{"@type":"PropertyValueSpecification","valueRequired":true,"valueName":"search_term_string"}}],"inLanguage":"pt-BR"},{"@type":"Person","@id":"https:\/\/serrafm879.com.br\/serrafm\/#\/schema\/person\/c028a197030ff8b1c03c68dfba4a787a","name":"serrafm87","image":{"@type":"ImageObject","inLanguage":"pt-BR","@id":"https:\/\/serrafm879.com.br\/serrafm\/#\/schema\/person\/image\/","url":"https:\/\/secure.gravatar.com\/avatar\/a743233f1112d34f48bb3dc9559b76eb930bab8b27175856cba6362608736235?s=96&d=mm&r=g","contentUrl":"https:\/\/secure.gravatar.com\/avatar\/a743233f1112d34f48bb3dc9559b76eb930bab8b27175856cba6362608736235?s=96&d=mm&r=g","caption":"serrafm87"},"sameAs":["http:\/\/serrafm879.com.br\/"],"url":"https:\/\/serrafm879.com.br\/serrafm\/author\/serrafm87\/"}]}},"jetpack_featured_media_url":"https:\/\/serrafm879.com.br\/serrafm\/wp-content\/uploads\/2021\/01\/09-17-55-marcia-e-guardas.jpg","jetpack_shortlink":"https:\/\/wp.me\/p7HyXg-17s","jetpack_sharing_enabled":true,"_links":{"self":[{"href":"https:\/\/serrafm879.com.br\/serrafm\/wp-json\/wp\/v2\/posts\/4306","targetHints":{"allow":["GET"]}}],"collection":[{"href":"https:\/\/serrafm879.com.br\/serrafm\/wp-json\/wp\/v2\/posts"}],"about":[{"href":"https:\/\/serrafm879.com.br\/serrafm\/wp-json\/wp\/v2\/types\/post"}],"author":[{"embeddable":true,"href":"https:\/\/serrafm879.com.br\/serrafm\/wp-json\/wp\/v2\/users\/2"}],"replies":[{"embeddable":true,"href":"https:\/\/serrafm879.com.br\/serrafm\/wp-json\/wp\/v2\/comments?post=4306"}],"version-history":[{"count":1,"href":"https:\/\/serrafm879.com.br\/serrafm\/wp-json\/wp\/v2\/posts\/4306\/revisions"}],"predecessor-version":[{"id":4308,"href":"https:\/\/serrafm879.com.br\/serrafm\/wp-json\/wp\/v2\/posts\/4306\/revisions\/4308"}],"wp:featuredmedia":[{"embeddable":true,"href":"https:\/\/serrafm879.com.br\/serrafm\/wp-json\/wp\/v2\/media\/4307"}],"wp:attachment":[{"href":"https:\/\/serrafm879.com.br\/serrafm\/wp-json\/wp\/v2\/media?parent=4306"}],"wp:term":[{"taxonomy":"category","embeddable":true,"href":"https:\/\/serrafm879.com.br\/serrafm\/wp-json\/wp\/v2\/categories?post=4306"},{"taxonomy":"post_tag","embeddable":true,"href":"https:\/\/serrafm879.com.br\/serrafm\/wp-json\/wp\/v2\/tags?post=4306"}],"curies":[{"name":"wp","href":"https:\/\/api.w.org\/{rel}","templated":true}]}}