{"id":4321,"date":"2021-01-26T18:43:46","date_gmt":"2021-01-26T21:43:46","guid":{"rendered":"https:\/?p=4321"},"modified":"2021-01-26T18:44:32","modified_gmt":"2021-01-26T21:44:32","slug":"covid-19-serra-talhada-atinge-as-90-mortes-confirmdas","status":"publish","type":"post","link":"https:\/\/serrafm879.com.br\/serrafm\/2021\/01\/covid-19-serra-talhada-atinge-as-90-mortes-confirmdas\/","title":{"rendered":"Covid-19: Serra Talhada atinge as 90 mortes confirmadas"},"content":{"rendered":"<p>A Secretaria de Sa\u00fade de Serra Talhada informa no boletim epidemiol\u00f3gico desta ter\u00e7a-feira (26\/01) que o munic\u00edpio atingiu a marca dos 90 mortos v\u00edtimas da Covid-19. O \u00faltimo \u00f3bito trata-se do di\u00e1cono Francisco Alves, 62 anos, morador do Bairro Bom Jesus. Em nota, a Prefeitura afirma que ele n\u00e3o era portador de comorbidades e faleceu no dia 24\/01, no Hospital Eduardo Campos.<\/p>\n<div class=\"mrf-adv sRoba mrf-preInsertedMad mad mrf-heightLocked\" data-placement=\"\" data-madtype=\"sRoba\" data-sectionid=\"home\" data-virtualpageid=\"2\" data-loadstrategy=\"onScroll\" data-refreshfrequency=\"0\" data-layout=\"inline_square_deeplinking_s\" data-invalidatelayout=\"false\" data-loadonevent=\"navigationChange\" data-navigationlevel=\"1\" data-scrollposition=\"3\" data-madprocessed=\"true\" data-madid=\"3\">\n<div id=\"mrf-3\"><\/div>\n<\/div>\n<p>J\u00e1 nas \u00faltimas 24h, foram confirmados 19 novos casos positivos da doen\u00e7a nas \u00faltimas 24 horas, diagnosticados atrav\u00e9s de 11 testes r\u00e1pidos, 01 resultado de Swab e 07 exames particulares, sendo 09 pacientes do sexo masculino e 10 do sexo feminino, com idades entre 01 e 83 anos.<\/p>\n<p>O munic\u00edpio tem 222 casos em investiga\u00e7\u00e3o, 28.274 descartados, 6.372 casos confirmados, 96 pacientes em isolamento domiciliar, 09 pacientes em internamento hospitalar, 105 casos ativos e 6.177 pacientes recuperados.<\/p>\n<div class=\"mrf-adv sRoba mrf-preInsertedMad mad mrf-heightLocked\" data-placement=\"\" data-madtype=\"sRoba\" data-sectionid=\"home\" data-virtualpageid=\"3\" data-loadstrategy=\"onScroll\" data-refreshfrequency=\"0\" data-layout=\"inline_square_deeplinking_s\" data-invalidatelayout=\"false\" data-loadonevent=\"navigationChange\" data-navigationlevel=\"1\" data-scrollposition=\"4\" data-madprocessed=\"true\" data-madid=\"4\"><\/div>\n<p><strong>ALERTA<\/strong><\/p>\n<p>A Secretaria de Sa\u00fade alerta a popula\u00e7\u00e3o para respeitar todos os protocolos sanit\u00e1rios estabelecidos, higienizar as m\u00e3os constantemente, usar m\u00e1scara de prote\u00e7\u00e3o e manter o distanciamento social, evitando a circula\u00e7\u00e3o do novo coronav\u00edrus. Em caso de sintomas, o paciente deve procurar imediatamente atendimento m\u00e9dico para diagn\u00f3stico e tratamento adequados, evitando o agravamento da doen\u00e7a.<\/p>\n","protected":false},"excerpt":{"rendered":"<p>A Secretaria de Sa\u00fade de Serra Talhada informa no boletim epidemiol\u00f3gico desta ter\u00e7a-feira (26\/01) que o munic\u00edpio atingiu a marca dos 90 mortos v\u00edtimas da Covid-19. O \u00faltimo \u00f3bito trata-se do di\u00e1cono Francisco Alves, 62 anos, morador do Bairro Bom Jesus. Em nota, a Prefeitura afirma que ele n\u00e3o era portador de comorbidades e faleceu no dia 24\/01, no Hospital Eduardo Campos. J\u00e1 nas \u00faltimas 24h, foram confirmados 19 novos casos positivos da doen\u00e7a nas \u00faltimas 24 horas, diagnosticados atrav\u00e9s de 11 testes r\u00e1pidos, 01 resultado de Swab e 07 exames particulares, sendo 09 pacientes do sexo masculino e 10 [&hellip;]<\/p>\n","protected":false},"author":2,"featured_media":2400,"comment_status":"open","ping_status":"open","sticky":false,"template":"","format":"standard","meta":{"_jetpack_memberships_contains_paid_content":false,"footnotes":"","jetpack_publicize_message":"","jetpack_publicize_feature_enabled":true,"jetpack_social_post_already_shared":true,"jetpack_social_options":{"image_generator_settings":{"template":"highway","enabled":false},"version":2}},"categories":[2],"tags":[],"class_list":["post-4321","post","type-post","status-publish","format-standard","has-post-thumbnail","hentry","category-noticias"],"jetpack_publicize_connections":[],"yoast_head":"<!-- This site is optimized with the Yoast SEO plugin v24.7 - https:\/\/yoast.com\/wordpress\/plugins\/seo\/ -->\n<title>Covid-19: Serra Talhada atinge as 90 mortes confirmadas - Serra FM 87,9<\/title>\n<meta name=\"robots\" content=\"index, follow, max-snippet:-1, max-image-preview:large, max-video-preview:-1\" \/>\n<link rel=\"canonical\" href=\"https:\/\/serrafm879.com.br\/serrafm\/2021\/01\/covid-19-serra-talhada-atinge-as-90-mortes-confirmdas\/\" \/>\n<meta property=\"og:locale\" content=\"pt_BR\" \/>\n<meta property=\"og:type\" content=\"article\" \/>\n<meta property=\"og:title\" content=\"Covid-19: Serra Talhada atinge as 90 mortes confirmadas - Serra FM 87,9\" \/>\n<meta property=\"og:description\" content=\"A Secretaria de Sa\u00fade de Serra Talhada informa no boletim epidemiol\u00f3gico desta ter\u00e7a-feira (26\/01) que o munic\u00edpio atingiu a marca dos 90 mortos v\u00edtimas da Covid-19. O \u00faltimo \u00f3bito trata-se do di\u00e1cono Francisco Alves, 62 anos, morador do Bairro Bom Jesus. Em nota, a Prefeitura afirma que ele n\u00e3o era portador de comorbidades e faleceu no dia 24\/01, no Hospital Eduardo Campos. J\u00e1 nas \u00faltimas 24h, foram confirmados 19 novos casos positivos da doen\u00e7a nas \u00faltimas 24 horas, diagnosticados atrav\u00e9s de 11 testes r\u00e1pidos, 01 resultado de Swab e 07 exames particulares, sendo 09 pacientes do sexo masculino e 10 [&hellip;]\" \/>\n<meta property=\"og:url\" content=\"https:\/\/serrafm879.com.br\/serrafm\/2021\/01\/covid-19-serra-talhada-atinge-as-90-mortes-confirmdas\/\" \/>\n<meta property=\"og:site_name\" content=\"Serra FM 87,9\" \/>\n<meta property=\"article:published_time\" content=\"2021-01-26T21:43:46+00:00\" \/>\n<meta property=\"article:modified_time\" content=\"2021-01-26T21:44:32+00:00\" \/>\n<meta property=\"og:image\" content=\"https:\/\/serrafm879.com.br\/serrafm\/wp-content\/uploads\/2020\/04\/covid-19.jpg\" \/>\n\t<meta property=\"og:image:width\" content=\"984\" \/>\n\t<meta property=\"og:image:height\" content=\"653\" \/>\n\t<meta property=\"og:image:type\" content=\"image\/jpeg\" \/>\n<meta name=\"author\" content=\"serrafm87\" \/>\n<meta name=\"twitter:card\" content=\"summary_large_image\" \/>\n<meta name=\"twitter:label1\" content=\"Escrito por\" \/>\n\t<meta name=\"twitter:data1\" content=\"serrafm87\" \/>\n\t<meta name=\"twitter:label2\" content=\"Est. tempo de leitura\" \/>\n\t<meta name=\"twitter:data2\" content=\"1 minuto\" \/>\n<script type=\"application\/ld+json\" class=\"yoast-schema-graph\">{\"@context\":\"https:\/\/schema.org\",\"@graph\":[{\"@type\":\"WebPage\",\"@id\":\"https:\/\/serrafm879.com.br\/serrafm\/2021\/01\/covid-19-serra-talhada-atinge-as-90-mortes-confirmdas\/\",\"url\":\"https:\/\/serrafm879.com.br\/serrafm\/2021\/01\/covid-19-serra-talhada-atinge-as-90-mortes-confirmdas\/\",\"name\":\"Covid-19: Serra Talhada atinge as 90 mortes confirmadas - Serra FM 87,9\",\"isPartOf\":{\"@id\":\"https:\/\/serrafm879.com.br\/serrafm\/#website\"},\"primaryImageOfPage\":{\"@id\":\"https:\/\/serrafm879.com.br\/serrafm\/2021\/01\/covid-19-serra-talhada-atinge-as-90-mortes-confirmdas\/#primaryimage\"},\"image\":{\"@id\":\"https:\/\/serrafm879.com.br\/serrafm\/2021\/01\/covid-19-serra-talhada-atinge-as-90-mortes-confirmdas\/#primaryimage\"},\"thumbnailUrl\":\"https:\/\/serrafm879.com.br\/serrafm\/wp-content\/uploads\/2020\/04\/covid-19.jpg\",\"datePublished\":\"2021-01-26T21:43:46+00:00\",\"dateModified\":\"2021-01-26T21:44:32+00:00\",\"author\":{\"@id\":\"https:\/\/serrafm879.com.br\/serrafm\/#\/schema\/person\/c028a197030ff8b1c03c68dfba4a787a\"},\"breadcrumb\":{\"@id\":\"https:\/\/serrafm879.com.br\/serrafm\/2021\/01\/covid-19-serra-talhada-atinge-as-90-mortes-confirmdas\/#breadcrumb\"},\"inLanguage\":\"pt-BR\",\"potentialAction\":[{\"@type\":\"ReadAction\",\"target\":[\"https:\/\/serrafm879.com.br\/serrafm\/2021\/01\/covid-19-serra-talhada-atinge-as-90-mortes-confirmdas\/\"]}]},{\"@type\":\"ImageObject\",\"inLanguage\":\"pt-BR\",\"@id\":\"https:\/\/serrafm879.com.br\/serrafm\/2021\/01\/covid-19-serra-talhada-atinge-as-90-mortes-confirmdas\/#primaryimage\",\"url\":\"https:\/\/serrafm879.com.br\/serrafm\/wp-content\/uploads\/2020\/04\/covid-19.jpg\",\"contentUrl\":\"https:\/\/serrafm879.com.br\/serrafm\/wp-content\/uploads\/2020\/04\/covid-19.jpg\",\"width\":984,\"height\":653},{\"@type\":\"BreadcrumbList\",\"@id\":\"https:\/\/serrafm879.com.br\/serrafm\/2021\/01\/covid-19-serra-talhada-atinge-as-90-mortes-confirmdas\/#breadcrumb\",\"itemListElement\":[{\"@type\":\"ListItem\",\"position\":1,\"name\":\"In\u00edcio\",\"item\":\"https:\/\/serrafm879.com.br\/serrafm\/\"},{\"@type\":\"ListItem\",\"position\":2,\"name\":\"Covid-19: Serra Talhada atinge as 90 mortes confirmadas\"}]},{\"@type\":\"WebSite\",\"@id\":\"https:\/\/serrafm879.com.br\/serrafm\/#website\",\"url\":\"https:\/\/serrafm879.com.br\/serrafm\/\",\"name\":\"Serra FM 87,9\",\"description\":\"O seu novo amor!\",\"potentialAction\":[{\"@type\":\"SearchAction\",\"target\":{\"@type\":\"EntryPoint\",\"urlTemplate\":\"https:\/\/serrafm879.com.br\/serrafm\/?s={search_term_string}\"},\"query-input\":{\"@type\":\"PropertyValueSpecification\",\"valueRequired\":true,\"valueName\":\"search_term_string\"}}],\"inLanguage\":\"pt-BR\"},{\"@type\":\"Person\",\"@id\":\"https:\/\/serrafm879.com.br\/serrafm\/#\/schema\/person\/c028a197030ff8b1c03c68dfba4a787a\",\"name\":\"serrafm87\",\"image\":{\"@type\":\"ImageObject\",\"inLanguage\":\"pt-BR\",\"@id\":\"https:\/\/serrafm879.com.br\/serrafm\/#\/schema\/person\/image\/\",\"url\":\"https:\/\/secure.gravatar.com\/avatar\/a743233f1112d34f48bb3dc9559b76eb930bab8b27175856cba6362608736235?s=96&d=mm&r=g\",\"contentUrl\":\"https:\/\/secure.gravatar.com\/avatar\/a743233f1112d34f48bb3dc9559b76eb930bab8b27175856cba6362608736235?s=96&d=mm&r=g\",\"caption\":\"serrafm87\"},\"sameAs\":[\"http:\/\/serrafm879.com.br\/\"],\"url\":\"https:\/\/serrafm879.com.br\/serrafm\/author\/serrafm87\/\"}]}<\/script>\n<!-- \/ Yoast SEO plugin. -->","yoast_head_json":{"title":"Covid-19: Serra Talhada atinge as 90 mortes confirmadas - Serra FM 87,9","robots":{"index":"index","follow":"follow","max-snippet":"max-snippet:-1","max-image-preview":"max-image-preview:large","max-video-preview":"max-video-preview:-1"},"canonical":"https:\/\/serrafm879.com.br\/serrafm\/2021\/01\/covid-19-serra-talhada-atinge-as-90-mortes-confirmdas\/","og_locale":"pt_BR","og_type":"article","og_title":"Covid-19: Serra Talhada atinge as 90 mortes confirmadas - Serra FM 87,9","og_description":"A Secretaria de Sa\u00fade de Serra Talhada informa no boletim epidemiol\u00f3gico desta ter\u00e7a-feira (26\/01) que o munic\u00edpio atingiu a marca dos 90 mortos v\u00edtimas da Covid-19. O \u00faltimo \u00f3bito trata-se do di\u00e1cono Francisco Alves, 62 anos, morador do Bairro Bom Jesus. Em nota, a Prefeitura afirma que ele n\u00e3o era portador de comorbidades e faleceu no dia 24\/01, no Hospital Eduardo Campos. J\u00e1 nas \u00faltimas 24h, foram confirmados 19 novos casos positivos da doen\u00e7a nas \u00faltimas 24 horas, diagnosticados atrav\u00e9s de 11 testes r\u00e1pidos, 01 resultado de Swab e 07 exames particulares, sendo 09 pacientes do sexo masculino e 10 [&hellip;]","og_url":"https:\/\/serrafm879.com.br\/serrafm\/2021\/01\/covid-19-serra-talhada-atinge-as-90-mortes-confirmdas\/","og_site_name":"Serra FM 87,9","article_published_time":"2021-01-26T21:43:46+00:00","article_modified_time":"2021-01-26T21:44:32+00:00","og_image":[{"width":984,"height":653,"url":"https:\/\/serrafm879.com.br\/serrafm\/wp-content\/uploads\/2020\/04\/covid-19.jpg","type":"image\/jpeg"}],"author":"serrafm87","twitter_card":"summary_large_image","twitter_misc":{"Escrito por":"serrafm87","Est. tempo de leitura":"1 minuto"},"schema":{"@context":"https:\/\/schema.org","@graph":[{"@type":"WebPage","@id":"https:\/\/serrafm879.com.br\/serrafm\/2021\/01\/covid-19-serra-talhada-atinge-as-90-mortes-confirmdas\/","url":"https:\/\/serrafm879.com.br\/serrafm\/2021\/01\/covid-19-serra-talhada-atinge-as-90-mortes-confirmdas\/","name":"Covid-19: Serra Talhada atinge as 90 mortes confirmadas - Serra FM 87,9","isPartOf":{"@id":"https:\/\/serrafm879.com.br\/serrafm\/#website"},"primaryImageOfPage":{"@id":"https:\/\/serrafm879.com.br\/serrafm\/2021\/01\/covid-19-serra-talhada-atinge-as-90-mortes-confirmdas\/#primaryimage"},"image":{"@id":"https:\/\/serrafm879.com.br\/serrafm\/2021\/01\/covid-19-serra-talhada-atinge-as-90-mortes-confirmdas\/#primaryimage"},"thumbnailUrl":"https:\/\/serrafm879.com.br\/serrafm\/wp-content\/uploads\/2020\/04\/covid-19.jpg","datePublished":"2021-01-26T21:43:46+00:00","dateModified":"2021-01-26T21:44:32+00:00","author":{"@id":"https:\/\/serrafm879.com.br\/serrafm\/#\/schema\/person\/c028a197030ff8b1c03c68dfba4a787a"},"breadcrumb":{"@id":"https:\/\/serrafm879.com.br\/serrafm\/2021\/01\/covid-19-serra-talhada-atinge-as-90-mortes-confirmdas\/#breadcrumb"},"inLanguage":"pt-BR","potentialAction":[{"@type":"ReadAction","target":["https:\/\/serrafm879.com.br\/serrafm\/2021\/01\/covid-19-serra-talhada-atinge-as-90-mortes-confirmdas\/"]}]},{"@type":"ImageObject","inLanguage":"pt-BR","@id":"https:\/\/serrafm879.com.br\/serrafm\/2021\/01\/covid-19-serra-talhada-atinge-as-90-mortes-confirmdas\/#primaryimage","url":"https:\/\/serrafm879.com.br\/serrafm\/wp-content\/uploads\/2020\/04\/covid-19.jpg","contentUrl":"https:\/\/serrafm879.com.br\/serrafm\/wp-content\/uploads\/2020\/04\/covid-19.jpg","width":984,"height":653},{"@type":"BreadcrumbList","@id":"https:\/\/serrafm879.com.br\/serrafm\/2021\/01\/covid-19-serra-talhada-atinge-as-90-mortes-confirmdas\/#breadcrumb","itemListElement":[{"@type":"ListItem","position":1,"name":"In\u00edcio","item":"https:\/\/serrafm879.com.br\/serrafm\/"},{"@type":"ListItem","position":2,"name":"Covid-19: Serra Talhada atinge as 90 mortes confirmadas"}]},{"@type":"WebSite","@id":"https:\/\/serrafm879.com.br\/serrafm\/#website","url":"https:\/\/serrafm879.com.br\/serrafm\/","name":"Serra FM 87,9","description":"O seu novo amor!","potentialAction":[{"@type":"SearchAction","target":{"@type":"EntryPoint","urlTemplate":"https:\/\/serrafm879.com.br\/serrafm\/?s={search_term_string}"},"query-input":{"@type":"PropertyValueSpecification","valueRequired":true,"valueName":"search_term_string"}}],"inLanguage":"pt-BR"},{"@type":"Person","@id":"https:\/\/serrafm879.com.br\/serrafm\/#\/schema\/person\/c028a197030ff8b1c03c68dfba4a787a","name":"serrafm87","image":{"@type":"ImageObject","inLanguage":"pt-BR","@id":"https:\/\/serrafm879.com.br\/serrafm\/#\/schema\/person\/image\/","url":"https:\/\/secure.gravatar.com\/avatar\/a743233f1112d34f48bb3dc9559b76eb930bab8b27175856cba6362608736235?s=96&d=mm&r=g","contentUrl":"https:\/\/secure.gravatar.com\/avatar\/a743233f1112d34f48bb3dc9559b76eb930bab8b27175856cba6362608736235?s=96&d=mm&r=g","caption":"serrafm87"},"sameAs":["http:\/\/serrafm879.com.br\/"],"url":"https:\/\/serrafm879.com.br\/serrafm\/author\/serrafm87\/"}]}},"jetpack_featured_media_url":"https:\/\/serrafm879.com.br\/serrafm\/wp-content\/uploads\/2020\/04\/covid-19.jpg","jetpack_shortlink":"https:\/\/wp.me\/p7HyXg-17H","jetpack_sharing_enabled":true,"_links":{"self":[{"href":"https:\/\/serrafm879.com.br\/serrafm\/wp-json\/wp\/v2\/posts\/4321","targetHints":{"allow":["GET"]}}],"collection":[{"href":"https:\/\/serrafm879.com.br\/serrafm\/wp-json\/wp\/v2\/posts"}],"about":[{"href":"https:\/\/serrafm879.com.br\/serrafm\/wp-json\/wp\/v2\/types\/post"}],"author":[{"embeddable":true,"href":"https:\/\/serrafm879.com.br\/serrafm\/wp-json\/wp\/v2\/users\/2"}],"replies":[{"embeddable":true,"href":"https:\/\/serrafm879.com.br\/serrafm\/wp-json\/wp\/v2\/comments?post=4321"}],"version-history":[{"count":2,"href":"https:\/\/serrafm879.com.br\/serrafm\/wp-json\/wp\/v2\/posts\/4321\/revisions"}],"predecessor-version":[{"id":4323,"href":"https:\/\/serrafm879.com.br\/serrafm\/wp-json\/wp\/v2\/posts\/4321\/revisions\/4323"}],"wp:featuredmedia":[{"embeddable":true,"href":"https:\/\/serrafm879.com.br\/serrafm\/wp-json\/wp\/v2\/media\/2400"}],"wp:attachment":[{"href":"https:\/\/serrafm879.com.br\/serrafm\/wp-json\/wp\/v2\/media?parent=4321"}],"wp:term":[{"taxonomy":"category","embeddable":true,"href":"https:\/\/serrafm879.com.br\/serrafm\/wp-json\/wp\/v2\/categories?post=4321"},{"taxonomy":"post_tag","embeddable":true,"href":"https:\/\/serrafm879.com.br\/serrafm\/wp-json\/wp\/v2\/tags?post=4321"}],"curies":[{"name":"wp","href":"https:\/\/api.w.org\/{rel}","templated":true}]}}