{"id":4331,"date":"2021-01-27T08:03:18","date_gmt":"2021-01-27T11:03:18","guid":{"rendered":"https:\/?p=4331"},"modified":"2021-01-27T08:04:25","modified_gmt":"2021-01-27T11:04:25","slug":"guarda-municipal-entrega-reivindicacoes-prefeita-marcia-conrado","status":"publish","type":"post","link":"https:\/\/serrafm879.com.br\/serrafm\/2021\/01\/guarda-municipal-entrega-reivindicacoes-prefeita-marcia-conrado\/","title":{"rendered":"Guarda Municipal entrega reivindica\u00e7\u00f5es a prefeita M\u00e1rcia Conrado"},"content":{"rendered":"<p>Serra Talhada elegeram tr\u00eas representantes para o comando da corpora\u00e7\u00e3o, nessa ter\u00e7a-feira (26), cujos nomes ser\u00e3o enviadas \u00e0 prefeita M\u00e1rcia Conrado, que dever\u00e1 escolher um, fazendo valer a Lei Federal 13.022.<\/p>\n<p>A elei\u00e7\u00e3o ocorreu das 08h \u00e0s 13h, no Centro Administrativo, com o seguinte resultado: GM Madson, 8 votos, GM Ronaldo, 15 votos, e GM Caio 23 votos. Ele \u00e9 petrolinense e est\u00e1 na ativa h\u00e1 dois anos.<\/p>\n<div class=\"mrf-adv sRoba mrf-preInsertedMad mad mrf-heightLocked adSemiInvisible mrf-madLoaded\" data-placement=\"\" data-madtype=\"sRoba\" data-sectionid=\"home\" data-virtualpageid=\"2\" data-loadstrategy=\"onScroll\" data-refreshfrequency=\"0\" data-layout=\"inline_square_deeplinking_s\" data-invalidatelayout=\"false\" data-loadonevent=\"navigationChange\" data-navigationlevel=\"1\" data-scrollposition=\"3\" data-madprocessed=\"true\" data-madid=\"3\">\n<div id=\"mrf-3\" data-google-query-id=\"CKPMgfT6u-4CFYcuuQYd13QJ9w\">\n<div id=\"google_ads_iframe_\/22571134\/crispr\/faroldenoticias.com.br_1__container__\"><iframe id=\"google_ads_iframe_\/22571134\/crispr\/faroldenoticias.com.br_1\" title=\"3rd party ad content\" name=\"google_ads_iframe_\/22571134\/crispr\/faroldenoticias.com.br_1\" width=\"300\" height=\"600\" frameborder=\"0\" marginwidth=\"0\" marginheight=\"0\" scrolling=\"no\" sandbox=\"allow-forms allow-popups allow-popups-to-escape-sandbox allow-same-origin allow-scripts allow-top-navigation-by-user-activation\" data-google-container-id=\"3\" data-load-complete=\"true\" data-mce-fragment=\"1\"><\/iframe><\/div>\n<\/div>\n<\/div>\n<p>Apesar do pleito hist\u00f3rico, ainda h\u00e1 uma expectativa com rela\u00e7\u00e3o a postura da prefeita, se vai ou n\u00e3o, respeitar o processo realizado pelos servidores.<\/p>\n<p>Em recente entrevista a uma emissora de r\u00e1dio, a petista preferiu \u2018despistar\u2019 ao ser questionada sobre o assunto. \u201cN\u00e3o \u00e9 de conhecimento quando a lista ser\u00e1 vista pela prefeita M\u00e1rcia, nem quando tomar\u00e1 a decis\u00e3o para o preenchimento do cargo de Comandante da Guarda Municipal\u201d, lamentou um guarda.<\/p>\n<p>Com informa\u00e7\u00f5es do Farol de Not\u00edcias<\/p>\n","protected":false},"excerpt":{"rendered":"<p>Serra Talhada elegeram tr\u00eas representantes para o comando da corpora\u00e7\u00e3o, nessa ter\u00e7a-feira (26), cujos nomes ser\u00e3o enviadas \u00e0 prefeita M\u00e1rcia Conrado, que dever\u00e1 escolher um, fazendo valer a Lei Federal 13.022. A elei\u00e7\u00e3o ocorreu das 08h \u00e0s 13h, no Centro Administrativo, com o seguinte resultado: GM Madson, 8 votos, GM Ronaldo, 15 votos, e GM Caio 23 votos. Ele \u00e9 petrolinense e est\u00e1 na ativa h\u00e1 dois anos. Apesar do pleito hist\u00f3rico, ainda h\u00e1 uma expectativa com rela\u00e7\u00e3o a postura da prefeita, se vai ou n\u00e3o, respeitar o processo realizado pelos servidores. Em recente entrevista a uma emissora de r\u00e1dio, [&hellip;]<\/p>\n","protected":false},"author":2,"featured_media":4307,"comment_status":"open","ping_status":"open","sticky":false,"template":"","format":"standard","meta":{"_jetpack_memberships_contains_paid_content":false,"footnotes":"","jetpack_publicize_message":"","jetpack_publicize_feature_enabled":true,"jetpack_social_post_already_shared":true,"jetpack_social_options":{"image_generator_settings":{"template":"highway","enabled":false},"version":2}},"categories":[2],"tags":[],"class_list":["post-4331","post","type-post","status-publish","format-standard","has-post-thumbnail","hentry","category-noticias"],"jetpack_publicize_connections":[],"yoast_head":"<!-- This site is optimized with the Yoast SEO plugin v24.7 - https:\/\/yoast.com\/wordpress\/plugins\/seo\/ -->\n<title>Guarda Municipal entrega reivindica\u00e7\u00f5es a prefeita M\u00e1rcia Conrado - Serra FM 87,9<\/title>\n<meta name=\"robots\" content=\"index, follow, max-snippet:-1, max-image-preview:large, max-video-preview:-1\" \/>\n<link rel=\"canonical\" href=\"https:\/\/serrafm879.com.br\/serrafm\/2021\/01\/guarda-municipal-entrega-reivindicacoes-prefeita-marcia-conrado\/\" \/>\n<meta property=\"og:locale\" content=\"pt_BR\" \/>\n<meta property=\"og:type\" content=\"article\" \/>\n<meta property=\"og:title\" content=\"Guarda Municipal entrega reivindica\u00e7\u00f5es a prefeita M\u00e1rcia Conrado - Serra FM 87,9\" \/>\n<meta property=\"og:description\" content=\"Serra Talhada elegeram tr\u00eas representantes para o comando da corpora\u00e7\u00e3o, nessa ter\u00e7a-feira (26), cujos nomes ser\u00e3o enviadas \u00e0 prefeita M\u00e1rcia Conrado, que dever\u00e1 escolher um, fazendo valer a Lei Federal 13.022. A elei\u00e7\u00e3o ocorreu das 08h \u00e0s 13h, no Centro Administrativo, com o seguinte resultado: GM Madson, 8 votos, GM Ronaldo, 15 votos, e GM Caio 23 votos. Ele \u00e9 petrolinense e est\u00e1 na ativa h\u00e1 dois anos. Apesar do pleito hist\u00f3rico, ainda h\u00e1 uma expectativa com rela\u00e7\u00e3o a postura da prefeita, se vai ou n\u00e3o, respeitar o processo realizado pelos servidores. Em recente entrevista a uma emissora de r\u00e1dio, [&hellip;]\" \/>\n<meta property=\"og:url\" content=\"https:\/\/serrafm879.com.br\/serrafm\/2021\/01\/guarda-municipal-entrega-reivindicacoes-prefeita-marcia-conrado\/\" \/>\n<meta property=\"og:site_name\" content=\"Serra FM 87,9\" \/>\n<meta property=\"article:published_time\" content=\"2021-01-27T11:03:18+00:00\" \/>\n<meta property=\"article:modified_time\" content=\"2021-01-27T11:04:25+00:00\" \/>\n<meta property=\"og:image\" content=\"https:\/\/serrafm879.com.br\/serrafm\/wp-content\/uploads\/2021\/01\/09-17-55-marcia-e-guardas.jpg\" \/>\n\t<meta property=\"og:image:width\" content=\"480\" \/>\n\t<meta property=\"og:image:height\" content=\"319\" \/>\n\t<meta property=\"og:image:type\" content=\"image\/jpeg\" \/>\n<meta name=\"author\" content=\"serrafm87\" \/>\n<meta name=\"twitter:card\" content=\"summary_large_image\" \/>\n<meta name=\"twitter:label1\" content=\"Escrito por\" \/>\n\t<meta name=\"twitter:data1\" content=\"serrafm87\" \/>\n\t<meta name=\"twitter:label2\" content=\"Est. tempo de leitura\" \/>\n\t<meta name=\"twitter:data2\" content=\"1 minuto\" \/>\n<script type=\"application\/ld+json\" class=\"yoast-schema-graph\">{\"@context\":\"https:\/\/schema.org\",\"@graph\":[{\"@type\":\"WebPage\",\"@id\":\"https:\/\/serrafm879.com.br\/serrafm\/2021\/01\/guarda-municipal-entrega-reivindicacoes-prefeita-marcia-conrado\/\",\"url\":\"https:\/\/serrafm879.com.br\/serrafm\/2021\/01\/guarda-municipal-entrega-reivindicacoes-prefeita-marcia-conrado\/\",\"name\":\"Guarda Municipal entrega reivindica\u00e7\u00f5es a prefeita M\u00e1rcia Conrado - Serra FM 87,9\",\"isPartOf\":{\"@id\":\"https:\/\/serrafm879.com.br\/serrafm\/#website\"},\"primaryImageOfPage\":{\"@id\":\"https:\/\/serrafm879.com.br\/serrafm\/2021\/01\/guarda-municipal-entrega-reivindicacoes-prefeita-marcia-conrado\/#primaryimage\"},\"image\":{\"@id\":\"https:\/\/serrafm879.com.br\/serrafm\/2021\/01\/guarda-municipal-entrega-reivindicacoes-prefeita-marcia-conrado\/#primaryimage\"},\"thumbnailUrl\":\"https:\/\/serrafm879.com.br\/serrafm\/wp-content\/uploads\/2021\/01\/09-17-55-marcia-e-guardas.jpg\",\"datePublished\":\"2021-01-27T11:03:18+00:00\",\"dateModified\":\"2021-01-27T11:04:25+00:00\",\"author\":{\"@id\":\"https:\/\/serrafm879.com.br\/serrafm\/#\/schema\/person\/c028a197030ff8b1c03c68dfba4a787a\"},\"breadcrumb\":{\"@id\":\"https:\/\/serrafm879.com.br\/serrafm\/2021\/01\/guarda-municipal-entrega-reivindicacoes-prefeita-marcia-conrado\/#breadcrumb\"},\"inLanguage\":\"pt-BR\",\"potentialAction\":[{\"@type\":\"ReadAction\",\"target\":[\"https:\/\/serrafm879.com.br\/serrafm\/2021\/01\/guarda-municipal-entrega-reivindicacoes-prefeita-marcia-conrado\/\"]}]},{\"@type\":\"ImageObject\",\"inLanguage\":\"pt-BR\",\"@id\":\"https:\/\/serrafm879.com.br\/serrafm\/2021\/01\/guarda-municipal-entrega-reivindicacoes-prefeita-marcia-conrado\/#primaryimage\",\"url\":\"https:\/\/serrafm879.com.br\/serrafm\/wp-content\/uploads\/2021\/01\/09-17-55-marcia-e-guardas.jpg\",\"contentUrl\":\"https:\/\/serrafm879.com.br\/serrafm\/wp-content\/uploads\/2021\/01\/09-17-55-marcia-e-guardas.jpg\",\"width\":480,\"height\":319},{\"@type\":\"BreadcrumbList\",\"@id\":\"https:\/\/serrafm879.com.br\/serrafm\/2021\/01\/guarda-municipal-entrega-reivindicacoes-prefeita-marcia-conrado\/#breadcrumb\",\"itemListElement\":[{\"@type\":\"ListItem\",\"position\":1,\"name\":\"In\u00edcio\",\"item\":\"https:\/\/serrafm879.com.br\/serrafm\/\"},{\"@type\":\"ListItem\",\"position\":2,\"name\":\"Guarda Municipal entrega reivindica\u00e7\u00f5es a prefeita M\u00e1rcia Conrado\"}]},{\"@type\":\"WebSite\",\"@id\":\"https:\/\/serrafm879.com.br\/serrafm\/#website\",\"url\":\"https:\/\/serrafm879.com.br\/serrafm\/\",\"name\":\"Serra FM 87,9\",\"description\":\"O seu novo amor!\",\"potentialAction\":[{\"@type\":\"SearchAction\",\"target\":{\"@type\":\"EntryPoint\",\"urlTemplate\":\"https:\/\/serrafm879.com.br\/serrafm\/?s={search_term_string}\"},\"query-input\":{\"@type\":\"PropertyValueSpecification\",\"valueRequired\":true,\"valueName\":\"search_term_string\"}}],\"inLanguage\":\"pt-BR\"},{\"@type\":\"Person\",\"@id\":\"https:\/\/serrafm879.com.br\/serrafm\/#\/schema\/person\/c028a197030ff8b1c03c68dfba4a787a\",\"name\":\"serrafm87\",\"image\":{\"@type\":\"ImageObject\",\"inLanguage\":\"pt-BR\",\"@id\":\"https:\/\/serrafm879.com.br\/serrafm\/#\/schema\/person\/image\/\",\"url\":\"https:\/\/secure.gravatar.com\/avatar\/a743233f1112d34f48bb3dc9559b76eb930bab8b27175856cba6362608736235?s=96&d=mm&r=g\",\"contentUrl\":\"https:\/\/secure.gravatar.com\/avatar\/a743233f1112d34f48bb3dc9559b76eb930bab8b27175856cba6362608736235?s=96&d=mm&r=g\",\"caption\":\"serrafm87\"},\"sameAs\":[\"http:\/\/serrafm879.com.br\/\"],\"url\":\"https:\/\/serrafm879.com.br\/serrafm\/author\/serrafm87\/\"}]}<\/script>\n<!-- \/ Yoast SEO plugin. -->","yoast_head_json":{"title":"Guarda Municipal entrega reivindica\u00e7\u00f5es a prefeita M\u00e1rcia Conrado - Serra FM 87,9","robots":{"index":"index","follow":"follow","max-snippet":"max-snippet:-1","max-image-preview":"max-image-preview:large","max-video-preview":"max-video-preview:-1"},"canonical":"https:\/\/serrafm879.com.br\/serrafm\/2021\/01\/guarda-municipal-entrega-reivindicacoes-prefeita-marcia-conrado\/","og_locale":"pt_BR","og_type":"article","og_title":"Guarda Municipal entrega reivindica\u00e7\u00f5es a prefeita M\u00e1rcia Conrado - Serra FM 87,9","og_description":"Serra Talhada elegeram tr\u00eas representantes para o comando da corpora\u00e7\u00e3o, nessa ter\u00e7a-feira (26), cujos nomes ser\u00e3o enviadas \u00e0 prefeita M\u00e1rcia Conrado, que dever\u00e1 escolher um, fazendo valer a Lei Federal 13.022. A elei\u00e7\u00e3o ocorreu das 08h \u00e0s 13h, no Centro Administrativo, com o seguinte resultado: GM Madson, 8 votos, GM Ronaldo, 15 votos, e GM Caio 23 votos. Ele \u00e9 petrolinense e est\u00e1 na ativa h\u00e1 dois anos. Apesar do pleito hist\u00f3rico, ainda h\u00e1 uma expectativa com rela\u00e7\u00e3o a postura da prefeita, se vai ou n\u00e3o, respeitar o processo realizado pelos servidores. Em recente entrevista a uma emissora de r\u00e1dio, [&hellip;]","og_url":"https:\/\/serrafm879.com.br\/serrafm\/2021\/01\/guarda-municipal-entrega-reivindicacoes-prefeita-marcia-conrado\/","og_site_name":"Serra FM 87,9","article_published_time":"2021-01-27T11:03:18+00:00","article_modified_time":"2021-01-27T11:04:25+00:00","og_image":[{"width":480,"height":319,"url":"https:\/\/serrafm879.com.br\/serrafm\/wp-content\/uploads\/2021\/01\/09-17-55-marcia-e-guardas.jpg","type":"image\/jpeg"}],"author":"serrafm87","twitter_card":"summary_large_image","twitter_misc":{"Escrito por":"serrafm87","Est. tempo de leitura":"1 minuto"},"schema":{"@context":"https:\/\/schema.org","@graph":[{"@type":"WebPage","@id":"https:\/\/serrafm879.com.br\/serrafm\/2021\/01\/guarda-municipal-entrega-reivindicacoes-prefeita-marcia-conrado\/","url":"https:\/\/serrafm879.com.br\/serrafm\/2021\/01\/guarda-municipal-entrega-reivindicacoes-prefeita-marcia-conrado\/","name":"Guarda Municipal entrega reivindica\u00e7\u00f5es a prefeita M\u00e1rcia Conrado - Serra FM 87,9","isPartOf":{"@id":"https:\/\/serrafm879.com.br\/serrafm\/#website"},"primaryImageOfPage":{"@id":"https:\/\/serrafm879.com.br\/serrafm\/2021\/01\/guarda-municipal-entrega-reivindicacoes-prefeita-marcia-conrado\/#primaryimage"},"image":{"@id":"https:\/\/serrafm879.com.br\/serrafm\/2021\/01\/guarda-municipal-entrega-reivindicacoes-prefeita-marcia-conrado\/#primaryimage"},"thumbnailUrl":"https:\/\/serrafm879.com.br\/serrafm\/wp-content\/uploads\/2021\/01\/09-17-55-marcia-e-guardas.jpg","datePublished":"2021-01-27T11:03:18+00:00","dateModified":"2021-01-27T11:04:25+00:00","author":{"@id":"https:\/\/serrafm879.com.br\/serrafm\/#\/schema\/person\/c028a197030ff8b1c03c68dfba4a787a"},"breadcrumb":{"@id":"https:\/\/serrafm879.com.br\/serrafm\/2021\/01\/guarda-municipal-entrega-reivindicacoes-prefeita-marcia-conrado\/#breadcrumb"},"inLanguage":"pt-BR","potentialAction":[{"@type":"ReadAction","target":["https:\/\/serrafm879.com.br\/serrafm\/2021\/01\/guarda-municipal-entrega-reivindicacoes-prefeita-marcia-conrado\/"]}]},{"@type":"ImageObject","inLanguage":"pt-BR","@id":"https:\/\/serrafm879.com.br\/serrafm\/2021\/01\/guarda-municipal-entrega-reivindicacoes-prefeita-marcia-conrado\/#primaryimage","url":"https:\/\/serrafm879.com.br\/serrafm\/wp-content\/uploads\/2021\/01\/09-17-55-marcia-e-guardas.jpg","contentUrl":"https:\/\/serrafm879.com.br\/serrafm\/wp-content\/uploads\/2021\/01\/09-17-55-marcia-e-guardas.jpg","width":480,"height":319},{"@type":"BreadcrumbList","@id":"https:\/\/serrafm879.com.br\/serrafm\/2021\/01\/guarda-municipal-entrega-reivindicacoes-prefeita-marcia-conrado\/#breadcrumb","itemListElement":[{"@type":"ListItem","position":1,"name":"In\u00edcio","item":"https:\/\/serrafm879.com.br\/serrafm\/"},{"@type":"ListItem","position":2,"name":"Guarda Municipal entrega reivindica\u00e7\u00f5es a prefeita M\u00e1rcia Conrado"}]},{"@type":"WebSite","@id":"https:\/\/serrafm879.com.br\/serrafm\/#website","url":"https:\/\/serrafm879.com.br\/serrafm\/","name":"Serra FM 87,9","description":"O seu novo amor!","potentialAction":[{"@type":"SearchAction","target":{"@type":"EntryPoint","urlTemplate":"https:\/\/serrafm879.com.br\/serrafm\/?s={search_term_string}"},"query-input":{"@type":"PropertyValueSpecification","valueRequired":true,"valueName":"search_term_string"}}],"inLanguage":"pt-BR"},{"@type":"Person","@id":"https:\/\/serrafm879.com.br\/serrafm\/#\/schema\/person\/c028a197030ff8b1c03c68dfba4a787a","name":"serrafm87","image":{"@type":"ImageObject","inLanguage":"pt-BR","@id":"https:\/\/serrafm879.com.br\/serrafm\/#\/schema\/person\/image\/","url":"https:\/\/secure.gravatar.com\/avatar\/a743233f1112d34f48bb3dc9559b76eb930bab8b27175856cba6362608736235?s=96&d=mm&r=g","contentUrl":"https:\/\/secure.gravatar.com\/avatar\/a743233f1112d34f48bb3dc9559b76eb930bab8b27175856cba6362608736235?s=96&d=mm&r=g","caption":"serrafm87"},"sameAs":["http:\/\/serrafm879.com.br\/"],"url":"https:\/\/serrafm879.com.br\/serrafm\/author\/serrafm87\/"}]}},"jetpack_featured_media_url":"https:\/\/serrafm879.com.br\/serrafm\/wp-content\/uploads\/2021\/01\/09-17-55-marcia-e-guardas.jpg","jetpack_shortlink":"https:\/\/wp.me\/p7HyXg-17R","jetpack_sharing_enabled":true,"_links":{"self":[{"href":"https:\/\/serrafm879.com.br\/serrafm\/wp-json\/wp\/v2\/posts\/4331","targetHints":{"allow":["GET"]}}],"collection":[{"href":"https:\/\/serrafm879.com.br\/serrafm\/wp-json\/wp\/v2\/posts"}],"about":[{"href":"https:\/\/serrafm879.com.br\/serrafm\/wp-json\/wp\/v2\/types\/post"}],"author":[{"embeddable":true,"href":"https:\/\/serrafm879.com.br\/serrafm\/wp-json\/wp\/v2\/users\/2"}],"replies":[{"embeddable":true,"href":"https:\/\/serrafm879.com.br\/serrafm\/wp-json\/wp\/v2\/comments?post=4331"}],"version-history":[{"count":2,"href":"https:\/\/serrafm879.com.br\/serrafm\/wp-json\/wp\/v2\/posts\/4331\/revisions"}],"predecessor-version":[{"id":4333,"href":"https:\/\/serrafm879.com.br\/serrafm\/wp-json\/wp\/v2\/posts\/4331\/revisions\/4333"}],"wp:featuredmedia":[{"embeddable":true,"href":"https:\/\/serrafm879.com.br\/serrafm\/wp-json\/wp\/v2\/media\/4307"}],"wp:attachment":[{"href":"https:\/\/serrafm879.com.br\/serrafm\/wp-json\/wp\/v2\/media?parent=4331"}],"wp:term":[{"taxonomy":"category","embeddable":true,"href":"https:\/\/serrafm879.com.br\/serrafm\/wp-json\/wp\/v2\/categories?post=4331"},{"taxonomy":"post_tag","embeddable":true,"href":"https:\/\/serrafm879.com.br\/serrafm\/wp-json\/wp\/v2\/tags?post=4331"}],"curies":[{"name":"wp","href":"https:\/\/api.w.org\/{rel}","templated":true}]}}