{"id":4337,"date":"2021-01-28T07:09:59","date_gmt":"2021-01-28T10:09:59","guid":{"rendered":"https:\/?p=4337"},"modified":"2021-01-28T07:30:40","modified_gmt":"2021-01-28T10:30:40","slug":"lei-aldir-blanc-serra-talhada-e-uma-das-premiadas","status":"publish","type":"post","link":"https:\/\/serrafm879.com.br\/serrafm\/2021\/01\/lei-aldir-blanc-serra-talhada-e-uma-das-premiadas\/","title":{"rendered":"Lei Aldir Blanc: Serra Talhada \u00e9 uma das premiadas"},"content":{"rendered":"<div id=\"mrf-mosaic\" class=\"mrf-viewNavigator mrf-mosaicContainer uses3d mrf-fixedElement\" tabindex=\"0\" data-viewnavigatordecorator=\"limitedBullets\" data-mrf-navigationlevel=\"mosaic\" data-mrf-continuousreadingscroll=\"up\">\n<div class=\"mrf-column mrf-col1 mrf-current mrf-preloadedColumn\" data-sectionname=\"home\" data-mrf-preload-strategy=\"viewport\">\n<div class=\"mrf-sizingWrapper\" data-mrf-name=\"home\" data-mrf-sectionpath=\"\/\" data-mrf-virtualpageid=\"\/prefeitura-de-serra-talhada-na-lista-de-premiados-da-lei-aldir-blanc\/\" data-mrf-uri=\"https:\/\/faroldenoticias.com.br\/prefeitura-de-serra-talhada-na-lista-de-premiados-da-lei-aldir-blanc\/\" data-mrf-deeplinking=\"\" data-mrf-title=\"Prefeitura de Serra Talhada na lista de premiados da Lei Aldir Blanc \u2013 Farol de Not\u00edcias \u2013 Refer\u00eancia em Jornalismo de Serra Talhada e Regi\u00e3o\">\n<div class=\"mrf-pageViewTracker mrf-articleLinkInMosaicController\">\n<div id=\"articleLink\" class=\"mrf-detailsContent\">\n<div id=\"articleLink60127ddf10ec9a0add9dd6ec\" class=\"mrf-detailsContent mrf-page template-01L \" data-mrf-virtualpageid=\"\/prefeitura-de-serra-talhada-na-lista-de-premiados-da-lei-aldir-blanc\/\" data-mrf-headline=\"Prefeitura de Serra Talhada na lista de premiados da Lei Aldir Blanc\" data-mrf-title=\"Prefeitura de Serra Talhada na lista de premiados da Lei Aldir Blanc \u2013 Farol de Not\u00edcias \u2013 Refer\u00eancia em Jornalismo de Serra Talhada e Regi\u00e3o\" data-mrf-uri=\"https:\/\/faroldenoticias.com.br\/prefeitura-de-serra-talhada-na-lista-de-premiados-da-lei-aldir-blanc\/\" data-mrf-author=\"\" data-mrf-sectionid=\"articleLink\">\n<div class=\"mrf-detailsLayout mrf-detailsLayout-default\" data-mrf-adtype=\"sRoba\">\n<div class=\"mrf-adDensityBodySentinel \" data-mrf-addensitysentinelcontenttype=\"details\">\n<div class=\"mrf-detailsBody \">\n<div id=\"site\">\n<p>&nbsp;<\/p>\n<div class=\"content-container\">\n<section id=\"primary\" class=\"content\">\n<article id=\"post-398864\" class=\"post-398864 post type-post status-publish format-standard has-post-thumbnail hentry category-cotidiano category-destaques category-pagina-inicial category-politica category-serra-talhada tag-aldir-blanc tag-covid tag-farol tag-noticias tag-serra tag-talhada\">\n<div class=\"post-content\">\n<div dir=\"auto\">\n<p>A Prefeitura de Serra Talhada est\u00e1 na lista de premiados do Pr\u00eamio JGE Coperg\u00e1s de Teatro, Dan\u00e7a, Circo e M\u00fasica de Pernambuco 2021, pela aplicabilidade da Lei Aldir Blanc e pelo conjunto das pol\u00edticas culturais do munic\u00edpio.<\/p>\n<p>O festival decidiu premiar iniciativas que se destacaram em 2020, diante do cen\u00e1rio de pandemia da Covid-19. E a Prefeitura foi uma delas!<\/p>\n<p>A cerim\u00f4nia de premia\u00e7\u00e3o acontecer\u00e1 nesta quinta-feira (28) a partir das 19h, de maneira on-line, por transmiss\u00e3o ao vivo pelo canal do Youtube do festival.<\/p>\n<div class=\"mrf-adv sRoba mrf-preInsertedMad mad mrf-heightLocked\" data-placement=\"\" data-madtype=\"sRoba\" data-sectionid=\"home\" data-virtualpageid=\"2\" data-loadstrategy=\"onScroll\" data-refreshfrequency=\"0\" data-layout=\"inline_square_deeplinking_s\" data-invalidatelayout=\"false\" data-loadonevent=\"navigationChange\" data-navigationlevel=\"1\"><\/div>\n<p>Serra Talhada foi uma das primeiras cidades do Brasil a receber e repassar os recursos da Lei Aldir Blanc para os artistas, atendendo 175 a\u00e7\u00f5es que envolveu toda cadeia produtiva da cultura.<\/p>\n<p>Por Giovanni S\u00e1<\/p>\n<\/div>\n<\/div>\n<\/article>\n<\/section>\n<p><span class=\"mrf-detailsMedia mrf-rDetailsMedia mrf-interactive mrf-iframeVideo\"><iframe src=\"about:blank\" allowfullscreen=\"allowfullscreen\" data-src=\"https:\/\/www.youtube.com\/embed\/videoseries?list=UUDSkyAp0YwHzs5MvPha93og\" data-mce-fragment=\"1\"><\/iframe><\/span><\/p>\n<\/div>\n<p>&nbsp;<\/p>\n<\/div>\n<\/div>\n<\/div>\n<\/div>\n<\/div>\n<\/div>\n<\/div>\n<\/div>\n<\/div>\n<\/div>\n","protected":false},"excerpt":{"rendered":"<p>&nbsp; A Prefeitura de Serra Talhada est\u00e1 na lista de premiados do Pr\u00eamio JGE Coperg\u00e1s de Teatro, Dan\u00e7a, Circo e M\u00fasica de Pernambuco 2021, pela aplicabilidade da Lei Aldir Blanc e pelo conjunto das pol\u00edticas culturais do munic\u00edpio. O festival decidiu premiar iniciativas que se destacaram em 2020, diante do cen\u00e1rio de pandemia da Covid-19. E a Prefeitura foi uma delas! A cerim\u00f4nia de premia\u00e7\u00e3o acontecer\u00e1 nesta quinta-feira (28) a partir das 19h, de maneira on-line, por transmiss\u00e3o ao vivo pelo canal do Youtube do festival. Serra Talhada foi uma das primeiras cidades do Brasil a receber e repassar os [&hellip;]<\/p>\n","protected":false},"author":2,"featured_media":3842,"comment_status":"open","ping_status":"open","sticky":false,"template":"","format":"standard","meta":{"_jetpack_memberships_contains_paid_content":false,"footnotes":"","jetpack_publicize_message":"","jetpack_publicize_feature_enabled":true,"jetpack_social_post_already_shared":true,"jetpack_social_options":{"image_generator_settings":{"template":"highway","enabled":false},"version":2}},"categories":[2],"tags":[],"class_list":["post-4337","post","type-post","status-publish","format-standard","has-post-thumbnail","hentry","category-noticias"],"jetpack_publicize_connections":[],"yoast_head":"<!-- This site is optimized with the Yoast SEO plugin v24.7 - https:\/\/yoast.com\/wordpress\/plugins\/seo\/ -->\n<title>Lei Aldir Blanc: Serra Talhada \u00e9 uma das premiadas - Serra FM 87,9<\/title>\n<meta name=\"robots\" content=\"index, follow, max-snippet:-1, max-image-preview:large, max-video-preview:-1\" \/>\n<link rel=\"canonical\" href=\"https:\/\/serrafm879.com.br\/serrafm\/2021\/01\/lei-aldir-blanc-serra-talhada-e-uma-das-premiadas\/\" \/>\n<meta property=\"og:locale\" content=\"pt_BR\" \/>\n<meta property=\"og:type\" content=\"article\" \/>\n<meta property=\"og:title\" content=\"Lei Aldir Blanc: Serra Talhada \u00e9 uma das premiadas - Serra FM 87,9\" \/>\n<meta property=\"og:description\" content=\"&nbsp; A Prefeitura de Serra Talhada est\u00e1 na lista de premiados do Pr\u00eamio JGE Coperg\u00e1s de Teatro, Dan\u00e7a, Circo e M\u00fasica de Pernambuco 2021, pela aplicabilidade da Lei Aldir Blanc e pelo conjunto das pol\u00edticas culturais do munic\u00edpio. O festival decidiu premiar iniciativas que se destacaram em 2020, diante do cen\u00e1rio de pandemia da Covid-19. E a Prefeitura foi uma delas! A cerim\u00f4nia de premia\u00e7\u00e3o acontecer\u00e1 nesta quinta-feira (28) a partir das 19h, de maneira on-line, por transmiss\u00e3o ao vivo pelo canal do Youtube do festival. Serra Talhada foi uma das primeiras cidades do Brasil a receber e repassar os [&hellip;]\" \/>\n<meta property=\"og:url\" content=\"https:\/\/serrafm879.com.br\/serrafm\/2021\/01\/lei-aldir-blanc-serra-talhada-e-uma-das-premiadas\/\" \/>\n<meta property=\"og:site_name\" content=\"Serra FM 87,9\" \/>\n<meta property=\"article:published_time\" content=\"2021-01-28T10:09:59+00:00\" \/>\n<meta property=\"article:modified_time\" content=\"2021-01-28T10:30:40+00:00\" \/>\n<meta property=\"og:image\" content=\"https:\/\/serrafm879.com.br\/serrafm\/wp-content\/uploads\/2020\/09\/1-lei-aldir.jpeg\" \/>\n\t<meta property=\"og:image:width\" content=\"450\" \/>\n\t<meta property=\"og:image:height\" content=\"300\" \/>\n\t<meta property=\"og:image:type\" content=\"image\/jpeg\" \/>\n<meta name=\"author\" content=\"serrafm87\" \/>\n<meta name=\"twitter:card\" content=\"summary_large_image\" \/>\n<meta name=\"twitter:label1\" content=\"Escrito por\" \/>\n\t<meta name=\"twitter:data1\" content=\"serrafm87\" \/>\n\t<meta name=\"twitter:label2\" content=\"Est. tempo de leitura\" \/>\n\t<meta name=\"twitter:data2\" content=\"1 minuto\" \/>\n<script type=\"application\/ld+json\" class=\"yoast-schema-graph\">{\"@context\":\"https:\/\/schema.org\",\"@graph\":[{\"@type\":\"WebPage\",\"@id\":\"https:\/\/serrafm879.com.br\/serrafm\/2021\/01\/lei-aldir-blanc-serra-talhada-e-uma-das-premiadas\/\",\"url\":\"https:\/\/serrafm879.com.br\/serrafm\/2021\/01\/lei-aldir-blanc-serra-talhada-e-uma-das-premiadas\/\",\"name\":\"Lei Aldir Blanc: Serra Talhada \u00e9 uma das premiadas - Serra FM 87,9\",\"isPartOf\":{\"@id\":\"https:\/\/serrafm879.com.br\/serrafm\/#website\"},\"primaryImageOfPage\":{\"@id\":\"https:\/\/serrafm879.com.br\/serrafm\/2021\/01\/lei-aldir-blanc-serra-talhada-e-uma-das-premiadas\/#primaryimage\"},\"image\":{\"@id\":\"https:\/\/serrafm879.com.br\/serrafm\/2021\/01\/lei-aldir-blanc-serra-talhada-e-uma-das-premiadas\/#primaryimage\"},\"thumbnailUrl\":\"https:\/\/serrafm879.com.br\/serrafm\/wp-content\/uploads\/2020\/09\/1-lei-aldir.jpeg\",\"datePublished\":\"2021-01-28T10:09:59+00:00\",\"dateModified\":\"2021-01-28T10:30:40+00:00\",\"author\":{\"@id\":\"https:\/\/serrafm879.com.br\/serrafm\/#\/schema\/person\/c028a197030ff8b1c03c68dfba4a787a\"},\"breadcrumb\":{\"@id\":\"https:\/\/serrafm879.com.br\/serrafm\/2021\/01\/lei-aldir-blanc-serra-talhada-e-uma-das-premiadas\/#breadcrumb\"},\"inLanguage\":\"pt-BR\",\"potentialAction\":[{\"@type\":\"ReadAction\",\"target\":[\"https:\/\/serrafm879.com.br\/serrafm\/2021\/01\/lei-aldir-blanc-serra-talhada-e-uma-das-premiadas\/\"]}]},{\"@type\":\"ImageObject\",\"inLanguage\":\"pt-BR\",\"@id\":\"https:\/\/serrafm879.com.br\/serrafm\/2021\/01\/lei-aldir-blanc-serra-talhada-e-uma-das-premiadas\/#primaryimage\",\"url\":\"https:\/\/serrafm879.com.br\/serrafm\/wp-content\/uploads\/2020\/09\/1-lei-aldir.jpeg\",\"contentUrl\":\"https:\/\/serrafm879.com.br\/serrafm\/wp-content\/uploads\/2020\/09\/1-lei-aldir.jpeg\",\"width\":450,\"height\":300},{\"@type\":\"BreadcrumbList\",\"@id\":\"https:\/\/serrafm879.com.br\/serrafm\/2021\/01\/lei-aldir-blanc-serra-talhada-e-uma-das-premiadas\/#breadcrumb\",\"itemListElement\":[{\"@type\":\"ListItem\",\"position\":1,\"name\":\"In\u00edcio\",\"item\":\"https:\/\/serrafm879.com.br\/serrafm\/\"},{\"@type\":\"ListItem\",\"position\":2,\"name\":\"Lei Aldir Blanc: Serra Talhada \u00e9 uma das premiadas\"}]},{\"@type\":\"WebSite\",\"@id\":\"https:\/\/serrafm879.com.br\/serrafm\/#website\",\"url\":\"https:\/\/serrafm879.com.br\/serrafm\/\",\"name\":\"Serra FM 87,9\",\"description\":\"O seu novo amor!\",\"potentialAction\":[{\"@type\":\"SearchAction\",\"target\":{\"@type\":\"EntryPoint\",\"urlTemplate\":\"https:\/\/serrafm879.com.br\/serrafm\/?s={search_term_string}\"},\"query-input\":{\"@type\":\"PropertyValueSpecification\",\"valueRequired\":true,\"valueName\":\"search_term_string\"}}],\"inLanguage\":\"pt-BR\"},{\"@type\":\"Person\",\"@id\":\"https:\/\/serrafm879.com.br\/serrafm\/#\/schema\/person\/c028a197030ff8b1c03c68dfba4a787a\",\"name\":\"serrafm87\",\"image\":{\"@type\":\"ImageObject\",\"inLanguage\":\"pt-BR\",\"@id\":\"https:\/\/serrafm879.com.br\/serrafm\/#\/schema\/person\/image\/\",\"url\":\"https:\/\/secure.gravatar.com\/avatar\/a743233f1112d34f48bb3dc9559b76eb930bab8b27175856cba6362608736235?s=96&d=mm&r=g\",\"contentUrl\":\"https:\/\/secure.gravatar.com\/avatar\/a743233f1112d34f48bb3dc9559b76eb930bab8b27175856cba6362608736235?s=96&d=mm&r=g\",\"caption\":\"serrafm87\"},\"sameAs\":[\"http:\/\/serrafm879.com.br\/\"],\"url\":\"https:\/\/serrafm879.com.br\/serrafm\/author\/serrafm87\/\"}]}<\/script>\n<!-- \/ Yoast SEO plugin. -->","yoast_head_json":{"title":"Lei Aldir Blanc: Serra Talhada \u00e9 uma das premiadas - Serra FM 87,9","robots":{"index":"index","follow":"follow","max-snippet":"max-snippet:-1","max-image-preview":"max-image-preview:large","max-video-preview":"max-video-preview:-1"},"canonical":"https:\/\/serrafm879.com.br\/serrafm\/2021\/01\/lei-aldir-blanc-serra-talhada-e-uma-das-premiadas\/","og_locale":"pt_BR","og_type":"article","og_title":"Lei Aldir Blanc: Serra Talhada \u00e9 uma das premiadas - Serra FM 87,9","og_description":"&nbsp; A Prefeitura de Serra Talhada est\u00e1 na lista de premiados do Pr\u00eamio JGE Coperg\u00e1s de Teatro, Dan\u00e7a, Circo e M\u00fasica de Pernambuco 2021, pela aplicabilidade da Lei Aldir Blanc e pelo conjunto das pol\u00edticas culturais do munic\u00edpio. O festival decidiu premiar iniciativas que se destacaram em 2020, diante do cen\u00e1rio de pandemia da Covid-19. E a Prefeitura foi uma delas! A cerim\u00f4nia de premia\u00e7\u00e3o acontecer\u00e1 nesta quinta-feira (28) a partir das 19h, de maneira on-line, por transmiss\u00e3o ao vivo pelo canal do Youtube do festival. Serra Talhada foi uma das primeiras cidades do Brasil a receber e repassar os [&hellip;]","og_url":"https:\/\/serrafm879.com.br\/serrafm\/2021\/01\/lei-aldir-blanc-serra-talhada-e-uma-das-premiadas\/","og_site_name":"Serra FM 87,9","article_published_time":"2021-01-28T10:09:59+00:00","article_modified_time":"2021-01-28T10:30:40+00:00","og_image":[{"width":450,"height":300,"url":"https:\/\/serrafm879.com.br\/serrafm\/wp-content\/uploads\/2020\/09\/1-lei-aldir.jpeg","type":"image\/jpeg"}],"author":"serrafm87","twitter_card":"summary_large_image","twitter_misc":{"Escrito por":"serrafm87","Est. tempo de leitura":"1 minuto"},"schema":{"@context":"https:\/\/schema.org","@graph":[{"@type":"WebPage","@id":"https:\/\/serrafm879.com.br\/serrafm\/2021\/01\/lei-aldir-blanc-serra-talhada-e-uma-das-premiadas\/","url":"https:\/\/serrafm879.com.br\/serrafm\/2021\/01\/lei-aldir-blanc-serra-talhada-e-uma-das-premiadas\/","name":"Lei Aldir Blanc: Serra Talhada \u00e9 uma das premiadas - Serra FM 87,9","isPartOf":{"@id":"https:\/\/serrafm879.com.br\/serrafm\/#website"},"primaryImageOfPage":{"@id":"https:\/\/serrafm879.com.br\/serrafm\/2021\/01\/lei-aldir-blanc-serra-talhada-e-uma-das-premiadas\/#primaryimage"},"image":{"@id":"https:\/\/serrafm879.com.br\/serrafm\/2021\/01\/lei-aldir-blanc-serra-talhada-e-uma-das-premiadas\/#primaryimage"},"thumbnailUrl":"https:\/\/serrafm879.com.br\/serrafm\/wp-content\/uploads\/2020\/09\/1-lei-aldir.jpeg","datePublished":"2021-01-28T10:09:59+00:00","dateModified":"2021-01-28T10:30:40+00:00","author":{"@id":"https:\/\/serrafm879.com.br\/serrafm\/#\/schema\/person\/c028a197030ff8b1c03c68dfba4a787a"},"breadcrumb":{"@id":"https:\/\/serrafm879.com.br\/serrafm\/2021\/01\/lei-aldir-blanc-serra-talhada-e-uma-das-premiadas\/#breadcrumb"},"inLanguage":"pt-BR","potentialAction":[{"@type":"ReadAction","target":["https:\/\/serrafm879.com.br\/serrafm\/2021\/01\/lei-aldir-blanc-serra-talhada-e-uma-das-premiadas\/"]}]},{"@type":"ImageObject","inLanguage":"pt-BR","@id":"https:\/\/serrafm879.com.br\/serrafm\/2021\/01\/lei-aldir-blanc-serra-talhada-e-uma-das-premiadas\/#primaryimage","url":"https:\/\/serrafm879.com.br\/serrafm\/wp-content\/uploads\/2020\/09\/1-lei-aldir.jpeg","contentUrl":"https:\/\/serrafm879.com.br\/serrafm\/wp-content\/uploads\/2020\/09\/1-lei-aldir.jpeg","width":450,"height":300},{"@type":"BreadcrumbList","@id":"https:\/\/serrafm879.com.br\/serrafm\/2021\/01\/lei-aldir-blanc-serra-talhada-e-uma-das-premiadas\/#breadcrumb","itemListElement":[{"@type":"ListItem","position":1,"name":"In\u00edcio","item":"https:\/\/serrafm879.com.br\/serrafm\/"},{"@type":"ListItem","position":2,"name":"Lei Aldir Blanc: Serra Talhada \u00e9 uma das premiadas"}]},{"@type":"WebSite","@id":"https:\/\/serrafm879.com.br\/serrafm\/#website","url":"https:\/\/serrafm879.com.br\/serrafm\/","name":"Serra FM 87,9","description":"O seu novo amor!","potentialAction":[{"@type":"SearchAction","target":{"@type":"EntryPoint","urlTemplate":"https:\/\/serrafm879.com.br\/serrafm\/?s={search_term_string}"},"query-input":{"@type":"PropertyValueSpecification","valueRequired":true,"valueName":"search_term_string"}}],"inLanguage":"pt-BR"},{"@type":"Person","@id":"https:\/\/serrafm879.com.br\/serrafm\/#\/schema\/person\/c028a197030ff8b1c03c68dfba4a787a","name":"serrafm87","image":{"@type":"ImageObject","inLanguage":"pt-BR","@id":"https:\/\/serrafm879.com.br\/serrafm\/#\/schema\/person\/image\/","url":"https:\/\/secure.gravatar.com\/avatar\/a743233f1112d34f48bb3dc9559b76eb930bab8b27175856cba6362608736235?s=96&d=mm&r=g","contentUrl":"https:\/\/secure.gravatar.com\/avatar\/a743233f1112d34f48bb3dc9559b76eb930bab8b27175856cba6362608736235?s=96&d=mm&r=g","caption":"serrafm87"},"sameAs":["http:\/\/serrafm879.com.br\/"],"url":"https:\/\/serrafm879.com.br\/serrafm\/author\/serrafm87\/"}]}},"jetpack_featured_media_url":"https:\/\/serrafm879.com.br\/serrafm\/wp-content\/uploads\/2020\/09\/1-lei-aldir.jpeg","jetpack_shortlink":"https:\/\/wp.me\/p7HyXg-17X","jetpack_sharing_enabled":true,"_links":{"self":[{"href":"https:\/\/serrafm879.com.br\/serrafm\/wp-json\/wp\/v2\/posts\/4337","targetHints":{"allow":["GET"]}}],"collection":[{"href":"https:\/\/serrafm879.com.br\/serrafm\/wp-json\/wp\/v2\/posts"}],"about":[{"href":"https:\/\/serrafm879.com.br\/serrafm\/wp-json\/wp\/v2\/types\/post"}],"author":[{"embeddable":true,"href":"https:\/\/serrafm879.com.br\/serrafm\/wp-json\/wp\/v2\/users\/2"}],"replies":[{"embeddable":true,"href":"https:\/\/serrafm879.com.br\/serrafm\/wp-json\/wp\/v2\/comments?post=4337"}],"version-history":[{"count":3,"href":"https:\/\/serrafm879.com.br\/serrafm\/wp-json\/wp\/v2\/posts\/4337\/revisions"}],"predecessor-version":[{"id":4341,"href":"https:\/\/serrafm879.com.br\/serrafm\/wp-json\/wp\/v2\/posts\/4337\/revisions\/4341"}],"wp:featuredmedia":[{"embeddable":true,"href":"https:\/\/serrafm879.com.br\/serrafm\/wp-json\/wp\/v2\/media\/3842"}],"wp:attachment":[{"href":"https:\/\/serrafm879.com.br\/serrafm\/wp-json\/wp\/v2\/media?parent=4337"}],"wp:term":[{"taxonomy":"category","embeddable":true,"href":"https:\/\/serrafm879.com.br\/serrafm\/wp-json\/wp\/v2\/categories?post=4337"},{"taxonomy":"post_tag","embeddable":true,"href":"https:\/\/serrafm879.com.br\/serrafm\/wp-json\/wp\/v2\/tags?post=4337"}],"curies":[{"name":"wp","href":"https:\/\/api.w.org\/{rel}","templated":true}]}}