{"id":4342,"date":"2021-01-28T09:48:14","date_gmt":"2021-01-28T12:48:14","guid":{"rendered":"https:\/?p=4342"},"modified":"2021-01-28T09:48:14","modified_gmt":"2021-01-28T12:48:14","slug":"sentimento-de-traicao-com-aumento-do-diesel-impulsiona-greve-dos-caminhoneiros","status":"publish","type":"post","link":"https:\/\/serrafm879.com.br\/serrafm\/2021\/01\/sentimento-de-traicao-com-aumento-do-diesel-impulsiona-greve-dos-caminhoneiros\/","title":{"rendered":"Sentimento de \u201ctrai\u00e7\u00e3o\u201d com aumento do diesel impulsiona greve dos caminhoneiros"},"content":{"rendered":"<p>O\u00a0segundo aumento do ano\u00a0no pre\u00e7o dos combust\u00edveis, anunciado na ter\u00e7a (26\/1) pela Petrobras, est\u00e1 movimentando grupos de caminhoneiros no WhatsApp e fomentando a ades\u00e3o a\u00a0uma greve que j\u00e1 estava marcada para o dia 1\u00b0 de fevereiro, mas que divide a categoria. Lideran\u00e7as dos transportadores dizem que vinham dialogando com o governo para frear novos aumentos nos custos e que se sentiram tra\u00eddos pelo an\u00fancio de reajuste de 4,4% no diesel nas refinarias, que equivale em m\u00e9dia a um acr\u00e9scimo de R$ 0,09 por litro nas refinarias \u2013 nas bombas, a alta pode ser maior.<\/p>\n<p>O reajuste no diesel num momento em que os caminhoneiros acreditavam ter um compromisso do governo \u00e9 uma \u201cferramenta para agitar a greve\u201d, segundo Marlon Maues, assessor executivo da Confedera\u00e7\u00e3o Nacional dos Transportadores Aut\u00f4nomos (CNTA). A entidade vem desencorajando a greve e insistindo no di\u00e1logo com o Minist\u00e9rio da Infraestrutura, mas Maues conta que a insatisfa\u00e7\u00e3o dos profissionais est\u00e1 muito alta.<\/p>\n<p>\u201cJ\u00e1 recebemos a sinaliza\u00e7\u00e3o de que o governo est\u00e1 tentando anular o impacto na bomba reduzindo PIS e Cofins, que s\u00e3o impostos federais, mas n\u00e3o \u00e9 suficiente, precisa que os estados baixem o ICMS tamb\u00e9m\u201d, reivindica o assessor executivo da CNTA. \u201cEnt\u00e3o, a gente prefere mobilizar os interessados nesse ato de segunda-feira para a redu\u00e7\u00e3o no ICMS.\u201d<\/p>\n<p>Os caminhoneiros tamb\u00e9m protestam contra o reajuste na tabela do frete anunciada pela Ag\u00eancia Nacional de Transportes Terrestres (ANTT) no \u00faltimo dia 19 de janeiro, com\u00a0aumento m\u00e9dio que varia de 2,34% a 2,51%, considerado insuficiente pela categoria\u00a0para cobrir os custos. Sobretudo com nova alta no diesel.<\/p>\n<p>Fonte: Metr\u00f3poles<\/p>\n","protected":false},"excerpt":{"rendered":"<p>O\u00a0segundo aumento do ano\u00a0no pre\u00e7o dos combust\u00edveis, anunciado na ter\u00e7a (26\/1) pela Petrobras, est\u00e1 movimentando grupos de caminhoneiros no WhatsApp e fomentando a ades\u00e3o a\u00a0uma greve que j\u00e1 estava marcada para o dia 1\u00b0 de fevereiro, mas que divide a categoria. Lideran\u00e7as dos transportadores dizem que vinham dialogando com o governo para frear novos aumentos nos custos e que se sentiram tra\u00eddos pelo an\u00fancio de reajuste de 4,4% no diesel nas refinarias, que equivale em m\u00e9dia a um acr\u00e9scimo de R$ 0,09 por litro nas refinarias \u2013 nas bombas, a alta pode ser maior. O reajuste no diesel num momento [&hellip;]<\/p>\n","protected":false},"author":2,"featured_media":3923,"comment_status":"open","ping_status":"open","sticky":false,"template":"","format":"standard","meta":{"_jetpack_memberships_contains_paid_content":false,"footnotes":"","jetpack_publicize_message":"","jetpack_publicize_feature_enabled":true,"jetpack_social_post_already_shared":true,"jetpack_social_options":{"image_generator_settings":{"template":"highway","enabled":false},"version":2}},"categories":[2],"tags":[],"class_list":["post-4342","post","type-post","status-publish","format-standard","has-post-thumbnail","hentry","category-noticias"],"jetpack_publicize_connections":[],"yoast_head":"<!-- This site is optimized with the Yoast SEO plugin v24.7 - https:\/\/yoast.com\/wordpress\/plugins\/seo\/ -->\n<title>Sentimento de \u201ctrai\u00e7\u00e3o\u201d com aumento do diesel impulsiona greve dos caminhoneiros - Serra FM 87,9<\/title>\n<meta name=\"robots\" content=\"index, follow, max-snippet:-1, max-image-preview:large, max-video-preview:-1\" \/>\n<link rel=\"canonical\" href=\"https:\/\/serrafm879.com.br\/serrafm\/2021\/01\/sentimento-de-traicao-com-aumento-do-diesel-impulsiona-greve-dos-caminhoneiros\/\" \/>\n<meta property=\"og:locale\" content=\"pt_BR\" \/>\n<meta property=\"og:type\" content=\"article\" \/>\n<meta property=\"og:title\" content=\"Sentimento de \u201ctrai\u00e7\u00e3o\u201d com aumento do diesel impulsiona greve dos caminhoneiros - Serra FM 87,9\" \/>\n<meta property=\"og:description\" content=\"O\u00a0segundo aumento do ano\u00a0no pre\u00e7o dos combust\u00edveis, anunciado na ter\u00e7a (26\/1) pela Petrobras, est\u00e1 movimentando grupos de caminhoneiros no WhatsApp e fomentando a ades\u00e3o a\u00a0uma greve que j\u00e1 estava marcada para o dia 1\u00b0 de fevereiro, mas que divide a categoria. Lideran\u00e7as dos transportadores dizem que vinham dialogando com o governo para frear novos aumentos nos custos e que se sentiram tra\u00eddos pelo an\u00fancio de reajuste de 4,4% no diesel nas refinarias, que equivale em m\u00e9dia a um acr\u00e9scimo de R$ 0,09 por litro nas refinarias \u2013 nas bombas, a alta pode ser maior. O reajuste no diesel num momento [&hellip;]\" \/>\n<meta property=\"og:url\" content=\"https:\/\/serrafm879.com.br\/serrafm\/2021\/01\/sentimento-de-traicao-com-aumento-do-diesel-impulsiona-greve-dos-caminhoneiros\/\" \/>\n<meta property=\"og:site_name\" content=\"Serra FM 87,9\" \/>\n<meta property=\"article:published_time\" content=\"2021-01-28T12:48:14+00:00\" \/>\n<meta property=\"og:image\" content=\"https:\/\/serrafm879.com.br\/serrafm\/wp-content\/uploads\/2020\/09\/estadodegreve.jpg\" \/>\n\t<meta property=\"og:image:width\" content=\"435\" \/>\n\t<meta property=\"og:image:height\" content=\"300\" \/>\n\t<meta property=\"og:image:type\" content=\"image\/jpeg\" \/>\n<meta name=\"author\" content=\"serrafm87\" \/>\n<meta name=\"twitter:card\" content=\"summary_large_image\" \/>\n<meta name=\"twitter:label1\" content=\"Escrito por\" \/>\n\t<meta name=\"twitter:data1\" content=\"serrafm87\" \/>\n\t<meta name=\"twitter:label2\" content=\"Est. tempo de leitura\" \/>\n\t<meta name=\"twitter:data2\" content=\"1 minuto\" \/>\n<script type=\"application\/ld+json\" class=\"yoast-schema-graph\">{\"@context\":\"https:\/\/schema.org\",\"@graph\":[{\"@type\":\"WebPage\",\"@id\":\"https:\/\/serrafm879.com.br\/serrafm\/2021\/01\/sentimento-de-traicao-com-aumento-do-diesel-impulsiona-greve-dos-caminhoneiros\/\",\"url\":\"https:\/\/serrafm879.com.br\/serrafm\/2021\/01\/sentimento-de-traicao-com-aumento-do-diesel-impulsiona-greve-dos-caminhoneiros\/\",\"name\":\"Sentimento de \u201ctrai\u00e7\u00e3o\u201d com aumento do diesel impulsiona greve dos caminhoneiros - Serra FM 87,9\",\"isPartOf\":{\"@id\":\"https:\/\/serrafm879.com.br\/serrafm\/#website\"},\"primaryImageOfPage\":{\"@id\":\"https:\/\/serrafm879.com.br\/serrafm\/2021\/01\/sentimento-de-traicao-com-aumento-do-diesel-impulsiona-greve-dos-caminhoneiros\/#primaryimage\"},\"image\":{\"@id\":\"https:\/\/serrafm879.com.br\/serrafm\/2021\/01\/sentimento-de-traicao-com-aumento-do-diesel-impulsiona-greve-dos-caminhoneiros\/#primaryimage\"},\"thumbnailUrl\":\"https:\/\/serrafm879.com.br\/serrafm\/wp-content\/uploads\/2020\/09\/estadodegreve.jpg\",\"datePublished\":\"2021-01-28T12:48:14+00:00\",\"author\":{\"@id\":\"https:\/\/serrafm879.com.br\/serrafm\/#\/schema\/person\/c028a197030ff8b1c03c68dfba4a787a\"},\"breadcrumb\":{\"@id\":\"https:\/\/serrafm879.com.br\/serrafm\/2021\/01\/sentimento-de-traicao-com-aumento-do-diesel-impulsiona-greve-dos-caminhoneiros\/#breadcrumb\"},\"inLanguage\":\"pt-BR\",\"potentialAction\":[{\"@type\":\"ReadAction\",\"target\":[\"https:\/\/serrafm879.com.br\/serrafm\/2021\/01\/sentimento-de-traicao-com-aumento-do-diesel-impulsiona-greve-dos-caminhoneiros\/\"]}]},{\"@type\":\"ImageObject\",\"inLanguage\":\"pt-BR\",\"@id\":\"https:\/\/serrafm879.com.br\/serrafm\/2021\/01\/sentimento-de-traicao-com-aumento-do-diesel-impulsiona-greve-dos-caminhoneiros\/#primaryimage\",\"url\":\"https:\/\/serrafm879.com.br\/serrafm\/wp-content\/uploads\/2020\/09\/estadodegreve.jpg\",\"contentUrl\":\"https:\/\/serrafm879.com.br\/serrafm\/wp-content\/uploads\/2020\/09\/estadodegreve.jpg\",\"width\":435,\"height\":300},{\"@type\":\"BreadcrumbList\",\"@id\":\"https:\/\/serrafm879.com.br\/serrafm\/2021\/01\/sentimento-de-traicao-com-aumento-do-diesel-impulsiona-greve-dos-caminhoneiros\/#breadcrumb\",\"itemListElement\":[{\"@type\":\"ListItem\",\"position\":1,\"name\":\"In\u00edcio\",\"item\":\"https:\/\/serrafm879.com.br\/serrafm\/\"},{\"@type\":\"ListItem\",\"position\":2,\"name\":\"Sentimento de \u201ctrai\u00e7\u00e3o\u201d com aumento do diesel impulsiona greve dos caminhoneiros\"}]},{\"@type\":\"WebSite\",\"@id\":\"https:\/\/serrafm879.com.br\/serrafm\/#website\",\"url\":\"https:\/\/serrafm879.com.br\/serrafm\/\",\"name\":\"Serra FM 87,9\",\"description\":\"O seu novo amor!\",\"potentialAction\":[{\"@type\":\"SearchAction\",\"target\":{\"@type\":\"EntryPoint\",\"urlTemplate\":\"https:\/\/serrafm879.com.br\/serrafm\/?s={search_term_string}\"},\"query-input\":{\"@type\":\"PropertyValueSpecification\",\"valueRequired\":true,\"valueName\":\"search_term_string\"}}],\"inLanguage\":\"pt-BR\"},{\"@type\":\"Person\",\"@id\":\"https:\/\/serrafm879.com.br\/serrafm\/#\/schema\/person\/c028a197030ff8b1c03c68dfba4a787a\",\"name\":\"serrafm87\",\"image\":{\"@type\":\"ImageObject\",\"inLanguage\":\"pt-BR\",\"@id\":\"https:\/\/serrafm879.com.br\/serrafm\/#\/schema\/person\/image\/\",\"url\":\"https:\/\/secure.gravatar.com\/avatar\/a743233f1112d34f48bb3dc9559b76eb930bab8b27175856cba6362608736235?s=96&d=mm&r=g\",\"contentUrl\":\"https:\/\/secure.gravatar.com\/avatar\/a743233f1112d34f48bb3dc9559b76eb930bab8b27175856cba6362608736235?s=96&d=mm&r=g\",\"caption\":\"serrafm87\"},\"sameAs\":[\"http:\/\/serrafm879.com.br\/\"],\"url\":\"https:\/\/serrafm879.com.br\/serrafm\/author\/serrafm87\/\"}]}<\/script>\n<!-- \/ Yoast SEO plugin. -->","yoast_head_json":{"title":"Sentimento de \u201ctrai\u00e7\u00e3o\u201d com aumento do diesel impulsiona greve dos caminhoneiros - Serra FM 87,9","robots":{"index":"index","follow":"follow","max-snippet":"max-snippet:-1","max-image-preview":"max-image-preview:large","max-video-preview":"max-video-preview:-1"},"canonical":"https:\/\/serrafm879.com.br\/serrafm\/2021\/01\/sentimento-de-traicao-com-aumento-do-diesel-impulsiona-greve-dos-caminhoneiros\/","og_locale":"pt_BR","og_type":"article","og_title":"Sentimento de \u201ctrai\u00e7\u00e3o\u201d com aumento do diesel impulsiona greve dos caminhoneiros - Serra FM 87,9","og_description":"O\u00a0segundo aumento do ano\u00a0no pre\u00e7o dos combust\u00edveis, anunciado na ter\u00e7a (26\/1) pela Petrobras, est\u00e1 movimentando grupos de caminhoneiros no WhatsApp e fomentando a ades\u00e3o a\u00a0uma greve que j\u00e1 estava marcada para o dia 1\u00b0 de fevereiro, mas que divide a categoria. Lideran\u00e7as dos transportadores dizem que vinham dialogando com o governo para frear novos aumentos nos custos e que se sentiram tra\u00eddos pelo an\u00fancio de reajuste de 4,4% no diesel nas refinarias, que equivale em m\u00e9dia a um acr\u00e9scimo de R$ 0,09 por litro nas refinarias \u2013 nas bombas, a alta pode ser maior. O reajuste no diesel num momento [&hellip;]","og_url":"https:\/\/serrafm879.com.br\/serrafm\/2021\/01\/sentimento-de-traicao-com-aumento-do-diesel-impulsiona-greve-dos-caminhoneiros\/","og_site_name":"Serra FM 87,9","article_published_time":"2021-01-28T12:48:14+00:00","og_image":[{"width":435,"height":300,"url":"https:\/\/serrafm879.com.br\/serrafm\/wp-content\/uploads\/2020\/09\/estadodegreve.jpg","type":"image\/jpeg"}],"author":"serrafm87","twitter_card":"summary_large_image","twitter_misc":{"Escrito por":"serrafm87","Est. tempo de leitura":"1 minuto"},"schema":{"@context":"https:\/\/schema.org","@graph":[{"@type":"WebPage","@id":"https:\/\/serrafm879.com.br\/serrafm\/2021\/01\/sentimento-de-traicao-com-aumento-do-diesel-impulsiona-greve-dos-caminhoneiros\/","url":"https:\/\/serrafm879.com.br\/serrafm\/2021\/01\/sentimento-de-traicao-com-aumento-do-diesel-impulsiona-greve-dos-caminhoneiros\/","name":"Sentimento de \u201ctrai\u00e7\u00e3o\u201d com aumento do diesel impulsiona greve dos caminhoneiros - Serra FM 87,9","isPartOf":{"@id":"https:\/\/serrafm879.com.br\/serrafm\/#website"},"primaryImageOfPage":{"@id":"https:\/\/serrafm879.com.br\/serrafm\/2021\/01\/sentimento-de-traicao-com-aumento-do-diesel-impulsiona-greve-dos-caminhoneiros\/#primaryimage"},"image":{"@id":"https:\/\/serrafm879.com.br\/serrafm\/2021\/01\/sentimento-de-traicao-com-aumento-do-diesel-impulsiona-greve-dos-caminhoneiros\/#primaryimage"},"thumbnailUrl":"https:\/\/serrafm879.com.br\/serrafm\/wp-content\/uploads\/2020\/09\/estadodegreve.jpg","datePublished":"2021-01-28T12:48:14+00:00","author":{"@id":"https:\/\/serrafm879.com.br\/serrafm\/#\/schema\/person\/c028a197030ff8b1c03c68dfba4a787a"},"breadcrumb":{"@id":"https:\/\/serrafm879.com.br\/serrafm\/2021\/01\/sentimento-de-traicao-com-aumento-do-diesel-impulsiona-greve-dos-caminhoneiros\/#breadcrumb"},"inLanguage":"pt-BR","potentialAction":[{"@type":"ReadAction","target":["https:\/\/serrafm879.com.br\/serrafm\/2021\/01\/sentimento-de-traicao-com-aumento-do-diesel-impulsiona-greve-dos-caminhoneiros\/"]}]},{"@type":"ImageObject","inLanguage":"pt-BR","@id":"https:\/\/serrafm879.com.br\/serrafm\/2021\/01\/sentimento-de-traicao-com-aumento-do-diesel-impulsiona-greve-dos-caminhoneiros\/#primaryimage","url":"https:\/\/serrafm879.com.br\/serrafm\/wp-content\/uploads\/2020\/09\/estadodegreve.jpg","contentUrl":"https:\/\/serrafm879.com.br\/serrafm\/wp-content\/uploads\/2020\/09\/estadodegreve.jpg","width":435,"height":300},{"@type":"BreadcrumbList","@id":"https:\/\/serrafm879.com.br\/serrafm\/2021\/01\/sentimento-de-traicao-com-aumento-do-diesel-impulsiona-greve-dos-caminhoneiros\/#breadcrumb","itemListElement":[{"@type":"ListItem","position":1,"name":"In\u00edcio","item":"https:\/\/serrafm879.com.br\/serrafm\/"},{"@type":"ListItem","position":2,"name":"Sentimento de \u201ctrai\u00e7\u00e3o\u201d com aumento do diesel impulsiona greve dos caminhoneiros"}]},{"@type":"WebSite","@id":"https:\/\/serrafm879.com.br\/serrafm\/#website","url":"https:\/\/serrafm879.com.br\/serrafm\/","name":"Serra FM 87,9","description":"O seu novo amor!","potentialAction":[{"@type":"SearchAction","target":{"@type":"EntryPoint","urlTemplate":"https:\/\/serrafm879.com.br\/serrafm\/?s={search_term_string}"},"query-input":{"@type":"PropertyValueSpecification","valueRequired":true,"valueName":"search_term_string"}}],"inLanguage":"pt-BR"},{"@type":"Person","@id":"https:\/\/serrafm879.com.br\/serrafm\/#\/schema\/person\/c028a197030ff8b1c03c68dfba4a787a","name":"serrafm87","image":{"@type":"ImageObject","inLanguage":"pt-BR","@id":"https:\/\/serrafm879.com.br\/serrafm\/#\/schema\/person\/image\/","url":"https:\/\/secure.gravatar.com\/avatar\/a743233f1112d34f48bb3dc9559b76eb930bab8b27175856cba6362608736235?s=96&d=mm&r=g","contentUrl":"https:\/\/secure.gravatar.com\/avatar\/a743233f1112d34f48bb3dc9559b76eb930bab8b27175856cba6362608736235?s=96&d=mm&r=g","caption":"serrafm87"},"sameAs":["http:\/\/serrafm879.com.br\/"],"url":"https:\/\/serrafm879.com.br\/serrafm\/author\/serrafm87\/"}]}},"jetpack_featured_media_url":"https:\/\/serrafm879.com.br\/serrafm\/wp-content\/uploads\/2020\/09\/estadodegreve.jpg","jetpack_shortlink":"https:\/\/wp.me\/p7HyXg-182","jetpack_sharing_enabled":true,"_links":{"self":[{"href":"https:\/\/serrafm879.com.br\/serrafm\/wp-json\/wp\/v2\/posts\/4342","targetHints":{"allow":["GET"]}}],"collection":[{"href":"https:\/\/serrafm879.com.br\/serrafm\/wp-json\/wp\/v2\/posts"}],"about":[{"href":"https:\/\/serrafm879.com.br\/serrafm\/wp-json\/wp\/v2\/types\/post"}],"author":[{"embeddable":true,"href":"https:\/\/serrafm879.com.br\/serrafm\/wp-json\/wp\/v2\/users\/2"}],"replies":[{"embeddable":true,"href":"https:\/\/serrafm879.com.br\/serrafm\/wp-json\/wp\/v2\/comments?post=4342"}],"version-history":[{"count":1,"href":"https:\/\/serrafm879.com.br\/serrafm\/wp-json\/wp\/v2\/posts\/4342\/revisions"}],"predecessor-version":[{"id":4343,"href":"https:\/\/serrafm879.com.br\/serrafm\/wp-json\/wp\/v2\/posts\/4342\/revisions\/4343"}],"wp:featuredmedia":[{"embeddable":true,"href":"https:\/\/serrafm879.com.br\/serrafm\/wp-json\/wp\/v2\/media\/3923"}],"wp:attachment":[{"href":"https:\/\/serrafm879.com.br\/serrafm\/wp-json\/wp\/v2\/media?parent=4342"}],"wp:term":[{"taxonomy":"category","embeddable":true,"href":"https:\/\/serrafm879.com.br\/serrafm\/wp-json\/wp\/v2\/categories?post=4342"},{"taxonomy":"post_tag","embeddable":true,"href":"https:\/\/serrafm879.com.br\/serrafm\/wp-json\/wp\/v2\/tags?post=4342"}],"curies":[{"name":"wp","href":"https:\/\/api.w.org\/{rel}","templated":true}]}}