{"id":4347,"date":"2021-01-28T09:50:23","date_gmt":"2021-01-28T12:50:23","guid":{"rendered":"https:\/?p=4347"},"modified":"2021-01-28T09:50:23","modified_gmt":"2021-01-28T12:50:23","slug":"maia-acusa-governo-de-prometer-r-20-bilhoes-em-emendas-por-votos-na-eleicao-da-camara","status":"publish","type":"post","link":"https:\/\/serrafm879.com.br\/serrafm\/2021\/01\/maia-acusa-governo-de-prometer-r-20-bilhoes-em-emendas-por-votos-na-eleicao-da-camara\/","title":{"rendered":"Maia acusa governo de prometer R$ 20 bilh\u00f5es em emendas por votos na elei\u00e7\u00e3o da C\u00e2mara"},"content":{"rendered":"<p>O presidente da C\u00e2mara dos Deputados, Rodrigo Maia (DEM-RJ), acusou nesta quarta-feira o governo Jair Bolsonaro de prometer R$ 20 bilh\u00f5es em emendas parlamentares em troca de votos para elei\u00e7\u00e3o na C\u00e2mara dos Deputados. Em meio a uma\u00a0crise no pr\u00f3prio partido, o DEM, cuja bancada est\u00e1 dividida, ele disse que o candidato\u00a0apoiado pelo Pal\u00e1cio do Planalto, Arthur Lira (PP-AL), ter\u00e1 dificuldades de cumprir essa promessa, j\u00e1 que seria um valor inexequ\u00edvel para o Or\u00e7amento previsto para 2021.<\/p>\n<p>\u2014 Pela conta que eu fiz, e pelo or\u00e7amento que n\u00f3s teremos para 2021, pelo que eu j\u00e1 vi que o governo est\u00e1 prometendo junto com o seu candidato, vai dar pelo menos uns R$ 20 bilh\u00f5es de emendas extraor\u00e7ament\u00e1rias. Eu quero saber em que or\u00e7amento para o ano de 2021, com todo o problema do teto de gastos, (ter\u00e1 espa\u00e7o). (Como) eles poder\u00e3o cumprir, se vitoriosos, essa promessa? \u2014 questionou Maia.<\/p>\n<p>Em entrevista coletiva, o presidente da C\u00e2mara se referia \u00e0 verba que \u00e9 paga por minist\u00e9rios a munic\u00edpios, cujo montante \u00e9 indicado por parlamentares em um cadastro. O governo j\u00e1 usou esse tipo de repasse durante negocia\u00e7\u00f5es para aprova\u00e7\u00e3o de mat\u00e9rias no Congresso. Maia apoia a candidatura de Baleia Rossi (MDB-SP).<\/p>\n<p>\u2014 Acho que, a cada dia que passa, as pessoas v\u00e3o vendo que v\u00e3o acabar sendo enganadas nesse toma l\u00e1, d\u00e1 c\u00e1. Agora, desde o in\u00edcio de janeiro, abriram o cadastro em tr\u00eas minist\u00e9rios. Dois, \u00e9 natural: Turismo e Agricultura. Mas MDR (Minist\u00e9rio do Desenvolvimento Regional)? Nunca abriu cadastro em janeiro. Ent\u00e3o, est\u00e1 se abrindo o cadastro para se gerar uma expectativa que, do meu ponto de vista, que conhe\u00e7o o or\u00e7amento p\u00fablico, das proje\u00e7\u00f5es para este or\u00e7amento, vai ser muito dif\u00edcil de cumprir.<\/p>\n<p>Por conta das press\u00f5es do governo para virar votos, Maia\u00a0chegou discutir por telefone\u00a0com o ministro da Secretaria de Governo, Luiz Eduardo Ramos. O presidente da C\u00e2mara qualificou a rela\u00e7\u00e3o como um \u201ctoma l\u00e1, da c\u00e1\u201d, diferente do que ocorreu em outros governos.<\/p>\n<p>\u2014 H\u00e1 diferen\u00e7a. Uma coisa \u00e9 a forma\u00e7\u00e3o de uma base que, com ela, voc\u00ea governa com os partidos que fazem parte dessa base. A outra coisa \u00e9 voc\u00ea ser minoria na C\u00e2mara e, no processo eleitoral, tentar construir uma maioria baseado na troca de cargos e emendas. S\u00e3o coisas diferentes.<\/p>\n<p>Maia enfatizou ainda que trata-se de uma promessa fict\u00edcia.<\/p>\n<p>\u2014 Al\u00e9m do toma l\u00e1, d\u00e1 c\u00e1, \u00e9 uma pe\u00e7a de fic\u00e7\u00e3o. Voc\u00ea achar que o parlamento vai estar disposto a isso\u2026 O parlamento sempre est\u00e1 disposto a participar do governo, a liberar seus recursos para suas bases, mas para quem participa do governo. Da forma que quer formar maioria aqui, acho que n\u00e3o vai dar certo. Vencendo ou perdendo, n\u00e3o vai dar certo, porque o ambiente dessas promessas\u2026 Do meu ponto de vista, n\u00e3o vai ser cumprida de forma nenhuma.<\/p>\n<p>Fonte: O Globo<\/p>\n","protected":false},"excerpt":{"rendered":"<p>O presidente da C\u00e2mara dos Deputados, Rodrigo Maia (DEM-RJ), acusou nesta quarta-feira o governo Jair Bolsonaro de prometer R$ 20 bilh\u00f5es em emendas parlamentares em troca de votos para elei\u00e7\u00e3o na C\u00e2mara dos Deputados. Em meio a uma\u00a0crise no pr\u00f3prio partido, o DEM, cuja bancada est\u00e1 dividida, ele disse que o candidato\u00a0apoiado pelo Pal\u00e1cio do Planalto, Arthur Lira (PP-AL), ter\u00e1 dificuldades de cumprir essa promessa, j\u00e1 que seria um valor inexequ\u00edvel para o Or\u00e7amento previsto para 2021. \u2014 Pela conta que eu fiz, e pelo or\u00e7amento que n\u00f3s teremos para 2021, pelo que eu j\u00e1 vi que o governo est\u00e1 [&hellip;]<\/p>\n","protected":false},"author":2,"featured_media":3999,"comment_status":"open","ping_status":"open","sticky":false,"template":"","format":"standard","meta":{"_jetpack_memberships_contains_paid_content":false,"footnotes":"","jetpack_publicize_message":"","jetpack_publicize_feature_enabled":true,"jetpack_social_post_already_shared":true,"jetpack_social_options":{"image_generator_settings":{"template":"highway","enabled":false},"version":2}},"categories":[2],"tags":[],"class_list":["post-4347","post","type-post","status-publish","format-standard","has-post-thumbnail","hentry","category-noticias"],"jetpack_publicize_connections":[],"yoast_head":"<!-- This site is optimized with the Yoast SEO plugin v24.7 - https:\/\/yoast.com\/wordpress\/plugins\/seo\/ -->\n<title>Maia acusa governo de prometer R$ 20 bilh\u00f5es em emendas por votos na elei\u00e7\u00e3o da C\u00e2mara - Serra FM 87,9<\/title>\n<meta name=\"robots\" content=\"index, follow, max-snippet:-1, max-image-preview:large, max-video-preview:-1\" \/>\n<link rel=\"canonical\" href=\"https:\/\/serrafm879.com.br\/serrafm\/2021\/01\/maia-acusa-governo-de-prometer-r-20-bilhoes-em-emendas-por-votos-na-eleicao-da-camara\/\" \/>\n<meta property=\"og:locale\" content=\"pt_BR\" \/>\n<meta property=\"og:type\" content=\"article\" \/>\n<meta property=\"og:title\" content=\"Maia acusa governo de prometer R$ 20 bilh\u00f5es em emendas por votos na elei\u00e7\u00e3o da C\u00e2mara - Serra FM 87,9\" \/>\n<meta property=\"og:description\" content=\"O presidente da C\u00e2mara dos Deputados, Rodrigo Maia (DEM-RJ), acusou nesta quarta-feira o governo Jair Bolsonaro de prometer R$ 20 bilh\u00f5es em emendas parlamentares em troca de votos para elei\u00e7\u00e3o na C\u00e2mara dos Deputados. Em meio a uma\u00a0crise no pr\u00f3prio partido, o DEM, cuja bancada est\u00e1 dividida, ele disse que o candidato\u00a0apoiado pelo Pal\u00e1cio do Planalto, Arthur Lira (PP-AL), ter\u00e1 dificuldades de cumprir essa promessa, j\u00e1 que seria um valor inexequ\u00edvel para o Or\u00e7amento previsto para 2021. \u2014 Pela conta que eu fiz, e pelo or\u00e7amento que n\u00f3s teremos para 2021, pelo que eu j\u00e1 vi que o governo est\u00e1 [&hellip;]\" \/>\n<meta property=\"og:url\" content=\"https:\/\/serrafm879.com.br\/serrafm\/2021\/01\/maia-acusa-governo-de-prometer-r-20-bilhoes-em-emendas-por-votos-na-eleicao-da-camara\/\" \/>\n<meta property=\"og:site_name\" content=\"Serra FM 87,9\" \/>\n<meta property=\"article:published_time\" content=\"2021-01-28T12:50:23+00:00\" \/>\n<meta property=\"og:image\" content=\"https:\/\/serrafm879.com.br\/serrafm\/wp-content\/uploads\/2020\/11\/rodrigomaia.jpg\" \/>\n\t<meta property=\"og:image:width\" content=\"450\" \/>\n\t<meta property=\"og:image:height\" content=\"337\" \/>\n\t<meta property=\"og:image:type\" content=\"image\/jpeg\" \/>\n<meta name=\"author\" content=\"serrafm87\" \/>\n<meta name=\"twitter:card\" content=\"summary_large_image\" \/>\n<meta name=\"twitter:label1\" content=\"Escrito por\" \/>\n\t<meta name=\"twitter:data1\" content=\"serrafm87\" \/>\n\t<meta name=\"twitter:label2\" content=\"Est. tempo de leitura\" \/>\n\t<meta name=\"twitter:data2\" content=\"3 minutos\" \/>\n<script type=\"application\/ld+json\" class=\"yoast-schema-graph\">{\"@context\":\"https:\/\/schema.org\",\"@graph\":[{\"@type\":\"WebPage\",\"@id\":\"https:\/\/serrafm879.com.br\/serrafm\/2021\/01\/maia-acusa-governo-de-prometer-r-20-bilhoes-em-emendas-por-votos-na-eleicao-da-camara\/\",\"url\":\"https:\/\/serrafm879.com.br\/serrafm\/2021\/01\/maia-acusa-governo-de-prometer-r-20-bilhoes-em-emendas-por-votos-na-eleicao-da-camara\/\",\"name\":\"Maia acusa governo de prometer R$ 20 bilh\u00f5es em emendas por votos na elei\u00e7\u00e3o da C\u00e2mara - Serra FM 87,9\",\"isPartOf\":{\"@id\":\"https:\/\/serrafm879.com.br\/serrafm\/#website\"},\"primaryImageOfPage\":{\"@id\":\"https:\/\/serrafm879.com.br\/serrafm\/2021\/01\/maia-acusa-governo-de-prometer-r-20-bilhoes-em-emendas-por-votos-na-eleicao-da-camara\/#primaryimage\"},\"image\":{\"@id\":\"https:\/\/serrafm879.com.br\/serrafm\/2021\/01\/maia-acusa-governo-de-prometer-r-20-bilhoes-em-emendas-por-votos-na-eleicao-da-camara\/#primaryimage\"},\"thumbnailUrl\":\"https:\/\/serrafm879.com.br\/serrafm\/wp-content\/uploads\/2020\/11\/rodrigomaia.jpg\",\"datePublished\":\"2021-01-28T12:50:23+00:00\",\"author\":{\"@id\":\"https:\/\/serrafm879.com.br\/serrafm\/#\/schema\/person\/c028a197030ff8b1c03c68dfba4a787a\"},\"breadcrumb\":{\"@id\":\"https:\/\/serrafm879.com.br\/serrafm\/2021\/01\/maia-acusa-governo-de-prometer-r-20-bilhoes-em-emendas-por-votos-na-eleicao-da-camara\/#breadcrumb\"},\"inLanguage\":\"pt-BR\",\"potentialAction\":[{\"@type\":\"ReadAction\",\"target\":[\"https:\/\/serrafm879.com.br\/serrafm\/2021\/01\/maia-acusa-governo-de-prometer-r-20-bilhoes-em-emendas-por-votos-na-eleicao-da-camara\/\"]}]},{\"@type\":\"ImageObject\",\"inLanguage\":\"pt-BR\",\"@id\":\"https:\/\/serrafm879.com.br\/serrafm\/2021\/01\/maia-acusa-governo-de-prometer-r-20-bilhoes-em-emendas-por-votos-na-eleicao-da-camara\/#primaryimage\",\"url\":\"https:\/\/serrafm879.com.br\/serrafm\/wp-content\/uploads\/2020\/11\/rodrigomaia.jpg\",\"contentUrl\":\"https:\/\/serrafm879.com.br\/serrafm\/wp-content\/uploads\/2020\/11\/rodrigomaia.jpg\",\"width\":450,\"height\":337},{\"@type\":\"BreadcrumbList\",\"@id\":\"https:\/\/serrafm879.com.br\/serrafm\/2021\/01\/maia-acusa-governo-de-prometer-r-20-bilhoes-em-emendas-por-votos-na-eleicao-da-camara\/#breadcrumb\",\"itemListElement\":[{\"@type\":\"ListItem\",\"position\":1,\"name\":\"In\u00edcio\",\"item\":\"https:\/\/serrafm879.com.br\/serrafm\/\"},{\"@type\":\"ListItem\",\"position\":2,\"name\":\"Maia acusa governo de prometer R$ 20 bilh\u00f5es em emendas por votos na elei\u00e7\u00e3o da C\u00e2mara\"}]},{\"@type\":\"WebSite\",\"@id\":\"https:\/\/serrafm879.com.br\/serrafm\/#website\",\"url\":\"https:\/\/serrafm879.com.br\/serrafm\/\",\"name\":\"Serra FM 87,9\",\"description\":\"O seu novo amor!\",\"potentialAction\":[{\"@type\":\"SearchAction\",\"target\":{\"@type\":\"EntryPoint\",\"urlTemplate\":\"https:\/\/serrafm879.com.br\/serrafm\/?s={search_term_string}\"},\"query-input\":{\"@type\":\"PropertyValueSpecification\",\"valueRequired\":true,\"valueName\":\"search_term_string\"}}],\"inLanguage\":\"pt-BR\"},{\"@type\":\"Person\",\"@id\":\"https:\/\/serrafm879.com.br\/serrafm\/#\/schema\/person\/c028a197030ff8b1c03c68dfba4a787a\",\"name\":\"serrafm87\",\"image\":{\"@type\":\"ImageObject\",\"inLanguage\":\"pt-BR\",\"@id\":\"https:\/\/serrafm879.com.br\/serrafm\/#\/schema\/person\/image\/\",\"url\":\"https:\/\/secure.gravatar.com\/avatar\/a743233f1112d34f48bb3dc9559b76eb930bab8b27175856cba6362608736235?s=96&d=mm&r=g\",\"contentUrl\":\"https:\/\/secure.gravatar.com\/avatar\/a743233f1112d34f48bb3dc9559b76eb930bab8b27175856cba6362608736235?s=96&d=mm&r=g\",\"caption\":\"serrafm87\"},\"sameAs\":[\"http:\/\/serrafm879.com.br\/\"],\"url\":\"https:\/\/serrafm879.com.br\/serrafm\/author\/serrafm87\/\"}]}<\/script>\n<!-- \/ Yoast SEO plugin. -->","yoast_head_json":{"title":"Maia acusa governo de prometer R$ 20 bilh\u00f5es em emendas por votos na elei\u00e7\u00e3o da C\u00e2mara - Serra FM 87,9","robots":{"index":"index","follow":"follow","max-snippet":"max-snippet:-1","max-image-preview":"max-image-preview:large","max-video-preview":"max-video-preview:-1"},"canonical":"https:\/\/serrafm879.com.br\/serrafm\/2021\/01\/maia-acusa-governo-de-prometer-r-20-bilhoes-em-emendas-por-votos-na-eleicao-da-camara\/","og_locale":"pt_BR","og_type":"article","og_title":"Maia acusa governo de prometer R$ 20 bilh\u00f5es em emendas por votos na elei\u00e7\u00e3o da C\u00e2mara - Serra FM 87,9","og_description":"O presidente da C\u00e2mara dos Deputados, Rodrigo Maia (DEM-RJ), acusou nesta quarta-feira o governo Jair Bolsonaro de prometer R$ 20 bilh\u00f5es em emendas parlamentares em troca de votos para elei\u00e7\u00e3o na C\u00e2mara dos Deputados. Em meio a uma\u00a0crise no pr\u00f3prio partido, o DEM, cuja bancada est\u00e1 dividida, ele disse que o candidato\u00a0apoiado pelo Pal\u00e1cio do Planalto, Arthur Lira (PP-AL), ter\u00e1 dificuldades de cumprir essa promessa, j\u00e1 que seria um valor inexequ\u00edvel para o Or\u00e7amento previsto para 2021. \u2014 Pela conta que eu fiz, e pelo or\u00e7amento que n\u00f3s teremos para 2021, pelo que eu j\u00e1 vi que o governo est\u00e1 [&hellip;]","og_url":"https:\/\/serrafm879.com.br\/serrafm\/2021\/01\/maia-acusa-governo-de-prometer-r-20-bilhoes-em-emendas-por-votos-na-eleicao-da-camara\/","og_site_name":"Serra FM 87,9","article_published_time":"2021-01-28T12:50:23+00:00","og_image":[{"width":450,"height":337,"url":"https:\/\/serrafm879.com.br\/serrafm\/wp-content\/uploads\/2020\/11\/rodrigomaia.jpg","type":"image\/jpeg"}],"author":"serrafm87","twitter_card":"summary_large_image","twitter_misc":{"Escrito por":"serrafm87","Est. tempo de leitura":"3 minutos"},"schema":{"@context":"https:\/\/schema.org","@graph":[{"@type":"WebPage","@id":"https:\/\/serrafm879.com.br\/serrafm\/2021\/01\/maia-acusa-governo-de-prometer-r-20-bilhoes-em-emendas-por-votos-na-eleicao-da-camara\/","url":"https:\/\/serrafm879.com.br\/serrafm\/2021\/01\/maia-acusa-governo-de-prometer-r-20-bilhoes-em-emendas-por-votos-na-eleicao-da-camara\/","name":"Maia acusa governo de prometer R$ 20 bilh\u00f5es em emendas por votos na elei\u00e7\u00e3o da C\u00e2mara - Serra FM 87,9","isPartOf":{"@id":"https:\/\/serrafm879.com.br\/serrafm\/#website"},"primaryImageOfPage":{"@id":"https:\/\/serrafm879.com.br\/serrafm\/2021\/01\/maia-acusa-governo-de-prometer-r-20-bilhoes-em-emendas-por-votos-na-eleicao-da-camara\/#primaryimage"},"image":{"@id":"https:\/\/serrafm879.com.br\/serrafm\/2021\/01\/maia-acusa-governo-de-prometer-r-20-bilhoes-em-emendas-por-votos-na-eleicao-da-camara\/#primaryimage"},"thumbnailUrl":"https:\/\/serrafm879.com.br\/serrafm\/wp-content\/uploads\/2020\/11\/rodrigomaia.jpg","datePublished":"2021-01-28T12:50:23+00:00","author":{"@id":"https:\/\/serrafm879.com.br\/serrafm\/#\/schema\/person\/c028a197030ff8b1c03c68dfba4a787a"},"breadcrumb":{"@id":"https:\/\/serrafm879.com.br\/serrafm\/2021\/01\/maia-acusa-governo-de-prometer-r-20-bilhoes-em-emendas-por-votos-na-eleicao-da-camara\/#breadcrumb"},"inLanguage":"pt-BR","potentialAction":[{"@type":"ReadAction","target":["https:\/\/serrafm879.com.br\/serrafm\/2021\/01\/maia-acusa-governo-de-prometer-r-20-bilhoes-em-emendas-por-votos-na-eleicao-da-camara\/"]}]},{"@type":"ImageObject","inLanguage":"pt-BR","@id":"https:\/\/serrafm879.com.br\/serrafm\/2021\/01\/maia-acusa-governo-de-prometer-r-20-bilhoes-em-emendas-por-votos-na-eleicao-da-camara\/#primaryimage","url":"https:\/\/serrafm879.com.br\/serrafm\/wp-content\/uploads\/2020\/11\/rodrigomaia.jpg","contentUrl":"https:\/\/serrafm879.com.br\/serrafm\/wp-content\/uploads\/2020\/11\/rodrigomaia.jpg","width":450,"height":337},{"@type":"BreadcrumbList","@id":"https:\/\/serrafm879.com.br\/serrafm\/2021\/01\/maia-acusa-governo-de-prometer-r-20-bilhoes-em-emendas-por-votos-na-eleicao-da-camara\/#breadcrumb","itemListElement":[{"@type":"ListItem","position":1,"name":"In\u00edcio","item":"https:\/\/serrafm879.com.br\/serrafm\/"},{"@type":"ListItem","position":2,"name":"Maia acusa governo de prometer R$ 20 bilh\u00f5es em emendas por votos na elei\u00e7\u00e3o da C\u00e2mara"}]},{"@type":"WebSite","@id":"https:\/\/serrafm879.com.br\/serrafm\/#website","url":"https:\/\/serrafm879.com.br\/serrafm\/","name":"Serra FM 87,9","description":"O seu novo amor!","potentialAction":[{"@type":"SearchAction","target":{"@type":"EntryPoint","urlTemplate":"https:\/\/serrafm879.com.br\/serrafm\/?s={search_term_string}"},"query-input":{"@type":"PropertyValueSpecification","valueRequired":true,"valueName":"search_term_string"}}],"inLanguage":"pt-BR"},{"@type":"Person","@id":"https:\/\/serrafm879.com.br\/serrafm\/#\/schema\/person\/c028a197030ff8b1c03c68dfba4a787a","name":"serrafm87","image":{"@type":"ImageObject","inLanguage":"pt-BR","@id":"https:\/\/serrafm879.com.br\/serrafm\/#\/schema\/person\/image\/","url":"https:\/\/secure.gravatar.com\/avatar\/a743233f1112d34f48bb3dc9559b76eb930bab8b27175856cba6362608736235?s=96&d=mm&r=g","contentUrl":"https:\/\/secure.gravatar.com\/avatar\/a743233f1112d34f48bb3dc9559b76eb930bab8b27175856cba6362608736235?s=96&d=mm&r=g","caption":"serrafm87"},"sameAs":["http:\/\/serrafm879.com.br\/"],"url":"https:\/\/serrafm879.com.br\/serrafm\/author\/serrafm87\/"}]}},"jetpack_featured_media_url":"https:\/\/serrafm879.com.br\/serrafm\/wp-content\/uploads\/2020\/11\/rodrigomaia.jpg","jetpack_shortlink":"https:\/\/wp.me\/p7HyXg-187","jetpack_sharing_enabled":true,"_links":{"self":[{"href":"https:\/\/serrafm879.com.br\/serrafm\/wp-json\/wp\/v2\/posts\/4347","targetHints":{"allow":["GET"]}}],"collection":[{"href":"https:\/\/serrafm879.com.br\/serrafm\/wp-json\/wp\/v2\/posts"}],"about":[{"href":"https:\/\/serrafm879.com.br\/serrafm\/wp-json\/wp\/v2\/types\/post"}],"author":[{"embeddable":true,"href":"https:\/\/serrafm879.com.br\/serrafm\/wp-json\/wp\/v2\/users\/2"}],"replies":[{"embeddable":true,"href":"https:\/\/serrafm879.com.br\/serrafm\/wp-json\/wp\/v2\/comments?post=4347"}],"version-history":[{"count":1,"href":"https:\/\/serrafm879.com.br\/serrafm\/wp-json\/wp\/v2\/posts\/4347\/revisions"}],"predecessor-version":[{"id":4348,"href":"https:\/\/serrafm879.com.br\/serrafm\/wp-json\/wp\/v2\/posts\/4347\/revisions\/4348"}],"wp:featuredmedia":[{"embeddable":true,"href":"https:\/\/serrafm879.com.br\/serrafm\/wp-json\/wp\/v2\/media\/3999"}],"wp:attachment":[{"href":"https:\/\/serrafm879.com.br\/serrafm\/wp-json\/wp\/v2\/media?parent=4347"}],"wp:term":[{"taxonomy":"category","embeddable":true,"href":"https:\/\/serrafm879.com.br\/serrafm\/wp-json\/wp\/v2\/categories?post=4347"},{"taxonomy":"post_tag","embeddable":true,"href":"https:\/\/serrafm879.com.br\/serrafm\/wp-json\/wp\/v2\/tags?post=4347"}],"curies":[{"name":"wp","href":"https:\/\/api.w.org\/{rel}","templated":true}]}}