{"id":4352,"date":"2021-01-28T09:54:17","date_gmt":"2021-01-28T12:54:17","guid":{"rendered":"https:\/?p=4352"},"modified":"2021-01-28T09:54:17","modified_gmt":"2021-01-28T12:54:17","slug":"secretarios-estaduais-de-saude-criticam-aval-do-governo-compra-de-vacinas-por-empresas","status":"publish","type":"post","link":"https:\/\/serrafm879.com.br\/serrafm\/2021\/01\/secretarios-estaduais-de-saude-criticam-aval-do-governo-compra-de-vacinas-por-empresas\/","title":{"rendered":"Secret\u00e1rios estaduais de sa\u00fade criticam aval do governo \u00e0 compra de vacinas por empresas"},"content":{"rendered":"<p>Secret\u00e1rios estaduais de sa\u00fade divulgaram uma nota nesta quarta-feira (27) em que criticam a posi\u00e7\u00e3o do governo em dar aval para que empresas privadas negociem a compra de at\u00e9 33 milh\u00f5es de doses de vacinas contra Covid-19 para seus funcion\u00e1rios. Para o grupo, a imuniza\u00e7\u00e3o precisa seguir crit\u00e9rios t\u00e9cnicos, &#8220;e n\u00e3o o poder de compra&#8221;.<\/p>\n<div id=\"ad-middle\" class=\" adRef\" data-google-query-id=\"CIa3__TVvu4CFegHuQYd2hQCQg\">\n<div id=\"google_ads_iframe_\/21867286880\/folhape\/vmiddle_0__container__\"><\/div>\n<\/div>\n<p>&#8220;Diante da escassez de imunizantes nesta primeira etapa da campanha, \u00e9 indispens\u00e1vel que doses existentes sejam dirigidas a grupos mais vulner\u00e1veis&#8221;, afirma a nota.<\/p>\n<p>A negocia\u00e7\u00e3o entre as empresas e a consulta ao governo foi revelada no domingo (24) pelo jornal Folha de S.Paulo. Em nota, por\u00e9m, secret\u00e1rios dizem ter recebido &#8220;com surpresa&#8221; a not\u00edcia de que o governo concordou com a possibilidade de aquisi\u00e7\u00e3o -que, segundo empres\u00e1rios, envolveria doses da vacina de Oxford, da AstraZeneca.<\/p>\n<div class=\"dn_noticiasRelacionadas\">\n<div class=\"spacer30\"><\/div>\n<\/div>\n<p>&#8220;Se a farmac\u00eautica tem 33 milh\u00f5es de doses dispon\u00edveis, por que o governo federal n\u00e3o se disp\u00f5e a compr\u00e1-las em sua totalidade e, com isso, providenciar a prote\u00e7\u00e3o para os que mais precisam?&#8221;, questiona a nota dos secret\u00e1rios, que \u00e9 assinada pelo Conass, conselho que representa o grupo.<\/p>\n<p>Nesta ter\u00e7a (26), em meio \u00e0 pol\u00eamica, a AstraZeneca divulgou um posicionamento em que nega a possibilidade de venda ao setor privado. Empresas, por\u00e9m, dizem que seguem negociando com o fundo de investimentos BlackRock, que tem participa\u00e7\u00e3o na farmac\u00eautica.<\/p>\n<p>Ao mesmo tempo, governo tem repetido que n\u00e3o se op\u00f5e a uma poss\u00edvel aquisi\u00e7\u00e3o, desde que com condi\u00e7\u00f5es, como a doa\u00e7\u00e3o de metade das doses ao SUS -ou 16,5 milh\u00f5es- e medidas de rastreabilidade.<\/p>\n<p>Para o Conass, por\u00e9m, a possibilidade de haver doses destinadas a empresas fere os princ\u00edpios do SUS e cria &#8220;categorias de brasileiros de primeira e segunda classe&#8221;.<\/p>\n<p>&#8220;Um dos pilares do sistema \u00e9 a universalidade. Todas as pessoas que residem no pa\u00eds, trabalhadores ou n\u00e3o, t\u00eam direito ao acesso ao atendimento p\u00fablico de sa\u00fade -o que inclui vacinas. Permitir a vacina\u00e7\u00e3o de trabalhadores ligados a um grupo de empresas espec\u00edficas \u00e9 romper com esse princ\u00edpio&#8221;, diz.<\/p>\n<p>No documento, o conselho diz ainda que n\u00e3o se op\u00f5e \u00e0 vacina\u00e7\u00e3o na rede privada, mas que a medida n\u00e3o cabe neste momento.<\/p>\n<p>&#8220;O Conass aplaudiria o esp\u00edrito c\u00edvico das empresas que se dispusessem a colaborar com o SUS ao comprarem vacinas j\u00e1 reconhecidas e destin\u00e1-las ao PNI em sua totalidade&#8221;, finaliza.<\/p>\n","protected":false},"excerpt":{"rendered":"<p>Secret\u00e1rios estaduais de sa\u00fade divulgaram uma nota nesta quarta-feira (27) em que criticam a posi\u00e7\u00e3o do governo em dar aval para que empresas privadas negociem a compra de at\u00e9 33 milh\u00f5es de doses de vacinas contra Covid-19 para seus funcion\u00e1rios. Para o grupo, a imuniza\u00e7\u00e3o precisa seguir crit\u00e9rios t\u00e9cnicos, &#8220;e n\u00e3o o poder de compra&#8221;. &#8220;Diante da escassez de imunizantes nesta primeira etapa da campanha, \u00e9 indispens\u00e1vel que doses existentes sejam dirigidas a grupos mais vulner\u00e1veis&#8221;, afirma a nota. A negocia\u00e7\u00e3o entre as empresas e a consulta ao governo foi revelada no domingo (24) pelo jornal Folha de S.Paulo. Em [&hellip;]<\/p>\n","protected":false},"author":2,"featured_media":3774,"comment_status":"open","ping_status":"open","sticky":false,"template":"","format":"standard","meta":{"_jetpack_memberships_contains_paid_content":false,"footnotes":"","jetpack_publicize_message":"","jetpack_publicize_feature_enabled":true,"jetpack_social_post_already_shared":true,"jetpack_social_options":{"image_generator_settings":{"template":"highway","enabled":false},"version":2}},"categories":[2],"tags":[],"class_list":["post-4352","post","type-post","status-publish","format-standard","has-post-thumbnail","hentry","category-noticias"],"jetpack_publicize_connections":[],"yoast_head":"<!-- This site is optimized with the Yoast SEO plugin v24.7 - https:\/\/yoast.com\/wordpress\/plugins\/seo\/ -->\n<title>Secret\u00e1rios estaduais de sa\u00fade criticam aval do governo \u00e0 compra de vacinas por empresas - Serra FM 87,9<\/title>\n<meta name=\"robots\" content=\"index, follow, max-snippet:-1, max-image-preview:large, max-video-preview:-1\" \/>\n<link rel=\"canonical\" href=\"https:\/\/serrafm879.com.br\/serrafm\/2021\/01\/secretarios-estaduais-de-saude-criticam-aval-do-governo-compra-de-vacinas-por-empresas\/\" \/>\n<meta property=\"og:locale\" content=\"pt_BR\" \/>\n<meta property=\"og:type\" content=\"article\" \/>\n<meta property=\"og:title\" content=\"Secret\u00e1rios estaduais de sa\u00fade criticam aval do governo \u00e0 compra de vacinas por empresas - Serra FM 87,9\" \/>\n<meta property=\"og:description\" content=\"Secret\u00e1rios estaduais de sa\u00fade divulgaram uma nota nesta quarta-feira (27) em que criticam a posi\u00e7\u00e3o do governo em dar aval para que empresas privadas negociem a compra de at\u00e9 33 milh\u00f5es de doses de vacinas contra Covid-19 para seus funcion\u00e1rios. Para o grupo, a imuniza\u00e7\u00e3o precisa seguir crit\u00e9rios t\u00e9cnicos, &#8220;e n\u00e3o o poder de compra&#8221;. &#8220;Diante da escassez de imunizantes nesta primeira etapa da campanha, \u00e9 indispens\u00e1vel que doses existentes sejam dirigidas a grupos mais vulner\u00e1veis&#8221;, afirma a nota. A negocia\u00e7\u00e3o entre as empresas e a consulta ao governo foi revelada no domingo (24) pelo jornal Folha de S.Paulo. Em [&hellip;]\" \/>\n<meta property=\"og:url\" content=\"https:\/\/serrafm879.com.br\/serrafm\/2021\/01\/secretarios-estaduais-de-saude-criticam-aval-do-governo-compra-de-vacinas-por-empresas\/\" \/>\n<meta property=\"og:site_name\" content=\"Serra FM 87,9\" \/>\n<meta property=\"article:published_time\" content=\"2021-01-28T12:54:17+00:00\" \/>\n<meta property=\"og:image\" content=\"https:\/\/serrafm879.com.br\/serrafm\/wp-content\/uploads\/2020\/08\/sarampo.jpg\" \/>\n\t<meta property=\"og:image:width\" content=\"1170\" \/>\n\t<meta property=\"og:image:height\" content=\"700\" \/>\n\t<meta property=\"og:image:type\" content=\"image\/jpeg\" \/>\n<meta name=\"author\" content=\"serrafm87\" \/>\n<meta name=\"twitter:card\" content=\"summary_large_image\" \/>\n<meta name=\"twitter:label1\" content=\"Escrito por\" \/>\n\t<meta name=\"twitter:data1\" content=\"serrafm87\" \/>\n\t<meta name=\"twitter:label2\" content=\"Est. tempo de leitura\" \/>\n\t<meta name=\"twitter:data2\" content=\"2 minutos\" \/>\n<script type=\"application\/ld+json\" class=\"yoast-schema-graph\">{\"@context\":\"https:\/\/schema.org\",\"@graph\":[{\"@type\":\"WebPage\",\"@id\":\"https:\/\/serrafm879.com.br\/serrafm\/2021\/01\/secretarios-estaduais-de-saude-criticam-aval-do-governo-compra-de-vacinas-por-empresas\/\",\"url\":\"https:\/\/serrafm879.com.br\/serrafm\/2021\/01\/secretarios-estaduais-de-saude-criticam-aval-do-governo-compra-de-vacinas-por-empresas\/\",\"name\":\"Secret\u00e1rios estaduais de sa\u00fade criticam aval do governo \u00e0 compra de vacinas por empresas - Serra FM 87,9\",\"isPartOf\":{\"@id\":\"https:\/\/serrafm879.com.br\/serrafm\/#website\"},\"primaryImageOfPage\":{\"@id\":\"https:\/\/serrafm879.com.br\/serrafm\/2021\/01\/secretarios-estaduais-de-saude-criticam-aval-do-governo-compra-de-vacinas-por-empresas\/#primaryimage\"},\"image\":{\"@id\":\"https:\/\/serrafm879.com.br\/serrafm\/2021\/01\/secretarios-estaduais-de-saude-criticam-aval-do-governo-compra-de-vacinas-por-empresas\/#primaryimage\"},\"thumbnailUrl\":\"https:\/\/serrafm879.com.br\/serrafm\/wp-content\/uploads\/2020\/08\/sarampo.jpg\",\"datePublished\":\"2021-01-28T12:54:17+00:00\",\"author\":{\"@id\":\"https:\/\/serrafm879.com.br\/serrafm\/#\/schema\/person\/c028a197030ff8b1c03c68dfba4a787a\"},\"breadcrumb\":{\"@id\":\"https:\/\/serrafm879.com.br\/serrafm\/2021\/01\/secretarios-estaduais-de-saude-criticam-aval-do-governo-compra-de-vacinas-por-empresas\/#breadcrumb\"},\"inLanguage\":\"pt-BR\",\"potentialAction\":[{\"@type\":\"ReadAction\",\"target\":[\"https:\/\/serrafm879.com.br\/serrafm\/2021\/01\/secretarios-estaduais-de-saude-criticam-aval-do-governo-compra-de-vacinas-por-empresas\/\"]}]},{\"@type\":\"ImageObject\",\"inLanguage\":\"pt-BR\",\"@id\":\"https:\/\/serrafm879.com.br\/serrafm\/2021\/01\/secretarios-estaduais-de-saude-criticam-aval-do-governo-compra-de-vacinas-por-empresas\/#primaryimage\",\"url\":\"https:\/\/serrafm879.com.br\/serrafm\/wp-content\/uploads\/2020\/08\/sarampo.jpg\",\"contentUrl\":\"https:\/\/serrafm879.com.br\/serrafm\/wp-content\/uploads\/2020\/08\/sarampo.jpg\",\"width\":1170,\"height\":700,\"caption\":\"Primeiro dia da campanha estadual do Dia D de Vacina\u00e7\u00e3o Contra o Sarampo no Rio de Janeiro, caminh\u00e3o itinerante da Secretaria Estadual de Sa\u00fade\"},{\"@type\":\"BreadcrumbList\",\"@id\":\"https:\/\/serrafm879.com.br\/serrafm\/2021\/01\/secretarios-estaduais-de-saude-criticam-aval-do-governo-compra-de-vacinas-por-empresas\/#breadcrumb\",\"itemListElement\":[{\"@type\":\"ListItem\",\"position\":1,\"name\":\"In\u00edcio\",\"item\":\"https:\/\/serrafm879.com.br\/serrafm\/\"},{\"@type\":\"ListItem\",\"position\":2,\"name\":\"Secret\u00e1rios estaduais de sa\u00fade criticam aval do governo \u00e0 compra de vacinas por empresas\"}]},{\"@type\":\"WebSite\",\"@id\":\"https:\/\/serrafm879.com.br\/serrafm\/#website\",\"url\":\"https:\/\/serrafm879.com.br\/serrafm\/\",\"name\":\"Serra FM 87,9\",\"description\":\"O seu novo amor!\",\"potentialAction\":[{\"@type\":\"SearchAction\",\"target\":{\"@type\":\"EntryPoint\",\"urlTemplate\":\"https:\/\/serrafm879.com.br\/serrafm\/?s={search_term_string}\"},\"query-input\":{\"@type\":\"PropertyValueSpecification\",\"valueRequired\":true,\"valueName\":\"search_term_string\"}}],\"inLanguage\":\"pt-BR\"},{\"@type\":\"Person\",\"@id\":\"https:\/\/serrafm879.com.br\/serrafm\/#\/schema\/person\/c028a197030ff8b1c03c68dfba4a787a\",\"name\":\"serrafm87\",\"image\":{\"@type\":\"ImageObject\",\"inLanguage\":\"pt-BR\",\"@id\":\"https:\/\/serrafm879.com.br\/serrafm\/#\/schema\/person\/image\/\",\"url\":\"https:\/\/secure.gravatar.com\/avatar\/a743233f1112d34f48bb3dc9559b76eb930bab8b27175856cba6362608736235?s=96&d=mm&r=g\",\"contentUrl\":\"https:\/\/secure.gravatar.com\/avatar\/a743233f1112d34f48bb3dc9559b76eb930bab8b27175856cba6362608736235?s=96&d=mm&r=g\",\"caption\":\"serrafm87\"},\"sameAs\":[\"http:\/\/serrafm879.com.br\/\"],\"url\":\"https:\/\/serrafm879.com.br\/serrafm\/author\/serrafm87\/\"}]}<\/script>\n<!-- \/ Yoast SEO plugin. -->","yoast_head_json":{"title":"Secret\u00e1rios estaduais de sa\u00fade criticam aval do governo \u00e0 compra de vacinas por empresas - Serra FM 87,9","robots":{"index":"index","follow":"follow","max-snippet":"max-snippet:-1","max-image-preview":"max-image-preview:large","max-video-preview":"max-video-preview:-1"},"canonical":"https:\/\/serrafm879.com.br\/serrafm\/2021\/01\/secretarios-estaduais-de-saude-criticam-aval-do-governo-compra-de-vacinas-por-empresas\/","og_locale":"pt_BR","og_type":"article","og_title":"Secret\u00e1rios estaduais de sa\u00fade criticam aval do governo \u00e0 compra de vacinas por empresas - Serra FM 87,9","og_description":"Secret\u00e1rios estaduais de sa\u00fade divulgaram uma nota nesta quarta-feira (27) em que criticam a posi\u00e7\u00e3o do governo em dar aval para que empresas privadas negociem a compra de at\u00e9 33 milh\u00f5es de doses de vacinas contra Covid-19 para seus funcion\u00e1rios. Para o grupo, a imuniza\u00e7\u00e3o precisa seguir crit\u00e9rios t\u00e9cnicos, &#8220;e n\u00e3o o poder de compra&#8221;. &#8220;Diante da escassez de imunizantes nesta primeira etapa da campanha, \u00e9 indispens\u00e1vel que doses existentes sejam dirigidas a grupos mais vulner\u00e1veis&#8221;, afirma a nota. A negocia\u00e7\u00e3o entre as empresas e a consulta ao governo foi revelada no domingo (24) pelo jornal Folha de S.Paulo. Em [&hellip;]","og_url":"https:\/\/serrafm879.com.br\/serrafm\/2021\/01\/secretarios-estaduais-de-saude-criticam-aval-do-governo-compra-de-vacinas-por-empresas\/","og_site_name":"Serra FM 87,9","article_published_time":"2021-01-28T12:54:17+00:00","og_image":[{"width":1170,"height":700,"url":"https:\/\/serrafm879.com.br\/serrafm\/wp-content\/uploads\/2020\/08\/sarampo.jpg","type":"image\/jpeg"}],"author":"serrafm87","twitter_card":"summary_large_image","twitter_misc":{"Escrito por":"serrafm87","Est. tempo de leitura":"2 minutos"},"schema":{"@context":"https:\/\/schema.org","@graph":[{"@type":"WebPage","@id":"https:\/\/serrafm879.com.br\/serrafm\/2021\/01\/secretarios-estaduais-de-saude-criticam-aval-do-governo-compra-de-vacinas-por-empresas\/","url":"https:\/\/serrafm879.com.br\/serrafm\/2021\/01\/secretarios-estaduais-de-saude-criticam-aval-do-governo-compra-de-vacinas-por-empresas\/","name":"Secret\u00e1rios estaduais de sa\u00fade criticam aval do governo \u00e0 compra de vacinas por empresas - Serra FM 87,9","isPartOf":{"@id":"https:\/\/serrafm879.com.br\/serrafm\/#website"},"primaryImageOfPage":{"@id":"https:\/\/serrafm879.com.br\/serrafm\/2021\/01\/secretarios-estaduais-de-saude-criticam-aval-do-governo-compra-de-vacinas-por-empresas\/#primaryimage"},"image":{"@id":"https:\/\/serrafm879.com.br\/serrafm\/2021\/01\/secretarios-estaduais-de-saude-criticam-aval-do-governo-compra-de-vacinas-por-empresas\/#primaryimage"},"thumbnailUrl":"https:\/\/serrafm879.com.br\/serrafm\/wp-content\/uploads\/2020\/08\/sarampo.jpg","datePublished":"2021-01-28T12:54:17+00:00","author":{"@id":"https:\/\/serrafm879.com.br\/serrafm\/#\/schema\/person\/c028a197030ff8b1c03c68dfba4a787a"},"breadcrumb":{"@id":"https:\/\/serrafm879.com.br\/serrafm\/2021\/01\/secretarios-estaduais-de-saude-criticam-aval-do-governo-compra-de-vacinas-por-empresas\/#breadcrumb"},"inLanguage":"pt-BR","potentialAction":[{"@type":"ReadAction","target":["https:\/\/serrafm879.com.br\/serrafm\/2021\/01\/secretarios-estaduais-de-saude-criticam-aval-do-governo-compra-de-vacinas-por-empresas\/"]}]},{"@type":"ImageObject","inLanguage":"pt-BR","@id":"https:\/\/serrafm879.com.br\/serrafm\/2021\/01\/secretarios-estaduais-de-saude-criticam-aval-do-governo-compra-de-vacinas-por-empresas\/#primaryimage","url":"https:\/\/serrafm879.com.br\/serrafm\/wp-content\/uploads\/2020\/08\/sarampo.jpg","contentUrl":"https:\/\/serrafm879.com.br\/serrafm\/wp-content\/uploads\/2020\/08\/sarampo.jpg","width":1170,"height":700,"caption":"Primeiro dia da campanha estadual do Dia D de Vacina\u00e7\u00e3o Contra o Sarampo no Rio de Janeiro, caminh\u00e3o itinerante da Secretaria Estadual de Sa\u00fade"},{"@type":"BreadcrumbList","@id":"https:\/\/serrafm879.com.br\/serrafm\/2021\/01\/secretarios-estaduais-de-saude-criticam-aval-do-governo-compra-de-vacinas-por-empresas\/#breadcrumb","itemListElement":[{"@type":"ListItem","position":1,"name":"In\u00edcio","item":"https:\/\/serrafm879.com.br\/serrafm\/"},{"@type":"ListItem","position":2,"name":"Secret\u00e1rios estaduais de sa\u00fade criticam aval do governo \u00e0 compra de vacinas por empresas"}]},{"@type":"WebSite","@id":"https:\/\/serrafm879.com.br\/serrafm\/#website","url":"https:\/\/serrafm879.com.br\/serrafm\/","name":"Serra FM 87,9","description":"O seu novo amor!","potentialAction":[{"@type":"SearchAction","target":{"@type":"EntryPoint","urlTemplate":"https:\/\/serrafm879.com.br\/serrafm\/?s={search_term_string}"},"query-input":{"@type":"PropertyValueSpecification","valueRequired":true,"valueName":"search_term_string"}}],"inLanguage":"pt-BR"},{"@type":"Person","@id":"https:\/\/serrafm879.com.br\/serrafm\/#\/schema\/person\/c028a197030ff8b1c03c68dfba4a787a","name":"serrafm87","image":{"@type":"ImageObject","inLanguage":"pt-BR","@id":"https:\/\/serrafm879.com.br\/serrafm\/#\/schema\/person\/image\/","url":"https:\/\/secure.gravatar.com\/avatar\/a743233f1112d34f48bb3dc9559b76eb930bab8b27175856cba6362608736235?s=96&d=mm&r=g","contentUrl":"https:\/\/secure.gravatar.com\/avatar\/a743233f1112d34f48bb3dc9559b76eb930bab8b27175856cba6362608736235?s=96&d=mm&r=g","caption":"serrafm87"},"sameAs":["http:\/\/serrafm879.com.br\/"],"url":"https:\/\/serrafm879.com.br\/serrafm\/author\/serrafm87\/"}]}},"jetpack_featured_media_url":"https:\/\/serrafm879.com.br\/serrafm\/wp-content\/uploads\/2020\/08\/sarampo.jpg","jetpack_shortlink":"https:\/\/wp.me\/p7HyXg-18c","jetpack_sharing_enabled":true,"_links":{"self":[{"href":"https:\/\/serrafm879.com.br\/serrafm\/wp-json\/wp\/v2\/posts\/4352","targetHints":{"allow":["GET"]}}],"collection":[{"href":"https:\/\/serrafm879.com.br\/serrafm\/wp-json\/wp\/v2\/posts"}],"about":[{"href":"https:\/\/serrafm879.com.br\/serrafm\/wp-json\/wp\/v2\/types\/post"}],"author":[{"embeddable":true,"href":"https:\/\/serrafm879.com.br\/serrafm\/wp-json\/wp\/v2\/users\/2"}],"replies":[{"embeddable":true,"href":"https:\/\/serrafm879.com.br\/serrafm\/wp-json\/wp\/v2\/comments?post=4352"}],"version-history":[{"count":1,"href":"https:\/\/serrafm879.com.br\/serrafm\/wp-json\/wp\/v2\/posts\/4352\/revisions"}],"predecessor-version":[{"id":4353,"href":"https:\/\/serrafm879.com.br\/serrafm\/wp-json\/wp\/v2\/posts\/4352\/revisions\/4353"}],"wp:featuredmedia":[{"embeddable":true,"href":"https:\/\/serrafm879.com.br\/serrafm\/wp-json\/wp\/v2\/media\/3774"}],"wp:attachment":[{"href":"https:\/\/serrafm879.com.br\/serrafm\/wp-json\/wp\/v2\/media?parent=4352"}],"wp:term":[{"taxonomy":"category","embeddable":true,"href":"https:\/\/serrafm879.com.br\/serrafm\/wp-json\/wp\/v2\/categories?post=4352"},{"taxonomy":"post_tag","embeddable":true,"href":"https:\/\/serrafm879.com.br\/serrafm\/wp-json\/wp\/v2\/tags?post=4352"}],"curies":[{"name":"wp","href":"https:\/\/api.w.org\/{rel}","templated":true}]}}