{"id":4356,"date":"2021-01-28T10:05:06","date_gmt":"2021-01-28T13:05:06","guid":{"rendered":"https:\/?p=4356"},"modified":"2021-01-28T10:05:06","modified_gmt":"2021-01-28T13:05:06","slug":"estudo-indica-que-covid-19-pode-alterar-o-padrao-de-conectividade-funcional-do-cerebro","status":"publish","type":"post","link":"https:\/\/serrafm879.com.br\/serrafm\/2021\/01\/estudo-indica-que-covid-19-pode-alterar-o-padrao-de-conectividade-funcional-do-cerebro\/","title":{"rendered":"Estudo indica que Covid-19 pode alterar o padr\u00e3o de conectividade funcional do c\u00e9rebro"},"content":{"rendered":"<p>Dados preliminares de um estudo conduzido na Universidade Estadual de Campinas (Unicamp) sugerem que a Covid-19 \u2013 mesmo nos casos leves \u2013 pode alterar o padr\u00e3o de conectividade funcional do c\u00e9rebro, causando uma esp\u00e9cie de \u201ccurto-circuito\u201d no \u00f3rg\u00e3o.<\/p>\n<p>As conclus\u00f5es se baseiam em exames de resson\u00e2ncia magn\u00e9tica funcional (com sequ\u00eancia de repouso) feitos em 86 volunt\u00e1rios que j\u00e1 haviam se curado da infec\u00e7\u00e3o h\u00e1 pelo menos dois meses. Os resultados foram comparados com os de 125 indiv\u00edduos que n\u00e3o tiveram a doen\u00e7a e serviram como controle.<\/p>\n<p>\u201cNo c\u00e9rebro normal, determinadas \u00e1reas est\u00e3o sincronizadas durante uma atividade, enquanto outras est\u00e3o em repouso. J\u00e1 no caso desses indiv\u00edduos que tiveram Covid-19, notamos uma perda severa da especificidade das redes cerebrais. Tudo est\u00e1 conectado ao mesmo tempo e isso provavelmente leva o c\u00e9rebro a gastar mais energia e trabalhar de forma menos eficiente\u201d, conta Clarissa Yasuda, professora da Faculdade de Ci\u00eancias M\u00e9dicas (FCM-Unicamp) e integrante do Instituto de Pesquisa sobre Neuroci\u00eancias e Neurotecnologia (BRAINN), um Centro de Pesquisa, Inova\u00e7\u00e3o e Difus\u00e3o (CEPID) da FAPESP.<\/p>\n<p>Os dados \u2013 ainda n\u00e3o publicados \u2013 foram apresentados por Yasuda, nessa quarta-feira (27), durante o 7\u00ba BRAINN Congress. O estudo ainda est\u00e1 em andamento e o grupo tem a inten\u00e7\u00e3o de incluir mais participantes. A ideia \u00e9 acompanhar os desdobramentos cerebrais da infec\u00e7\u00e3o pelo SARS-CoV-2 durante ao menos tr\u00eas anos.<\/p>\n<p>Segundo Yasuda, ainda n\u00e3o se sabe de que modo o v\u00edrus causa essa altera\u00e7\u00e3o na conectividade cerebral, mas h\u00e1 algumas hip\u00f3teses a serem investigadas. \u201c\u00c9 poss\u00edvel que a infec\u00e7\u00e3o prejudique parte das redes neurais e, para compensar a falha no sinal, o c\u00e9rebro ative outras redes simultaneamente. Essa hiperconectividade pode tamb\u00e9m ser uma tentativa do c\u00e9rebro de restabelecer a comunica\u00e7\u00e3o nas \u00e1reas afetadas\u201d, diz a pesquisadora.<\/p>\n<p>Outra hip\u00f3tese a ser estudada pelo grupo da Unicamp \u00e9 se esse estado de disfun\u00e7\u00e3o cerebral tem rela\u00e7\u00e3o com alguns dos sintomas tardios da Covid-19 relatados por diversos pacientes, como fadiga, sonol\u00eancia diurna e altera\u00e7\u00f5es de mem\u00f3ria e concentra\u00e7\u00e3o.<\/p>\n<p>\u201cPretendemos comparar o funcionamento cerebral de pacientes que apresentam esses sintomas tardios com o de pessoas que se curaram da doen\u00e7a e ficaram sem sintomas. Se essa rela\u00e7\u00e3o entre hiperconectividade e sintomas neuropsicol\u00f3gicos persistentes se confirmar, poderemos pensar em drogas e outros tratamentos capazes de amenizar o quadro\u201d, conta \u00e0 Ag\u00eancia FAPESP.<\/p>\n<p>Ilustra\u00e7\u00e3o &#8211; Pixabay<\/p>\n<p>Por Ag\u00eancia Fapesp<\/p>\n","protected":false},"excerpt":{"rendered":"<p>Dados preliminares de um estudo conduzido na Universidade Estadual de Campinas (Unicamp) sugerem que a Covid-19 \u2013 mesmo nos casos leves \u2013 pode alterar o padr\u00e3o de conectividade funcional do c\u00e9rebro, causando uma esp\u00e9cie de \u201ccurto-circuito\u201d no \u00f3rg\u00e3o. As conclus\u00f5es se baseiam em exames de resson\u00e2ncia magn\u00e9tica funcional (com sequ\u00eancia de repouso) feitos em 86 volunt\u00e1rios que j\u00e1 haviam se curado da infec\u00e7\u00e3o h\u00e1 pelo menos dois meses. Os resultados foram comparados com os de 125 indiv\u00edduos que n\u00e3o tiveram a doen\u00e7a e serviram como controle. \u201cNo c\u00e9rebro normal, determinadas \u00e1reas est\u00e3o sincronizadas durante uma atividade, enquanto outras est\u00e3o em [&hellip;]<\/p>\n","protected":false},"author":2,"featured_media":4357,"comment_status":"open","ping_status":"open","sticky":false,"template":"","format":"standard","meta":{"_jetpack_memberships_contains_paid_content":false,"footnotes":"","jetpack_publicize_message":"","jetpack_publicize_feature_enabled":true,"jetpack_social_post_already_shared":true,"jetpack_social_options":{"image_generator_settings":{"template":"highway","enabled":false},"version":2}},"categories":[2],"tags":[],"class_list":["post-4356","post","type-post","status-publish","format-standard","has-post-thumbnail","hentry","category-noticias"],"jetpack_publicize_connections":[],"yoast_head":"<!-- This site is optimized with the Yoast SEO plugin v24.7 - https:\/\/yoast.com\/wordpress\/plugins\/seo\/ -->\n<title>Estudo indica que Covid-19 pode alterar o padr\u00e3o de conectividade funcional do c\u00e9rebro - Serra FM 87,9<\/title>\n<meta name=\"robots\" content=\"index, follow, max-snippet:-1, max-image-preview:large, max-video-preview:-1\" \/>\n<link rel=\"canonical\" href=\"https:\/\/serrafm879.com.br\/serrafm\/2021\/01\/estudo-indica-que-covid-19-pode-alterar-o-padrao-de-conectividade-funcional-do-cerebro\/\" \/>\n<meta property=\"og:locale\" content=\"pt_BR\" \/>\n<meta property=\"og:type\" content=\"article\" \/>\n<meta property=\"og:title\" content=\"Estudo indica que Covid-19 pode alterar o padr\u00e3o de conectividade funcional do c\u00e9rebro - Serra FM 87,9\" \/>\n<meta property=\"og:description\" content=\"Dados preliminares de um estudo conduzido na Universidade Estadual de Campinas (Unicamp) sugerem que a Covid-19 \u2013 mesmo nos casos leves \u2013 pode alterar o padr\u00e3o de conectividade funcional do c\u00e9rebro, causando uma esp\u00e9cie de \u201ccurto-circuito\u201d no \u00f3rg\u00e3o. As conclus\u00f5es se baseiam em exames de resson\u00e2ncia magn\u00e9tica funcional (com sequ\u00eancia de repouso) feitos em 86 volunt\u00e1rios que j\u00e1 haviam se curado da infec\u00e7\u00e3o h\u00e1 pelo menos dois meses. Os resultados foram comparados com os de 125 indiv\u00edduos que n\u00e3o tiveram a doen\u00e7a e serviram como controle. \u201cNo c\u00e9rebro normal, determinadas \u00e1reas est\u00e3o sincronizadas durante uma atividade, enquanto outras est\u00e3o em [&hellip;]\" \/>\n<meta property=\"og:url\" content=\"https:\/\/serrafm879.com.br\/serrafm\/2021\/01\/estudo-indica-que-covid-19-pode-alterar-o-padrao-de-conectividade-funcional-do-cerebro\/\" \/>\n<meta property=\"og:site_name\" content=\"Serra FM 87,9\" \/>\n<meta property=\"article:published_time\" content=\"2021-01-28T13:05:06+00:00\" \/>\n<meta property=\"og:image\" content=\"https:\/\/serrafm879.com.br\/serrafm\/wp-content\/uploads\/2021\/01\/brain-1787622-1920.jpg\" \/>\n\t<meta property=\"og:image:width\" content=\"1100\" \/>\n\t<meta property=\"og:image:height\" content=\"580\" \/>\n\t<meta property=\"og:image:type\" content=\"image\/jpeg\" \/>\n<meta name=\"author\" content=\"serrafm87\" \/>\n<meta name=\"twitter:card\" content=\"summary_large_image\" \/>\n<meta name=\"twitter:label1\" content=\"Escrito por\" \/>\n\t<meta name=\"twitter:data1\" content=\"serrafm87\" \/>\n\t<meta name=\"twitter:label2\" content=\"Est. tempo de leitura\" \/>\n\t<meta name=\"twitter:data2\" content=\"2 minutos\" \/>\n<script type=\"application\/ld+json\" class=\"yoast-schema-graph\">{\"@context\":\"https:\/\/schema.org\",\"@graph\":[{\"@type\":\"WebPage\",\"@id\":\"https:\/\/serrafm879.com.br\/serrafm\/2021\/01\/estudo-indica-que-covid-19-pode-alterar-o-padrao-de-conectividade-funcional-do-cerebro\/\",\"url\":\"https:\/\/serrafm879.com.br\/serrafm\/2021\/01\/estudo-indica-que-covid-19-pode-alterar-o-padrao-de-conectividade-funcional-do-cerebro\/\",\"name\":\"Estudo indica que Covid-19 pode alterar o padr\u00e3o de conectividade funcional do c\u00e9rebro - Serra FM 87,9\",\"isPartOf\":{\"@id\":\"https:\/\/serrafm879.com.br\/serrafm\/#website\"},\"primaryImageOfPage\":{\"@id\":\"https:\/\/serrafm879.com.br\/serrafm\/2021\/01\/estudo-indica-que-covid-19-pode-alterar-o-padrao-de-conectividade-funcional-do-cerebro\/#primaryimage\"},\"image\":{\"@id\":\"https:\/\/serrafm879.com.br\/serrafm\/2021\/01\/estudo-indica-que-covid-19-pode-alterar-o-padrao-de-conectividade-funcional-do-cerebro\/#primaryimage\"},\"thumbnailUrl\":\"https:\/\/serrafm879.com.br\/serrafm\/wp-content\/uploads\/2021\/01\/brain-1787622-1920.jpg\",\"datePublished\":\"2021-01-28T13:05:06+00:00\",\"author\":{\"@id\":\"https:\/\/serrafm879.com.br\/serrafm\/#\/schema\/person\/c028a197030ff8b1c03c68dfba4a787a\"},\"breadcrumb\":{\"@id\":\"https:\/\/serrafm879.com.br\/serrafm\/2021\/01\/estudo-indica-que-covid-19-pode-alterar-o-padrao-de-conectividade-funcional-do-cerebro\/#breadcrumb\"},\"inLanguage\":\"pt-BR\",\"potentialAction\":[{\"@type\":\"ReadAction\",\"target\":[\"https:\/\/serrafm879.com.br\/serrafm\/2021\/01\/estudo-indica-que-covid-19-pode-alterar-o-padrao-de-conectividade-funcional-do-cerebro\/\"]}]},{\"@type\":\"ImageObject\",\"inLanguage\":\"pt-BR\",\"@id\":\"https:\/\/serrafm879.com.br\/serrafm\/2021\/01\/estudo-indica-que-covid-19-pode-alterar-o-padrao-de-conectividade-funcional-do-cerebro\/#primaryimage\",\"url\":\"https:\/\/serrafm879.com.br\/serrafm\/wp-content\/uploads\/2021\/01\/brain-1787622-1920.jpg\",\"contentUrl\":\"https:\/\/serrafm879.com.br\/serrafm\/wp-content\/uploads\/2021\/01\/brain-1787622-1920.jpg\",\"width\":1100,\"height\":580},{\"@type\":\"BreadcrumbList\",\"@id\":\"https:\/\/serrafm879.com.br\/serrafm\/2021\/01\/estudo-indica-que-covid-19-pode-alterar-o-padrao-de-conectividade-funcional-do-cerebro\/#breadcrumb\",\"itemListElement\":[{\"@type\":\"ListItem\",\"position\":1,\"name\":\"In\u00edcio\",\"item\":\"https:\/\/serrafm879.com.br\/serrafm\/\"},{\"@type\":\"ListItem\",\"position\":2,\"name\":\"Estudo indica que Covid-19 pode alterar o padr\u00e3o de conectividade funcional do c\u00e9rebro\"}]},{\"@type\":\"WebSite\",\"@id\":\"https:\/\/serrafm879.com.br\/serrafm\/#website\",\"url\":\"https:\/\/serrafm879.com.br\/serrafm\/\",\"name\":\"Serra FM 87,9\",\"description\":\"O seu novo amor!\",\"potentialAction\":[{\"@type\":\"SearchAction\",\"target\":{\"@type\":\"EntryPoint\",\"urlTemplate\":\"https:\/\/serrafm879.com.br\/serrafm\/?s={search_term_string}\"},\"query-input\":{\"@type\":\"PropertyValueSpecification\",\"valueRequired\":true,\"valueName\":\"search_term_string\"}}],\"inLanguage\":\"pt-BR\"},{\"@type\":\"Person\",\"@id\":\"https:\/\/serrafm879.com.br\/serrafm\/#\/schema\/person\/c028a197030ff8b1c03c68dfba4a787a\",\"name\":\"serrafm87\",\"image\":{\"@type\":\"ImageObject\",\"inLanguage\":\"pt-BR\",\"@id\":\"https:\/\/serrafm879.com.br\/serrafm\/#\/schema\/person\/image\/\",\"url\":\"https:\/\/secure.gravatar.com\/avatar\/a743233f1112d34f48bb3dc9559b76eb930bab8b27175856cba6362608736235?s=96&d=mm&r=g\",\"contentUrl\":\"https:\/\/secure.gravatar.com\/avatar\/a743233f1112d34f48bb3dc9559b76eb930bab8b27175856cba6362608736235?s=96&d=mm&r=g\",\"caption\":\"serrafm87\"},\"sameAs\":[\"http:\/\/serrafm879.com.br\/\"],\"url\":\"https:\/\/serrafm879.com.br\/serrafm\/author\/serrafm87\/\"}]}<\/script>\n<!-- \/ Yoast SEO plugin. -->","yoast_head_json":{"title":"Estudo indica que Covid-19 pode alterar o padr\u00e3o de conectividade funcional do c\u00e9rebro - Serra FM 87,9","robots":{"index":"index","follow":"follow","max-snippet":"max-snippet:-1","max-image-preview":"max-image-preview:large","max-video-preview":"max-video-preview:-1"},"canonical":"https:\/\/serrafm879.com.br\/serrafm\/2021\/01\/estudo-indica-que-covid-19-pode-alterar-o-padrao-de-conectividade-funcional-do-cerebro\/","og_locale":"pt_BR","og_type":"article","og_title":"Estudo indica que Covid-19 pode alterar o padr\u00e3o de conectividade funcional do c\u00e9rebro - Serra FM 87,9","og_description":"Dados preliminares de um estudo conduzido na Universidade Estadual de Campinas (Unicamp) sugerem que a Covid-19 \u2013 mesmo nos casos leves \u2013 pode alterar o padr\u00e3o de conectividade funcional do c\u00e9rebro, causando uma esp\u00e9cie de \u201ccurto-circuito\u201d no \u00f3rg\u00e3o. As conclus\u00f5es se baseiam em exames de resson\u00e2ncia magn\u00e9tica funcional (com sequ\u00eancia de repouso) feitos em 86 volunt\u00e1rios que j\u00e1 haviam se curado da infec\u00e7\u00e3o h\u00e1 pelo menos dois meses. Os resultados foram comparados com os de 125 indiv\u00edduos que n\u00e3o tiveram a doen\u00e7a e serviram como controle. \u201cNo c\u00e9rebro normal, determinadas \u00e1reas est\u00e3o sincronizadas durante uma atividade, enquanto outras est\u00e3o em [&hellip;]","og_url":"https:\/\/serrafm879.com.br\/serrafm\/2021\/01\/estudo-indica-que-covid-19-pode-alterar-o-padrao-de-conectividade-funcional-do-cerebro\/","og_site_name":"Serra FM 87,9","article_published_time":"2021-01-28T13:05:06+00:00","og_image":[{"width":1100,"height":580,"url":"https:\/\/serrafm879.com.br\/serrafm\/wp-content\/uploads\/2021\/01\/brain-1787622-1920.jpg","type":"image\/jpeg"}],"author":"serrafm87","twitter_card":"summary_large_image","twitter_misc":{"Escrito por":"serrafm87","Est. tempo de leitura":"2 minutos"},"schema":{"@context":"https:\/\/schema.org","@graph":[{"@type":"WebPage","@id":"https:\/\/serrafm879.com.br\/serrafm\/2021\/01\/estudo-indica-que-covid-19-pode-alterar-o-padrao-de-conectividade-funcional-do-cerebro\/","url":"https:\/\/serrafm879.com.br\/serrafm\/2021\/01\/estudo-indica-que-covid-19-pode-alterar-o-padrao-de-conectividade-funcional-do-cerebro\/","name":"Estudo indica que Covid-19 pode alterar o padr\u00e3o de conectividade funcional do c\u00e9rebro - Serra FM 87,9","isPartOf":{"@id":"https:\/\/serrafm879.com.br\/serrafm\/#website"},"primaryImageOfPage":{"@id":"https:\/\/serrafm879.com.br\/serrafm\/2021\/01\/estudo-indica-que-covid-19-pode-alterar-o-padrao-de-conectividade-funcional-do-cerebro\/#primaryimage"},"image":{"@id":"https:\/\/serrafm879.com.br\/serrafm\/2021\/01\/estudo-indica-que-covid-19-pode-alterar-o-padrao-de-conectividade-funcional-do-cerebro\/#primaryimage"},"thumbnailUrl":"https:\/\/serrafm879.com.br\/serrafm\/wp-content\/uploads\/2021\/01\/brain-1787622-1920.jpg","datePublished":"2021-01-28T13:05:06+00:00","author":{"@id":"https:\/\/serrafm879.com.br\/serrafm\/#\/schema\/person\/c028a197030ff8b1c03c68dfba4a787a"},"breadcrumb":{"@id":"https:\/\/serrafm879.com.br\/serrafm\/2021\/01\/estudo-indica-que-covid-19-pode-alterar-o-padrao-de-conectividade-funcional-do-cerebro\/#breadcrumb"},"inLanguage":"pt-BR","potentialAction":[{"@type":"ReadAction","target":["https:\/\/serrafm879.com.br\/serrafm\/2021\/01\/estudo-indica-que-covid-19-pode-alterar-o-padrao-de-conectividade-funcional-do-cerebro\/"]}]},{"@type":"ImageObject","inLanguage":"pt-BR","@id":"https:\/\/serrafm879.com.br\/serrafm\/2021\/01\/estudo-indica-que-covid-19-pode-alterar-o-padrao-de-conectividade-funcional-do-cerebro\/#primaryimage","url":"https:\/\/serrafm879.com.br\/serrafm\/wp-content\/uploads\/2021\/01\/brain-1787622-1920.jpg","contentUrl":"https:\/\/serrafm879.com.br\/serrafm\/wp-content\/uploads\/2021\/01\/brain-1787622-1920.jpg","width":1100,"height":580},{"@type":"BreadcrumbList","@id":"https:\/\/serrafm879.com.br\/serrafm\/2021\/01\/estudo-indica-que-covid-19-pode-alterar-o-padrao-de-conectividade-funcional-do-cerebro\/#breadcrumb","itemListElement":[{"@type":"ListItem","position":1,"name":"In\u00edcio","item":"https:\/\/serrafm879.com.br\/serrafm\/"},{"@type":"ListItem","position":2,"name":"Estudo indica que Covid-19 pode alterar o padr\u00e3o de conectividade funcional do c\u00e9rebro"}]},{"@type":"WebSite","@id":"https:\/\/serrafm879.com.br\/serrafm\/#website","url":"https:\/\/serrafm879.com.br\/serrafm\/","name":"Serra FM 87,9","description":"O seu novo amor!","potentialAction":[{"@type":"SearchAction","target":{"@type":"EntryPoint","urlTemplate":"https:\/\/serrafm879.com.br\/serrafm\/?s={search_term_string}"},"query-input":{"@type":"PropertyValueSpecification","valueRequired":true,"valueName":"search_term_string"}}],"inLanguage":"pt-BR"},{"@type":"Person","@id":"https:\/\/serrafm879.com.br\/serrafm\/#\/schema\/person\/c028a197030ff8b1c03c68dfba4a787a","name":"serrafm87","image":{"@type":"ImageObject","inLanguage":"pt-BR","@id":"https:\/\/serrafm879.com.br\/serrafm\/#\/schema\/person\/image\/","url":"https:\/\/secure.gravatar.com\/avatar\/a743233f1112d34f48bb3dc9559b76eb930bab8b27175856cba6362608736235?s=96&d=mm&r=g","contentUrl":"https:\/\/secure.gravatar.com\/avatar\/a743233f1112d34f48bb3dc9559b76eb930bab8b27175856cba6362608736235?s=96&d=mm&r=g","caption":"serrafm87"},"sameAs":["http:\/\/serrafm879.com.br\/"],"url":"https:\/\/serrafm879.com.br\/serrafm\/author\/serrafm87\/"}]}},"jetpack_featured_media_url":"https:\/\/serrafm879.com.br\/serrafm\/wp-content\/uploads\/2021\/01\/brain-1787622-1920.jpg","jetpack_shortlink":"https:\/\/wp.me\/p7HyXg-18g","jetpack_sharing_enabled":true,"_links":{"self":[{"href":"https:\/\/serrafm879.com.br\/serrafm\/wp-json\/wp\/v2\/posts\/4356","targetHints":{"allow":["GET"]}}],"collection":[{"href":"https:\/\/serrafm879.com.br\/serrafm\/wp-json\/wp\/v2\/posts"}],"about":[{"href":"https:\/\/serrafm879.com.br\/serrafm\/wp-json\/wp\/v2\/types\/post"}],"author":[{"embeddable":true,"href":"https:\/\/serrafm879.com.br\/serrafm\/wp-json\/wp\/v2\/users\/2"}],"replies":[{"embeddable":true,"href":"https:\/\/serrafm879.com.br\/serrafm\/wp-json\/wp\/v2\/comments?post=4356"}],"version-history":[{"count":1,"href":"https:\/\/serrafm879.com.br\/serrafm\/wp-json\/wp\/v2\/posts\/4356\/revisions"}],"predecessor-version":[{"id":4358,"href":"https:\/\/serrafm879.com.br\/serrafm\/wp-json\/wp\/v2\/posts\/4356\/revisions\/4358"}],"wp:featuredmedia":[{"embeddable":true,"href":"https:\/\/serrafm879.com.br\/serrafm\/wp-json\/wp\/v2\/media\/4357"}],"wp:attachment":[{"href":"https:\/\/serrafm879.com.br\/serrafm\/wp-json\/wp\/v2\/media?parent=4356"}],"wp:term":[{"taxonomy":"category","embeddable":true,"href":"https:\/\/serrafm879.com.br\/serrafm\/wp-json\/wp\/v2\/categories?post=4356"},{"taxonomy":"post_tag","embeddable":true,"href":"https:\/\/serrafm879.com.br\/serrafm\/wp-json\/wp\/v2\/tags?post=4356"}],"curies":[{"name":"wp","href":"https:\/\/api.w.org\/{rel}","templated":true}]}}