{"id":4365,"date":"2021-01-28T15:23:44","date_gmt":"2021-01-28T18:23:44","guid":{"rendered":"https:\/?p=4365"},"modified":"2021-01-28T15:23:44","modified_gmt":"2021-01-28T18:23:44","slug":"sebastiao-oliveira-leva-agua-zona-rural-de-tacaratu","status":"publish","type":"post","link":"https:\/\/serrafm879.com.br\/serrafm\/2021\/01\/sebastiao-oliveira-leva-agua-zona-rural-de-tacaratu\/","title":{"rendered":"Sebasti\u00e3o Oliveira leva \u00e1gua \u00e0 Zona Rural de Tacaratu"},"content":{"rendered":"<p>V\u00e1rias fam\u00edlias que residem na Zona Rural de Tacaratu, cidade localizada na regi\u00e3o pernambucana do Sert\u00e3o do Itaparica, est\u00e3o radiantes com a chegada da \u00e1gua em suas torneiras. A instala\u00e7\u00e3o dos dois primeiros po\u00e7os artesianos \u2013 oito no total \u2013 s\u00f3 foi poss\u00edvel gra\u00e7as aos recursos destinados por meio de emenda parlamentar de autoria do deputado federal Sebasti\u00e3o Oliveira.<\/p>\n<p>De acordo com Sebasti\u00e3o, no ano passado, suas emendas, repassadas ao Dnocs, garantiram a entrega de 94 po\u00e7os, em 23 munic\u00edpios, gerando investimentos de cerca de R$ 2 milh\u00f5es.<\/p>\n<p>\u201cOs po\u00e7os que estamos construindo utilizam energia solar e est\u00e3o alinhados com todas as boas pr\u00e1ticas ambientais. A utiliza\u00e7\u00e3o deste infinito recurso natural vai gerar economia para o bolso dos sertanejos, que v\u00e3o poder finalmente cultivar as lavouras e criar os animais de forma bem mais tranquila e segura\u201d, ressaltou Oliveira.<\/p>\n<p>Sens\u00edvel aos transtornos causados pela estiagem, Sebasti\u00e3o Oliveira explicou que, neste ano, vai assegurar mais recursos, visando a constru\u00e7\u00e3o de novos po\u00e7os. \u201cLevar \u00e1gua para o sertanejo significa lhe dar liberdade. Uma das principais prioridades do meu mandato sempre ser\u00e1 fazer com que mais fam\u00edlias parem de sofrer por causa das torneiras vazias\u201d, conclui o deputado.<\/p>\n","protected":false},"excerpt":{"rendered":"<p>V\u00e1rias fam\u00edlias que residem na Zona Rural de Tacaratu, cidade localizada na regi\u00e3o pernambucana do Sert\u00e3o do Itaparica, est\u00e3o radiantes com a chegada da \u00e1gua em suas torneiras. A instala\u00e7\u00e3o dos dois primeiros po\u00e7os artesianos \u2013 oito no total \u2013 s\u00f3 foi poss\u00edvel gra\u00e7as aos recursos destinados por meio de emenda parlamentar de autoria do deputado federal Sebasti\u00e3o Oliveira. De acordo com Sebasti\u00e3o, no ano passado, suas emendas, repassadas ao Dnocs, garantiram a entrega de 94 po\u00e7os, em 23 munic\u00edpios, gerando investimentos de cerca de R$ 2 milh\u00f5es. \u201cOs po\u00e7os que estamos construindo utilizam energia solar e est\u00e3o alinhados com [&hellip;]<\/p>\n","protected":false},"author":2,"featured_media":4188,"comment_status":"open","ping_status":"open","sticky":false,"template":"","format":"standard","meta":{"_jetpack_memberships_contains_paid_content":false,"footnotes":"","jetpack_publicize_message":"","jetpack_publicize_feature_enabled":true,"jetpack_social_post_already_shared":true,"jetpack_social_options":{"image_generator_settings":{"template":"highway","enabled":false},"version":2}},"categories":[2],"tags":[],"class_list":["post-4365","post","type-post","status-publish","format-standard","has-post-thumbnail","hentry","category-noticias"],"jetpack_publicize_connections":[],"yoast_head":"<!-- This site is optimized with the Yoast SEO plugin v24.7 - https:\/\/yoast.com\/wordpress\/plugins\/seo\/ -->\n<title>Sebasti\u00e3o Oliveira leva \u00e1gua \u00e0 Zona Rural de Tacaratu - Serra FM 87,9<\/title>\n<meta name=\"robots\" content=\"index, follow, max-snippet:-1, max-image-preview:large, max-video-preview:-1\" \/>\n<link rel=\"canonical\" href=\"https:\/\/serrafm879.com.br\/serrafm\/2021\/01\/sebastiao-oliveira-leva-agua-zona-rural-de-tacaratu\/\" \/>\n<meta property=\"og:locale\" content=\"pt_BR\" \/>\n<meta property=\"og:type\" content=\"article\" \/>\n<meta property=\"og:title\" content=\"Sebasti\u00e3o Oliveira leva \u00e1gua \u00e0 Zona Rural de Tacaratu - Serra FM 87,9\" \/>\n<meta property=\"og:description\" content=\"V\u00e1rias fam\u00edlias que residem na Zona Rural de Tacaratu, cidade localizada na regi\u00e3o pernambucana do Sert\u00e3o do Itaparica, est\u00e3o radiantes com a chegada da \u00e1gua em suas torneiras. A instala\u00e7\u00e3o dos dois primeiros po\u00e7os artesianos \u2013 oito no total \u2013 s\u00f3 foi poss\u00edvel gra\u00e7as aos recursos destinados por meio de emenda parlamentar de autoria do deputado federal Sebasti\u00e3o Oliveira. De acordo com Sebasti\u00e3o, no ano passado, suas emendas, repassadas ao Dnocs, garantiram a entrega de 94 po\u00e7os, em 23 munic\u00edpios, gerando investimentos de cerca de R$ 2 milh\u00f5es. \u201cOs po\u00e7os que estamos construindo utilizam energia solar e est\u00e3o alinhados com [&hellip;]\" \/>\n<meta property=\"og:url\" content=\"https:\/\/serrafm879.com.br\/serrafm\/2021\/01\/sebastiao-oliveira-leva-agua-zona-rural-de-tacaratu\/\" \/>\n<meta property=\"og:site_name\" content=\"Serra FM 87,9\" \/>\n<meta property=\"article:published_time\" content=\"2021-01-28T18:23:44+00:00\" \/>\n<meta property=\"og:image\" content=\"https:\/\/serrafm879.com.br\/serrafm\/wp-content\/uploads\/2020\/12\/sebastiao-oliveira-secretario-de-transportes-de-pernambuco-400x242-1.jpg\" \/>\n\t<meta property=\"og:image:width\" content=\"320\" \/>\n\t<meta property=\"og:image:height\" content=\"240\" \/>\n\t<meta property=\"og:image:type\" content=\"image\/jpeg\" \/>\n<meta name=\"author\" content=\"serrafm87\" \/>\n<meta name=\"twitter:card\" content=\"summary_large_image\" \/>\n<meta name=\"twitter:label1\" content=\"Escrito por\" \/>\n\t<meta name=\"twitter:data1\" content=\"serrafm87\" \/>\n\t<meta name=\"twitter:label2\" content=\"Est. tempo de leitura\" \/>\n\t<meta name=\"twitter:data2\" content=\"1 minuto\" \/>\n<script type=\"application\/ld+json\" class=\"yoast-schema-graph\">{\"@context\":\"https:\/\/schema.org\",\"@graph\":[{\"@type\":\"WebPage\",\"@id\":\"https:\/\/serrafm879.com.br\/serrafm\/2021\/01\/sebastiao-oliveira-leva-agua-zona-rural-de-tacaratu\/\",\"url\":\"https:\/\/serrafm879.com.br\/serrafm\/2021\/01\/sebastiao-oliveira-leva-agua-zona-rural-de-tacaratu\/\",\"name\":\"Sebasti\u00e3o Oliveira leva \u00e1gua \u00e0 Zona Rural de Tacaratu - Serra FM 87,9\",\"isPartOf\":{\"@id\":\"https:\/\/serrafm879.com.br\/serrafm\/#website\"},\"primaryImageOfPage\":{\"@id\":\"https:\/\/serrafm879.com.br\/serrafm\/2021\/01\/sebastiao-oliveira-leva-agua-zona-rural-de-tacaratu\/#primaryimage\"},\"image\":{\"@id\":\"https:\/\/serrafm879.com.br\/serrafm\/2021\/01\/sebastiao-oliveira-leva-agua-zona-rural-de-tacaratu\/#primaryimage\"},\"thumbnailUrl\":\"https:\/\/serrafm879.com.br\/serrafm\/wp-content\/uploads\/2020\/12\/sebastiao-oliveira-secretario-de-transportes-de-pernambuco-400x242-1.jpg\",\"datePublished\":\"2021-01-28T18:23:44+00:00\",\"author\":{\"@id\":\"https:\/\/serrafm879.com.br\/serrafm\/#\/schema\/person\/c028a197030ff8b1c03c68dfba4a787a\"},\"breadcrumb\":{\"@id\":\"https:\/\/serrafm879.com.br\/serrafm\/2021\/01\/sebastiao-oliveira-leva-agua-zona-rural-de-tacaratu\/#breadcrumb\"},\"inLanguage\":\"pt-BR\",\"potentialAction\":[{\"@type\":\"ReadAction\",\"target\":[\"https:\/\/serrafm879.com.br\/serrafm\/2021\/01\/sebastiao-oliveira-leva-agua-zona-rural-de-tacaratu\/\"]}]},{\"@type\":\"ImageObject\",\"inLanguage\":\"pt-BR\",\"@id\":\"https:\/\/serrafm879.com.br\/serrafm\/2021\/01\/sebastiao-oliveira-leva-agua-zona-rural-de-tacaratu\/#primaryimage\",\"url\":\"https:\/\/serrafm879.com.br\/serrafm\/wp-content\/uploads\/2020\/12\/sebastiao-oliveira-secretario-de-transportes-de-pernambuco-400x242-1.jpg\",\"contentUrl\":\"https:\/\/serrafm879.com.br\/serrafm\/wp-content\/uploads\/2020\/12\/sebastiao-oliveira-secretario-de-transportes-de-pernambuco-400x242-1.jpg\",\"width\":320,\"height\":240},{\"@type\":\"BreadcrumbList\",\"@id\":\"https:\/\/serrafm879.com.br\/serrafm\/2021\/01\/sebastiao-oliveira-leva-agua-zona-rural-de-tacaratu\/#breadcrumb\",\"itemListElement\":[{\"@type\":\"ListItem\",\"position\":1,\"name\":\"In\u00edcio\",\"item\":\"https:\/\/serrafm879.com.br\/serrafm\/\"},{\"@type\":\"ListItem\",\"position\":2,\"name\":\"Sebasti\u00e3o Oliveira leva \u00e1gua \u00e0 Zona Rural de Tacaratu\"}]},{\"@type\":\"WebSite\",\"@id\":\"https:\/\/serrafm879.com.br\/serrafm\/#website\",\"url\":\"https:\/\/serrafm879.com.br\/serrafm\/\",\"name\":\"Serra FM 87,9\",\"description\":\"O seu novo amor!\",\"potentialAction\":[{\"@type\":\"SearchAction\",\"target\":{\"@type\":\"EntryPoint\",\"urlTemplate\":\"https:\/\/serrafm879.com.br\/serrafm\/?s={search_term_string}\"},\"query-input\":{\"@type\":\"PropertyValueSpecification\",\"valueRequired\":true,\"valueName\":\"search_term_string\"}}],\"inLanguage\":\"pt-BR\"},{\"@type\":\"Person\",\"@id\":\"https:\/\/serrafm879.com.br\/serrafm\/#\/schema\/person\/c028a197030ff8b1c03c68dfba4a787a\",\"name\":\"serrafm87\",\"image\":{\"@type\":\"ImageObject\",\"inLanguage\":\"pt-BR\",\"@id\":\"https:\/\/serrafm879.com.br\/serrafm\/#\/schema\/person\/image\/\",\"url\":\"https:\/\/secure.gravatar.com\/avatar\/a743233f1112d34f48bb3dc9559b76eb930bab8b27175856cba6362608736235?s=96&d=mm&r=g\",\"contentUrl\":\"https:\/\/secure.gravatar.com\/avatar\/a743233f1112d34f48bb3dc9559b76eb930bab8b27175856cba6362608736235?s=96&d=mm&r=g\",\"caption\":\"serrafm87\"},\"sameAs\":[\"http:\/\/serrafm879.com.br\/\"],\"url\":\"https:\/\/serrafm879.com.br\/serrafm\/author\/serrafm87\/\"}]}<\/script>\n<!-- \/ Yoast SEO plugin. -->","yoast_head_json":{"title":"Sebasti\u00e3o Oliveira leva \u00e1gua \u00e0 Zona Rural de Tacaratu - Serra FM 87,9","robots":{"index":"index","follow":"follow","max-snippet":"max-snippet:-1","max-image-preview":"max-image-preview:large","max-video-preview":"max-video-preview:-1"},"canonical":"https:\/\/serrafm879.com.br\/serrafm\/2021\/01\/sebastiao-oliveira-leva-agua-zona-rural-de-tacaratu\/","og_locale":"pt_BR","og_type":"article","og_title":"Sebasti\u00e3o Oliveira leva \u00e1gua \u00e0 Zona Rural de Tacaratu - Serra FM 87,9","og_description":"V\u00e1rias fam\u00edlias que residem na Zona Rural de Tacaratu, cidade localizada na regi\u00e3o pernambucana do Sert\u00e3o do Itaparica, est\u00e3o radiantes com a chegada da \u00e1gua em suas torneiras. A instala\u00e7\u00e3o dos dois primeiros po\u00e7os artesianos \u2013 oito no total \u2013 s\u00f3 foi poss\u00edvel gra\u00e7as aos recursos destinados por meio de emenda parlamentar de autoria do deputado federal Sebasti\u00e3o Oliveira. De acordo com Sebasti\u00e3o, no ano passado, suas emendas, repassadas ao Dnocs, garantiram a entrega de 94 po\u00e7os, em 23 munic\u00edpios, gerando investimentos de cerca de R$ 2 milh\u00f5es. \u201cOs po\u00e7os que estamos construindo utilizam energia solar e est\u00e3o alinhados com [&hellip;]","og_url":"https:\/\/serrafm879.com.br\/serrafm\/2021\/01\/sebastiao-oliveira-leva-agua-zona-rural-de-tacaratu\/","og_site_name":"Serra FM 87,9","article_published_time":"2021-01-28T18:23:44+00:00","og_image":[{"width":320,"height":240,"url":"https:\/\/serrafm879.com.br\/serrafm\/wp-content\/uploads\/2020\/12\/sebastiao-oliveira-secretario-de-transportes-de-pernambuco-400x242-1.jpg","type":"image\/jpeg"}],"author":"serrafm87","twitter_card":"summary_large_image","twitter_misc":{"Escrito por":"serrafm87","Est. tempo de leitura":"1 minuto"},"schema":{"@context":"https:\/\/schema.org","@graph":[{"@type":"WebPage","@id":"https:\/\/serrafm879.com.br\/serrafm\/2021\/01\/sebastiao-oliveira-leva-agua-zona-rural-de-tacaratu\/","url":"https:\/\/serrafm879.com.br\/serrafm\/2021\/01\/sebastiao-oliveira-leva-agua-zona-rural-de-tacaratu\/","name":"Sebasti\u00e3o Oliveira leva \u00e1gua \u00e0 Zona Rural de Tacaratu - Serra FM 87,9","isPartOf":{"@id":"https:\/\/serrafm879.com.br\/serrafm\/#website"},"primaryImageOfPage":{"@id":"https:\/\/serrafm879.com.br\/serrafm\/2021\/01\/sebastiao-oliveira-leva-agua-zona-rural-de-tacaratu\/#primaryimage"},"image":{"@id":"https:\/\/serrafm879.com.br\/serrafm\/2021\/01\/sebastiao-oliveira-leva-agua-zona-rural-de-tacaratu\/#primaryimage"},"thumbnailUrl":"https:\/\/serrafm879.com.br\/serrafm\/wp-content\/uploads\/2020\/12\/sebastiao-oliveira-secretario-de-transportes-de-pernambuco-400x242-1.jpg","datePublished":"2021-01-28T18:23:44+00:00","author":{"@id":"https:\/\/serrafm879.com.br\/serrafm\/#\/schema\/person\/c028a197030ff8b1c03c68dfba4a787a"},"breadcrumb":{"@id":"https:\/\/serrafm879.com.br\/serrafm\/2021\/01\/sebastiao-oliveira-leva-agua-zona-rural-de-tacaratu\/#breadcrumb"},"inLanguage":"pt-BR","potentialAction":[{"@type":"ReadAction","target":["https:\/\/serrafm879.com.br\/serrafm\/2021\/01\/sebastiao-oliveira-leva-agua-zona-rural-de-tacaratu\/"]}]},{"@type":"ImageObject","inLanguage":"pt-BR","@id":"https:\/\/serrafm879.com.br\/serrafm\/2021\/01\/sebastiao-oliveira-leva-agua-zona-rural-de-tacaratu\/#primaryimage","url":"https:\/\/serrafm879.com.br\/serrafm\/wp-content\/uploads\/2020\/12\/sebastiao-oliveira-secretario-de-transportes-de-pernambuco-400x242-1.jpg","contentUrl":"https:\/\/serrafm879.com.br\/serrafm\/wp-content\/uploads\/2020\/12\/sebastiao-oliveira-secretario-de-transportes-de-pernambuco-400x242-1.jpg","width":320,"height":240},{"@type":"BreadcrumbList","@id":"https:\/\/serrafm879.com.br\/serrafm\/2021\/01\/sebastiao-oliveira-leva-agua-zona-rural-de-tacaratu\/#breadcrumb","itemListElement":[{"@type":"ListItem","position":1,"name":"In\u00edcio","item":"https:\/\/serrafm879.com.br\/serrafm\/"},{"@type":"ListItem","position":2,"name":"Sebasti\u00e3o Oliveira leva \u00e1gua \u00e0 Zona Rural de Tacaratu"}]},{"@type":"WebSite","@id":"https:\/\/serrafm879.com.br\/serrafm\/#website","url":"https:\/\/serrafm879.com.br\/serrafm\/","name":"Serra FM 87,9","description":"O seu novo amor!","potentialAction":[{"@type":"SearchAction","target":{"@type":"EntryPoint","urlTemplate":"https:\/\/serrafm879.com.br\/serrafm\/?s={search_term_string}"},"query-input":{"@type":"PropertyValueSpecification","valueRequired":true,"valueName":"search_term_string"}}],"inLanguage":"pt-BR"},{"@type":"Person","@id":"https:\/\/serrafm879.com.br\/serrafm\/#\/schema\/person\/c028a197030ff8b1c03c68dfba4a787a","name":"serrafm87","image":{"@type":"ImageObject","inLanguage":"pt-BR","@id":"https:\/\/serrafm879.com.br\/serrafm\/#\/schema\/person\/image\/","url":"https:\/\/secure.gravatar.com\/avatar\/a743233f1112d34f48bb3dc9559b76eb930bab8b27175856cba6362608736235?s=96&d=mm&r=g","contentUrl":"https:\/\/secure.gravatar.com\/avatar\/a743233f1112d34f48bb3dc9559b76eb930bab8b27175856cba6362608736235?s=96&d=mm&r=g","caption":"serrafm87"},"sameAs":["http:\/\/serrafm879.com.br\/"],"url":"https:\/\/serrafm879.com.br\/serrafm\/author\/serrafm87\/"}]}},"jetpack_featured_media_url":"https:\/\/serrafm879.com.br\/serrafm\/wp-content\/uploads\/2020\/12\/sebastiao-oliveira-secretario-de-transportes-de-pernambuco-400x242-1.jpg","jetpack_shortlink":"https:\/\/wp.me\/p7HyXg-18p","jetpack_sharing_enabled":true,"_links":{"self":[{"href":"https:\/\/serrafm879.com.br\/serrafm\/wp-json\/wp\/v2\/posts\/4365","targetHints":{"allow":["GET"]}}],"collection":[{"href":"https:\/\/serrafm879.com.br\/serrafm\/wp-json\/wp\/v2\/posts"}],"about":[{"href":"https:\/\/serrafm879.com.br\/serrafm\/wp-json\/wp\/v2\/types\/post"}],"author":[{"embeddable":true,"href":"https:\/\/serrafm879.com.br\/serrafm\/wp-json\/wp\/v2\/users\/2"}],"replies":[{"embeddable":true,"href":"https:\/\/serrafm879.com.br\/serrafm\/wp-json\/wp\/v2\/comments?post=4365"}],"version-history":[{"count":1,"href":"https:\/\/serrafm879.com.br\/serrafm\/wp-json\/wp\/v2\/posts\/4365\/revisions"}],"predecessor-version":[{"id":4366,"href":"https:\/\/serrafm879.com.br\/serrafm\/wp-json\/wp\/v2\/posts\/4365\/revisions\/4366"}],"wp:featuredmedia":[{"embeddable":true,"href":"https:\/\/serrafm879.com.br\/serrafm\/wp-json\/wp\/v2\/media\/4188"}],"wp:attachment":[{"href":"https:\/\/serrafm879.com.br\/serrafm\/wp-json\/wp\/v2\/media?parent=4365"}],"wp:term":[{"taxonomy":"category","embeddable":true,"href":"https:\/\/serrafm879.com.br\/serrafm\/wp-json\/wp\/v2\/categories?post=4365"},{"taxonomy":"post_tag","embeddable":true,"href":"https:\/\/serrafm879.com.br\/serrafm\/wp-json\/wp\/v2\/tags?post=4365"}],"curies":[{"name":"wp","href":"https:\/\/api.w.org\/{rel}","templated":true}]}}