{"id":4374,"date":"2021-01-29T05:52:47","date_gmt":"2021-01-29T08:52:47","guid":{"rendered":"https:\/?p=4374"},"modified":"2021-01-29T05:52:47","modified_gmt":"2021-01-29T08:52:47","slug":"janeiro-e-o-mes-com-mais-casos-da-covid-19-no-brasil-seguido-por-dezembro","status":"publish","type":"post","link":"https:\/\/serrafm879.com.br\/serrafm\/2021\/01\/janeiro-e-o-mes-com-mais-casos-da-covid-19-no-brasil-seguido-por-dezembro\/","title":{"rendered":"Janeiro \u00e9 o m\u00eas com mais casos da Covid-19 no Brasil, seguido por dezembro"},"content":{"rendered":"<p>Janeiro, ainda incompleto, j\u00e1 \u00e9 o m\u00eas com mais registro de casos da Covid-19 no Brasil, segundo dados do cons\u00f3rcio de ve\u00edculos de imprensa. Do dia 1\u00ba at\u00e9 esta quinta-feira (28), foram 1.386.005 pessoas contaminadas pelo novo coronav\u00edrus no Pa\u00eds. O segundo m\u00eas com mais infec\u00e7\u00f5es \u00e9 dezembro de 2020, com 1.339.503 infec\u00e7\u00f5es registradas.<\/p>\n<p>Em terceiro e quarto lugares est\u00e3o julho (1.257.813 casos) e agosto (1.244.603). Especialistas j\u00e1 alertavam que a pandemia apresentava sinais de crescimento em dezembro e que as comemora\u00e7\u00f5es de fim de ano &#8211; com reuni\u00f5es familiares e festas &#8211; poderiam agravar ainda mais a situa\u00e7\u00e3o da Covid-19 no Pa\u00eds no come\u00e7o de 2021, como de fato vem se observando.<\/p>\n<p>Al\u00e9m do recorde de casos, o Pa\u00eds tamb\u00e9m registrou, nesta quinta, o terceiro maior n\u00famero di\u00e1rio de mortes, 1.439, de acordo com o cons\u00f3rcio. \u00c0 frente, s\u00f3 est\u00e3o o dia 29 de julho, com 1.554 \u00f3bitos, e 4 de junho, com 1.470.<\/p>\n<p>O grupo tamb\u00e9m contabilizou 60.301 casos da doen\u00e7a, nesta quinta, chegando, dessa forma, a 9.060.786 pessoas infectadas pelo Sars-CoV-2 desde o in\u00edcio da pandemia e a 221.676 os mortes pela doen\u00e7a.<\/p>\n<p>O Nordeste \u00e9 a \u00fanica regi\u00e3o do Pa\u00eds no momento que apresenta situa\u00e7\u00e3o de crescimento (de 139%) da m\u00e9dia m\u00f3vel de mortes em rela\u00e7\u00e3o a 14 dias atr\u00e1s. O Centro-Oeste, por sua vez, \u00e9 a \u00fanica em queda.<\/p>\n<div class=\"dn_noticiasRelacionadas\">\n<div class=\"spacer30\"><\/div>\n<\/div>\n<p>Os dados do cons\u00f3rcio s\u00e3o fruto de uma colabora\u00e7\u00e3o in\u00e9dita entre Folha de S.Paulo, UOL, O Estado de S. Paulo, Extra, O Globo e G1 para reunir e divulgar os n\u00fameros relativos \u00e0 pandemia do novo coronav\u00edrus no Pa\u00eds. As informa\u00e7\u00f5es s\u00e3o coletadas diretamente com as Secretarias de Sa\u00fade estaduais.<\/p>\n<p>Al\u00e9m dos dados di\u00e1rios, a Folha de S.Paulo tamb\u00e9m mostra a chamada m\u00e9dia m\u00f3vel. O recurso estat\u00edstico busca dar uma vis\u00e3o melhor da evolu\u00e7\u00e3o da doen\u00e7a, pois atenua n\u00fameros isolados que fujam do padr\u00e3o. A m\u00e9dia m\u00f3vel \u00e9 calculada somando o resultado dos \u00faltimos sete dias, dividindo por sete.<\/p>\n<p>De acordo com os dados coletados at\u00e9 as 20h, a m\u00e9dia de mortes nos \u00faltimos sete dias \u00e9 de 1.063. O valor da m\u00e9dia representa um aumento de 6% em rela\u00e7\u00e3o ao dado de 14 dias atr\u00e1s e, com isso, uma situa\u00e7\u00e3o de estabilidade na m\u00e9dia.<\/p>\n","protected":false},"excerpt":{"rendered":"<p>Janeiro, ainda incompleto, j\u00e1 \u00e9 o m\u00eas com mais registro de casos da Covid-19 no Brasil, segundo dados do cons\u00f3rcio de ve\u00edculos de imprensa. Do dia 1\u00ba at\u00e9 esta quinta-feira (28), foram 1.386.005 pessoas contaminadas pelo novo coronav\u00edrus no Pa\u00eds. O segundo m\u00eas com mais infec\u00e7\u00f5es \u00e9 dezembro de 2020, com 1.339.503 infec\u00e7\u00f5es registradas. Em terceiro e quarto lugares est\u00e3o julho (1.257.813 casos) e agosto (1.244.603). Especialistas j\u00e1 alertavam que a pandemia apresentava sinais de crescimento em dezembro e que as comemora\u00e7\u00f5es de fim de ano &#8211; com reuni\u00f5es familiares e festas &#8211; poderiam agravar ainda mais a situa\u00e7\u00e3o da [&hellip;]<\/p>\n","protected":false},"author":2,"featured_media":2394,"comment_status":"open","ping_status":"open","sticky":false,"template":"","format":"standard","meta":{"_jetpack_memberships_contains_paid_content":false,"footnotes":"","jetpack_publicize_message":"","jetpack_publicize_feature_enabled":true,"jetpack_social_post_already_shared":true,"jetpack_social_options":{"image_generator_settings":{"template":"highway","enabled":false},"version":2}},"categories":[2],"tags":[],"class_list":["post-4374","post","type-post","status-publish","format-standard","has-post-thumbnail","hentry","category-noticias"],"jetpack_publicize_connections":[],"yoast_head":"<!-- This site is optimized with the Yoast SEO plugin v24.7 - https:\/\/yoast.com\/wordpress\/plugins\/seo\/ -->\n<title>Janeiro \u00e9 o m\u00eas com mais casos da Covid-19 no Brasil, seguido por dezembro - Serra FM 87,9<\/title>\n<meta name=\"robots\" content=\"index, follow, max-snippet:-1, max-image-preview:large, max-video-preview:-1\" \/>\n<link rel=\"canonical\" href=\"https:\/\/serrafm879.com.br\/serrafm\/2021\/01\/janeiro-e-o-mes-com-mais-casos-da-covid-19-no-brasil-seguido-por-dezembro\/\" \/>\n<meta property=\"og:locale\" content=\"pt_BR\" \/>\n<meta property=\"og:type\" content=\"article\" \/>\n<meta property=\"og:title\" content=\"Janeiro \u00e9 o m\u00eas com mais casos da Covid-19 no Brasil, seguido por dezembro - Serra FM 87,9\" \/>\n<meta property=\"og:description\" content=\"Janeiro, ainda incompleto, j\u00e1 \u00e9 o m\u00eas com mais registro de casos da Covid-19 no Brasil, segundo dados do cons\u00f3rcio de ve\u00edculos de imprensa. Do dia 1\u00ba at\u00e9 esta quinta-feira (28), foram 1.386.005 pessoas contaminadas pelo novo coronav\u00edrus no Pa\u00eds. O segundo m\u00eas com mais infec\u00e7\u00f5es \u00e9 dezembro de 2020, com 1.339.503 infec\u00e7\u00f5es registradas. Em terceiro e quarto lugares est\u00e3o julho (1.257.813 casos) e agosto (1.244.603). Especialistas j\u00e1 alertavam que a pandemia apresentava sinais de crescimento em dezembro e que as comemora\u00e7\u00f5es de fim de ano &#8211; com reuni\u00f5es familiares e festas &#8211; poderiam agravar ainda mais a situa\u00e7\u00e3o da [&hellip;]\" \/>\n<meta property=\"og:url\" content=\"https:\/\/serrafm879.com.br\/serrafm\/2021\/01\/janeiro-e-o-mes-com-mais-casos-da-covid-19-no-brasil-seguido-por-dezembro\/\" \/>\n<meta property=\"og:site_name\" content=\"Serra FM 87,9\" \/>\n<meta property=\"article:published_time\" content=\"2021-01-29T08:52:47+00:00\" \/>\n<meta property=\"og:image\" content=\"https:\/\/serrafm879.com.br\/serrafm\/wp-content\/uploads\/2020\/04\/20200401122940918558i.jpg\" \/>\n\t<meta property=\"og:image:width\" content=\"700\" \/>\n\t<meta property=\"og:image:height\" content=\"450\" \/>\n\t<meta property=\"og:image:type\" content=\"image\/jpeg\" \/>\n<meta name=\"author\" content=\"serrafm87\" \/>\n<meta name=\"twitter:card\" content=\"summary_large_image\" \/>\n<meta name=\"twitter:label1\" content=\"Escrito por\" \/>\n\t<meta name=\"twitter:data1\" content=\"serrafm87\" \/>\n\t<meta name=\"twitter:label2\" content=\"Est. tempo de leitura\" \/>\n\t<meta name=\"twitter:data2\" content=\"2 minutos\" \/>\n<script type=\"application\/ld+json\" class=\"yoast-schema-graph\">{\"@context\":\"https:\/\/schema.org\",\"@graph\":[{\"@type\":\"WebPage\",\"@id\":\"https:\/\/serrafm879.com.br\/serrafm\/2021\/01\/janeiro-e-o-mes-com-mais-casos-da-covid-19-no-brasil-seguido-por-dezembro\/\",\"url\":\"https:\/\/serrafm879.com.br\/serrafm\/2021\/01\/janeiro-e-o-mes-com-mais-casos-da-covid-19-no-brasil-seguido-por-dezembro\/\",\"name\":\"Janeiro \u00e9 o m\u00eas com mais casos da Covid-19 no Brasil, seguido por dezembro - Serra FM 87,9\",\"isPartOf\":{\"@id\":\"https:\/\/serrafm879.com.br\/serrafm\/#website\"},\"primaryImageOfPage\":{\"@id\":\"https:\/\/serrafm879.com.br\/serrafm\/2021\/01\/janeiro-e-o-mes-com-mais-casos-da-covid-19-no-brasil-seguido-por-dezembro\/#primaryimage\"},\"image\":{\"@id\":\"https:\/\/serrafm879.com.br\/serrafm\/2021\/01\/janeiro-e-o-mes-com-mais-casos-da-covid-19-no-brasil-seguido-por-dezembro\/#primaryimage\"},\"thumbnailUrl\":\"https:\/\/serrafm879.com.br\/serrafm\/wp-content\/uploads\/2020\/04\/20200401122940918558i.jpg\",\"datePublished\":\"2021-01-29T08:52:47+00:00\",\"author\":{\"@id\":\"https:\/\/serrafm879.com.br\/serrafm\/#\/schema\/person\/c028a197030ff8b1c03c68dfba4a787a\"},\"breadcrumb\":{\"@id\":\"https:\/\/serrafm879.com.br\/serrafm\/2021\/01\/janeiro-e-o-mes-com-mais-casos-da-covid-19-no-brasil-seguido-por-dezembro\/#breadcrumb\"},\"inLanguage\":\"pt-BR\",\"potentialAction\":[{\"@type\":\"ReadAction\",\"target\":[\"https:\/\/serrafm879.com.br\/serrafm\/2021\/01\/janeiro-e-o-mes-com-mais-casos-da-covid-19-no-brasil-seguido-por-dezembro\/\"]}]},{\"@type\":\"ImageObject\",\"inLanguage\":\"pt-BR\",\"@id\":\"https:\/\/serrafm879.com.br\/serrafm\/2021\/01\/janeiro-e-o-mes-com-mais-casos-da-covid-19-no-brasil-seguido-por-dezembro\/#primaryimage\",\"url\":\"https:\/\/serrafm879.com.br\/serrafm\/wp-content\/uploads\/2020\/04\/20200401122940918558i.jpg\",\"contentUrl\":\"https:\/\/serrafm879.com.br\/serrafm\/wp-content\/uploads\/2020\/04\/20200401122940918558i.jpg\",\"width\":700,\"height\":450,\"caption\":\"Samples are tested for respiratory viruses, which procedure will be used to test the novel coronavirus COVID-19, during a visit by Britain's Chancellor of the Exchequer Rishi Sunak to the pathology labs at Leeds General Infirmary to highlight the record infrastructure spend after yesterday's budget, in Leeds, Yorkshire on March 12, 2020. (Photo by Danny Lawson \/ POOL \/ AFP)\"},{\"@type\":\"BreadcrumbList\",\"@id\":\"https:\/\/serrafm879.com.br\/serrafm\/2021\/01\/janeiro-e-o-mes-com-mais-casos-da-covid-19-no-brasil-seguido-por-dezembro\/#breadcrumb\",\"itemListElement\":[{\"@type\":\"ListItem\",\"position\":1,\"name\":\"In\u00edcio\",\"item\":\"https:\/\/serrafm879.com.br\/serrafm\/\"},{\"@type\":\"ListItem\",\"position\":2,\"name\":\"Janeiro \u00e9 o m\u00eas com mais casos da Covid-19 no Brasil, seguido por dezembro\"}]},{\"@type\":\"WebSite\",\"@id\":\"https:\/\/serrafm879.com.br\/serrafm\/#website\",\"url\":\"https:\/\/serrafm879.com.br\/serrafm\/\",\"name\":\"Serra FM 87,9\",\"description\":\"O seu novo amor!\",\"potentialAction\":[{\"@type\":\"SearchAction\",\"target\":{\"@type\":\"EntryPoint\",\"urlTemplate\":\"https:\/\/serrafm879.com.br\/serrafm\/?s={search_term_string}\"},\"query-input\":{\"@type\":\"PropertyValueSpecification\",\"valueRequired\":true,\"valueName\":\"search_term_string\"}}],\"inLanguage\":\"pt-BR\"},{\"@type\":\"Person\",\"@id\":\"https:\/\/serrafm879.com.br\/serrafm\/#\/schema\/person\/c028a197030ff8b1c03c68dfba4a787a\",\"name\":\"serrafm87\",\"image\":{\"@type\":\"ImageObject\",\"inLanguage\":\"pt-BR\",\"@id\":\"https:\/\/serrafm879.com.br\/serrafm\/#\/schema\/person\/image\/\",\"url\":\"https:\/\/secure.gravatar.com\/avatar\/a743233f1112d34f48bb3dc9559b76eb930bab8b27175856cba6362608736235?s=96&d=mm&r=g\",\"contentUrl\":\"https:\/\/secure.gravatar.com\/avatar\/a743233f1112d34f48bb3dc9559b76eb930bab8b27175856cba6362608736235?s=96&d=mm&r=g\",\"caption\":\"serrafm87\"},\"sameAs\":[\"http:\/\/serrafm879.com.br\/\"],\"url\":\"https:\/\/serrafm879.com.br\/serrafm\/author\/serrafm87\/\"}]}<\/script>\n<!-- \/ Yoast SEO plugin. -->","yoast_head_json":{"title":"Janeiro \u00e9 o m\u00eas com mais casos da Covid-19 no Brasil, seguido por dezembro - Serra FM 87,9","robots":{"index":"index","follow":"follow","max-snippet":"max-snippet:-1","max-image-preview":"max-image-preview:large","max-video-preview":"max-video-preview:-1"},"canonical":"https:\/\/serrafm879.com.br\/serrafm\/2021\/01\/janeiro-e-o-mes-com-mais-casos-da-covid-19-no-brasil-seguido-por-dezembro\/","og_locale":"pt_BR","og_type":"article","og_title":"Janeiro \u00e9 o m\u00eas com mais casos da Covid-19 no Brasil, seguido por dezembro - Serra FM 87,9","og_description":"Janeiro, ainda incompleto, j\u00e1 \u00e9 o m\u00eas com mais registro de casos da Covid-19 no Brasil, segundo dados do cons\u00f3rcio de ve\u00edculos de imprensa. Do dia 1\u00ba at\u00e9 esta quinta-feira (28), foram 1.386.005 pessoas contaminadas pelo novo coronav\u00edrus no Pa\u00eds. O segundo m\u00eas com mais infec\u00e7\u00f5es \u00e9 dezembro de 2020, com 1.339.503 infec\u00e7\u00f5es registradas. Em terceiro e quarto lugares est\u00e3o julho (1.257.813 casos) e agosto (1.244.603). Especialistas j\u00e1 alertavam que a pandemia apresentava sinais de crescimento em dezembro e que as comemora\u00e7\u00f5es de fim de ano &#8211; com reuni\u00f5es familiares e festas &#8211; poderiam agravar ainda mais a situa\u00e7\u00e3o da [&hellip;]","og_url":"https:\/\/serrafm879.com.br\/serrafm\/2021\/01\/janeiro-e-o-mes-com-mais-casos-da-covid-19-no-brasil-seguido-por-dezembro\/","og_site_name":"Serra FM 87,9","article_published_time":"2021-01-29T08:52:47+00:00","og_image":[{"width":700,"height":450,"url":"https:\/\/serrafm879.com.br\/serrafm\/wp-content\/uploads\/2020\/04\/20200401122940918558i.jpg","type":"image\/jpeg"}],"author":"serrafm87","twitter_card":"summary_large_image","twitter_misc":{"Escrito por":"serrafm87","Est. tempo de leitura":"2 minutos"},"schema":{"@context":"https:\/\/schema.org","@graph":[{"@type":"WebPage","@id":"https:\/\/serrafm879.com.br\/serrafm\/2021\/01\/janeiro-e-o-mes-com-mais-casos-da-covid-19-no-brasil-seguido-por-dezembro\/","url":"https:\/\/serrafm879.com.br\/serrafm\/2021\/01\/janeiro-e-o-mes-com-mais-casos-da-covid-19-no-brasil-seguido-por-dezembro\/","name":"Janeiro \u00e9 o m\u00eas com mais casos da Covid-19 no Brasil, seguido por dezembro - Serra FM 87,9","isPartOf":{"@id":"https:\/\/serrafm879.com.br\/serrafm\/#website"},"primaryImageOfPage":{"@id":"https:\/\/serrafm879.com.br\/serrafm\/2021\/01\/janeiro-e-o-mes-com-mais-casos-da-covid-19-no-brasil-seguido-por-dezembro\/#primaryimage"},"image":{"@id":"https:\/\/serrafm879.com.br\/serrafm\/2021\/01\/janeiro-e-o-mes-com-mais-casos-da-covid-19-no-brasil-seguido-por-dezembro\/#primaryimage"},"thumbnailUrl":"https:\/\/serrafm879.com.br\/serrafm\/wp-content\/uploads\/2020\/04\/20200401122940918558i.jpg","datePublished":"2021-01-29T08:52:47+00:00","author":{"@id":"https:\/\/serrafm879.com.br\/serrafm\/#\/schema\/person\/c028a197030ff8b1c03c68dfba4a787a"},"breadcrumb":{"@id":"https:\/\/serrafm879.com.br\/serrafm\/2021\/01\/janeiro-e-o-mes-com-mais-casos-da-covid-19-no-brasil-seguido-por-dezembro\/#breadcrumb"},"inLanguage":"pt-BR","potentialAction":[{"@type":"ReadAction","target":["https:\/\/serrafm879.com.br\/serrafm\/2021\/01\/janeiro-e-o-mes-com-mais-casos-da-covid-19-no-brasil-seguido-por-dezembro\/"]}]},{"@type":"ImageObject","inLanguage":"pt-BR","@id":"https:\/\/serrafm879.com.br\/serrafm\/2021\/01\/janeiro-e-o-mes-com-mais-casos-da-covid-19-no-brasil-seguido-por-dezembro\/#primaryimage","url":"https:\/\/serrafm879.com.br\/serrafm\/wp-content\/uploads\/2020\/04\/20200401122940918558i.jpg","contentUrl":"https:\/\/serrafm879.com.br\/serrafm\/wp-content\/uploads\/2020\/04\/20200401122940918558i.jpg","width":700,"height":450,"caption":"Samples are tested for respiratory viruses, which procedure will be used to test the novel coronavirus COVID-19, during a visit by Britain's Chancellor of the Exchequer Rishi Sunak to the pathology labs at Leeds General Infirmary to highlight the record infrastructure spend after yesterday's budget, in Leeds, Yorkshire on March 12, 2020. (Photo by Danny Lawson \/ POOL \/ AFP)"},{"@type":"BreadcrumbList","@id":"https:\/\/serrafm879.com.br\/serrafm\/2021\/01\/janeiro-e-o-mes-com-mais-casos-da-covid-19-no-brasil-seguido-por-dezembro\/#breadcrumb","itemListElement":[{"@type":"ListItem","position":1,"name":"In\u00edcio","item":"https:\/\/serrafm879.com.br\/serrafm\/"},{"@type":"ListItem","position":2,"name":"Janeiro \u00e9 o m\u00eas com mais casos da Covid-19 no Brasil, seguido por dezembro"}]},{"@type":"WebSite","@id":"https:\/\/serrafm879.com.br\/serrafm\/#website","url":"https:\/\/serrafm879.com.br\/serrafm\/","name":"Serra FM 87,9","description":"O seu novo amor!","potentialAction":[{"@type":"SearchAction","target":{"@type":"EntryPoint","urlTemplate":"https:\/\/serrafm879.com.br\/serrafm\/?s={search_term_string}"},"query-input":{"@type":"PropertyValueSpecification","valueRequired":true,"valueName":"search_term_string"}}],"inLanguage":"pt-BR"},{"@type":"Person","@id":"https:\/\/serrafm879.com.br\/serrafm\/#\/schema\/person\/c028a197030ff8b1c03c68dfba4a787a","name":"serrafm87","image":{"@type":"ImageObject","inLanguage":"pt-BR","@id":"https:\/\/serrafm879.com.br\/serrafm\/#\/schema\/person\/image\/","url":"https:\/\/secure.gravatar.com\/avatar\/a743233f1112d34f48bb3dc9559b76eb930bab8b27175856cba6362608736235?s=96&d=mm&r=g","contentUrl":"https:\/\/secure.gravatar.com\/avatar\/a743233f1112d34f48bb3dc9559b76eb930bab8b27175856cba6362608736235?s=96&d=mm&r=g","caption":"serrafm87"},"sameAs":["http:\/\/serrafm879.com.br\/"],"url":"https:\/\/serrafm879.com.br\/serrafm\/author\/serrafm87\/"}]}},"jetpack_featured_media_url":"https:\/\/serrafm879.com.br\/serrafm\/wp-content\/uploads\/2020\/04\/20200401122940918558i.jpg","jetpack_shortlink":"https:\/\/wp.me\/p7HyXg-18y","jetpack_sharing_enabled":true,"_links":{"self":[{"href":"https:\/\/serrafm879.com.br\/serrafm\/wp-json\/wp\/v2\/posts\/4374","targetHints":{"allow":["GET"]}}],"collection":[{"href":"https:\/\/serrafm879.com.br\/serrafm\/wp-json\/wp\/v2\/posts"}],"about":[{"href":"https:\/\/serrafm879.com.br\/serrafm\/wp-json\/wp\/v2\/types\/post"}],"author":[{"embeddable":true,"href":"https:\/\/serrafm879.com.br\/serrafm\/wp-json\/wp\/v2\/users\/2"}],"replies":[{"embeddable":true,"href":"https:\/\/serrafm879.com.br\/serrafm\/wp-json\/wp\/v2\/comments?post=4374"}],"version-history":[{"count":1,"href":"https:\/\/serrafm879.com.br\/serrafm\/wp-json\/wp\/v2\/posts\/4374\/revisions"}],"predecessor-version":[{"id":4375,"href":"https:\/\/serrafm879.com.br\/serrafm\/wp-json\/wp\/v2\/posts\/4374\/revisions\/4375"}],"wp:featuredmedia":[{"embeddable":true,"href":"https:\/\/serrafm879.com.br\/serrafm\/wp-json\/wp\/v2\/media\/2394"}],"wp:attachment":[{"href":"https:\/\/serrafm879.com.br\/serrafm\/wp-json\/wp\/v2\/media?parent=4374"}],"wp:term":[{"taxonomy":"category","embeddable":true,"href":"https:\/\/serrafm879.com.br\/serrafm\/wp-json\/wp\/v2\/categories?post=4374"},{"taxonomy":"post_tag","embeddable":true,"href":"https:\/\/serrafm879.com.br\/serrafm\/wp-json\/wp\/v2\/tags?post=4374"}],"curies":[{"name":"wp","href":"https:\/\/api.w.org\/{rel}","templated":true}]}}