{"id":4386,"date":"2021-01-29T06:08:13","date_gmt":"2021-01-29T09:08:13","guid":{"rendered":"https:\/?p=4386"},"modified":"2021-01-29T06:08:13","modified_gmt":"2021-01-29T09:08:13","slug":"petrobras-diz-nao-ter-culpa-por-insatisfacao-de-caminhoneiros","status":"publish","type":"post","link":"https:\/\/serrafm879.com.br\/serrafm\/2021\/01\/petrobras-diz-nao-ter-culpa-por-insatisfacao-de-caminhoneiros\/","title":{"rendered":"Petrobras diz n\u00e3o ter culpa por insatisfa\u00e7\u00e3o de caminhoneiros"},"content":{"rendered":"<p>O presidente da Petrobras, Roberto Castello Branco, afirmou que o aumento de custos para os caminhoneiros e transportadoras n\u00e3o se deve ao reajuste do pre\u00e7o dos combust\u00edveis, mas \u00e0 idade das frotas de ve\u00edculos e \u00e0s condi\u00e7\u00f5es das estradas brasileiras.<\/p>\n<p>Por isso, a quest\u00e3o n\u00e3o seria um &#8220;problema da Petrobras&#8221;, disse o executivo em evento nesta quinta-feira (28). Grupos de caminhoneiros planejam uma greve para segunda-feira (1\u00ba).<\/p>\n<p>Segundo Castello Branco, os aut\u00f4nomos utilizam ve\u00edculos com idades em torno de 20 anos, o que resulta em um alto consumo de diesel, al\u00e9m de implicar gastos maiores com manuten\u00e7\u00e3o. &#8220;Trata-se de problema de excesso de oferta, n\u00e3o da Petrobras.&#8221;<\/p>\n<p>Ele tamb\u00e9m culpou a qualidade das estradas, mesmo as pedagiadas. &#8220;Por exemplo, a Rio-Petr\u00f3polis, que \u00e9 pedagiada, de p\u00e9ssima qualidade. Imagine as que n\u00e3o s\u00e3o pedagiadas, muitas delas de terra, que imp\u00f5em custos muito altos aos transportadores de carga&#8221;, afirmou. &#8220;Um problema que n\u00e3o \u00e9 da Petrobras.&#8221;<\/p>\n<p>A insatisfa\u00e7\u00e3o da categoria com o pre\u00e7o do diesel \u2013que sofreu reajuste de 4,4% nas refinarias, anunciado pela estatal na ter\u00e7a (26)\u2013 \u00e9 um dos motivos alegados para a manifesta\u00e7\u00e3o. A pol\u00edtica de pre\u00e7os da estatal segue a cota\u00e7\u00e3o internacional do petr\u00f3leo.<\/p>\n<p>A CNTA (Confedera\u00e7\u00e3o Nacional dos Transportadores Aut\u00f4nomos), que at\u00e9 a semana passada minimizava as chances de uma uma greve nacional, passou a apoiar o movimento, liderado por motoristas que se dizem pouco representados pelos l\u00edderes de paralisa\u00e7\u00f5es anteriores.<\/p>\n<p>Na quarta (27), o presidente Jair Bolsonaro fez um apelo para que os caminhoneiros n\u00e3o entrem em greve.<br \/>\n&#8220;\u00c9 interessante, alguns acham que a Petrobras cobra pre\u00e7os elevados e outros acham que tem pre\u00e7os predat\u00f3rios&#8221;, afirmou Castello Branco, em refer\u00eancia \u00e0 reclama\u00e7\u00f5es de importadores de que os pre\u00e7os da estatal estariam defasados em rela\u00e7\u00e3o aos praticados no mercado internacional.<\/p>\n<p>A Abicom (Associa\u00e7\u00e3o Brasileira dos Importadores de Combust\u00edveis) chegou a protocolar uma reclama\u00e7\u00e3o no Cade (Conselho Administrativo de Defesa Econ\u00f4mica) contra a estatal.<\/p>\n<p>&#8220;Produtores de petr\u00f3leo como Canad\u00e1 e M\u00e9xico produzem mais que n\u00f3s e com pre\u00e7o 25% superior ao nosso. Na Europa, em pa\u00edses como B\u00e9lgica, Fran\u00e7a, Alemanha, o diesel do consumidor \u00e9 mais que o dobro do Brasil&#8221;, rebateu Castello Branco.<\/p>\n<p>Por Folhapress<\/p>\n","protected":false},"excerpt":{"rendered":"<p>O presidente da Petrobras, Roberto Castello Branco, afirmou que o aumento de custos para os caminhoneiros e transportadoras n\u00e3o se deve ao reajuste do pre\u00e7o dos combust\u00edveis, mas \u00e0 idade das frotas de ve\u00edculos e \u00e0s condi\u00e7\u00f5es das estradas brasileiras. Por isso, a quest\u00e3o n\u00e3o seria um &#8220;problema da Petrobras&#8221;, disse o executivo em evento nesta quinta-feira (28). Grupos de caminhoneiros planejam uma greve para segunda-feira (1\u00ba). Segundo Castello Branco, os aut\u00f4nomos utilizam ve\u00edculos com idades em torno de 20 anos, o que resulta em um alto consumo de diesel, al\u00e9m de implicar gastos maiores com manuten\u00e7\u00e3o. &#8220;Trata-se de problema [&hellip;]<\/p>\n","protected":false},"author":2,"featured_media":4387,"comment_status":"open","ping_status":"open","sticky":false,"template":"","format":"standard","meta":{"_jetpack_memberships_contains_paid_content":false,"footnotes":"","jetpack_publicize_message":"","jetpack_publicize_feature_enabled":true,"jetpack_social_post_already_shared":true,"jetpack_social_options":{"image_generator_settings":{"template":"highway","enabled":false},"version":2}},"categories":[2],"tags":[],"class_list":["post-4386","post","type-post","status-publish","format-standard","has-post-thumbnail","hentry","category-noticias"],"jetpack_publicize_connections":[],"yoast_head":"<!-- This site is optimized with the Yoast SEO plugin v24.7 - https:\/\/yoast.com\/wordpress\/plugins\/seo\/ -->\n<title>Petrobras diz n\u00e3o ter culpa por insatisfa\u00e7\u00e3o de caminhoneiros - Serra FM 87,9<\/title>\n<meta name=\"robots\" content=\"index, follow, max-snippet:-1, max-image-preview:large, max-video-preview:-1\" \/>\n<link rel=\"canonical\" href=\"https:\/\/serrafm879.com.br\/serrafm\/2021\/01\/petrobras-diz-nao-ter-culpa-por-insatisfacao-de-caminhoneiros\/\" \/>\n<meta property=\"og:locale\" content=\"pt_BR\" \/>\n<meta property=\"og:type\" content=\"article\" \/>\n<meta property=\"og:title\" content=\"Petrobras diz n\u00e3o ter culpa por insatisfa\u00e7\u00e3o de caminhoneiros - Serra FM 87,9\" \/>\n<meta property=\"og:description\" content=\"O presidente da Petrobras, Roberto Castello Branco, afirmou que o aumento de custos para os caminhoneiros e transportadoras n\u00e3o se deve ao reajuste do pre\u00e7o dos combust\u00edveis, mas \u00e0 idade das frotas de ve\u00edculos e \u00e0s condi\u00e7\u00f5es das estradas brasileiras. Por isso, a quest\u00e3o n\u00e3o seria um &#8220;problema da Petrobras&#8221;, disse o executivo em evento nesta quinta-feira (28). Grupos de caminhoneiros planejam uma greve para segunda-feira (1\u00ba). Segundo Castello Branco, os aut\u00f4nomos utilizam ve\u00edculos com idades em torno de 20 anos, o que resulta em um alto consumo de diesel, al\u00e9m de implicar gastos maiores com manuten\u00e7\u00e3o. &#8220;Trata-se de problema [&hellip;]\" \/>\n<meta property=\"og:url\" content=\"https:\/\/serrafm879.com.br\/serrafm\/2021\/01\/petrobras-diz-nao-ter-culpa-por-insatisfacao-de-caminhoneiros\/\" \/>\n<meta property=\"og:site_name\" content=\"Serra FM 87,9\" \/>\n<meta property=\"article:published_time\" content=\"2021-01-29T09:08:13+00:00\" \/>\n<meta property=\"og:image\" content=\"https:\/\/serrafm879.com.br\/serrafm\/wp-content\/uploads\/2021\/01\/caminhoneiros-5.jpg\" \/>\n\t<meta property=\"og:image:width\" content=\"1100\" \/>\n\t<meta property=\"og:image:height\" content=\"734\" \/>\n\t<meta property=\"og:image:type\" content=\"image\/jpeg\" \/>\n<meta name=\"author\" content=\"serrafm87\" \/>\n<meta name=\"twitter:card\" content=\"summary_large_image\" \/>\n<meta name=\"twitter:label1\" content=\"Escrito por\" \/>\n\t<meta name=\"twitter:data1\" content=\"serrafm87\" \/>\n\t<meta name=\"twitter:label2\" content=\"Est. tempo de leitura\" \/>\n\t<meta name=\"twitter:data2\" content=\"2 minutos\" \/>\n<script type=\"application\/ld+json\" class=\"yoast-schema-graph\">{\"@context\":\"https:\/\/schema.org\",\"@graph\":[{\"@type\":\"WebPage\",\"@id\":\"https:\/\/serrafm879.com.br\/serrafm\/2021\/01\/petrobras-diz-nao-ter-culpa-por-insatisfacao-de-caminhoneiros\/\",\"url\":\"https:\/\/serrafm879.com.br\/serrafm\/2021\/01\/petrobras-diz-nao-ter-culpa-por-insatisfacao-de-caminhoneiros\/\",\"name\":\"Petrobras diz n\u00e3o ter culpa por insatisfa\u00e7\u00e3o de caminhoneiros - Serra FM 87,9\",\"isPartOf\":{\"@id\":\"https:\/\/serrafm879.com.br\/serrafm\/#website\"},\"primaryImageOfPage\":{\"@id\":\"https:\/\/serrafm879.com.br\/serrafm\/2021\/01\/petrobras-diz-nao-ter-culpa-por-insatisfacao-de-caminhoneiros\/#primaryimage\"},\"image\":{\"@id\":\"https:\/\/serrafm879.com.br\/serrafm\/2021\/01\/petrobras-diz-nao-ter-culpa-por-insatisfacao-de-caminhoneiros\/#primaryimage\"},\"thumbnailUrl\":\"https:\/\/serrafm879.com.br\/serrafm\/wp-content\/uploads\/2021\/01\/caminhoneiros-5.jpg\",\"datePublished\":\"2021-01-29T09:08:13+00:00\",\"author\":{\"@id\":\"https:\/\/serrafm879.com.br\/serrafm\/#\/schema\/person\/c028a197030ff8b1c03c68dfba4a787a\"},\"breadcrumb\":{\"@id\":\"https:\/\/serrafm879.com.br\/serrafm\/2021\/01\/petrobras-diz-nao-ter-culpa-por-insatisfacao-de-caminhoneiros\/#breadcrumb\"},\"inLanguage\":\"pt-BR\",\"potentialAction\":[{\"@type\":\"ReadAction\",\"target\":[\"https:\/\/serrafm879.com.br\/serrafm\/2021\/01\/petrobras-diz-nao-ter-culpa-por-insatisfacao-de-caminhoneiros\/\"]}]},{\"@type\":\"ImageObject\",\"inLanguage\":\"pt-BR\",\"@id\":\"https:\/\/serrafm879.com.br\/serrafm\/2021\/01\/petrobras-diz-nao-ter-culpa-por-insatisfacao-de-caminhoneiros\/#primaryimage\",\"url\":\"https:\/\/serrafm879.com.br\/serrafm\/wp-content\/uploads\/2021\/01\/caminhoneiros-5.jpg\",\"contentUrl\":\"https:\/\/serrafm879.com.br\/serrafm\/wp-content\/uploads\/2021\/01\/caminhoneiros-5.jpg\",\"width\":1100,\"height\":734},{\"@type\":\"BreadcrumbList\",\"@id\":\"https:\/\/serrafm879.com.br\/serrafm\/2021\/01\/petrobras-diz-nao-ter-culpa-por-insatisfacao-de-caminhoneiros\/#breadcrumb\",\"itemListElement\":[{\"@type\":\"ListItem\",\"position\":1,\"name\":\"In\u00edcio\",\"item\":\"https:\/\/serrafm879.com.br\/serrafm\/\"},{\"@type\":\"ListItem\",\"position\":2,\"name\":\"Petrobras diz n\u00e3o ter culpa por insatisfa\u00e7\u00e3o de caminhoneiros\"}]},{\"@type\":\"WebSite\",\"@id\":\"https:\/\/serrafm879.com.br\/serrafm\/#website\",\"url\":\"https:\/\/serrafm879.com.br\/serrafm\/\",\"name\":\"Serra FM 87,9\",\"description\":\"O seu novo amor!\",\"potentialAction\":[{\"@type\":\"SearchAction\",\"target\":{\"@type\":\"EntryPoint\",\"urlTemplate\":\"https:\/\/serrafm879.com.br\/serrafm\/?s={search_term_string}\"},\"query-input\":{\"@type\":\"PropertyValueSpecification\",\"valueRequired\":true,\"valueName\":\"search_term_string\"}}],\"inLanguage\":\"pt-BR\"},{\"@type\":\"Person\",\"@id\":\"https:\/\/serrafm879.com.br\/serrafm\/#\/schema\/person\/c028a197030ff8b1c03c68dfba4a787a\",\"name\":\"serrafm87\",\"image\":{\"@type\":\"ImageObject\",\"inLanguage\":\"pt-BR\",\"@id\":\"https:\/\/serrafm879.com.br\/serrafm\/#\/schema\/person\/image\/\",\"url\":\"https:\/\/secure.gravatar.com\/avatar\/a743233f1112d34f48bb3dc9559b76eb930bab8b27175856cba6362608736235?s=96&d=mm&r=g\",\"contentUrl\":\"https:\/\/secure.gravatar.com\/avatar\/a743233f1112d34f48bb3dc9559b76eb930bab8b27175856cba6362608736235?s=96&d=mm&r=g\",\"caption\":\"serrafm87\"},\"sameAs\":[\"http:\/\/serrafm879.com.br\/\"],\"url\":\"https:\/\/serrafm879.com.br\/serrafm\/author\/serrafm87\/\"}]}<\/script>\n<!-- \/ Yoast SEO plugin. -->","yoast_head_json":{"title":"Petrobras diz n\u00e3o ter culpa por insatisfa\u00e7\u00e3o de caminhoneiros - Serra FM 87,9","robots":{"index":"index","follow":"follow","max-snippet":"max-snippet:-1","max-image-preview":"max-image-preview:large","max-video-preview":"max-video-preview:-1"},"canonical":"https:\/\/serrafm879.com.br\/serrafm\/2021\/01\/petrobras-diz-nao-ter-culpa-por-insatisfacao-de-caminhoneiros\/","og_locale":"pt_BR","og_type":"article","og_title":"Petrobras diz n\u00e3o ter culpa por insatisfa\u00e7\u00e3o de caminhoneiros - Serra FM 87,9","og_description":"O presidente da Petrobras, Roberto Castello Branco, afirmou que o aumento de custos para os caminhoneiros e transportadoras n\u00e3o se deve ao reajuste do pre\u00e7o dos combust\u00edveis, mas \u00e0 idade das frotas de ve\u00edculos e \u00e0s condi\u00e7\u00f5es das estradas brasileiras. Por isso, a quest\u00e3o n\u00e3o seria um &#8220;problema da Petrobras&#8221;, disse o executivo em evento nesta quinta-feira (28). Grupos de caminhoneiros planejam uma greve para segunda-feira (1\u00ba). Segundo Castello Branco, os aut\u00f4nomos utilizam ve\u00edculos com idades em torno de 20 anos, o que resulta em um alto consumo de diesel, al\u00e9m de implicar gastos maiores com manuten\u00e7\u00e3o. &#8220;Trata-se de problema [&hellip;]","og_url":"https:\/\/serrafm879.com.br\/serrafm\/2021\/01\/petrobras-diz-nao-ter-culpa-por-insatisfacao-de-caminhoneiros\/","og_site_name":"Serra FM 87,9","article_published_time":"2021-01-29T09:08:13+00:00","og_image":[{"width":1100,"height":734,"url":"https:\/\/serrafm879.com.br\/serrafm\/wp-content\/uploads\/2021\/01\/caminhoneiros-5.jpg","type":"image\/jpeg"}],"author":"serrafm87","twitter_card":"summary_large_image","twitter_misc":{"Escrito por":"serrafm87","Est. tempo de leitura":"2 minutos"},"schema":{"@context":"https:\/\/schema.org","@graph":[{"@type":"WebPage","@id":"https:\/\/serrafm879.com.br\/serrafm\/2021\/01\/petrobras-diz-nao-ter-culpa-por-insatisfacao-de-caminhoneiros\/","url":"https:\/\/serrafm879.com.br\/serrafm\/2021\/01\/petrobras-diz-nao-ter-culpa-por-insatisfacao-de-caminhoneiros\/","name":"Petrobras diz n\u00e3o ter culpa por insatisfa\u00e7\u00e3o de caminhoneiros - Serra FM 87,9","isPartOf":{"@id":"https:\/\/serrafm879.com.br\/serrafm\/#website"},"primaryImageOfPage":{"@id":"https:\/\/serrafm879.com.br\/serrafm\/2021\/01\/petrobras-diz-nao-ter-culpa-por-insatisfacao-de-caminhoneiros\/#primaryimage"},"image":{"@id":"https:\/\/serrafm879.com.br\/serrafm\/2021\/01\/petrobras-diz-nao-ter-culpa-por-insatisfacao-de-caminhoneiros\/#primaryimage"},"thumbnailUrl":"https:\/\/serrafm879.com.br\/serrafm\/wp-content\/uploads\/2021\/01\/caminhoneiros-5.jpg","datePublished":"2021-01-29T09:08:13+00:00","author":{"@id":"https:\/\/serrafm879.com.br\/serrafm\/#\/schema\/person\/c028a197030ff8b1c03c68dfba4a787a"},"breadcrumb":{"@id":"https:\/\/serrafm879.com.br\/serrafm\/2021\/01\/petrobras-diz-nao-ter-culpa-por-insatisfacao-de-caminhoneiros\/#breadcrumb"},"inLanguage":"pt-BR","potentialAction":[{"@type":"ReadAction","target":["https:\/\/serrafm879.com.br\/serrafm\/2021\/01\/petrobras-diz-nao-ter-culpa-por-insatisfacao-de-caminhoneiros\/"]}]},{"@type":"ImageObject","inLanguage":"pt-BR","@id":"https:\/\/serrafm879.com.br\/serrafm\/2021\/01\/petrobras-diz-nao-ter-culpa-por-insatisfacao-de-caminhoneiros\/#primaryimage","url":"https:\/\/serrafm879.com.br\/serrafm\/wp-content\/uploads\/2021\/01\/caminhoneiros-5.jpg","contentUrl":"https:\/\/serrafm879.com.br\/serrafm\/wp-content\/uploads\/2021\/01\/caminhoneiros-5.jpg","width":1100,"height":734},{"@type":"BreadcrumbList","@id":"https:\/\/serrafm879.com.br\/serrafm\/2021\/01\/petrobras-diz-nao-ter-culpa-por-insatisfacao-de-caminhoneiros\/#breadcrumb","itemListElement":[{"@type":"ListItem","position":1,"name":"In\u00edcio","item":"https:\/\/serrafm879.com.br\/serrafm\/"},{"@type":"ListItem","position":2,"name":"Petrobras diz n\u00e3o ter culpa por insatisfa\u00e7\u00e3o de caminhoneiros"}]},{"@type":"WebSite","@id":"https:\/\/serrafm879.com.br\/serrafm\/#website","url":"https:\/\/serrafm879.com.br\/serrafm\/","name":"Serra FM 87,9","description":"O seu novo amor!","potentialAction":[{"@type":"SearchAction","target":{"@type":"EntryPoint","urlTemplate":"https:\/\/serrafm879.com.br\/serrafm\/?s={search_term_string}"},"query-input":{"@type":"PropertyValueSpecification","valueRequired":true,"valueName":"search_term_string"}}],"inLanguage":"pt-BR"},{"@type":"Person","@id":"https:\/\/serrafm879.com.br\/serrafm\/#\/schema\/person\/c028a197030ff8b1c03c68dfba4a787a","name":"serrafm87","image":{"@type":"ImageObject","inLanguage":"pt-BR","@id":"https:\/\/serrafm879.com.br\/serrafm\/#\/schema\/person\/image\/","url":"https:\/\/secure.gravatar.com\/avatar\/a743233f1112d34f48bb3dc9559b76eb930bab8b27175856cba6362608736235?s=96&d=mm&r=g","contentUrl":"https:\/\/secure.gravatar.com\/avatar\/a743233f1112d34f48bb3dc9559b76eb930bab8b27175856cba6362608736235?s=96&d=mm&r=g","caption":"serrafm87"},"sameAs":["http:\/\/serrafm879.com.br\/"],"url":"https:\/\/serrafm879.com.br\/serrafm\/author\/serrafm87\/"}]}},"jetpack_featured_media_url":"https:\/\/serrafm879.com.br\/serrafm\/wp-content\/uploads\/2021\/01\/caminhoneiros-5.jpg","jetpack_shortlink":"https:\/\/wp.me\/p7HyXg-18K","jetpack_sharing_enabled":true,"_links":{"self":[{"href":"https:\/\/serrafm879.com.br\/serrafm\/wp-json\/wp\/v2\/posts\/4386","targetHints":{"allow":["GET"]}}],"collection":[{"href":"https:\/\/serrafm879.com.br\/serrafm\/wp-json\/wp\/v2\/posts"}],"about":[{"href":"https:\/\/serrafm879.com.br\/serrafm\/wp-json\/wp\/v2\/types\/post"}],"author":[{"embeddable":true,"href":"https:\/\/serrafm879.com.br\/serrafm\/wp-json\/wp\/v2\/users\/2"}],"replies":[{"embeddable":true,"href":"https:\/\/serrafm879.com.br\/serrafm\/wp-json\/wp\/v2\/comments?post=4386"}],"version-history":[{"count":1,"href":"https:\/\/serrafm879.com.br\/serrafm\/wp-json\/wp\/v2\/posts\/4386\/revisions"}],"predecessor-version":[{"id":4388,"href":"https:\/\/serrafm879.com.br\/serrafm\/wp-json\/wp\/v2\/posts\/4386\/revisions\/4388"}],"wp:featuredmedia":[{"embeddable":true,"href":"https:\/\/serrafm879.com.br\/serrafm\/wp-json\/wp\/v2\/media\/4387"}],"wp:attachment":[{"href":"https:\/\/serrafm879.com.br\/serrafm\/wp-json\/wp\/v2\/media?parent=4386"}],"wp:term":[{"taxonomy":"category","embeddable":true,"href":"https:\/\/serrafm879.com.br\/serrafm\/wp-json\/wp\/v2\/categories?post=4386"},{"taxonomy":"post_tag","embeddable":true,"href":"https:\/\/serrafm879.com.br\/serrafm\/wp-json\/wp\/v2\/tags?post=4386"}],"curies":[{"name":"wp","href":"https:\/\/api.w.org\/{rel}","templated":true}]}}