{"id":4419,"date":"2021-02-04T18:04:33","date_gmt":"2021-02-04T21:04:33","guid":{"rendered":"https:\/?p=4419"},"modified":"2021-02-04T18:04:33","modified_gmt":"2021-02-04T21:04:33","slug":"presidente-expulsa-profissionais-da-imprensa-e-fecha-porta-da-camara-para-o-povo-em","status":"publish","type":"post","link":"https:\/\/serrafm879.com.br\/serrafm\/2021\/02\/presidente-expulsa-profissionais-da-imprensa-e-fecha-porta-da-camara-para-o-povo-em\/","title":{"rendered":"Presidente expulsa profissionais da imprensa e fecha a porta da c\u00e2mara para o povo em"},"content":{"rendered":"<p>A C\u00e2mara Municipal de Serra Talhada, no Sert\u00e3o do Paje\u00fa, abriu os trabalhos ap\u00f3s o recesso na \u00faltima segunda-feira (1\u00b0). O radialista Marcos Oliveira e o youtuber S\u00e9rgio Hernandes, que faz cobertura sobre a situa\u00e7\u00e3o pol\u00edtica local, foram impedidos de acompanhar a sess\u00e3o ordin\u00e1ria.<\/p>\n<p>De acordo com a dupla, a decis\u00e3o partiu do presidente da Casa, Ronaldo de Dja (foto), do PP. Marcos afirma que foi convidado para acompanhar a sess\u00e3o, mas foi retirado mesmo assim. Ele considera a medida autorit\u00e1ria.<\/p>\n<p>&#8220;Estive na C\u00e2mara de Vereadores a convite do vereador que estava apresentando o projeto do recesso parlamentar. Fui autorizado a entrar por um funcion\u00e1rio, mas quando entrei no plen\u00e1rio, s\u00f3 deu tempo de sentar. Uma mo\u00e7a veio pedindo para se retirar, al\u00e9m do presidente articulando para n\u00e3o ficar. Foi uma situa\u00e7\u00e3o vexat\u00f3ria que n\u00e3o desejo a ningu\u00e9m&#8221;, disse.<\/p>\n<p>Ainda de acordo com Marcos Oliveira, outras pessoas que n\u00e3o faziam parte da imprensa permaneceram no plen\u00e1rio. &#8220;\u00c9 incr\u00edvel como alguns pol\u00edticos n\u00e3o conseguem diferenciar o que \u00e9 deles e o que \u00e9 do povo de direito, e nada justifica deixar a popula\u00e7\u00e3o de fora. O plen\u00e1rio da C\u00e2mara de Vereadores de Serra Talhada \u00e9 enorme e tem quase 500 cadeiras, tem todas as condi\u00e7\u00f5es de receber um p\u00fablico considerado, atendendo todos os protocolos de bio-seguran\u00e7a. O mais revoltante foi saber que tinha outras pessoas presentes na sess\u00e3o que n\u00e3o eram funcion\u00e1rios e nem da imprensa, ou seja, houve dois pesos e duas medidas&#8221;, protestou.<\/p>\n<p><iframe loading=\"lazy\" src=\"https:\/\/www.youtube.com\/embed\/XTmvbI8Ejas\" width=\"400\" height=\"225\" frameborder=\"0\" align=\"left\" data-mce-fragment=\"1\"><\/iframe><\/p>\n<p>O youtuber S\u00e9rgio Hernandes considera a situa\u00e7\u00e3o &#8220;muito\u00a0humilhante&#8221;. &#8220;Foi constrangedor. Nunca pensei em minha vida passar por um momento como esse. O presidente da C\u00e2mara, na frente de todos, apontando o dedo e sinalizando para a gente sair&#8221;, comentou.<\/p>\n<p>Por Magno Martins<\/p>\n","protected":false},"excerpt":{"rendered":"<p>A C\u00e2mara Municipal de Serra Talhada, no Sert\u00e3o do Paje\u00fa, abriu os trabalhos ap\u00f3s o recesso na \u00faltima segunda-feira (1\u00b0). O radialista Marcos Oliveira e o youtuber S\u00e9rgio Hernandes, que faz cobertura sobre a situa\u00e7\u00e3o pol\u00edtica local, foram impedidos de acompanhar a sess\u00e3o ordin\u00e1ria. De acordo com a dupla, a decis\u00e3o partiu do presidente da Casa, Ronaldo de Dja (foto), do PP. Marcos afirma que foi convidado para acompanhar a sess\u00e3o, mas foi retirado mesmo assim. Ele considera a medida autorit\u00e1ria. &#8220;Estive na C\u00e2mara de Vereadores a convite do vereador que estava apresentando o projeto do recesso parlamentar. Fui autorizado [&hellip;]<\/p>\n","protected":false},"author":2,"featured_media":4414,"comment_status":"open","ping_status":"open","sticky":false,"template":"","format":"standard","meta":{"_jetpack_memberships_contains_paid_content":false,"footnotes":"","jetpack_publicize_message":"","jetpack_publicize_feature_enabled":true,"jetpack_social_post_already_shared":true,"jetpack_social_options":{"image_generator_settings":{"template":"highway","enabled":false},"version":2}},"categories":[2],"tags":[],"class_list":["post-4419","post","type-post","status-publish","format-standard","has-post-thumbnail","hentry","category-noticias"],"jetpack_publicize_connections":[],"yoast_head":"<!-- This site is optimized with the Yoast SEO plugin v24.7 - https:\/\/yoast.com\/wordpress\/plugins\/seo\/ -->\n<title>Presidente expulsa profissionais da imprensa e fecha a porta da c\u00e2mara para o povo em - Serra FM 87,9<\/title>\n<meta name=\"robots\" content=\"index, follow, max-snippet:-1, max-image-preview:large, max-video-preview:-1\" \/>\n<link rel=\"canonical\" href=\"https:\/\/serrafm879.com.br\/serrafm\/2021\/02\/presidente-expulsa-profissionais-da-imprensa-e-fecha-porta-da-camara-para-o-povo-em\/\" \/>\n<meta property=\"og:locale\" content=\"pt_BR\" \/>\n<meta property=\"og:type\" content=\"article\" \/>\n<meta property=\"og:title\" content=\"Presidente expulsa profissionais da imprensa e fecha a porta da c\u00e2mara para o povo em - Serra FM 87,9\" \/>\n<meta property=\"og:description\" content=\"A C\u00e2mara Municipal de Serra Talhada, no Sert\u00e3o do Paje\u00fa, abriu os trabalhos ap\u00f3s o recesso na \u00faltima segunda-feira (1\u00b0). O radialista Marcos Oliveira e o youtuber S\u00e9rgio Hernandes, que faz cobertura sobre a situa\u00e7\u00e3o pol\u00edtica local, foram impedidos de acompanhar a sess\u00e3o ordin\u00e1ria. De acordo com a dupla, a decis\u00e3o partiu do presidente da Casa, Ronaldo de Dja (foto), do PP. Marcos afirma que foi convidado para acompanhar a sess\u00e3o, mas foi retirado mesmo assim. Ele considera a medida autorit\u00e1ria. &#8220;Estive na C\u00e2mara de Vereadores a convite do vereador que estava apresentando o projeto do recesso parlamentar. Fui autorizado [&hellip;]\" \/>\n<meta property=\"og:url\" content=\"https:\/\/serrafm879.com.br\/serrafm\/2021\/02\/presidente-expulsa-profissionais-da-imprensa-e-fecha-porta-da-camara-para-o-povo-em\/\" \/>\n<meta property=\"og:site_name\" content=\"Serra FM 87,9\" \/>\n<meta property=\"article:published_time\" content=\"2021-02-04T21:04:33+00:00\" \/>\n<meta property=\"og:image\" content=\"https:\/\/serrafm879.com.br\/serrafm\/wp-content\/uploads\/2021\/02\/15-53-14-0a9bba5438.jpg\" \/>\n\t<meta property=\"og:image:width\" content=\"1280\" \/>\n\t<meta property=\"og:image:height\" content=\"854\" \/>\n\t<meta property=\"og:image:type\" content=\"image\/jpeg\" \/>\n<meta name=\"author\" content=\"serrafm87\" \/>\n<meta name=\"twitter:card\" content=\"summary_large_image\" \/>\n<meta name=\"twitter:label1\" content=\"Escrito por\" \/>\n\t<meta name=\"twitter:data1\" content=\"serrafm87\" \/>\n\t<meta name=\"twitter:label2\" content=\"Est. tempo de leitura\" \/>\n\t<meta name=\"twitter:data2\" content=\"2 minutos\" \/>\n<script type=\"application\/ld+json\" class=\"yoast-schema-graph\">{\"@context\":\"https:\/\/schema.org\",\"@graph\":[{\"@type\":\"WebPage\",\"@id\":\"https:\/\/serrafm879.com.br\/serrafm\/2021\/02\/presidente-expulsa-profissionais-da-imprensa-e-fecha-porta-da-camara-para-o-povo-em\/\",\"url\":\"https:\/\/serrafm879.com.br\/serrafm\/2021\/02\/presidente-expulsa-profissionais-da-imprensa-e-fecha-porta-da-camara-para-o-povo-em\/\",\"name\":\"Presidente expulsa profissionais da imprensa e fecha a porta da c\u00e2mara para o povo em - Serra FM 87,9\",\"isPartOf\":{\"@id\":\"https:\/\/serrafm879.com.br\/serrafm\/#website\"},\"primaryImageOfPage\":{\"@id\":\"https:\/\/serrafm879.com.br\/serrafm\/2021\/02\/presidente-expulsa-profissionais-da-imprensa-e-fecha-porta-da-camara-para-o-povo-em\/#primaryimage\"},\"image\":{\"@id\":\"https:\/\/serrafm879.com.br\/serrafm\/2021\/02\/presidente-expulsa-profissionais-da-imprensa-e-fecha-porta-da-camara-para-o-povo-em\/#primaryimage\"},\"thumbnailUrl\":\"https:\/\/serrafm879.com.br\/serrafm\/wp-content\/uploads\/2021\/02\/15-53-14-0a9bba5438.jpg\",\"datePublished\":\"2021-02-04T21:04:33+00:00\",\"author\":{\"@id\":\"https:\/\/serrafm879.com.br\/serrafm\/#\/schema\/person\/c028a197030ff8b1c03c68dfba4a787a\"},\"breadcrumb\":{\"@id\":\"https:\/\/serrafm879.com.br\/serrafm\/2021\/02\/presidente-expulsa-profissionais-da-imprensa-e-fecha-porta-da-camara-para-o-povo-em\/#breadcrumb\"},\"inLanguage\":\"pt-BR\",\"potentialAction\":[{\"@type\":\"ReadAction\",\"target\":[\"https:\/\/serrafm879.com.br\/serrafm\/2021\/02\/presidente-expulsa-profissionais-da-imprensa-e-fecha-porta-da-camara-para-o-povo-em\/\"]}]},{\"@type\":\"ImageObject\",\"inLanguage\":\"pt-BR\",\"@id\":\"https:\/\/serrafm879.com.br\/serrafm\/2021\/02\/presidente-expulsa-profissionais-da-imprensa-e-fecha-porta-da-camara-para-o-povo-em\/#primaryimage\",\"url\":\"https:\/\/serrafm879.com.br\/serrafm\/wp-content\/uploads\/2021\/02\/15-53-14-0a9bba5438.jpg\",\"contentUrl\":\"https:\/\/serrafm879.com.br\/serrafm\/wp-content\/uploads\/2021\/02\/15-53-14-0a9bba5438.jpg\",\"width\":1280,\"height\":854},{\"@type\":\"BreadcrumbList\",\"@id\":\"https:\/\/serrafm879.com.br\/serrafm\/2021\/02\/presidente-expulsa-profissionais-da-imprensa-e-fecha-porta-da-camara-para-o-povo-em\/#breadcrumb\",\"itemListElement\":[{\"@type\":\"ListItem\",\"position\":1,\"name\":\"In\u00edcio\",\"item\":\"https:\/\/serrafm879.com.br\/serrafm\/\"},{\"@type\":\"ListItem\",\"position\":2,\"name\":\"Presidente expulsa profissionais da imprensa e fecha a porta da c\u00e2mara para o povo em\"}]},{\"@type\":\"WebSite\",\"@id\":\"https:\/\/serrafm879.com.br\/serrafm\/#website\",\"url\":\"https:\/\/serrafm879.com.br\/serrafm\/\",\"name\":\"Serra FM 87,9\",\"description\":\"O seu novo amor!\",\"potentialAction\":[{\"@type\":\"SearchAction\",\"target\":{\"@type\":\"EntryPoint\",\"urlTemplate\":\"https:\/\/serrafm879.com.br\/serrafm\/?s={search_term_string}\"},\"query-input\":{\"@type\":\"PropertyValueSpecification\",\"valueRequired\":true,\"valueName\":\"search_term_string\"}}],\"inLanguage\":\"pt-BR\"},{\"@type\":\"Person\",\"@id\":\"https:\/\/serrafm879.com.br\/serrafm\/#\/schema\/person\/c028a197030ff8b1c03c68dfba4a787a\",\"name\":\"serrafm87\",\"image\":{\"@type\":\"ImageObject\",\"inLanguage\":\"pt-BR\",\"@id\":\"https:\/\/serrafm879.com.br\/serrafm\/#\/schema\/person\/image\/\",\"url\":\"https:\/\/secure.gravatar.com\/avatar\/a743233f1112d34f48bb3dc9559b76eb930bab8b27175856cba6362608736235?s=96&d=mm&r=g\",\"contentUrl\":\"https:\/\/secure.gravatar.com\/avatar\/a743233f1112d34f48bb3dc9559b76eb930bab8b27175856cba6362608736235?s=96&d=mm&r=g\",\"caption\":\"serrafm87\"},\"sameAs\":[\"http:\/\/serrafm879.com.br\/\"],\"url\":\"https:\/\/serrafm879.com.br\/serrafm\/author\/serrafm87\/\"}]}<\/script>\n<!-- \/ Yoast SEO plugin. -->","yoast_head_json":{"title":"Presidente expulsa profissionais da imprensa e fecha a porta da c\u00e2mara para o povo em - Serra FM 87,9","robots":{"index":"index","follow":"follow","max-snippet":"max-snippet:-1","max-image-preview":"max-image-preview:large","max-video-preview":"max-video-preview:-1"},"canonical":"https:\/\/serrafm879.com.br\/serrafm\/2021\/02\/presidente-expulsa-profissionais-da-imprensa-e-fecha-porta-da-camara-para-o-povo-em\/","og_locale":"pt_BR","og_type":"article","og_title":"Presidente expulsa profissionais da imprensa e fecha a porta da c\u00e2mara para o povo em - Serra FM 87,9","og_description":"A C\u00e2mara Municipal de Serra Talhada, no Sert\u00e3o do Paje\u00fa, abriu os trabalhos ap\u00f3s o recesso na \u00faltima segunda-feira (1\u00b0). O radialista Marcos Oliveira e o youtuber S\u00e9rgio Hernandes, que faz cobertura sobre a situa\u00e7\u00e3o pol\u00edtica local, foram impedidos de acompanhar a sess\u00e3o ordin\u00e1ria. De acordo com a dupla, a decis\u00e3o partiu do presidente da Casa, Ronaldo de Dja (foto), do PP. Marcos afirma que foi convidado para acompanhar a sess\u00e3o, mas foi retirado mesmo assim. Ele considera a medida autorit\u00e1ria. &#8220;Estive na C\u00e2mara de Vereadores a convite do vereador que estava apresentando o projeto do recesso parlamentar. Fui autorizado [&hellip;]","og_url":"https:\/\/serrafm879.com.br\/serrafm\/2021\/02\/presidente-expulsa-profissionais-da-imprensa-e-fecha-porta-da-camara-para-o-povo-em\/","og_site_name":"Serra FM 87,9","article_published_time":"2021-02-04T21:04:33+00:00","og_image":[{"width":1280,"height":854,"url":"https:\/\/serrafm879.com.br\/serrafm\/wp-content\/uploads\/2021\/02\/15-53-14-0a9bba5438.jpg","type":"image\/jpeg"}],"author":"serrafm87","twitter_card":"summary_large_image","twitter_misc":{"Escrito por":"serrafm87","Est. tempo de leitura":"2 minutos"},"schema":{"@context":"https:\/\/schema.org","@graph":[{"@type":"WebPage","@id":"https:\/\/serrafm879.com.br\/serrafm\/2021\/02\/presidente-expulsa-profissionais-da-imprensa-e-fecha-porta-da-camara-para-o-povo-em\/","url":"https:\/\/serrafm879.com.br\/serrafm\/2021\/02\/presidente-expulsa-profissionais-da-imprensa-e-fecha-porta-da-camara-para-o-povo-em\/","name":"Presidente expulsa profissionais da imprensa e fecha a porta da c\u00e2mara para o povo em - Serra FM 87,9","isPartOf":{"@id":"https:\/\/serrafm879.com.br\/serrafm\/#website"},"primaryImageOfPage":{"@id":"https:\/\/serrafm879.com.br\/serrafm\/2021\/02\/presidente-expulsa-profissionais-da-imprensa-e-fecha-porta-da-camara-para-o-povo-em\/#primaryimage"},"image":{"@id":"https:\/\/serrafm879.com.br\/serrafm\/2021\/02\/presidente-expulsa-profissionais-da-imprensa-e-fecha-porta-da-camara-para-o-povo-em\/#primaryimage"},"thumbnailUrl":"https:\/\/serrafm879.com.br\/serrafm\/wp-content\/uploads\/2021\/02\/15-53-14-0a9bba5438.jpg","datePublished":"2021-02-04T21:04:33+00:00","author":{"@id":"https:\/\/serrafm879.com.br\/serrafm\/#\/schema\/person\/c028a197030ff8b1c03c68dfba4a787a"},"breadcrumb":{"@id":"https:\/\/serrafm879.com.br\/serrafm\/2021\/02\/presidente-expulsa-profissionais-da-imprensa-e-fecha-porta-da-camara-para-o-povo-em\/#breadcrumb"},"inLanguage":"pt-BR","potentialAction":[{"@type":"ReadAction","target":["https:\/\/serrafm879.com.br\/serrafm\/2021\/02\/presidente-expulsa-profissionais-da-imprensa-e-fecha-porta-da-camara-para-o-povo-em\/"]}]},{"@type":"ImageObject","inLanguage":"pt-BR","@id":"https:\/\/serrafm879.com.br\/serrafm\/2021\/02\/presidente-expulsa-profissionais-da-imprensa-e-fecha-porta-da-camara-para-o-povo-em\/#primaryimage","url":"https:\/\/serrafm879.com.br\/serrafm\/wp-content\/uploads\/2021\/02\/15-53-14-0a9bba5438.jpg","contentUrl":"https:\/\/serrafm879.com.br\/serrafm\/wp-content\/uploads\/2021\/02\/15-53-14-0a9bba5438.jpg","width":1280,"height":854},{"@type":"BreadcrumbList","@id":"https:\/\/serrafm879.com.br\/serrafm\/2021\/02\/presidente-expulsa-profissionais-da-imprensa-e-fecha-porta-da-camara-para-o-povo-em\/#breadcrumb","itemListElement":[{"@type":"ListItem","position":1,"name":"In\u00edcio","item":"https:\/\/serrafm879.com.br\/serrafm\/"},{"@type":"ListItem","position":2,"name":"Presidente expulsa profissionais da imprensa e fecha a porta da c\u00e2mara para o povo em"}]},{"@type":"WebSite","@id":"https:\/\/serrafm879.com.br\/serrafm\/#website","url":"https:\/\/serrafm879.com.br\/serrafm\/","name":"Serra FM 87,9","description":"O seu novo amor!","potentialAction":[{"@type":"SearchAction","target":{"@type":"EntryPoint","urlTemplate":"https:\/\/serrafm879.com.br\/serrafm\/?s={search_term_string}"},"query-input":{"@type":"PropertyValueSpecification","valueRequired":true,"valueName":"search_term_string"}}],"inLanguage":"pt-BR"},{"@type":"Person","@id":"https:\/\/serrafm879.com.br\/serrafm\/#\/schema\/person\/c028a197030ff8b1c03c68dfba4a787a","name":"serrafm87","image":{"@type":"ImageObject","inLanguage":"pt-BR","@id":"https:\/\/serrafm879.com.br\/serrafm\/#\/schema\/person\/image\/","url":"https:\/\/secure.gravatar.com\/avatar\/a743233f1112d34f48bb3dc9559b76eb930bab8b27175856cba6362608736235?s=96&d=mm&r=g","contentUrl":"https:\/\/secure.gravatar.com\/avatar\/a743233f1112d34f48bb3dc9559b76eb930bab8b27175856cba6362608736235?s=96&d=mm&r=g","caption":"serrafm87"},"sameAs":["http:\/\/serrafm879.com.br\/"],"url":"https:\/\/serrafm879.com.br\/serrafm\/author\/serrafm87\/"}]}},"jetpack_featured_media_url":"https:\/\/serrafm879.com.br\/serrafm\/wp-content\/uploads\/2021\/02\/15-53-14-0a9bba5438.jpg","jetpack_shortlink":"https:\/\/wp.me\/p7HyXg-19h","jetpack_sharing_enabled":true,"_links":{"self":[{"href":"https:\/\/serrafm879.com.br\/serrafm\/wp-json\/wp\/v2\/posts\/4419","targetHints":{"allow":["GET"]}}],"collection":[{"href":"https:\/\/serrafm879.com.br\/serrafm\/wp-json\/wp\/v2\/posts"}],"about":[{"href":"https:\/\/serrafm879.com.br\/serrafm\/wp-json\/wp\/v2\/types\/post"}],"author":[{"embeddable":true,"href":"https:\/\/serrafm879.com.br\/serrafm\/wp-json\/wp\/v2\/users\/2"}],"replies":[{"embeddable":true,"href":"https:\/\/serrafm879.com.br\/serrafm\/wp-json\/wp\/v2\/comments?post=4419"}],"version-history":[{"count":1,"href":"https:\/\/serrafm879.com.br\/serrafm\/wp-json\/wp\/v2\/posts\/4419\/revisions"}],"predecessor-version":[{"id":4420,"href":"https:\/\/serrafm879.com.br\/serrafm\/wp-json\/wp\/v2\/posts\/4419\/revisions\/4420"}],"wp:featuredmedia":[{"embeddable":true,"href":"https:\/\/serrafm879.com.br\/serrafm\/wp-json\/wp\/v2\/media\/4414"}],"wp:attachment":[{"href":"https:\/\/serrafm879.com.br\/serrafm\/wp-json\/wp\/v2\/media?parent=4419"}],"wp:term":[{"taxonomy":"category","embeddable":true,"href":"https:\/\/serrafm879.com.br\/serrafm\/wp-json\/wp\/v2\/categories?post=4419"},{"taxonomy":"post_tag","embeddable":true,"href":"https:\/\/serrafm879.com.br\/serrafm\/wp-json\/wp\/v2\/tags?post=4419"}],"curies":[{"name":"wp","href":"https:\/\/api.w.org\/{rel}","templated":true}]}}