{"id":4427,"date":"2021-02-05T05:02:21","date_gmt":"2021-02-05T08:02:21","guid":{"rendered":"https:\/?p=4427"},"modified":"2021-02-05T05:02:21","modified_gmt":"2021-02-05T08:02:21","slug":"sistema-adutor-do-vanete-almeida-sera-licitado-dia-26-02-2021","status":"publish","type":"post","link":"https:\/\/serrafm879.com.br\/serrafm\/2021\/02\/sistema-adutor-do-vanete-almeida-sera-licitado-dia-26-02-2021\/","title":{"rendered":"Sistema adutor do Vanete Almeida ser\u00e1 licitado dia 26.02.2021"},"content":{"rendered":"<p>Um grande gargalo para gest\u00e3o municipal em Serra Talhada o Residencial Vanete Almeida, parece que, segundo informa\u00e7\u00f5es poder\u00e1 ter\u00a0 um desfecho satisfat\u00f3rio.<\/p>\n<p>\u00c9 que um processo de licita\u00e7\u00e3o pra constru\u00e7\u00e3o de um sistema adutor para o abastecimento de \u00e1gua daquela localidade foi autorizado. O Preg\u00e3o Eletr\u00f4nico 85.2017 deve acontecer \u00e0s 15 horas, sobre a reg\u00eancia da Compesa, no dia 26 de fevereiro.<\/p>\n<p>Ao todo s\u00e3o 902 casas j\u00e1 sorteadas pela prefeitura e que nunca foram entregues pelo Governo Federal, com esta informa\u00e7\u00e3o, os sorteados passam a sonhar em morar em seu novo endere\u00e7o.<\/p>\n","protected":false},"excerpt":{"rendered":"<p>Um grande gargalo para gest\u00e3o municipal em Serra Talhada o Residencial Vanete Almeida, parece que, segundo informa\u00e7\u00f5es poder\u00e1 ter\u00a0 um desfecho satisfat\u00f3rio. \u00c9 que um processo de licita\u00e7\u00e3o pra constru\u00e7\u00e3o de um sistema adutor para o abastecimento de \u00e1gua daquela localidade foi autorizado. O Preg\u00e3o Eletr\u00f4nico 85.2017 deve acontecer \u00e0s 15 horas, sobre a reg\u00eancia da Compesa, no dia 26 de fevereiro. Ao todo s\u00e3o 902 casas j\u00e1 sorteadas pela prefeitura e que nunca foram entregues pelo Governo Federal, com esta informa\u00e7\u00e3o, os sorteados passam a sonhar em morar em seu novo endere\u00e7o.<\/p>\n","protected":false},"author":2,"featured_media":4428,"comment_status":"open","ping_status":"open","sticky":false,"template":"","format":"standard","meta":{"_jetpack_memberships_contains_paid_content":false,"footnotes":"","jetpack_publicize_message":"","jetpack_publicize_feature_enabled":true,"jetpack_social_post_already_shared":true,"jetpack_social_options":{"image_generator_settings":{"template":"highway","enabled":false},"version":2}},"categories":[2],"tags":[],"class_list":["post-4427","post","type-post","status-publish","format-standard","has-post-thumbnail","hentry","category-noticias"],"jetpack_publicize_connections":[],"yoast_head":"<!-- This site is optimized with the Yoast SEO plugin v24.7 - https:\/\/yoast.com\/wordpress\/plugins\/seo\/ -->\n<title>Sistema adutor do Vanete Almeida ser\u00e1 licitado dia 26.02.2021 - Serra FM 87,9<\/title>\n<meta name=\"robots\" content=\"index, follow, max-snippet:-1, max-image-preview:large, max-video-preview:-1\" \/>\n<link rel=\"canonical\" href=\"https:\/\/serrafm879.com.br\/serrafm\/2021\/02\/sistema-adutor-do-vanete-almeida-sera-licitado-dia-26-02-2021\/\" \/>\n<meta property=\"og:locale\" content=\"pt_BR\" \/>\n<meta property=\"og:type\" content=\"article\" \/>\n<meta property=\"og:title\" content=\"Sistema adutor do Vanete Almeida ser\u00e1 licitado dia 26.02.2021 - Serra FM 87,9\" \/>\n<meta property=\"og:description\" content=\"Um grande gargalo para gest\u00e3o municipal em Serra Talhada o Residencial Vanete Almeida, parece que, segundo informa\u00e7\u00f5es poder\u00e1 ter\u00a0 um desfecho satisfat\u00f3rio. \u00c9 que um processo de licita\u00e7\u00e3o pra constru\u00e7\u00e3o de um sistema adutor para o abastecimento de \u00e1gua daquela localidade foi autorizado. O Preg\u00e3o Eletr\u00f4nico 85.2017 deve acontecer \u00e0s 15 horas, sobre a reg\u00eancia da Compesa, no dia 26 de fevereiro. Ao todo s\u00e3o 902 casas j\u00e1 sorteadas pela prefeitura e que nunca foram entregues pelo Governo Federal, com esta informa\u00e7\u00e3o, os sorteados passam a sonhar em morar em seu novo endere\u00e7o.\" \/>\n<meta property=\"og:url\" content=\"https:\/\/serrafm879.com.br\/serrafm\/2021\/02\/sistema-adutor-do-vanete-almeida-sera-licitado-dia-26-02-2021\/\" \/>\n<meta property=\"og:site_name\" content=\"Serra FM 87,9\" \/>\n<meta property=\"article:published_time\" content=\"2021-02-05T08:02:21+00:00\" \/>\n<meta property=\"og:image\" content=\"https:\/\/serrafm879.com.br\/serrafm\/wp-content\/uploads\/2021\/02\/vanetealmeida-300x169-1.png\" \/>\n\t<meta property=\"og:image:width\" content=\"300\" \/>\n\t<meta property=\"og:image:height\" content=\"169\" \/>\n\t<meta property=\"og:image:type\" content=\"image\/png\" \/>\n<meta name=\"author\" content=\"serrafm87\" \/>\n<meta name=\"twitter:card\" content=\"summary_large_image\" \/>\n<meta name=\"twitter:label1\" content=\"Escrito por\" \/>\n\t<meta name=\"twitter:data1\" content=\"serrafm87\" \/>\n<script type=\"application\/ld+json\" class=\"yoast-schema-graph\">{\"@context\":\"https:\/\/schema.org\",\"@graph\":[{\"@type\":\"WebPage\",\"@id\":\"https:\/\/serrafm879.com.br\/serrafm\/2021\/02\/sistema-adutor-do-vanete-almeida-sera-licitado-dia-26-02-2021\/\",\"url\":\"https:\/\/serrafm879.com.br\/serrafm\/2021\/02\/sistema-adutor-do-vanete-almeida-sera-licitado-dia-26-02-2021\/\",\"name\":\"Sistema adutor do Vanete Almeida ser\u00e1 licitado dia 26.02.2021 - Serra FM 87,9\",\"isPartOf\":{\"@id\":\"https:\/\/serrafm879.com.br\/serrafm\/#website\"},\"primaryImageOfPage\":{\"@id\":\"https:\/\/serrafm879.com.br\/serrafm\/2021\/02\/sistema-adutor-do-vanete-almeida-sera-licitado-dia-26-02-2021\/#primaryimage\"},\"image\":{\"@id\":\"https:\/\/serrafm879.com.br\/serrafm\/2021\/02\/sistema-adutor-do-vanete-almeida-sera-licitado-dia-26-02-2021\/#primaryimage\"},\"thumbnailUrl\":\"https:\/\/serrafm879.com.br\/serrafm\/wp-content\/uploads\/2021\/02\/vanetealmeida-300x169-1.png\",\"datePublished\":\"2021-02-05T08:02:21+00:00\",\"author\":{\"@id\":\"https:\/\/serrafm879.com.br\/serrafm\/#\/schema\/person\/c028a197030ff8b1c03c68dfba4a787a\"},\"breadcrumb\":{\"@id\":\"https:\/\/serrafm879.com.br\/serrafm\/2021\/02\/sistema-adutor-do-vanete-almeida-sera-licitado-dia-26-02-2021\/#breadcrumb\"},\"inLanguage\":\"pt-BR\",\"potentialAction\":[{\"@type\":\"ReadAction\",\"target\":[\"https:\/\/serrafm879.com.br\/serrafm\/2021\/02\/sistema-adutor-do-vanete-almeida-sera-licitado-dia-26-02-2021\/\"]}]},{\"@type\":\"ImageObject\",\"inLanguage\":\"pt-BR\",\"@id\":\"https:\/\/serrafm879.com.br\/serrafm\/2021\/02\/sistema-adutor-do-vanete-almeida-sera-licitado-dia-26-02-2021\/#primaryimage\",\"url\":\"https:\/\/serrafm879.com.br\/serrafm\/wp-content\/uploads\/2021\/02\/vanetealmeida-300x169-1.png\",\"contentUrl\":\"https:\/\/serrafm879.com.br\/serrafm\/wp-content\/uploads\/2021\/02\/vanetealmeida-300x169-1.png\",\"width\":300,\"height\":169},{\"@type\":\"BreadcrumbList\",\"@id\":\"https:\/\/serrafm879.com.br\/serrafm\/2021\/02\/sistema-adutor-do-vanete-almeida-sera-licitado-dia-26-02-2021\/#breadcrumb\",\"itemListElement\":[{\"@type\":\"ListItem\",\"position\":1,\"name\":\"In\u00edcio\",\"item\":\"https:\/\/serrafm879.com.br\/serrafm\/\"},{\"@type\":\"ListItem\",\"position\":2,\"name\":\"Sistema adutor do Vanete Almeida ser\u00e1 licitado dia 26.02.2021\"}]},{\"@type\":\"WebSite\",\"@id\":\"https:\/\/serrafm879.com.br\/serrafm\/#website\",\"url\":\"https:\/\/serrafm879.com.br\/serrafm\/\",\"name\":\"Serra FM 87,9\",\"description\":\"O seu novo amor!\",\"potentialAction\":[{\"@type\":\"SearchAction\",\"target\":{\"@type\":\"EntryPoint\",\"urlTemplate\":\"https:\/\/serrafm879.com.br\/serrafm\/?s={search_term_string}\"},\"query-input\":{\"@type\":\"PropertyValueSpecification\",\"valueRequired\":true,\"valueName\":\"search_term_string\"}}],\"inLanguage\":\"pt-BR\"},{\"@type\":\"Person\",\"@id\":\"https:\/\/serrafm879.com.br\/serrafm\/#\/schema\/person\/c028a197030ff8b1c03c68dfba4a787a\",\"name\":\"serrafm87\",\"image\":{\"@type\":\"ImageObject\",\"inLanguage\":\"pt-BR\",\"@id\":\"https:\/\/serrafm879.com.br\/serrafm\/#\/schema\/person\/image\/\",\"url\":\"https:\/\/secure.gravatar.com\/avatar\/a743233f1112d34f48bb3dc9559b76eb930bab8b27175856cba6362608736235?s=96&d=mm&r=g\",\"contentUrl\":\"https:\/\/secure.gravatar.com\/avatar\/a743233f1112d34f48bb3dc9559b76eb930bab8b27175856cba6362608736235?s=96&d=mm&r=g\",\"caption\":\"serrafm87\"},\"sameAs\":[\"http:\/\/serrafm879.com.br\/\"],\"url\":\"https:\/\/serrafm879.com.br\/serrafm\/author\/serrafm87\/\"}]}<\/script>\n<!-- \/ Yoast SEO plugin. -->","yoast_head_json":{"title":"Sistema adutor do Vanete Almeida ser\u00e1 licitado dia 26.02.2021 - Serra FM 87,9","robots":{"index":"index","follow":"follow","max-snippet":"max-snippet:-1","max-image-preview":"max-image-preview:large","max-video-preview":"max-video-preview:-1"},"canonical":"https:\/\/serrafm879.com.br\/serrafm\/2021\/02\/sistema-adutor-do-vanete-almeida-sera-licitado-dia-26-02-2021\/","og_locale":"pt_BR","og_type":"article","og_title":"Sistema adutor do Vanete Almeida ser\u00e1 licitado dia 26.02.2021 - Serra FM 87,9","og_description":"Um grande gargalo para gest\u00e3o municipal em Serra Talhada o Residencial Vanete Almeida, parece que, segundo informa\u00e7\u00f5es poder\u00e1 ter\u00a0 um desfecho satisfat\u00f3rio. \u00c9 que um processo de licita\u00e7\u00e3o pra constru\u00e7\u00e3o de um sistema adutor para o abastecimento de \u00e1gua daquela localidade foi autorizado. O Preg\u00e3o Eletr\u00f4nico 85.2017 deve acontecer \u00e0s 15 horas, sobre a reg\u00eancia da Compesa, no dia 26 de fevereiro. Ao todo s\u00e3o 902 casas j\u00e1 sorteadas pela prefeitura e que nunca foram entregues pelo Governo Federal, com esta informa\u00e7\u00e3o, os sorteados passam a sonhar em morar em seu novo endere\u00e7o.","og_url":"https:\/\/serrafm879.com.br\/serrafm\/2021\/02\/sistema-adutor-do-vanete-almeida-sera-licitado-dia-26-02-2021\/","og_site_name":"Serra FM 87,9","article_published_time":"2021-02-05T08:02:21+00:00","og_image":[{"width":300,"height":169,"url":"https:\/\/serrafm879.com.br\/serrafm\/wp-content\/uploads\/2021\/02\/vanetealmeida-300x169-1.png","type":"image\/png"}],"author":"serrafm87","twitter_card":"summary_large_image","twitter_misc":{"Escrito por":"serrafm87"},"schema":{"@context":"https:\/\/schema.org","@graph":[{"@type":"WebPage","@id":"https:\/\/serrafm879.com.br\/serrafm\/2021\/02\/sistema-adutor-do-vanete-almeida-sera-licitado-dia-26-02-2021\/","url":"https:\/\/serrafm879.com.br\/serrafm\/2021\/02\/sistema-adutor-do-vanete-almeida-sera-licitado-dia-26-02-2021\/","name":"Sistema adutor do Vanete Almeida ser\u00e1 licitado dia 26.02.2021 - Serra FM 87,9","isPartOf":{"@id":"https:\/\/serrafm879.com.br\/serrafm\/#website"},"primaryImageOfPage":{"@id":"https:\/\/serrafm879.com.br\/serrafm\/2021\/02\/sistema-adutor-do-vanete-almeida-sera-licitado-dia-26-02-2021\/#primaryimage"},"image":{"@id":"https:\/\/serrafm879.com.br\/serrafm\/2021\/02\/sistema-adutor-do-vanete-almeida-sera-licitado-dia-26-02-2021\/#primaryimage"},"thumbnailUrl":"https:\/\/serrafm879.com.br\/serrafm\/wp-content\/uploads\/2021\/02\/vanetealmeida-300x169-1.png","datePublished":"2021-02-05T08:02:21+00:00","author":{"@id":"https:\/\/serrafm879.com.br\/serrafm\/#\/schema\/person\/c028a197030ff8b1c03c68dfba4a787a"},"breadcrumb":{"@id":"https:\/\/serrafm879.com.br\/serrafm\/2021\/02\/sistema-adutor-do-vanete-almeida-sera-licitado-dia-26-02-2021\/#breadcrumb"},"inLanguage":"pt-BR","potentialAction":[{"@type":"ReadAction","target":["https:\/\/serrafm879.com.br\/serrafm\/2021\/02\/sistema-adutor-do-vanete-almeida-sera-licitado-dia-26-02-2021\/"]}]},{"@type":"ImageObject","inLanguage":"pt-BR","@id":"https:\/\/serrafm879.com.br\/serrafm\/2021\/02\/sistema-adutor-do-vanete-almeida-sera-licitado-dia-26-02-2021\/#primaryimage","url":"https:\/\/serrafm879.com.br\/serrafm\/wp-content\/uploads\/2021\/02\/vanetealmeida-300x169-1.png","contentUrl":"https:\/\/serrafm879.com.br\/serrafm\/wp-content\/uploads\/2021\/02\/vanetealmeida-300x169-1.png","width":300,"height":169},{"@type":"BreadcrumbList","@id":"https:\/\/serrafm879.com.br\/serrafm\/2021\/02\/sistema-adutor-do-vanete-almeida-sera-licitado-dia-26-02-2021\/#breadcrumb","itemListElement":[{"@type":"ListItem","position":1,"name":"In\u00edcio","item":"https:\/\/serrafm879.com.br\/serrafm\/"},{"@type":"ListItem","position":2,"name":"Sistema adutor do Vanete Almeida ser\u00e1 licitado dia 26.02.2021"}]},{"@type":"WebSite","@id":"https:\/\/serrafm879.com.br\/serrafm\/#website","url":"https:\/\/serrafm879.com.br\/serrafm\/","name":"Serra FM 87,9","description":"O seu novo amor!","potentialAction":[{"@type":"SearchAction","target":{"@type":"EntryPoint","urlTemplate":"https:\/\/serrafm879.com.br\/serrafm\/?s={search_term_string}"},"query-input":{"@type":"PropertyValueSpecification","valueRequired":true,"valueName":"search_term_string"}}],"inLanguage":"pt-BR"},{"@type":"Person","@id":"https:\/\/serrafm879.com.br\/serrafm\/#\/schema\/person\/c028a197030ff8b1c03c68dfba4a787a","name":"serrafm87","image":{"@type":"ImageObject","inLanguage":"pt-BR","@id":"https:\/\/serrafm879.com.br\/serrafm\/#\/schema\/person\/image\/","url":"https:\/\/secure.gravatar.com\/avatar\/a743233f1112d34f48bb3dc9559b76eb930bab8b27175856cba6362608736235?s=96&d=mm&r=g","contentUrl":"https:\/\/secure.gravatar.com\/avatar\/a743233f1112d34f48bb3dc9559b76eb930bab8b27175856cba6362608736235?s=96&d=mm&r=g","caption":"serrafm87"},"sameAs":["http:\/\/serrafm879.com.br\/"],"url":"https:\/\/serrafm879.com.br\/serrafm\/author\/serrafm87\/"}]}},"jetpack_featured_media_url":"https:\/\/serrafm879.com.br\/serrafm\/wp-content\/uploads\/2021\/02\/vanetealmeida-300x169-1.png","jetpack_shortlink":"https:\/\/wp.me\/p7HyXg-19p","jetpack_sharing_enabled":true,"_links":{"self":[{"href":"https:\/\/serrafm879.com.br\/serrafm\/wp-json\/wp\/v2\/posts\/4427","targetHints":{"allow":["GET"]}}],"collection":[{"href":"https:\/\/serrafm879.com.br\/serrafm\/wp-json\/wp\/v2\/posts"}],"about":[{"href":"https:\/\/serrafm879.com.br\/serrafm\/wp-json\/wp\/v2\/types\/post"}],"author":[{"embeddable":true,"href":"https:\/\/serrafm879.com.br\/serrafm\/wp-json\/wp\/v2\/users\/2"}],"replies":[{"embeddable":true,"href":"https:\/\/serrafm879.com.br\/serrafm\/wp-json\/wp\/v2\/comments?post=4427"}],"version-history":[{"count":1,"href":"https:\/\/serrafm879.com.br\/serrafm\/wp-json\/wp\/v2\/posts\/4427\/revisions"}],"predecessor-version":[{"id":4429,"href":"https:\/\/serrafm879.com.br\/serrafm\/wp-json\/wp\/v2\/posts\/4427\/revisions\/4429"}],"wp:featuredmedia":[{"embeddable":true,"href":"https:\/\/serrafm879.com.br\/serrafm\/wp-json\/wp\/v2\/media\/4428"}],"wp:attachment":[{"href":"https:\/\/serrafm879.com.br\/serrafm\/wp-json\/wp\/v2\/media?parent=4427"}],"wp:term":[{"taxonomy":"category","embeddable":true,"href":"https:\/\/serrafm879.com.br\/serrafm\/wp-json\/wp\/v2\/categories?post=4427"},{"taxonomy":"post_tag","embeddable":true,"href":"https:\/\/serrafm879.com.br\/serrafm\/wp-json\/wp\/v2\/tags?post=4427"}],"curies":[{"name":"wp","href":"https:\/\/api.w.org\/{rel}","templated":true}]}}