{"id":4430,"date":"2021-02-05T05:06:35","date_gmt":"2021-02-05T08:06:35","guid":{"rendered":"https:\/?p=4430"},"modified":"2021-02-05T05:06:35","modified_gmt":"2021-02-05T08:06:35","slug":"um-salto-de-qualidade","status":"publish","type":"post","link":"https:\/\/serrafm879.com.br\/serrafm\/2021\/02\/um-salto-de-qualidade\/","title":{"rendered":"Um salto de qualidade"},"content":{"rendered":"<p>Pernambuco sempre esteve na vanguarda em enviar para Bras\u00edlia, seja para a C\u00e2mara ou o Senado, nomes que venceram a barreira do provincianismo e se constitu\u00edram em grandes lideran\u00e7as nacionais. Foi assim com Marco Maciel, Inoc\u00eancio Oliveira e Severino Cavalcanti, eleitos presidentes da C\u00e2mara dos Deputados. Maciel, sempre \u00e0 frente de todos, virou um dos \u00edcones nacionais do centro-direita, pela destacada capacidade de articula\u00e7\u00e3o pol\u00edtica na constru\u00e7\u00e3o da Nova Rep\u00fablica, com a elei\u00e7\u00e3o indireta de Tancredo Neves.<\/p>\n<p>Chegou \u00e0 Vice-Presid\u00eancia da Rep\u00fablica por dois mandatos, na chapa que elegeu e reelegeu Fernando Henrique Cardoso. Afastado da vida p\u00fablica por problemas de sa\u00fade, faz muita falta ao Pa\u00eds. Num determinado momento da Rep\u00fablica p\u00f3s ditadura, Pernambuco chegou a ocupar cinco Minist\u00e9rios, a presid\u00eancia da CEF e o comando da Receita Federal. Teve at\u00e9 governador do Distrito Federal, o ex-senador Cristovam Buarque, e uma penca de lideran\u00e7as no Congresso.<\/p>\n<p>Entre os anos 80 e 2000 passaram pelo Congresso nomes pernambucanos que deram uma grande contribui\u00e7\u00e3o ao debate nacional, como Miguel Arraes, Roberto Freire, Jarbas Vasconcelos, Cristina Tavares, Eg\u00eddio Ferreira Lima, Maur\u00edlio Ferreira Lima, Osvaldo Lima Neto, Fernando Lyra e Eduardo Campos, dentre outros, no campo da esquerda. No centro-direita, Ricardo Fi\u00faza, ex-ministro, l\u00edder do Centr\u00e3o, Carlos Wilson, ex-ministro, o pr\u00f3prio Inoc\u00eancio, Roberto Magalh\u00e3es e Joaquim Francisco.<\/p>\n<p>Uma galeria e tanto! Mas nos \u00faltimos anos, sobretudo a partir da morte de Eduardo Campos, o Estado perdeu protagonismo na pol\u00edtica nacional. A elei\u00e7\u00e3o da nova Mesa Diretora da C\u00e2mara dos Deputados trouxe um alento ao Estado com a garantia de tr\u00eas postos: a primeira-secretaria, que passa a ser dirigida pelo presidente do PSL, Luciano Bivar; a segunda-secretaria, com a petista Mar\u00edlia Arraes, que contrariou o seu partido; e, por fim, a segunda-vice presid\u00eancia, com o macielista Andr\u00e9 de Paula.<\/p>\n<p>Tamb\u00e9m saem da prov\u00edncia para a cena nacional os deputados Danilo Cabral (PSB) e Renildo Calheiros (PCdoB), ambos eleitos l\u00edderes dos seus respectivos partidos. Ser\u00e3o as vozes tamb\u00e9m do Estado no embate da pauta congressual. S\u00e3o representantes de legendas que est\u00e3o do outro lado do balc\u00e3o, na oposi\u00e7\u00e3o ao Governo Bolsonaro. N\u00e3o alavancam recursos para o Estado, mas podem apontar os caminhos mais urgentes e necess\u00e1rios em defesa dos mais altos interesses do povo brasileiro, com olhos voltados para Pernambuco.<\/p>\n<p>Por Magno Martins<\/p>\n","protected":false},"excerpt":{"rendered":"<p>Pernambuco sempre esteve na vanguarda em enviar para Bras\u00edlia, seja para a C\u00e2mara ou o Senado, nomes que venceram a barreira do provincianismo e se constitu\u00edram em grandes lideran\u00e7as nacionais. Foi assim com Marco Maciel, Inoc\u00eancio Oliveira e Severino Cavalcanti, eleitos presidentes da C\u00e2mara dos Deputados. Maciel, sempre \u00e0 frente de todos, virou um dos \u00edcones nacionais do centro-direita, pela destacada capacidade de articula\u00e7\u00e3o pol\u00edtica na constru\u00e7\u00e3o da Nova Rep\u00fablica, com a elei\u00e7\u00e3o indireta de Tancredo Neves. Chegou \u00e0 Vice-Presid\u00eancia da Rep\u00fablica por dois mandatos, na chapa que elegeu e reelegeu Fernando Henrique Cardoso. Afastado da vida p\u00fablica por problemas [&hellip;]<\/p>\n","protected":false},"author":2,"featured_media":4431,"comment_status":"open","ping_status":"open","sticky":false,"template":"","format":"standard","meta":{"_jetpack_memberships_contains_paid_content":false,"footnotes":"","jetpack_publicize_message":"","jetpack_publicize_feature_enabled":true,"jetpack_social_post_already_shared":true,"jetpack_social_options":{"image_generator_settings":{"template":"highway","enabled":false},"version":2}},"categories":[2],"tags":[],"class_list":["post-4430","post","type-post","status-publish","format-standard","has-post-thumbnail","hentry","category-noticias"],"jetpack_publicize_connections":[],"yoast_head":"<!-- This site is optimized with the Yoast SEO plugin v24.7 - https:\/\/yoast.com\/wordpress\/plugins\/seo\/ -->\n<title>Um salto de qualidade - Serra FM 87,9<\/title>\n<meta name=\"robots\" content=\"index, follow, max-snippet:-1, max-image-preview:large, max-video-preview:-1\" \/>\n<link rel=\"canonical\" href=\"https:\/\/serrafm879.com.br\/serrafm\/2021\/02\/um-salto-de-qualidade\/\" \/>\n<meta property=\"og:locale\" content=\"pt_BR\" \/>\n<meta property=\"og:type\" content=\"article\" \/>\n<meta property=\"og:title\" content=\"Um salto de qualidade - Serra FM 87,9\" \/>\n<meta property=\"og:description\" content=\"Pernambuco sempre esteve na vanguarda em enviar para Bras\u00edlia, seja para a C\u00e2mara ou o Senado, nomes que venceram a barreira do provincianismo e se constitu\u00edram em grandes lideran\u00e7as nacionais. Foi assim com Marco Maciel, Inoc\u00eancio Oliveira e Severino Cavalcanti, eleitos presidentes da C\u00e2mara dos Deputados. Maciel, sempre \u00e0 frente de todos, virou um dos \u00edcones nacionais do centro-direita, pela destacada capacidade de articula\u00e7\u00e3o pol\u00edtica na constru\u00e7\u00e3o da Nova Rep\u00fablica, com a elei\u00e7\u00e3o indireta de Tancredo Neves. Chegou \u00e0 Vice-Presid\u00eancia da Rep\u00fablica por dois mandatos, na chapa que elegeu e reelegeu Fernando Henrique Cardoso. Afastado da vida p\u00fablica por problemas [&hellip;]\" \/>\n<meta property=\"og:url\" content=\"https:\/\/serrafm879.com.br\/serrafm\/2021\/02\/um-salto-de-qualidade\/\" \/>\n<meta property=\"og:site_name\" content=\"Serra FM 87,9\" \/>\n<meta property=\"article:published_time\" content=\"2021-02-05T08:06:35+00:00\" \/>\n<meta property=\"og:image\" content=\"https:\/\/serrafm879.com.br\/serrafm\/wp-content\/uploads\/2021\/02\/pe.jpeg\" \/>\n\t<meta property=\"og:image:width\" content=\"984\" \/>\n\t<meta property=\"og:image:height\" content=\"616\" \/>\n\t<meta property=\"og:image:type\" content=\"image\/jpeg\" \/>\n<meta name=\"author\" content=\"serrafm87\" \/>\n<meta name=\"twitter:card\" content=\"summary_large_image\" \/>\n<meta name=\"twitter:label1\" content=\"Escrito por\" \/>\n\t<meta name=\"twitter:data1\" content=\"serrafm87\" \/>\n\t<meta name=\"twitter:label2\" content=\"Est. tempo de leitura\" \/>\n\t<meta name=\"twitter:data2\" content=\"2 minutos\" \/>\n<script type=\"application\/ld+json\" class=\"yoast-schema-graph\">{\"@context\":\"https:\/\/schema.org\",\"@graph\":[{\"@type\":\"WebPage\",\"@id\":\"https:\/\/serrafm879.com.br\/serrafm\/2021\/02\/um-salto-de-qualidade\/\",\"url\":\"https:\/\/serrafm879.com.br\/serrafm\/2021\/02\/um-salto-de-qualidade\/\",\"name\":\"Um salto de qualidade - Serra FM 87,9\",\"isPartOf\":{\"@id\":\"https:\/\/serrafm879.com.br\/serrafm\/#website\"},\"primaryImageOfPage\":{\"@id\":\"https:\/\/serrafm879.com.br\/serrafm\/2021\/02\/um-salto-de-qualidade\/#primaryimage\"},\"image\":{\"@id\":\"https:\/\/serrafm879.com.br\/serrafm\/2021\/02\/um-salto-de-qualidade\/#primaryimage\"},\"thumbnailUrl\":\"https:\/\/serrafm879.com.br\/serrafm\/wp-content\/uploads\/2021\/02\/pe.jpeg\",\"datePublished\":\"2021-02-05T08:06:35+00:00\",\"author\":{\"@id\":\"https:\/\/serrafm879.com.br\/serrafm\/#\/schema\/person\/c028a197030ff8b1c03c68dfba4a787a\"},\"breadcrumb\":{\"@id\":\"https:\/\/serrafm879.com.br\/serrafm\/2021\/02\/um-salto-de-qualidade\/#breadcrumb\"},\"inLanguage\":\"pt-BR\",\"potentialAction\":[{\"@type\":\"ReadAction\",\"target\":[\"https:\/\/serrafm879.com.br\/serrafm\/2021\/02\/um-salto-de-qualidade\/\"]}]},{\"@type\":\"ImageObject\",\"inLanguage\":\"pt-BR\",\"@id\":\"https:\/\/serrafm879.com.br\/serrafm\/2021\/02\/um-salto-de-qualidade\/#primaryimage\",\"url\":\"https:\/\/serrafm879.com.br\/serrafm\/wp-content\/uploads\/2021\/02\/pe.jpeg\",\"contentUrl\":\"https:\/\/serrafm879.com.br\/serrafm\/wp-content\/uploads\/2021\/02\/pe.jpeg\",\"width\":984,\"height\":616},{\"@type\":\"BreadcrumbList\",\"@id\":\"https:\/\/serrafm879.com.br\/serrafm\/2021\/02\/um-salto-de-qualidade\/#breadcrumb\",\"itemListElement\":[{\"@type\":\"ListItem\",\"position\":1,\"name\":\"In\u00edcio\",\"item\":\"https:\/\/serrafm879.com.br\/serrafm\/\"},{\"@type\":\"ListItem\",\"position\":2,\"name\":\"Um salto de qualidade\"}]},{\"@type\":\"WebSite\",\"@id\":\"https:\/\/serrafm879.com.br\/serrafm\/#website\",\"url\":\"https:\/\/serrafm879.com.br\/serrafm\/\",\"name\":\"Serra FM 87,9\",\"description\":\"O seu novo amor!\",\"potentialAction\":[{\"@type\":\"SearchAction\",\"target\":{\"@type\":\"EntryPoint\",\"urlTemplate\":\"https:\/\/serrafm879.com.br\/serrafm\/?s={search_term_string}\"},\"query-input\":{\"@type\":\"PropertyValueSpecification\",\"valueRequired\":true,\"valueName\":\"search_term_string\"}}],\"inLanguage\":\"pt-BR\"},{\"@type\":\"Person\",\"@id\":\"https:\/\/serrafm879.com.br\/serrafm\/#\/schema\/person\/c028a197030ff8b1c03c68dfba4a787a\",\"name\":\"serrafm87\",\"image\":{\"@type\":\"ImageObject\",\"inLanguage\":\"pt-BR\",\"@id\":\"https:\/\/serrafm879.com.br\/serrafm\/#\/schema\/person\/image\/\",\"url\":\"https:\/\/secure.gravatar.com\/avatar\/a743233f1112d34f48bb3dc9559b76eb930bab8b27175856cba6362608736235?s=96&d=mm&r=g\",\"contentUrl\":\"https:\/\/secure.gravatar.com\/avatar\/a743233f1112d34f48bb3dc9559b76eb930bab8b27175856cba6362608736235?s=96&d=mm&r=g\",\"caption\":\"serrafm87\"},\"sameAs\":[\"http:\/\/serrafm879.com.br\/\"],\"url\":\"https:\/\/serrafm879.com.br\/serrafm\/author\/serrafm87\/\"}]}<\/script>\n<!-- \/ Yoast SEO plugin. -->","yoast_head_json":{"title":"Um salto de qualidade - Serra FM 87,9","robots":{"index":"index","follow":"follow","max-snippet":"max-snippet:-1","max-image-preview":"max-image-preview:large","max-video-preview":"max-video-preview:-1"},"canonical":"https:\/\/serrafm879.com.br\/serrafm\/2021\/02\/um-salto-de-qualidade\/","og_locale":"pt_BR","og_type":"article","og_title":"Um salto de qualidade - Serra FM 87,9","og_description":"Pernambuco sempre esteve na vanguarda em enviar para Bras\u00edlia, seja para a C\u00e2mara ou o Senado, nomes que venceram a barreira do provincianismo e se constitu\u00edram em grandes lideran\u00e7as nacionais. Foi assim com Marco Maciel, Inoc\u00eancio Oliveira e Severino Cavalcanti, eleitos presidentes da C\u00e2mara dos Deputados. Maciel, sempre \u00e0 frente de todos, virou um dos \u00edcones nacionais do centro-direita, pela destacada capacidade de articula\u00e7\u00e3o pol\u00edtica na constru\u00e7\u00e3o da Nova Rep\u00fablica, com a elei\u00e7\u00e3o indireta de Tancredo Neves. Chegou \u00e0 Vice-Presid\u00eancia da Rep\u00fablica por dois mandatos, na chapa que elegeu e reelegeu Fernando Henrique Cardoso. Afastado da vida p\u00fablica por problemas [&hellip;]","og_url":"https:\/\/serrafm879.com.br\/serrafm\/2021\/02\/um-salto-de-qualidade\/","og_site_name":"Serra FM 87,9","article_published_time":"2021-02-05T08:06:35+00:00","og_image":[{"width":984,"height":616,"url":"https:\/\/serrafm879.com.br\/serrafm\/wp-content\/uploads\/2021\/02\/pe.jpeg","type":"image\/jpeg"}],"author":"serrafm87","twitter_card":"summary_large_image","twitter_misc":{"Escrito por":"serrafm87","Est. tempo de leitura":"2 minutos"},"schema":{"@context":"https:\/\/schema.org","@graph":[{"@type":"WebPage","@id":"https:\/\/serrafm879.com.br\/serrafm\/2021\/02\/um-salto-de-qualidade\/","url":"https:\/\/serrafm879.com.br\/serrafm\/2021\/02\/um-salto-de-qualidade\/","name":"Um salto de qualidade - Serra FM 87,9","isPartOf":{"@id":"https:\/\/serrafm879.com.br\/serrafm\/#website"},"primaryImageOfPage":{"@id":"https:\/\/serrafm879.com.br\/serrafm\/2021\/02\/um-salto-de-qualidade\/#primaryimage"},"image":{"@id":"https:\/\/serrafm879.com.br\/serrafm\/2021\/02\/um-salto-de-qualidade\/#primaryimage"},"thumbnailUrl":"https:\/\/serrafm879.com.br\/serrafm\/wp-content\/uploads\/2021\/02\/pe.jpeg","datePublished":"2021-02-05T08:06:35+00:00","author":{"@id":"https:\/\/serrafm879.com.br\/serrafm\/#\/schema\/person\/c028a197030ff8b1c03c68dfba4a787a"},"breadcrumb":{"@id":"https:\/\/serrafm879.com.br\/serrafm\/2021\/02\/um-salto-de-qualidade\/#breadcrumb"},"inLanguage":"pt-BR","potentialAction":[{"@type":"ReadAction","target":["https:\/\/serrafm879.com.br\/serrafm\/2021\/02\/um-salto-de-qualidade\/"]}]},{"@type":"ImageObject","inLanguage":"pt-BR","@id":"https:\/\/serrafm879.com.br\/serrafm\/2021\/02\/um-salto-de-qualidade\/#primaryimage","url":"https:\/\/serrafm879.com.br\/serrafm\/wp-content\/uploads\/2021\/02\/pe.jpeg","contentUrl":"https:\/\/serrafm879.com.br\/serrafm\/wp-content\/uploads\/2021\/02\/pe.jpeg","width":984,"height":616},{"@type":"BreadcrumbList","@id":"https:\/\/serrafm879.com.br\/serrafm\/2021\/02\/um-salto-de-qualidade\/#breadcrumb","itemListElement":[{"@type":"ListItem","position":1,"name":"In\u00edcio","item":"https:\/\/serrafm879.com.br\/serrafm\/"},{"@type":"ListItem","position":2,"name":"Um salto de qualidade"}]},{"@type":"WebSite","@id":"https:\/\/serrafm879.com.br\/serrafm\/#website","url":"https:\/\/serrafm879.com.br\/serrafm\/","name":"Serra FM 87,9","description":"O seu novo amor!","potentialAction":[{"@type":"SearchAction","target":{"@type":"EntryPoint","urlTemplate":"https:\/\/serrafm879.com.br\/serrafm\/?s={search_term_string}"},"query-input":{"@type":"PropertyValueSpecification","valueRequired":true,"valueName":"search_term_string"}}],"inLanguage":"pt-BR"},{"@type":"Person","@id":"https:\/\/serrafm879.com.br\/serrafm\/#\/schema\/person\/c028a197030ff8b1c03c68dfba4a787a","name":"serrafm87","image":{"@type":"ImageObject","inLanguage":"pt-BR","@id":"https:\/\/serrafm879.com.br\/serrafm\/#\/schema\/person\/image\/","url":"https:\/\/secure.gravatar.com\/avatar\/a743233f1112d34f48bb3dc9559b76eb930bab8b27175856cba6362608736235?s=96&d=mm&r=g","contentUrl":"https:\/\/secure.gravatar.com\/avatar\/a743233f1112d34f48bb3dc9559b76eb930bab8b27175856cba6362608736235?s=96&d=mm&r=g","caption":"serrafm87"},"sameAs":["http:\/\/serrafm879.com.br\/"],"url":"https:\/\/serrafm879.com.br\/serrafm\/author\/serrafm87\/"}]}},"jetpack_featured_media_url":"https:\/\/serrafm879.com.br\/serrafm\/wp-content\/uploads\/2021\/02\/pe.jpeg","jetpack_shortlink":"https:\/\/wp.me\/p7HyXg-19s","jetpack_sharing_enabled":true,"_links":{"self":[{"href":"https:\/\/serrafm879.com.br\/serrafm\/wp-json\/wp\/v2\/posts\/4430","targetHints":{"allow":["GET"]}}],"collection":[{"href":"https:\/\/serrafm879.com.br\/serrafm\/wp-json\/wp\/v2\/posts"}],"about":[{"href":"https:\/\/serrafm879.com.br\/serrafm\/wp-json\/wp\/v2\/types\/post"}],"author":[{"embeddable":true,"href":"https:\/\/serrafm879.com.br\/serrafm\/wp-json\/wp\/v2\/users\/2"}],"replies":[{"embeddable":true,"href":"https:\/\/serrafm879.com.br\/serrafm\/wp-json\/wp\/v2\/comments?post=4430"}],"version-history":[{"count":1,"href":"https:\/\/serrafm879.com.br\/serrafm\/wp-json\/wp\/v2\/posts\/4430\/revisions"}],"predecessor-version":[{"id":4432,"href":"https:\/\/serrafm879.com.br\/serrafm\/wp-json\/wp\/v2\/posts\/4430\/revisions\/4432"}],"wp:featuredmedia":[{"embeddable":true,"href":"https:\/\/serrafm879.com.br\/serrafm\/wp-json\/wp\/v2\/media\/4431"}],"wp:attachment":[{"href":"https:\/\/serrafm879.com.br\/serrafm\/wp-json\/wp\/v2\/media?parent=4430"}],"wp:term":[{"taxonomy":"category","embeddable":true,"href":"https:\/\/serrafm879.com.br\/serrafm\/wp-json\/wp\/v2\/categories?post=4430"},{"taxonomy":"post_tag","embeddable":true,"href":"https:\/\/serrafm879.com.br\/serrafm\/wp-json\/wp\/v2\/tags?post=4430"}],"curies":[{"name":"wp","href":"https:\/\/api.w.org\/{rel}","templated":true}]}}