{"id":4439,"date":"2021-02-05T05:14:20","date_gmt":"2021-02-05T08:14:20","guid":{"rendered":"https:\/?p=4439"},"modified":"2021-02-05T05:14:20","modified_gmt":"2021-02-05T08:14:20","slug":"pernambuco-soma-mais-de-500-mortes-pela-covid-19-nas-primeiras-semanas-de-2021","status":"publish","type":"post","link":"https:\/\/serrafm879.com.br\/serrafm\/2021\/02\/pernambuco-soma-mais-de-500-mortes-pela-covid-19-nas-primeiras-semanas-de-2021\/","title":{"rendered":"Pernambuco soma mais de 500 mortes pela Covid-19 nas primeiras semanas de 2021"},"content":{"rendered":"<p>Na quinta-feira (4), Pernambuco notificou mais 31 \u00f3bitos em decorr\u00eancia da Covid-19, ocorridos entre os dias 6 de dezembro e 2 de fevereiro. O dado refor\u00e7a a delicadeza do momento que o Estado atravessa desde o in\u00edcio de novembro, com a escalada de novos casos de infec\u00e7\u00e3o pelo novo coronav\u00edrus.<\/p>\n<p>Somente esses primeiros dias de 2021 j\u00e1 concentram mais de 500 mortes em relacionadas \u00e0s complica\u00e7\u00f5es do v\u00edrus. S\u00e3o 517 v\u00edtimas fatais entre os dias 1\u00ba de janeiro e 2 de fevereiro\u00a0segundo o boletim da Secretaria Estadual de Sa\u00fade (SES-PE) divulgado nesta quinta.<\/p>\n<div class=\"dn_noticiasRelacionadas\">\n<div class=\"spacer30\"><span style=\"font-size: 1.1429rem;\">Entre as 31 mortes rec\u00e9m listadas nesta quinta, chama aten\u00e7\u00e3o o fato de s\u00f3 o Recife responder por 19 delas. As demais est\u00e3o distribu\u00eddas entre Jaboat\u00e3o dos Guararapes (3), Maraial (1), Olinda (4), Paudalho (1), Petrolina (1), Santa Cruz da Baixa Verde (1) e Tacaimb\u00f3 (1).\u00a0<\/span><\/div>\n<\/div>\n<p>Esses pacientes tinham idades entre 43 e 94 anos &#8211; 40 a 49 (2), 50 a 59 (4), 60 a 69 (7), 70 a 79 (11) e 80 ou mais (7). Das\u00a031 v\u00edtimas fatais, 25 tinham doen\u00e7as pr\u00e9-existentes: doen\u00e7a cardiovascular (17), diabetes (14), hipertens\u00e3o (6), doen\u00e7a hep\u00e1tica (3), doen\u00e7a renal (3), hist\u00f3rico de AVC (2), c\u00e2ncer (2), doen\u00e7a respirat\u00f3ria (2), obesidade (1), doen\u00e7a de Parkinson (1), doen\u00e7a neurol\u00f3gica (1) e etilismo (1) &#8211; um paciente pode ter mais de uma comorbidade. Dois n\u00e3o tinham comorbidades e os demais casos seguem em investiga\u00e7\u00e3o.<\/p>\n<p>Entre os pacientes, nove eram do sexo masculino e 22, do sexo feminino. Quando observado o total de mortes do Estado, por\u00e9m, eles s\u00e3o maioria. Das 10.430 v\u00edtimas fatais da Covid-19 em Pernambuco, 5.698 (54,6%) s\u00e3o do sexo masculino e 4.732 (45,4%), do feminino.<\/p>\n<p>Na distribui\u00e7\u00e3o por faixa et\u00e1ria, a popula\u00e7\u00e3o acima de 80 anos \u00e9 a que concentra mais mortes:<\/p>\n<p><strong>Acima de 80 ano<\/strong>s: 2.863 mortes de\u00a04.393 casos de SRAG<br \/>\n<strong>70 a 79 anos:<\/strong>\u00a02.792 de 5.127 casos de SRAG<br \/>\n<strong>60 a 69 anos:<\/strong>\u00a02.278 de 5.246 casos de SRAG<br \/>\n<strong>50 a 59 anos:<\/strong>\u00a01.341 de 5.247 casos de SRAG<br \/>\n<strong>40 a 49 anos:<\/strong>\u00a0637 de 4.673 casos de SRAG<br \/>\n<strong>30 a 39 anos:<\/strong>\u00a0326 de 3.908 casos de SRAG<br \/>\n<strong>20 a 29 anos:<\/strong>\u00a0113 de 1.742 casos de SRAG<br \/>\n<strong>10 a 19 anos:<\/strong>\u00a027 de 317 casos de SRAG<br \/>\n<strong>0 a 9 anos:<\/strong>\u00a053 de 613 casos de SRAG<\/p>\n<p>O secret\u00e1rio de Sa\u00fade do Estado, Andr\u00e9 Longo, disse que houve uma redu\u00e7\u00e3o nas solicita\u00e7\u00f5es por leitos destinados ao tratamento de pacientes suspeitos ou confirmados da Covid-19 na \u00faltima semana epidemiol\u00f3gica, entre os dias 25 e 30 de janeiro.<\/p>\n<p>Nos pedidos por leito de terapia intensiva, a redu\u00e7\u00e3o foi de 5% em rela\u00e7\u00e3o \u00e0 semana anterior, com 26 solicita\u00e7\u00f5es a menos. J\u00e1 os pedidos por leitos de enfermaria ca\u00edram em torno de 10%, variando de 393 para 354.<\/p>\n<p>&#8220;Estamos observando uma estabilidade do cen\u00e1rio epidemiologico, mas ainda em patamares elevados, com mais de 100 mortes e quase 300 novos casos graves confirmados por semana durante o m\u00eas de janeiro\u201d, destacou o secret\u00e1rio de Sa\u00fade.<\/p>\n<p>Sobre os casos de S\u00edndrome Respirat\u00f3ria Aguda Grave (SRAG), Longo afirmou\u00a0que houve uma redu\u00e7\u00e3o de 7,6% na semana epidemiol\u00f3gica 4 em rela\u00e7\u00e3o \u00e0 semana 3 e de 15% quando comparado \u00e0 semana 2 de 2021.<\/p>\n<p>\u201cEsses n\u00fameros n\u00e3o s\u00e3o motivos para nenhum tipo de comemora\u00e7\u00e3o. Apesar de n\u00e3o termos um cen\u00e1rio de acelera\u00e7\u00e3o, tamb\u00e9m n\u00e3o podemos configurar uma queda sustentada da transmiss\u00e3o\u201d, destacou Andr\u00e9 Longo, citando que, no momento, h\u00e1 mais de 900 pacientes com Covid-19 internados em UTIs das redes p\u00fablica e privada do Estado.<\/p>\n<p><strong>Boletim<\/strong><br \/>\nNesta quinta-feira, Pernambuco manteve a m\u00e9dia alta de novos casos di\u00e1rios da Covid-19, com 1.650 registros, sendo 57 deles referentes a pacientes com SRAG.<\/p>\n<p>At\u00e9 agora, Pernambuco totaliza 266.999 casos confirmados da Covid-19 &#8211; com diagn\u00f3stico e notifica\u00e7\u00e3o oficial. Desse total, 226.973 pessoas est\u00e3o recuperadas, enquanto quase 30 mil s\u00e3o pacientes com a doen\u00e7a em curso no momento.<\/p>\n<p>Por FolhaPE<\/p>\n","protected":false},"excerpt":{"rendered":"<p>Na quinta-feira (4), Pernambuco notificou mais 31 \u00f3bitos em decorr\u00eancia da Covid-19, ocorridos entre os dias 6 de dezembro e 2 de fevereiro. O dado refor\u00e7a a delicadeza do momento que o Estado atravessa desde o in\u00edcio de novembro, com a escalada de novos casos de infec\u00e7\u00e3o pelo novo coronav\u00edrus. Somente esses primeiros dias de 2021 j\u00e1 concentram mais de 500 mortes em relacionadas \u00e0s complica\u00e7\u00f5es do v\u00edrus. S\u00e3o 517 v\u00edtimas fatais entre os dias 1\u00ba de janeiro e 2 de fevereiro\u00a0segundo o boletim da Secretaria Estadual de Sa\u00fade (SES-PE) divulgado nesta quinta. Entre as 31 mortes rec\u00e9m listadas nesta [&hellip;]<\/p>\n","protected":false},"author":2,"featured_media":2400,"comment_status":"open","ping_status":"open","sticky":false,"template":"","format":"standard","meta":{"_jetpack_memberships_contains_paid_content":false,"footnotes":"","jetpack_publicize_message":"","jetpack_publicize_feature_enabled":true,"jetpack_social_post_already_shared":true,"jetpack_social_options":{"image_generator_settings":{"template":"highway","enabled":false},"version":2}},"categories":[2],"tags":[],"class_list":["post-4439","post","type-post","status-publish","format-standard","has-post-thumbnail","hentry","category-noticias"],"jetpack_publicize_connections":[],"yoast_head":"<!-- This site is optimized with the Yoast SEO plugin v24.7 - https:\/\/yoast.com\/wordpress\/plugins\/seo\/ -->\n<title>Pernambuco soma mais de 500 mortes pela Covid-19 nas primeiras semanas de 2021 - Serra FM 87,9<\/title>\n<meta name=\"robots\" content=\"index, follow, max-snippet:-1, max-image-preview:large, max-video-preview:-1\" \/>\n<link rel=\"canonical\" href=\"https:\/\/serrafm879.com.br\/serrafm\/2021\/02\/pernambuco-soma-mais-de-500-mortes-pela-covid-19-nas-primeiras-semanas-de-2021\/\" \/>\n<meta property=\"og:locale\" content=\"pt_BR\" \/>\n<meta property=\"og:type\" content=\"article\" \/>\n<meta property=\"og:title\" content=\"Pernambuco soma mais de 500 mortes pela Covid-19 nas primeiras semanas de 2021 - Serra FM 87,9\" \/>\n<meta property=\"og:description\" content=\"Na quinta-feira (4), Pernambuco notificou mais 31 \u00f3bitos em decorr\u00eancia da Covid-19, ocorridos entre os dias 6 de dezembro e 2 de fevereiro. O dado refor\u00e7a a delicadeza do momento que o Estado atravessa desde o in\u00edcio de novembro, com a escalada de novos casos de infec\u00e7\u00e3o pelo novo coronav\u00edrus. Somente esses primeiros dias de 2021 j\u00e1 concentram mais de 500 mortes em relacionadas \u00e0s complica\u00e7\u00f5es do v\u00edrus. S\u00e3o 517 v\u00edtimas fatais entre os dias 1\u00ba de janeiro e 2 de fevereiro\u00a0segundo o boletim da Secretaria Estadual de Sa\u00fade (SES-PE) divulgado nesta quinta. Entre as 31 mortes rec\u00e9m listadas nesta [&hellip;]\" \/>\n<meta property=\"og:url\" content=\"https:\/\/serrafm879.com.br\/serrafm\/2021\/02\/pernambuco-soma-mais-de-500-mortes-pela-covid-19-nas-primeiras-semanas-de-2021\/\" \/>\n<meta property=\"og:site_name\" content=\"Serra FM 87,9\" \/>\n<meta property=\"article:published_time\" content=\"2021-02-05T08:14:20+00:00\" \/>\n<meta property=\"og:image\" content=\"https:\/\/serrafm879.com.br\/serrafm\/wp-content\/uploads\/2020\/04\/covid-19.jpg\" \/>\n\t<meta property=\"og:image:width\" content=\"984\" \/>\n\t<meta property=\"og:image:height\" content=\"653\" \/>\n\t<meta property=\"og:image:type\" content=\"image\/jpeg\" \/>\n<meta name=\"author\" content=\"serrafm87\" \/>\n<meta name=\"twitter:card\" content=\"summary_large_image\" \/>\n<meta name=\"twitter:label1\" content=\"Escrito por\" \/>\n\t<meta name=\"twitter:data1\" content=\"serrafm87\" \/>\n\t<meta name=\"twitter:label2\" content=\"Est. tempo de leitura\" \/>\n\t<meta name=\"twitter:data2\" content=\"3 minutos\" \/>\n<script type=\"application\/ld+json\" class=\"yoast-schema-graph\">{\"@context\":\"https:\/\/schema.org\",\"@graph\":[{\"@type\":\"WebPage\",\"@id\":\"https:\/\/serrafm879.com.br\/serrafm\/2021\/02\/pernambuco-soma-mais-de-500-mortes-pela-covid-19-nas-primeiras-semanas-de-2021\/\",\"url\":\"https:\/\/serrafm879.com.br\/serrafm\/2021\/02\/pernambuco-soma-mais-de-500-mortes-pela-covid-19-nas-primeiras-semanas-de-2021\/\",\"name\":\"Pernambuco soma mais de 500 mortes pela Covid-19 nas primeiras semanas de 2021 - Serra FM 87,9\",\"isPartOf\":{\"@id\":\"https:\/\/serrafm879.com.br\/serrafm\/#website\"},\"primaryImageOfPage\":{\"@id\":\"https:\/\/serrafm879.com.br\/serrafm\/2021\/02\/pernambuco-soma-mais-de-500-mortes-pela-covid-19-nas-primeiras-semanas-de-2021\/#primaryimage\"},\"image\":{\"@id\":\"https:\/\/serrafm879.com.br\/serrafm\/2021\/02\/pernambuco-soma-mais-de-500-mortes-pela-covid-19-nas-primeiras-semanas-de-2021\/#primaryimage\"},\"thumbnailUrl\":\"https:\/\/serrafm879.com.br\/serrafm\/wp-content\/uploads\/2020\/04\/covid-19.jpg\",\"datePublished\":\"2021-02-05T08:14:20+00:00\",\"author\":{\"@id\":\"https:\/\/serrafm879.com.br\/serrafm\/#\/schema\/person\/c028a197030ff8b1c03c68dfba4a787a\"},\"breadcrumb\":{\"@id\":\"https:\/\/serrafm879.com.br\/serrafm\/2021\/02\/pernambuco-soma-mais-de-500-mortes-pela-covid-19-nas-primeiras-semanas-de-2021\/#breadcrumb\"},\"inLanguage\":\"pt-BR\",\"potentialAction\":[{\"@type\":\"ReadAction\",\"target\":[\"https:\/\/serrafm879.com.br\/serrafm\/2021\/02\/pernambuco-soma-mais-de-500-mortes-pela-covid-19-nas-primeiras-semanas-de-2021\/\"]}]},{\"@type\":\"ImageObject\",\"inLanguage\":\"pt-BR\",\"@id\":\"https:\/\/serrafm879.com.br\/serrafm\/2021\/02\/pernambuco-soma-mais-de-500-mortes-pela-covid-19-nas-primeiras-semanas-de-2021\/#primaryimage\",\"url\":\"https:\/\/serrafm879.com.br\/serrafm\/wp-content\/uploads\/2020\/04\/covid-19.jpg\",\"contentUrl\":\"https:\/\/serrafm879.com.br\/serrafm\/wp-content\/uploads\/2020\/04\/covid-19.jpg\",\"width\":984,\"height\":653},{\"@type\":\"BreadcrumbList\",\"@id\":\"https:\/\/serrafm879.com.br\/serrafm\/2021\/02\/pernambuco-soma-mais-de-500-mortes-pela-covid-19-nas-primeiras-semanas-de-2021\/#breadcrumb\",\"itemListElement\":[{\"@type\":\"ListItem\",\"position\":1,\"name\":\"In\u00edcio\",\"item\":\"https:\/\/serrafm879.com.br\/serrafm\/\"},{\"@type\":\"ListItem\",\"position\":2,\"name\":\"Pernambuco soma mais de 500 mortes pela Covid-19 nas primeiras semanas de 2021\"}]},{\"@type\":\"WebSite\",\"@id\":\"https:\/\/serrafm879.com.br\/serrafm\/#website\",\"url\":\"https:\/\/serrafm879.com.br\/serrafm\/\",\"name\":\"Serra FM 87,9\",\"description\":\"O seu novo amor!\",\"potentialAction\":[{\"@type\":\"SearchAction\",\"target\":{\"@type\":\"EntryPoint\",\"urlTemplate\":\"https:\/\/serrafm879.com.br\/serrafm\/?s={search_term_string}\"},\"query-input\":{\"@type\":\"PropertyValueSpecification\",\"valueRequired\":true,\"valueName\":\"search_term_string\"}}],\"inLanguage\":\"pt-BR\"},{\"@type\":\"Person\",\"@id\":\"https:\/\/serrafm879.com.br\/serrafm\/#\/schema\/person\/c028a197030ff8b1c03c68dfba4a787a\",\"name\":\"serrafm87\",\"image\":{\"@type\":\"ImageObject\",\"inLanguage\":\"pt-BR\",\"@id\":\"https:\/\/serrafm879.com.br\/serrafm\/#\/schema\/person\/image\/\",\"url\":\"https:\/\/secure.gravatar.com\/avatar\/a743233f1112d34f48bb3dc9559b76eb930bab8b27175856cba6362608736235?s=96&d=mm&r=g\",\"contentUrl\":\"https:\/\/secure.gravatar.com\/avatar\/a743233f1112d34f48bb3dc9559b76eb930bab8b27175856cba6362608736235?s=96&d=mm&r=g\",\"caption\":\"serrafm87\"},\"sameAs\":[\"http:\/\/serrafm879.com.br\/\"],\"url\":\"https:\/\/serrafm879.com.br\/serrafm\/author\/serrafm87\/\"}]}<\/script>\n<!-- \/ Yoast SEO plugin. -->","yoast_head_json":{"title":"Pernambuco soma mais de 500 mortes pela Covid-19 nas primeiras semanas de 2021 - Serra FM 87,9","robots":{"index":"index","follow":"follow","max-snippet":"max-snippet:-1","max-image-preview":"max-image-preview:large","max-video-preview":"max-video-preview:-1"},"canonical":"https:\/\/serrafm879.com.br\/serrafm\/2021\/02\/pernambuco-soma-mais-de-500-mortes-pela-covid-19-nas-primeiras-semanas-de-2021\/","og_locale":"pt_BR","og_type":"article","og_title":"Pernambuco soma mais de 500 mortes pela Covid-19 nas primeiras semanas de 2021 - Serra FM 87,9","og_description":"Na quinta-feira (4), Pernambuco notificou mais 31 \u00f3bitos em decorr\u00eancia da Covid-19, ocorridos entre os dias 6 de dezembro e 2 de fevereiro. O dado refor\u00e7a a delicadeza do momento que o Estado atravessa desde o in\u00edcio de novembro, com a escalada de novos casos de infec\u00e7\u00e3o pelo novo coronav\u00edrus. Somente esses primeiros dias de 2021 j\u00e1 concentram mais de 500 mortes em relacionadas \u00e0s complica\u00e7\u00f5es do v\u00edrus. S\u00e3o 517 v\u00edtimas fatais entre os dias 1\u00ba de janeiro e 2 de fevereiro\u00a0segundo o boletim da Secretaria Estadual de Sa\u00fade (SES-PE) divulgado nesta quinta. Entre as 31 mortes rec\u00e9m listadas nesta [&hellip;]","og_url":"https:\/\/serrafm879.com.br\/serrafm\/2021\/02\/pernambuco-soma-mais-de-500-mortes-pela-covid-19-nas-primeiras-semanas-de-2021\/","og_site_name":"Serra FM 87,9","article_published_time":"2021-02-05T08:14:20+00:00","og_image":[{"width":984,"height":653,"url":"https:\/\/serrafm879.com.br\/serrafm\/wp-content\/uploads\/2020\/04\/covid-19.jpg","type":"image\/jpeg"}],"author":"serrafm87","twitter_card":"summary_large_image","twitter_misc":{"Escrito por":"serrafm87","Est. tempo de leitura":"3 minutos"},"schema":{"@context":"https:\/\/schema.org","@graph":[{"@type":"WebPage","@id":"https:\/\/serrafm879.com.br\/serrafm\/2021\/02\/pernambuco-soma-mais-de-500-mortes-pela-covid-19-nas-primeiras-semanas-de-2021\/","url":"https:\/\/serrafm879.com.br\/serrafm\/2021\/02\/pernambuco-soma-mais-de-500-mortes-pela-covid-19-nas-primeiras-semanas-de-2021\/","name":"Pernambuco soma mais de 500 mortes pela Covid-19 nas primeiras semanas de 2021 - Serra FM 87,9","isPartOf":{"@id":"https:\/\/serrafm879.com.br\/serrafm\/#website"},"primaryImageOfPage":{"@id":"https:\/\/serrafm879.com.br\/serrafm\/2021\/02\/pernambuco-soma-mais-de-500-mortes-pela-covid-19-nas-primeiras-semanas-de-2021\/#primaryimage"},"image":{"@id":"https:\/\/serrafm879.com.br\/serrafm\/2021\/02\/pernambuco-soma-mais-de-500-mortes-pela-covid-19-nas-primeiras-semanas-de-2021\/#primaryimage"},"thumbnailUrl":"https:\/\/serrafm879.com.br\/serrafm\/wp-content\/uploads\/2020\/04\/covid-19.jpg","datePublished":"2021-02-05T08:14:20+00:00","author":{"@id":"https:\/\/serrafm879.com.br\/serrafm\/#\/schema\/person\/c028a197030ff8b1c03c68dfba4a787a"},"breadcrumb":{"@id":"https:\/\/serrafm879.com.br\/serrafm\/2021\/02\/pernambuco-soma-mais-de-500-mortes-pela-covid-19-nas-primeiras-semanas-de-2021\/#breadcrumb"},"inLanguage":"pt-BR","potentialAction":[{"@type":"ReadAction","target":["https:\/\/serrafm879.com.br\/serrafm\/2021\/02\/pernambuco-soma-mais-de-500-mortes-pela-covid-19-nas-primeiras-semanas-de-2021\/"]}]},{"@type":"ImageObject","inLanguage":"pt-BR","@id":"https:\/\/serrafm879.com.br\/serrafm\/2021\/02\/pernambuco-soma-mais-de-500-mortes-pela-covid-19-nas-primeiras-semanas-de-2021\/#primaryimage","url":"https:\/\/serrafm879.com.br\/serrafm\/wp-content\/uploads\/2020\/04\/covid-19.jpg","contentUrl":"https:\/\/serrafm879.com.br\/serrafm\/wp-content\/uploads\/2020\/04\/covid-19.jpg","width":984,"height":653},{"@type":"BreadcrumbList","@id":"https:\/\/serrafm879.com.br\/serrafm\/2021\/02\/pernambuco-soma-mais-de-500-mortes-pela-covid-19-nas-primeiras-semanas-de-2021\/#breadcrumb","itemListElement":[{"@type":"ListItem","position":1,"name":"In\u00edcio","item":"https:\/\/serrafm879.com.br\/serrafm\/"},{"@type":"ListItem","position":2,"name":"Pernambuco soma mais de 500 mortes pela Covid-19 nas primeiras semanas de 2021"}]},{"@type":"WebSite","@id":"https:\/\/serrafm879.com.br\/serrafm\/#website","url":"https:\/\/serrafm879.com.br\/serrafm\/","name":"Serra FM 87,9","description":"O seu novo amor!","potentialAction":[{"@type":"SearchAction","target":{"@type":"EntryPoint","urlTemplate":"https:\/\/serrafm879.com.br\/serrafm\/?s={search_term_string}"},"query-input":{"@type":"PropertyValueSpecification","valueRequired":true,"valueName":"search_term_string"}}],"inLanguage":"pt-BR"},{"@type":"Person","@id":"https:\/\/serrafm879.com.br\/serrafm\/#\/schema\/person\/c028a197030ff8b1c03c68dfba4a787a","name":"serrafm87","image":{"@type":"ImageObject","inLanguage":"pt-BR","@id":"https:\/\/serrafm879.com.br\/serrafm\/#\/schema\/person\/image\/","url":"https:\/\/secure.gravatar.com\/avatar\/a743233f1112d34f48bb3dc9559b76eb930bab8b27175856cba6362608736235?s=96&d=mm&r=g","contentUrl":"https:\/\/secure.gravatar.com\/avatar\/a743233f1112d34f48bb3dc9559b76eb930bab8b27175856cba6362608736235?s=96&d=mm&r=g","caption":"serrafm87"},"sameAs":["http:\/\/serrafm879.com.br\/"],"url":"https:\/\/serrafm879.com.br\/serrafm\/author\/serrafm87\/"}]}},"jetpack_featured_media_url":"https:\/\/serrafm879.com.br\/serrafm\/wp-content\/uploads\/2020\/04\/covid-19.jpg","jetpack_shortlink":"https:\/\/wp.me\/p7HyXg-19B","jetpack_sharing_enabled":true,"_links":{"self":[{"href":"https:\/\/serrafm879.com.br\/serrafm\/wp-json\/wp\/v2\/posts\/4439","targetHints":{"allow":["GET"]}}],"collection":[{"href":"https:\/\/serrafm879.com.br\/serrafm\/wp-json\/wp\/v2\/posts"}],"about":[{"href":"https:\/\/serrafm879.com.br\/serrafm\/wp-json\/wp\/v2\/types\/post"}],"author":[{"embeddable":true,"href":"https:\/\/serrafm879.com.br\/serrafm\/wp-json\/wp\/v2\/users\/2"}],"replies":[{"embeddable":true,"href":"https:\/\/serrafm879.com.br\/serrafm\/wp-json\/wp\/v2\/comments?post=4439"}],"version-history":[{"count":1,"href":"https:\/\/serrafm879.com.br\/serrafm\/wp-json\/wp\/v2\/posts\/4439\/revisions"}],"predecessor-version":[{"id":4440,"href":"https:\/\/serrafm879.com.br\/serrafm\/wp-json\/wp\/v2\/posts\/4439\/revisions\/4440"}],"wp:featuredmedia":[{"embeddable":true,"href":"https:\/\/serrafm879.com.br\/serrafm\/wp-json\/wp\/v2\/media\/2400"}],"wp:attachment":[{"href":"https:\/\/serrafm879.com.br\/serrafm\/wp-json\/wp\/v2\/media?parent=4439"}],"wp:term":[{"taxonomy":"category","embeddable":true,"href":"https:\/\/serrafm879.com.br\/serrafm\/wp-json\/wp\/v2\/categories?post=4439"},{"taxonomy":"post_tag","embeddable":true,"href":"https:\/\/serrafm879.com.br\/serrafm\/wp-json\/wp\/v2\/tags?post=4439"}],"curies":[{"name":"wp","href":"https:\/\/api.w.org\/{rel}","templated":true}]}}