{"id":4457,"date":"2021-02-08T18:18:38","date_gmt":"2021-02-08T21:18:38","guid":{"rendered":"https:\/?p=4457"},"modified":"2021-02-08T18:18:38","modified_gmt":"2021-02-08T21:18:38","slug":"em-brasilia-marcia-conrado-e-luciano-duque-conseguem-26-milhoes-para-serra","status":"publish","type":"post","link":"https:\/\/serrafm879.com.br\/serrafm\/2021\/02\/em-brasilia-marcia-conrado-e-luciano-duque-conseguem-26-milhoes-para-serra\/","title":{"rendered":"Em Bras\u00edlia M\u00e1rcia Conrado e Luciano Duque conseguem 2,6 milh\u00f5es para Serra"},"content":{"rendered":"<p>Cumprindo agenda em Bras\u00edlia nesta segunda-feira (08), acompanhada do ex-prefeito Luciano Duque, a prefeita de Serra Talhada, M\u00e1rcia Conrado, anuncia a conquista de R$ 2,6 milh\u00f5es para o munic\u00edpio.<\/p>\n<p>Os recursos s\u00e3o provenientes de emenda do deputado federal Carlos Veras (PT-PE), com quem M\u00e1rcia Conrado esteve reunida nesta manh\u00e3 (08), juntamente com Luciano Duque.<\/p>\n<p>De acordo com a gestora, os R$ 2,6 milh\u00f5es ser\u00e3o investidos na rede de servi\u00e7os, visando melhorar cada vez mais o atendimento de qualidade ao cidad\u00e3o serra-talhadense.<\/p>\n<p>\u201cEstamos em Bras\u00edlia em busca de recursos para Serra Talhada, e gostaria de agradecer ao deputado federal Carlos Veras, que nos recebeu, ouviu nossas demandas e est\u00e1 destinando dois milh\u00f5es e seiscentos mil, que ser\u00e3o usados em melhorias na sa\u00fade de nossa popula\u00e7\u00e3o\u201d, comemorou a prefeita.<\/p>\n","protected":false},"excerpt":{"rendered":"<p>Cumprindo agenda em Bras\u00edlia nesta segunda-feira (08), acompanhada do ex-prefeito Luciano Duque, a prefeita de Serra Talhada, M\u00e1rcia Conrado, anuncia a conquista de R$ 2,6 milh\u00f5es para o munic\u00edpio. Os recursos s\u00e3o provenientes de emenda do deputado federal Carlos Veras (PT-PE), com quem M\u00e1rcia Conrado esteve reunida nesta manh\u00e3 (08), juntamente com Luciano Duque. De acordo com a gestora, os R$ 2,6 milh\u00f5es ser\u00e3o investidos na rede de servi\u00e7os, visando melhorar cada vez mais o atendimento de qualidade ao cidad\u00e3o serra-talhadense. \u201cEstamos em Bras\u00edlia em busca de recursos para Serra Talhada, e gostaria de agradecer ao deputado federal Carlos Veras, [&hellip;]<\/p>\n","protected":false},"author":2,"featured_media":4458,"comment_status":"open","ping_status":"open","sticky":false,"template":"","format":"standard","meta":{"_jetpack_memberships_contains_paid_content":false,"footnotes":"","jetpack_publicize_message":"","jetpack_publicize_feature_enabled":true,"jetpack_social_post_already_shared":true,"jetpack_social_options":{"image_generator_settings":{"template":"highway","enabled":false},"version":2}},"categories":[2],"tags":[],"class_list":["post-4457","post","type-post","status-publish","format-standard","has-post-thumbnail","hentry","category-noticias"],"jetpack_publicize_connections":[],"yoast_head":"<!-- This site is optimized with the Yoast SEO plugin v24.7 - https:\/\/yoast.com\/wordpress\/plugins\/seo\/ -->\n<title>Em Bras\u00edlia M\u00e1rcia Conrado e Luciano Duque conseguem 2,6 milh\u00f5es para Serra - Serra FM 87,9<\/title>\n<meta name=\"robots\" content=\"index, follow, max-snippet:-1, max-image-preview:large, max-video-preview:-1\" \/>\n<link rel=\"canonical\" href=\"https:\/\/serrafm879.com.br\/serrafm\/2021\/02\/em-brasilia-marcia-conrado-e-luciano-duque-conseguem-26-milhoes-para-serra\/\" \/>\n<meta property=\"og:locale\" content=\"pt_BR\" \/>\n<meta property=\"og:type\" content=\"article\" \/>\n<meta property=\"og:title\" content=\"Em Bras\u00edlia M\u00e1rcia Conrado e Luciano Duque conseguem 2,6 milh\u00f5es para Serra - Serra FM 87,9\" \/>\n<meta property=\"og:description\" content=\"Cumprindo agenda em Bras\u00edlia nesta segunda-feira (08), acompanhada do ex-prefeito Luciano Duque, a prefeita de Serra Talhada, M\u00e1rcia Conrado, anuncia a conquista de R$ 2,6 milh\u00f5es para o munic\u00edpio. Os recursos s\u00e3o provenientes de emenda do deputado federal Carlos Veras (PT-PE), com quem M\u00e1rcia Conrado esteve reunida nesta manh\u00e3 (08), juntamente com Luciano Duque. De acordo com a gestora, os R$ 2,6 milh\u00f5es ser\u00e3o investidos na rede de servi\u00e7os, visando melhorar cada vez mais o atendimento de qualidade ao cidad\u00e3o serra-talhadense. \u201cEstamos em Bras\u00edlia em busca de recursos para Serra Talhada, e gostaria de agradecer ao deputado federal Carlos Veras, [&hellip;]\" \/>\n<meta property=\"og:url\" content=\"https:\/\/serrafm879.com.br\/serrafm\/2021\/02\/em-brasilia-marcia-conrado-e-luciano-duque-conseguem-26-milhoes-para-serra\/\" \/>\n<meta property=\"og:site_name\" content=\"Serra FM 87,9\" \/>\n<meta property=\"article:published_time\" content=\"2021-02-08T21:18:38+00:00\" \/>\n<meta property=\"og:image\" content=\"https:\/\/serrafm879.com.br\/serrafm\/wp-content\/uploads\/2021\/02\/18-18-00-2A103953-E1B1-457F-9F1C-3C1D327547D4.jpeg\" \/>\n\t<meta property=\"og:image:width\" content=\"668\" \/>\n\t<meta property=\"og:image:height\" content=\"500\" \/>\n\t<meta property=\"og:image:type\" content=\"image\/jpeg\" \/>\n<meta name=\"author\" content=\"serrafm87\" \/>\n<meta name=\"twitter:card\" content=\"summary_large_image\" \/>\n<meta name=\"twitter:label1\" content=\"Escrito por\" \/>\n\t<meta name=\"twitter:data1\" content=\"serrafm87\" \/>\n\t<meta name=\"twitter:label2\" content=\"Est. tempo de leitura\" \/>\n\t<meta name=\"twitter:data2\" content=\"1 minuto\" \/>\n<script type=\"application\/ld+json\" class=\"yoast-schema-graph\">{\"@context\":\"https:\/\/schema.org\",\"@graph\":[{\"@type\":\"WebPage\",\"@id\":\"https:\/\/serrafm879.com.br\/serrafm\/2021\/02\/em-brasilia-marcia-conrado-e-luciano-duque-conseguem-26-milhoes-para-serra\/\",\"url\":\"https:\/\/serrafm879.com.br\/serrafm\/2021\/02\/em-brasilia-marcia-conrado-e-luciano-duque-conseguem-26-milhoes-para-serra\/\",\"name\":\"Em Bras\u00edlia M\u00e1rcia Conrado e Luciano Duque conseguem 2,6 milh\u00f5es para Serra - Serra FM 87,9\",\"isPartOf\":{\"@id\":\"https:\/\/serrafm879.com.br\/serrafm\/#website\"},\"primaryImageOfPage\":{\"@id\":\"https:\/\/serrafm879.com.br\/serrafm\/2021\/02\/em-brasilia-marcia-conrado-e-luciano-duque-conseguem-26-milhoes-para-serra\/#primaryimage\"},\"image\":{\"@id\":\"https:\/\/serrafm879.com.br\/serrafm\/2021\/02\/em-brasilia-marcia-conrado-e-luciano-duque-conseguem-26-milhoes-para-serra\/#primaryimage\"},\"thumbnailUrl\":\"https:\/\/serrafm879.com.br\/serrafm\/wp-content\/uploads\/2021\/02\/18-18-00-2A103953-E1B1-457F-9F1C-3C1D327547D4.jpeg\",\"datePublished\":\"2021-02-08T21:18:38+00:00\",\"author\":{\"@id\":\"https:\/\/serrafm879.com.br\/serrafm\/#\/schema\/person\/c028a197030ff8b1c03c68dfba4a787a\"},\"breadcrumb\":{\"@id\":\"https:\/\/serrafm879.com.br\/serrafm\/2021\/02\/em-brasilia-marcia-conrado-e-luciano-duque-conseguem-26-milhoes-para-serra\/#breadcrumb\"},\"inLanguage\":\"pt-BR\",\"potentialAction\":[{\"@type\":\"ReadAction\",\"target\":[\"https:\/\/serrafm879.com.br\/serrafm\/2021\/02\/em-brasilia-marcia-conrado-e-luciano-duque-conseguem-26-milhoes-para-serra\/\"]}]},{\"@type\":\"ImageObject\",\"inLanguage\":\"pt-BR\",\"@id\":\"https:\/\/serrafm879.com.br\/serrafm\/2021\/02\/em-brasilia-marcia-conrado-e-luciano-duque-conseguem-26-milhoes-para-serra\/#primaryimage\",\"url\":\"https:\/\/serrafm879.com.br\/serrafm\/wp-content\/uploads\/2021\/02\/18-18-00-2A103953-E1B1-457F-9F1C-3C1D327547D4.jpeg\",\"contentUrl\":\"https:\/\/serrafm879.com.br\/serrafm\/wp-content\/uploads\/2021\/02\/18-18-00-2A103953-E1B1-457F-9F1C-3C1D327547D4.jpeg\",\"width\":668,\"height\":500},{\"@type\":\"BreadcrumbList\",\"@id\":\"https:\/\/serrafm879.com.br\/serrafm\/2021\/02\/em-brasilia-marcia-conrado-e-luciano-duque-conseguem-26-milhoes-para-serra\/#breadcrumb\",\"itemListElement\":[{\"@type\":\"ListItem\",\"position\":1,\"name\":\"In\u00edcio\",\"item\":\"https:\/\/serrafm879.com.br\/serrafm\/\"},{\"@type\":\"ListItem\",\"position\":2,\"name\":\"Em Bras\u00edlia M\u00e1rcia Conrado e Luciano Duque conseguem 2,6 milh\u00f5es para Serra\"}]},{\"@type\":\"WebSite\",\"@id\":\"https:\/\/serrafm879.com.br\/serrafm\/#website\",\"url\":\"https:\/\/serrafm879.com.br\/serrafm\/\",\"name\":\"Serra FM 87,9\",\"description\":\"O seu novo amor!\",\"potentialAction\":[{\"@type\":\"SearchAction\",\"target\":{\"@type\":\"EntryPoint\",\"urlTemplate\":\"https:\/\/serrafm879.com.br\/serrafm\/?s={search_term_string}\"},\"query-input\":{\"@type\":\"PropertyValueSpecification\",\"valueRequired\":true,\"valueName\":\"search_term_string\"}}],\"inLanguage\":\"pt-BR\"},{\"@type\":\"Person\",\"@id\":\"https:\/\/serrafm879.com.br\/serrafm\/#\/schema\/person\/c028a197030ff8b1c03c68dfba4a787a\",\"name\":\"serrafm87\",\"image\":{\"@type\":\"ImageObject\",\"inLanguage\":\"pt-BR\",\"@id\":\"https:\/\/serrafm879.com.br\/serrafm\/#\/schema\/person\/image\/\",\"url\":\"https:\/\/secure.gravatar.com\/avatar\/a743233f1112d34f48bb3dc9559b76eb930bab8b27175856cba6362608736235?s=96&d=mm&r=g\",\"contentUrl\":\"https:\/\/secure.gravatar.com\/avatar\/a743233f1112d34f48bb3dc9559b76eb930bab8b27175856cba6362608736235?s=96&d=mm&r=g\",\"caption\":\"serrafm87\"},\"sameAs\":[\"http:\/\/serrafm879.com.br\/\"],\"url\":\"https:\/\/serrafm879.com.br\/serrafm\/author\/serrafm87\/\"}]}<\/script>\n<!-- \/ Yoast SEO plugin. -->","yoast_head_json":{"title":"Em Bras\u00edlia M\u00e1rcia Conrado e Luciano Duque conseguem 2,6 milh\u00f5es para Serra - Serra FM 87,9","robots":{"index":"index","follow":"follow","max-snippet":"max-snippet:-1","max-image-preview":"max-image-preview:large","max-video-preview":"max-video-preview:-1"},"canonical":"https:\/\/serrafm879.com.br\/serrafm\/2021\/02\/em-brasilia-marcia-conrado-e-luciano-duque-conseguem-26-milhoes-para-serra\/","og_locale":"pt_BR","og_type":"article","og_title":"Em Bras\u00edlia M\u00e1rcia Conrado e Luciano Duque conseguem 2,6 milh\u00f5es para Serra - Serra FM 87,9","og_description":"Cumprindo agenda em Bras\u00edlia nesta segunda-feira (08), acompanhada do ex-prefeito Luciano Duque, a prefeita de Serra Talhada, M\u00e1rcia Conrado, anuncia a conquista de R$ 2,6 milh\u00f5es para o munic\u00edpio. Os recursos s\u00e3o provenientes de emenda do deputado federal Carlos Veras (PT-PE), com quem M\u00e1rcia Conrado esteve reunida nesta manh\u00e3 (08), juntamente com Luciano Duque. De acordo com a gestora, os R$ 2,6 milh\u00f5es ser\u00e3o investidos na rede de servi\u00e7os, visando melhorar cada vez mais o atendimento de qualidade ao cidad\u00e3o serra-talhadense. \u201cEstamos em Bras\u00edlia em busca de recursos para Serra Talhada, e gostaria de agradecer ao deputado federal Carlos Veras, [&hellip;]","og_url":"https:\/\/serrafm879.com.br\/serrafm\/2021\/02\/em-brasilia-marcia-conrado-e-luciano-duque-conseguem-26-milhoes-para-serra\/","og_site_name":"Serra FM 87,9","article_published_time":"2021-02-08T21:18:38+00:00","og_image":[{"width":668,"height":500,"url":"https:\/\/serrafm879.com.br\/serrafm\/wp-content\/uploads\/2021\/02\/18-18-00-2A103953-E1B1-457F-9F1C-3C1D327547D4.jpeg","type":"image\/jpeg"}],"author":"serrafm87","twitter_card":"summary_large_image","twitter_misc":{"Escrito por":"serrafm87","Est. tempo de leitura":"1 minuto"},"schema":{"@context":"https:\/\/schema.org","@graph":[{"@type":"WebPage","@id":"https:\/\/serrafm879.com.br\/serrafm\/2021\/02\/em-brasilia-marcia-conrado-e-luciano-duque-conseguem-26-milhoes-para-serra\/","url":"https:\/\/serrafm879.com.br\/serrafm\/2021\/02\/em-brasilia-marcia-conrado-e-luciano-duque-conseguem-26-milhoes-para-serra\/","name":"Em Bras\u00edlia M\u00e1rcia Conrado e Luciano Duque conseguem 2,6 milh\u00f5es para Serra - Serra FM 87,9","isPartOf":{"@id":"https:\/\/serrafm879.com.br\/serrafm\/#website"},"primaryImageOfPage":{"@id":"https:\/\/serrafm879.com.br\/serrafm\/2021\/02\/em-brasilia-marcia-conrado-e-luciano-duque-conseguem-26-milhoes-para-serra\/#primaryimage"},"image":{"@id":"https:\/\/serrafm879.com.br\/serrafm\/2021\/02\/em-brasilia-marcia-conrado-e-luciano-duque-conseguem-26-milhoes-para-serra\/#primaryimage"},"thumbnailUrl":"https:\/\/serrafm879.com.br\/serrafm\/wp-content\/uploads\/2021\/02\/18-18-00-2A103953-E1B1-457F-9F1C-3C1D327547D4.jpeg","datePublished":"2021-02-08T21:18:38+00:00","author":{"@id":"https:\/\/serrafm879.com.br\/serrafm\/#\/schema\/person\/c028a197030ff8b1c03c68dfba4a787a"},"breadcrumb":{"@id":"https:\/\/serrafm879.com.br\/serrafm\/2021\/02\/em-brasilia-marcia-conrado-e-luciano-duque-conseguem-26-milhoes-para-serra\/#breadcrumb"},"inLanguage":"pt-BR","potentialAction":[{"@type":"ReadAction","target":["https:\/\/serrafm879.com.br\/serrafm\/2021\/02\/em-brasilia-marcia-conrado-e-luciano-duque-conseguem-26-milhoes-para-serra\/"]}]},{"@type":"ImageObject","inLanguage":"pt-BR","@id":"https:\/\/serrafm879.com.br\/serrafm\/2021\/02\/em-brasilia-marcia-conrado-e-luciano-duque-conseguem-26-milhoes-para-serra\/#primaryimage","url":"https:\/\/serrafm879.com.br\/serrafm\/wp-content\/uploads\/2021\/02\/18-18-00-2A103953-E1B1-457F-9F1C-3C1D327547D4.jpeg","contentUrl":"https:\/\/serrafm879.com.br\/serrafm\/wp-content\/uploads\/2021\/02\/18-18-00-2A103953-E1B1-457F-9F1C-3C1D327547D4.jpeg","width":668,"height":500},{"@type":"BreadcrumbList","@id":"https:\/\/serrafm879.com.br\/serrafm\/2021\/02\/em-brasilia-marcia-conrado-e-luciano-duque-conseguem-26-milhoes-para-serra\/#breadcrumb","itemListElement":[{"@type":"ListItem","position":1,"name":"In\u00edcio","item":"https:\/\/serrafm879.com.br\/serrafm\/"},{"@type":"ListItem","position":2,"name":"Em Bras\u00edlia M\u00e1rcia Conrado e Luciano Duque conseguem 2,6 milh\u00f5es para Serra"}]},{"@type":"WebSite","@id":"https:\/\/serrafm879.com.br\/serrafm\/#website","url":"https:\/\/serrafm879.com.br\/serrafm\/","name":"Serra FM 87,9","description":"O seu novo amor!","potentialAction":[{"@type":"SearchAction","target":{"@type":"EntryPoint","urlTemplate":"https:\/\/serrafm879.com.br\/serrafm\/?s={search_term_string}"},"query-input":{"@type":"PropertyValueSpecification","valueRequired":true,"valueName":"search_term_string"}}],"inLanguage":"pt-BR"},{"@type":"Person","@id":"https:\/\/serrafm879.com.br\/serrafm\/#\/schema\/person\/c028a197030ff8b1c03c68dfba4a787a","name":"serrafm87","image":{"@type":"ImageObject","inLanguage":"pt-BR","@id":"https:\/\/serrafm879.com.br\/serrafm\/#\/schema\/person\/image\/","url":"https:\/\/secure.gravatar.com\/avatar\/a743233f1112d34f48bb3dc9559b76eb930bab8b27175856cba6362608736235?s=96&d=mm&r=g","contentUrl":"https:\/\/secure.gravatar.com\/avatar\/a743233f1112d34f48bb3dc9559b76eb930bab8b27175856cba6362608736235?s=96&d=mm&r=g","caption":"serrafm87"},"sameAs":["http:\/\/serrafm879.com.br\/"],"url":"https:\/\/serrafm879.com.br\/serrafm\/author\/serrafm87\/"}]}},"jetpack_featured_media_url":"https:\/\/serrafm879.com.br\/serrafm\/wp-content\/uploads\/2021\/02\/18-18-00-2A103953-E1B1-457F-9F1C-3C1D327547D4.jpeg","jetpack_shortlink":"https:\/\/wp.me\/p7HyXg-19T","jetpack_sharing_enabled":true,"_links":{"self":[{"href":"https:\/\/serrafm879.com.br\/serrafm\/wp-json\/wp\/v2\/posts\/4457","targetHints":{"allow":["GET"]}}],"collection":[{"href":"https:\/\/serrafm879.com.br\/serrafm\/wp-json\/wp\/v2\/posts"}],"about":[{"href":"https:\/\/serrafm879.com.br\/serrafm\/wp-json\/wp\/v2\/types\/post"}],"author":[{"embeddable":true,"href":"https:\/\/serrafm879.com.br\/serrafm\/wp-json\/wp\/v2\/users\/2"}],"replies":[{"embeddable":true,"href":"https:\/\/serrafm879.com.br\/serrafm\/wp-json\/wp\/v2\/comments?post=4457"}],"version-history":[{"count":1,"href":"https:\/\/serrafm879.com.br\/serrafm\/wp-json\/wp\/v2\/posts\/4457\/revisions"}],"predecessor-version":[{"id":4459,"href":"https:\/\/serrafm879.com.br\/serrafm\/wp-json\/wp\/v2\/posts\/4457\/revisions\/4459"}],"wp:featuredmedia":[{"embeddable":true,"href":"https:\/\/serrafm879.com.br\/serrafm\/wp-json\/wp\/v2\/media\/4458"}],"wp:attachment":[{"href":"https:\/\/serrafm879.com.br\/serrafm\/wp-json\/wp\/v2\/media?parent=4457"}],"wp:term":[{"taxonomy":"category","embeddable":true,"href":"https:\/\/serrafm879.com.br\/serrafm\/wp-json\/wp\/v2\/categories?post=4457"},{"taxonomy":"post_tag","embeddable":true,"href":"https:\/\/serrafm879.com.br\/serrafm\/wp-json\/wp\/v2\/tags?post=4457"}],"curies":[{"name":"wp","href":"https:\/\/api.w.org\/{rel}","templated":true}]}}