{"id":4464,"date":"2021-02-09T07:28:45","date_gmt":"2021-02-09T10:28:45","guid":{"rendered":"https:\/?p=4464"},"modified":"2021-02-09T07:28:45","modified_gmt":"2021-02-09T10:28:45","slug":"prefeitura-de-serra-talhada-inicia-recadastramento-de-aposentados-e-pensionistas","status":"publish","type":"post","link":"https:\/\/serrafm879.com.br\/serrafm\/2021\/02\/prefeitura-de-serra-talhada-inicia-recadastramento-de-aposentados-e-pensionistas\/","title":{"rendered":"Prefeitura de Serra Talhada inicia recadastramento de aposentados e pensionistas"},"content":{"rendered":"<p>Atrav\u00e9s do Instituto Pr\u00f3prio de Previd\u00eancia Social (IPPS), a Prefeitura de Serra Talhada come\u00e7a um processo de recadastramento de aposentados e pensionistas nessa quarta-feira, 10. Segundo o site Farol de Not\u00edcias, o procedimento \u00e9 obrigat\u00f3rio e acontecer\u00e1 de segunda a sexta-feira, das 8h \u00e0s 12h, na sede do IPPS, at\u00e9 o dia 31 de mar\u00e7o.<\/p>\n<p>Os servidores p\u00fablicos inativos devem levar um documento original com foto e o comprovante de resid\u00eancia original. Idosos e doentes impossibilitados de se locomover \u00e0 sede do instituto, localizada na Rua Coronel Corn\u00e9lio Soares, no Centro, devem enviar um representante. Aqueles que estiverem fora do munic\u00edpio precisam entrar em contato com o IPPS para receber orienta\u00e7\u00f5es sobre como proceder a atualiza\u00e7\u00e3o cadastral.<\/p>\n","protected":false},"excerpt":{"rendered":"<p>Atrav\u00e9s do Instituto Pr\u00f3prio de Previd\u00eancia Social (IPPS), a Prefeitura de Serra Talhada come\u00e7a um processo de recadastramento de aposentados e pensionistas nessa quarta-feira, 10. Segundo o site Farol de Not\u00edcias, o procedimento \u00e9 obrigat\u00f3rio e acontecer\u00e1 de segunda a sexta-feira, das 8h \u00e0s 12h, na sede do IPPS, at\u00e9 o dia 31 de mar\u00e7o. Os servidores p\u00fablicos inativos devem levar um documento original com foto e o comprovante de resid\u00eancia original. Idosos e doentes impossibilitados de se locomover \u00e0 sede do instituto, localizada na Rua Coronel Corn\u00e9lio Soares, no Centro, devem enviar um representante. Aqueles que estiverem fora do [&hellip;]<\/p>\n","protected":false},"author":2,"featured_media":4465,"comment_status":"open","ping_status":"open","sticky":false,"template":"","format":"standard","meta":{"_jetpack_memberships_contains_paid_content":false,"footnotes":"","jetpack_publicize_message":"","jetpack_publicize_feature_enabled":true,"jetpack_social_post_already_shared":true,"jetpack_social_options":{"image_generator_settings":{"template":"highway","enabled":false},"version":2}},"categories":[2],"tags":[],"class_list":["post-4464","post","type-post","status-publish","format-standard","has-post-thumbnail","hentry","category-noticias"],"jetpack_publicize_connections":[],"yoast_head":"<!-- This site is optimized with the Yoast SEO plugin v24.7 - https:\/\/yoast.com\/wordpress\/plugins\/seo\/ -->\n<title>Prefeitura de Serra Talhada inicia recadastramento de aposentados e pensionistas - Serra FM 87,9<\/title>\n<meta name=\"robots\" content=\"index, follow, max-snippet:-1, max-image-preview:large, max-video-preview:-1\" \/>\n<link rel=\"canonical\" href=\"https:\/\/serrafm879.com.br\/serrafm\/2021\/02\/prefeitura-de-serra-talhada-inicia-recadastramento-de-aposentados-e-pensionistas\/\" \/>\n<meta property=\"og:locale\" content=\"pt_BR\" \/>\n<meta property=\"og:type\" content=\"article\" \/>\n<meta property=\"og:title\" content=\"Prefeitura de Serra Talhada inicia recadastramento de aposentados e pensionistas - Serra FM 87,9\" \/>\n<meta property=\"og:description\" content=\"Atrav\u00e9s do Instituto Pr\u00f3prio de Previd\u00eancia Social (IPPS), a Prefeitura de Serra Talhada come\u00e7a um processo de recadastramento de aposentados e pensionistas nessa quarta-feira, 10. Segundo o site Farol de Not\u00edcias, o procedimento \u00e9 obrigat\u00f3rio e acontecer\u00e1 de segunda a sexta-feira, das 8h \u00e0s 12h, na sede do IPPS, at\u00e9 o dia 31 de mar\u00e7o. Os servidores p\u00fablicos inativos devem levar um documento original com foto e o comprovante de resid\u00eancia original. Idosos e doentes impossibilitados de se locomover \u00e0 sede do instituto, localizada na Rua Coronel Corn\u00e9lio Soares, no Centro, devem enviar um representante. Aqueles que estiverem fora do [&hellip;]\" \/>\n<meta property=\"og:url\" content=\"https:\/\/serrafm879.com.br\/serrafm\/2021\/02\/prefeitura-de-serra-talhada-inicia-recadastramento-de-aposentados-e-pensionistas\/\" \/>\n<meta property=\"og:site_name\" content=\"Serra FM 87,9\" \/>\n<meta property=\"article:published_time\" content=\"2021-02-09T10:28:45+00:00\" \/>\n<meta property=\"og:image\" content=\"https:\/\/serrafm879.com.br\/serrafm\/wp-content\/uploads\/2021\/02\/previdenciaserra.jpeg\" \/>\n\t<meta property=\"og:image:width\" content=\"400\" \/>\n\t<meta property=\"og:image:height\" content=\"500\" \/>\n\t<meta property=\"og:image:type\" content=\"image\/jpeg\" \/>\n<meta name=\"author\" content=\"serrafm87\" \/>\n<meta name=\"twitter:card\" content=\"summary_large_image\" \/>\n<meta name=\"twitter:label1\" content=\"Escrito por\" \/>\n\t<meta name=\"twitter:data1\" content=\"serrafm87\" \/>\n\t<meta name=\"twitter:label2\" content=\"Est. tempo de leitura\" \/>\n\t<meta name=\"twitter:data2\" content=\"1 minuto\" \/>\n<script type=\"application\/ld+json\" class=\"yoast-schema-graph\">{\"@context\":\"https:\/\/schema.org\",\"@graph\":[{\"@type\":\"WebPage\",\"@id\":\"https:\/\/serrafm879.com.br\/serrafm\/2021\/02\/prefeitura-de-serra-talhada-inicia-recadastramento-de-aposentados-e-pensionistas\/\",\"url\":\"https:\/\/serrafm879.com.br\/serrafm\/2021\/02\/prefeitura-de-serra-talhada-inicia-recadastramento-de-aposentados-e-pensionistas\/\",\"name\":\"Prefeitura de Serra Talhada inicia recadastramento de aposentados e pensionistas - Serra FM 87,9\",\"isPartOf\":{\"@id\":\"https:\/\/serrafm879.com.br\/serrafm\/#website\"},\"primaryImageOfPage\":{\"@id\":\"https:\/\/serrafm879.com.br\/serrafm\/2021\/02\/prefeitura-de-serra-talhada-inicia-recadastramento-de-aposentados-e-pensionistas\/#primaryimage\"},\"image\":{\"@id\":\"https:\/\/serrafm879.com.br\/serrafm\/2021\/02\/prefeitura-de-serra-talhada-inicia-recadastramento-de-aposentados-e-pensionistas\/#primaryimage\"},\"thumbnailUrl\":\"https:\/\/serrafm879.com.br\/serrafm\/wp-content\/uploads\/2021\/02\/previdenciaserra.jpeg\",\"datePublished\":\"2021-02-09T10:28:45+00:00\",\"author\":{\"@id\":\"https:\/\/serrafm879.com.br\/serrafm\/#\/schema\/person\/c028a197030ff8b1c03c68dfba4a787a\"},\"breadcrumb\":{\"@id\":\"https:\/\/serrafm879.com.br\/serrafm\/2021\/02\/prefeitura-de-serra-talhada-inicia-recadastramento-de-aposentados-e-pensionistas\/#breadcrumb\"},\"inLanguage\":\"pt-BR\",\"potentialAction\":[{\"@type\":\"ReadAction\",\"target\":[\"https:\/\/serrafm879.com.br\/serrafm\/2021\/02\/prefeitura-de-serra-talhada-inicia-recadastramento-de-aposentados-e-pensionistas\/\"]}]},{\"@type\":\"ImageObject\",\"inLanguage\":\"pt-BR\",\"@id\":\"https:\/\/serrafm879.com.br\/serrafm\/2021\/02\/prefeitura-de-serra-talhada-inicia-recadastramento-de-aposentados-e-pensionistas\/#primaryimage\",\"url\":\"https:\/\/serrafm879.com.br\/serrafm\/wp-content\/uploads\/2021\/02\/previdenciaserra.jpeg\",\"contentUrl\":\"https:\/\/serrafm879.com.br\/serrafm\/wp-content\/uploads\/2021\/02\/previdenciaserra.jpeg\",\"width\":400,\"height\":500},{\"@type\":\"BreadcrumbList\",\"@id\":\"https:\/\/serrafm879.com.br\/serrafm\/2021\/02\/prefeitura-de-serra-talhada-inicia-recadastramento-de-aposentados-e-pensionistas\/#breadcrumb\",\"itemListElement\":[{\"@type\":\"ListItem\",\"position\":1,\"name\":\"In\u00edcio\",\"item\":\"https:\/\/serrafm879.com.br\/serrafm\/\"},{\"@type\":\"ListItem\",\"position\":2,\"name\":\"Prefeitura de Serra Talhada inicia recadastramento de aposentados e pensionistas\"}]},{\"@type\":\"WebSite\",\"@id\":\"https:\/\/serrafm879.com.br\/serrafm\/#website\",\"url\":\"https:\/\/serrafm879.com.br\/serrafm\/\",\"name\":\"Serra FM 87,9\",\"description\":\"O seu novo amor!\",\"potentialAction\":[{\"@type\":\"SearchAction\",\"target\":{\"@type\":\"EntryPoint\",\"urlTemplate\":\"https:\/\/serrafm879.com.br\/serrafm\/?s={search_term_string}\"},\"query-input\":{\"@type\":\"PropertyValueSpecification\",\"valueRequired\":true,\"valueName\":\"search_term_string\"}}],\"inLanguage\":\"pt-BR\"},{\"@type\":\"Person\",\"@id\":\"https:\/\/serrafm879.com.br\/serrafm\/#\/schema\/person\/c028a197030ff8b1c03c68dfba4a787a\",\"name\":\"serrafm87\",\"image\":{\"@type\":\"ImageObject\",\"inLanguage\":\"pt-BR\",\"@id\":\"https:\/\/serrafm879.com.br\/serrafm\/#\/schema\/person\/image\/\",\"url\":\"https:\/\/secure.gravatar.com\/avatar\/a743233f1112d34f48bb3dc9559b76eb930bab8b27175856cba6362608736235?s=96&d=mm&r=g\",\"contentUrl\":\"https:\/\/secure.gravatar.com\/avatar\/a743233f1112d34f48bb3dc9559b76eb930bab8b27175856cba6362608736235?s=96&d=mm&r=g\",\"caption\":\"serrafm87\"},\"sameAs\":[\"http:\/\/serrafm879.com.br\/\"],\"url\":\"https:\/\/serrafm879.com.br\/serrafm\/author\/serrafm87\/\"}]}<\/script>\n<!-- \/ Yoast SEO plugin. -->","yoast_head_json":{"title":"Prefeitura de Serra Talhada inicia recadastramento de aposentados e pensionistas - Serra FM 87,9","robots":{"index":"index","follow":"follow","max-snippet":"max-snippet:-1","max-image-preview":"max-image-preview:large","max-video-preview":"max-video-preview:-1"},"canonical":"https:\/\/serrafm879.com.br\/serrafm\/2021\/02\/prefeitura-de-serra-talhada-inicia-recadastramento-de-aposentados-e-pensionistas\/","og_locale":"pt_BR","og_type":"article","og_title":"Prefeitura de Serra Talhada inicia recadastramento de aposentados e pensionistas - Serra FM 87,9","og_description":"Atrav\u00e9s do Instituto Pr\u00f3prio de Previd\u00eancia Social (IPPS), a Prefeitura de Serra Talhada come\u00e7a um processo de recadastramento de aposentados e pensionistas nessa quarta-feira, 10. Segundo o site Farol de Not\u00edcias, o procedimento \u00e9 obrigat\u00f3rio e acontecer\u00e1 de segunda a sexta-feira, das 8h \u00e0s 12h, na sede do IPPS, at\u00e9 o dia 31 de mar\u00e7o. Os servidores p\u00fablicos inativos devem levar um documento original com foto e o comprovante de resid\u00eancia original. Idosos e doentes impossibilitados de se locomover \u00e0 sede do instituto, localizada na Rua Coronel Corn\u00e9lio Soares, no Centro, devem enviar um representante. Aqueles que estiverem fora do [&hellip;]","og_url":"https:\/\/serrafm879.com.br\/serrafm\/2021\/02\/prefeitura-de-serra-talhada-inicia-recadastramento-de-aposentados-e-pensionistas\/","og_site_name":"Serra FM 87,9","article_published_time":"2021-02-09T10:28:45+00:00","og_image":[{"width":400,"height":500,"url":"https:\/\/serrafm879.com.br\/serrafm\/wp-content\/uploads\/2021\/02\/previdenciaserra.jpeg","type":"image\/jpeg"}],"author":"serrafm87","twitter_card":"summary_large_image","twitter_misc":{"Escrito por":"serrafm87","Est. tempo de leitura":"1 minuto"},"schema":{"@context":"https:\/\/schema.org","@graph":[{"@type":"WebPage","@id":"https:\/\/serrafm879.com.br\/serrafm\/2021\/02\/prefeitura-de-serra-talhada-inicia-recadastramento-de-aposentados-e-pensionistas\/","url":"https:\/\/serrafm879.com.br\/serrafm\/2021\/02\/prefeitura-de-serra-talhada-inicia-recadastramento-de-aposentados-e-pensionistas\/","name":"Prefeitura de Serra Talhada inicia recadastramento de aposentados e pensionistas - Serra FM 87,9","isPartOf":{"@id":"https:\/\/serrafm879.com.br\/serrafm\/#website"},"primaryImageOfPage":{"@id":"https:\/\/serrafm879.com.br\/serrafm\/2021\/02\/prefeitura-de-serra-talhada-inicia-recadastramento-de-aposentados-e-pensionistas\/#primaryimage"},"image":{"@id":"https:\/\/serrafm879.com.br\/serrafm\/2021\/02\/prefeitura-de-serra-talhada-inicia-recadastramento-de-aposentados-e-pensionistas\/#primaryimage"},"thumbnailUrl":"https:\/\/serrafm879.com.br\/serrafm\/wp-content\/uploads\/2021\/02\/previdenciaserra.jpeg","datePublished":"2021-02-09T10:28:45+00:00","author":{"@id":"https:\/\/serrafm879.com.br\/serrafm\/#\/schema\/person\/c028a197030ff8b1c03c68dfba4a787a"},"breadcrumb":{"@id":"https:\/\/serrafm879.com.br\/serrafm\/2021\/02\/prefeitura-de-serra-talhada-inicia-recadastramento-de-aposentados-e-pensionistas\/#breadcrumb"},"inLanguage":"pt-BR","potentialAction":[{"@type":"ReadAction","target":["https:\/\/serrafm879.com.br\/serrafm\/2021\/02\/prefeitura-de-serra-talhada-inicia-recadastramento-de-aposentados-e-pensionistas\/"]}]},{"@type":"ImageObject","inLanguage":"pt-BR","@id":"https:\/\/serrafm879.com.br\/serrafm\/2021\/02\/prefeitura-de-serra-talhada-inicia-recadastramento-de-aposentados-e-pensionistas\/#primaryimage","url":"https:\/\/serrafm879.com.br\/serrafm\/wp-content\/uploads\/2021\/02\/previdenciaserra.jpeg","contentUrl":"https:\/\/serrafm879.com.br\/serrafm\/wp-content\/uploads\/2021\/02\/previdenciaserra.jpeg","width":400,"height":500},{"@type":"BreadcrumbList","@id":"https:\/\/serrafm879.com.br\/serrafm\/2021\/02\/prefeitura-de-serra-talhada-inicia-recadastramento-de-aposentados-e-pensionistas\/#breadcrumb","itemListElement":[{"@type":"ListItem","position":1,"name":"In\u00edcio","item":"https:\/\/serrafm879.com.br\/serrafm\/"},{"@type":"ListItem","position":2,"name":"Prefeitura de Serra Talhada inicia recadastramento de aposentados e pensionistas"}]},{"@type":"WebSite","@id":"https:\/\/serrafm879.com.br\/serrafm\/#website","url":"https:\/\/serrafm879.com.br\/serrafm\/","name":"Serra FM 87,9","description":"O seu novo amor!","potentialAction":[{"@type":"SearchAction","target":{"@type":"EntryPoint","urlTemplate":"https:\/\/serrafm879.com.br\/serrafm\/?s={search_term_string}"},"query-input":{"@type":"PropertyValueSpecification","valueRequired":true,"valueName":"search_term_string"}}],"inLanguage":"pt-BR"},{"@type":"Person","@id":"https:\/\/serrafm879.com.br\/serrafm\/#\/schema\/person\/c028a197030ff8b1c03c68dfba4a787a","name":"serrafm87","image":{"@type":"ImageObject","inLanguage":"pt-BR","@id":"https:\/\/serrafm879.com.br\/serrafm\/#\/schema\/person\/image\/","url":"https:\/\/secure.gravatar.com\/avatar\/a743233f1112d34f48bb3dc9559b76eb930bab8b27175856cba6362608736235?s=96&d=mm&r=g","contentUrl":"https:\/\/secure.gravatar.com\/avatar\/a743233f1112d34f48bb3dc9559b76eb930bab8b27175856cba6362608736235?s=96&d=mm&r=g","caption":"serrafm87"},"sameAs":["http:\/\/serrafm879.com.br\/"],"url":"https:\/\/serrafm879.com.br\/serrafm\/author\/serrafm87\/"}]}},"jetpack_featured_media_url":"https:\/\/serrafm879.com.br\/serrafm\/wp-content\/uploads\/2021\/02\/previdenciaserra.jpeg","jetpack_shortlink":"https:\/\/wp.me\/p7HyXg-1a0","jetpack_sharing_enabled":true,"_links":{"self":[{"href":"https:\/\/serrafm879.com.br\/serrafm\/wp-json\/wp\/v2\/posts\/4464","targetHints":{"allow":["GET"]}}],"collection":[{"href":"https:\/\/serrafm879.com.br\/serrafm\/wp-json\/wp\/v2\/posts"}],"about":[{"href":"https:\/\/serrafm879.com.br\/serrafm\/wp-json\/wp\/v2\/types\/post"}],"author":[{"embeddable":true,"href":"https:\/\/serrafm879.com.br\/serrafm\/wp-json\/wp\/v2\/users\/2"}],"replies":[{"embeddable":true,"href":"https:\/\/serrafm879.com.br\/serrafm\/wp-json\/wp\/v2\/comments?post=4464"}],"version-history":[{"count":1,"href":"https:\/\/serrafm879.com.br\/serrafm\/wp-json\/wp\/v2\/posts\/4464\/revisions"}],"predecessor-version":[{"id":4466,"href":"https:\/\/serrafm879.com.br\/serrafm\/wp-json\/wp\/v2\/posts\/4464\/revisions\/4466"}],"wp:featuredmedia":[{"embeddable":true,"href":"https:\/\/serrafm879.com.br\/serrafm\/wp-json\/wp\/v2\/media\/4465"}],"wp:attachment":[{"href":"https:\/\/serrafm879.com.br\/serrafm\/wp-json\/wp\/v2\/media?parent=4464"}],"wp:term":[{"taxonomy":"category","embeddable":true,"href":"https:\/\/serrafm879.com.br\/serrafm\/wp-json\/wp\/v2\/categories?post=4464"},{"taxonomy":"post_tag","embeddable":true,"href":"https:\/\/serrafm879.com.br\/serrafm\/wp-json\/wp\/v2\/tags?post=4464"}],"curies":[{"name":"wp","href":"https:\/\/api.w.org\/{rel}","templated":true}]}}