{"id":4467,"date":"2021-02-09T07:31:07","date_gmt":"2021-02-09T10:31:07","guid":{"rendered":"https:\/?p=4467"},"modified":"2021-02-09T07:31:07","modified_gmt":"2021-02-09T10:31:07","slug":"combustiveis-tiveram-aumento-meia-noite-de-hoje","status":"publish","type":"post","link":"https:\/\/serrafm879.com.br\/serrafm\/2021\/02\/combustiveis-tiveram-aumento-meia-noite-de-hoje\/","title":{"rendered":"Combust\u00edveis tiveram aumento meia noite de hoje"},"content":{"rendered":"<p>A Petrobras anunciou que, a partir da meia-noite de hoje (ter\u00e7a-feira), haver\u00e1 aumento nos pre\u00e7os dos tr\u00eas principais combust\u00edveis vendidos pela companhia: gasolina, diesel e g\u00e1s de cozinha. \u00c9 o primeiro ap\u00f3s a reuni\u00e3o entre o presidente da estatal, Roberto Castello Branco, e o presidente Jair Bolsonaro na sexta-feira em Bras\u00edlia.<\/p>\n<p>Segundo a estatal, o litro da gasolina vendido nas refinarias aumentar\u00e1 R$ 0,17, o que levar\u00e1 o valor m\u00e9dio para R$ 2,25 por litro. Esse reajuste equivale a um aumento m\u00e9dio de 8,2%. No caso do diesel, o aumento ser\u00e1 de R$ 0,13, para R$ 2,24 por litro. Nesse caso, o valor equivale \u00e0 alta de 6,2%. O g\u00e1s de cozinha tamb\u00e9m ser\u00e1 reajustado, com aumento de R$ 0,14 por quilo, para R$ 2,77 \u2013 reajuste de 5,1%.<\/p>\n<p>Curiosamente, o an\u00fancio do reajuste vem logo em seguida a elei\u00e7\u00e3o das presid\u00eancias da C\u00e2mara e do Senado Federal. E o que tem haver uma coisa com a outra? Nada! Entretanto, revela o submundo de um presidente, que como tantos outros, abusou do lema \u2018os fins justificam os meios\u2019. O chamado \u2018Centr\u00e3o\u2019, bloco de deputados fisiologistas t\u00e3o execrados pelo genocida Bolsonaro, agora \u2018canta de galo\u2019 no Congresso, porque o \u2018toma-l\u00e1-da-c\u00e1\u201d serviu de moeda de troca entre parlamentares e governo.<\/p>\n<p>Triste \u00e9 saber que, mais uma vez, a \u2018corda\u2019 arrebente para o mais fraco. Houve uma \u2018festan\u00e7a\u2019 na distribui\u00e7\u00e3o de benesses para o Centr\u00e3o, e arrocho para a plebe, que j\u00e1 n\u00e3o suporta mais o galope do desemprego, infla\u00e7\u00e3o nos alimentos, e agora, os combust\u00edveis.<\/p>\n<p>O governo do Bolsonaro n\u00e3o \u00e9 muito diferente de outros tantos. Talvez, isso explique o aumento da rejei\u00e7\u00e3o popular em pesquisas de opini\u00e3o. Como se j\u00e1 n\u00e3o bastasse o negacionismo e a falta de oxig\u00eanio nos hospitais, sobrou foi \u2018vento\u2019 no bolso dos deputados aliados do governo.<\/p>\n","protected":false},"excerpt":{"rendered":"<p>A Petrobras anunciou que, a partir da meia-noite de hoje (ter\u00e7a-feira), haver\u00e1 aumento nos pre\u00e7os dos tr\u00eas principais combust\u00edveis vendidos pela companhia: gasolina, diesel e g\u00e1s de cozinha. \u00c9 o primeiro ap\u00f3s a reuni\u00e3o entre o presidente da estatal, Roberto Castello Branco, e o presidente Jair Bolsonaro na sexta-feira em Bras\u00edlia. Segundo a estatal, o litro da gasolina vendido nas refinarias aumentar\u00e1 R$ 0,17, o que levar\u00e1 o valor m\u00e9dio para R$ 2,25 por litro. Esse reajuste equivale a um aumento m\u00e9dio de 8,2%. No caso do diesel, o aumento ser\u00e1 de R$ 0,13, para R$ 2,24 por litro. Nesse [&hellip;]<\/p>\n","protected":false},"author":2,"featured_media":2781,"comment_status":"open","ping_status":"open","sticky":false,"template":"","format":"standard","meta":{"_jetpack_memberships_contains_paid_content":false,"footnotes":"","jetpack_publicize_message":"","jetpack_publicize_feature_enabled":true,"jetpack_social_post_already_shared":true,"jetpack_social_options":{"image_generator_settings":{"template":"highway","enabled":false},"version":2}},"categories":[2],"tags":[],"class_list":["post-4467","post","type-post","status-publish","format-standard","has-post-thumbnail","hentry","category-noticias"],"jetpack_publicize_connections":[],"yoast_head":"<!-- This site is optimized with the Yoast SEO plugin v24.7 - https:\/\/yoast.com\/wordpress\/plugins\/seo\/ -->\n<title>Combust\u00edveis tiveram aumento meia noite de hoje - Serra FM 87,9<\/title>\n<meta name=\"robots\" content=\"index, follow, max-snippet:-1, max-image-preview:large, max-video-preview:-1\" \/>\n<link rel=\"canonical\" href=\"https:\/\/serrafm879.com.br\/serrafm\/2021\/02\/combustiveis-tiveram-aumento-meia-noite-de-hoje\/\" \/>\n<meta property=\"og:locale\" content=\"pt_BR\" \/>\n<meta property=\"og:type\" content=\"article\" \/>\n<meta property=\"og:title\" content=\"Combust\u00edveis tiveram aumento meia noite de hoje - Serra FM 87,9\" \/>\n<meta property=\"og:description\" content=\"A Petrobras anunciou que, a partir da meia-noite de hoje (ter\u00e7a-feira), haver\u00e1 aumento nos pre\u00e7os dos tr\u00eas principais combust\u00edveis vendidos pela companhia: gasolina, diesel e g\u00e1s de cozinha. \u00c9 o primeiro ap\u00f3s a reuni\u00e3o entre o presidente da estatal, Roberto Castello Branco, e o presidente Jair Bolsonaro na sexta-feira em Bras\u00edlia. Segundo a estatal, o litro da gasolina vendido nas refinarias aumentar\u00e1 R$ 0,17, o que levar\u00e1 o valor m\u00e9dio para R$ 2,25 por litro. Esse reajuste equivale a um aumento m\u00e9dio de 8,2%. No caso do diesel, o aumento ser\u00e1 de R$ 0,13, para R$ 2,24 por litro. Nesse [&hellip;]\" \/>\n<meta property=\"og:url\" content=\"https:\/\/serrafm879.com.br\/serrafm\/2021\/02\/combustiveis-tiveram-aumento-meia-noite-de-hoje\/\" \/>\n<meta property=\"og:site_name\" content=\"Serra FM 87,9\" \/>\n<meta property=\"article:published_time\" content=\"2021-02-09T10:31:07+00:00\" \/>\n<meta property=\"og:image\" content=\"https:\/\/serrafm879.com.br\/serrafm\/wp-content\/uploads\/2020\/05\/x88069573_Brazils-President-Jair-Bolsonaro-looks-on-during-a-news-conference-after-a-meeting-with-Pr.jpg.pagespeed.ic_.k2hZixgZfZ.jpg\" \/>\n\t<meta property=\"og:image:width\" content=\"1086\" \/>\n\t<meta property=\"og:image:height\" content=\"652\" \/>\n\t<meta property=\"og:image:type\" content=\"image\/jpeg\" \/>\n<meta name=\"author\" content=\"serrafm87\" \/>\n<meta name=\"twitter:card\" content=\"summary_large_image\" \/>\n<meta name=\"twitter:label1\" content=\"Escrito por\" \/>\n\t<meta name=\"twitter:data1\" content=\"serrafm87\" \/>\n\t<meta name=\"twitter:label2\" content=\"Est. tempo de leitura\" \/>\n\t<meta name=\"twitter:data2\" content=\"2 minutos\" \/>\n<script type=\"application\/ld+json\" class=\"yoast-schema-graph\">{\"@context\":\"https:\/\/schema.org\",\"@graph\":[{\"@type\":\"WebPage\",\"@id\":\"https:\/\/serrafm879.com.br\/serrafm\/2021\/02\/combustiveis-tiveram-aumento-meia-noite-de-hoje\/\",\"url\":\"https:\/\/serrafm879.com.br\/serrafm\/2021\/02\/combustiveis-tiveram-aumento-meia-noite-de-hoje\/\",\"name\":\"Combust\u00edveis tiveram aumento meia noite de hoje - Serra FM 87,9\",\"isPartOf\":{\"@id\":\"https:\/\/serrafm879.com.br\/serrafm\/#website\"},\"primaryImageOfPage\":{\"@id\":\"https:\/\/serrafm879.com.br\/serrafm\/2021\/02\/combustiveis-tiveram-aumento-meia-noite-de-hoje\/#primaryimage\"},\"image\":{\"@id\":\"https:\/\/serrafm879.com.br\/serrafm\/2021\/02\/combustiveis-tiveram-aumento-meia-noite-de-hoje\/#primaryimage\"},\"thumbnailUrl\":\"https:\/\/serrafm879.com.br\/serrafm\/wp-content\/uploads\/2020\/05\/x88069573_Brazils-President-Jair-Bolsonaro-looks-on-during-a-news-conference-after-a-meeting-with-Pr.jpg.pagespeed.ic_.k2hZixgZfZ.jpg\",\"datePublished\":\"2021-02-09T10:31:07+00:00\",\"author\":{\"@id\":\"https:\/\/serrafm879.com.br\/serrafm\/#\/schema\/person\/c028a197030ff8b1c03c68dfba4a787a\"},\"breadcrumb\":{\"@id\":\"https:\/\/serrafm879.com.br\/serrafm\/2021\/02\/combustiveis-tiveram-aumento-meia-noite-de-hoje\/#breadcrumb\"},\"inLanguage\":\"pt-BR\",\"potentialAction\":[{\"@type\":\"ReadAction\",\"target\":[\"https:\/\/serrafm879.com.br\/serrafm\/2021\/02\/combustiveis-tiveram-aumento-meia-noite-de-hoje\/\"]}]},{\"@type\":\"ImageObject\",\"inLanguage\":\"pt-BR\",\"@id\":\"https:\/\/serrafm879.com.br\/serrafm\/2021\/02\/combustiveis-tiveram-aumento-meia-noite-de-hoje\/#primaryimage\",\"url\":\"https:\/\/serrafm879.com.br\/serrafm\/wp-content\/uploads\/2020\/05\/x88069573_Brazils-President-Jair-Bolsonaro-looks-on-during-a-news-conference-after-a-meeting-with-Pr.jpg.pagespeed.ic_.k2hZixgZfZ.jpg\",\"contentUrl\":\"https:\/\/serrafm879.com.br\/serrafm\/wp-content\/uploads\/2020\/05\/x88069573_Brazils-President-Jair-Bolsonaro-looks-on-during-a-news-conference-after-a-meeting-with-Pr.jpg.pagespeed.ic_.k2hZixgZfZ.jpg\",\"width\":1086,\"height\":652},{\"@type\":\"BreadcrumbList\",\"@id\":\"https:\/\/serrafm879.com.br\/serrafm\/2021\/02\/combustiveis-tiveram-aumento-meia-noite-de-hoje\/#breadcrumb\",\"itemListElement\":[{\"@type\":\"ListItem\",\"position\":1,\"name\":\"In\u00edcio\",\"item\":\"https:\/\/serrafm879.com.br\/serrafm\/\"},{\"@type\":\"ListItem\",\"position\":2,\"name\":\"Combust\u00edveis tiveram aumento meia noite de hoje\"}]},{\"@type\":\"WebSite\",\"@id\":\"https:\/\/serrafm879.com.br\/serrafm\/#website\",\"url\":\"https:\/\/serrafm879.com.br\/serrafm\/\",\"name\":\"Serra FM 87,9\",\"description\":\"O seu novo amor!\",\"potentialAction\":[{\"@type\":\"SearchAction\",\"target\":{\"@type\":\"EntryPoint\",\"urlTemplate\":\"https:\/\/serrafm879.com.br\/serrafm\/?s={search_term_string}\"},\"query-input\":{\"@type\":\"PropertyValueSpecification\",\"valueRequired\":true,\"valueName\":\"search_term_string\"}}],\"inLanguage\":\"pt-BR\"},{\"@type\":\"Person\",\"@id\":\"https:\/\/serrafm879.com.br\/serrafm\/#\/schema\/person\/c028a197030ff8b1c03c68dfba4a787a\",\"name\":\"serrafm87\",\"image\":{\"@type\":\"ImageObject\",\"inLanguage\":\"pt-BR\",\"@id\":\"https:\/\/serrafm879.com.br\/serrafm\/#\/schema\/person\/image\/\",\"url\":\"https:\/\/secure.gravatar.com\/avatar\/a743233f1112d34f48bb3dc9559b76eb930bab8b27175856cba6362608736235?s=96&d=mm&r=g\",\"contentUrl\":\"https:\/\/secure.gravatar.com\/avatar\/a743233f1112d34f48bb3dc9559b76eb930bab8b27175856cba6362608736235?s=96&d=mm&r=g\",\"caption\":\"serrafm87\"},\"sameAs\":[\"http:\/\/serrafm879.com.br\/\"],\"url\":\"https:\/\/serrafm879.com.br\/serrafm\/author\/serrafm87\/\"}]}<\/script>\n<!-- \/ Yoast SEO plugin. -->","yoast_head_json":{"title":"Combust\u00edveis tiveram aumento meia noite de hoje - Serra FM 87,9","robots":{"index":"index","follow":"follow","max-snippet":"max-snippet:-1","max-image-preview":"max-image-preview:large","max-video-preview":"max-video-preview:-1"},"canonical":"https:\/\/serrafm879.com.br\/serrafm\/2021\/02\/combustiveis-tiveram-aumento-meia-noite-de-hoje\/","og_locale":"pt_BR","og_type":"article","og_title":"Combust\u00edveis tiveram aumento meia noite de hoje - Serra FM 87,9","og_description":"A Petrobras anunciou que, a partir da meia-noite de hoje (ter\u00e7a-feira), haver\u00e1 aumento nos pre\u00e7os dos tr\u00eas principais combust\u00edveis vendidos pela companhia: gasolina, diesel e g\u00e1s de cozinha. \u00c9 o primeiro ap\u00f3s a reuni\u00e3o entre o presidente da estatal, Roberto Castello Branco, e o presidente Jair Bolsonaro na sexta-feira em Bras\u00edlia. Segundo a estatal, o litro da gasolina vendido nas refinarias aumentar\u00e1 R$ 0,17, o que levar\u00e1 o valor m\u00e9dio para R$ 2,25 por litro. Esse reajuste equivale a um aumento m\u00e9dio de 8,2%. No caso do diesel, o aumento ser\u00e1 de R$ 0,13, para R$ 2,24 por litro. Nesse [&hellip;]","og_url":"https:\/\/serrafm879.com.br\/serrafm\/2021\/02\/combustiveis-tiveram-aumento-meia-noite-de-hoje\/","og_site_name":"Serra FM 87,9","article_published_time":"2021-02-09T10:31:07+00:00","og_image":[{"width":1086,"height":652,"url":"https:\/\/serrafm879.com.br\/serrafm\/wp-content\/uploads\/2020\/05\/x88069573_Brazils-President-Jair-Bolsonaro-looks-on-during-a-news-conference-after-a-meeting-with-Pr.jpg.pagespeed.ic_.k2hZixgZfZ.jpg","type":"image\/jpeg"}],"author":"serrafm87","twitter_card":"summary_large_image","twitter_misc":{"Escrito por":"serrafm87","Est. tempo de leitura":"2 minutos"},"schema":{"@context":"https:\/\/schema.org","@graph":[{"@type":"WebPage","@id":"https:\/\/serrafm879.com.br\/serrafm\/2021\/02\/combustiveis-tiveram-aumento-meia-noite-de-hoje\/","url":"https:\/\/serrafm879.com.br\/serrafm\/2021\/02\/combustiveis-tiveram-aumento-meia-noite-de-hoje\/","name":"Combust\u00edveis tiveram aumento meia noite de hoje - Serra FM 87,9","isPartOf":{"@id":"https:\/\/serrafm879.com.br\/serrafm\/#website"},"primaryImageOfPage":{"@id":"https:\/\/serrafm879.com.br\/serrafm\/2021\/02\/combustiveis-tiveram-aumento-meia-noite-de-hoje\/#primaryimage"},"image":{"@id":"https:\/\/serrafm879.com.br\/serrafm\/2021\/02\/combustiveis-tiveram-aumento-meia-noite-de-hoje\/#primaryimage"},"thumbnailUrl":"https:\/\/serrafm879.com.br\/serrafm\/wp-content\/uploads\/2020\/05\/x88069573_Brazils-President-Jair-Bolsonaro-looks-on-during-a-news-conference-after-a-meeting-with-Pr.jpg.pagespeed.ic_.k2hZixgZfZ.jpg","datePublished":"2021-02-09T10:31:07+00:00","author":{"@id":"https:\/\/serrafm879.com.br\/serrafm\/#\/schema\/person\/c028a197030ff8b1c03c68dfba4a787a"},"breadcrumb":{"@id":"https:\/\/serrafm879.com.br\/serrafm\/2021\/02\/combustiveis-tiveram-aumento-meia-noite-de-hoje\/#breadcrumb"},"inLanguage":"pt-BR","potentialAction":[{"@type":"ReadAction","target":["https:\/\/serrafm879.com.br\/serrafm\/2021\/02\/combustiveis-tiveram-aumento-meia-noite-de-hoje\/"]}]},{"@type":"ImageObject","inLanguage":"pt-BR","@id":"https:\/\/serrafm879.com.br\/serrafm\/2021\/02\/combustiveis-tiveram-aumento-meia-noite-de-hoje\/#primaryimage","url":"https:\/\/serrafm879.com.br\/serrafm\/wp-content\/uploads\/2020\/05\/x88069573_Brazils-President-Jair-Bolsonaro-looks-on-during-a-news-conference-after-a-meeting-with-Pr.jpg.pagespeed.ic_.k2hZixgZfZ.jpg","contentUrl":"https:\/\/serrafm879.com.br\/serrafm\/wp-content\/uploads\/2020\/05\/x88069573_Brazils-President-Jair-Bolsonaro-looks-on-during-a-news-conference-after-a-meeting-with-Pr.jpg.pagespeed.ic_.k2hZixgZfZ.jpg","width":1086,"height":652},{"@type":"BreadcrumbList","@id":"https:\/\/serrafm879.com.br\/serrafm\/2021\/02\/combustiveis-tiveram-aumento-meia-noite-de-hoje\/#breadcrumb","itemListElement":[{"@type":"ListItem","position":1,"name":"In\u00edcio","item":"https:\/\/serrafm879.com.br\/serrafm\/"},{"@type":"ListItem","position":2,"name":"Combust\u00edveis tiveram aumento meia noite de hoje"}]},{"@type":"WebSite","@id":"https:\/\/serrafm879.com.br\/serrafm\/#website","url":"https:\/\/serrafm879.com.br\/serrafm\/","name":"Serra FM 87,9","description":"O seu novo amor!","potentialAction":[{"@type":"SearchAction","target":{"@type":"EntryPoint","urlTemplate":"https:\/\/serrafm879.com.br\/serrafm\/?s={search_term_string}"},"query-input":{"@type":"PropertyValueSpecification","valueRequired":true,"valueName":"search_term_string"}}],"inLanguage":"pt-BR"},{"@type":"Person","@id":"https:\/\/serrafm879.com.br\/serrafm\/#\/schema\/person\/c028a197030ff8b1c03c68dfba4a787a","name":"serrafm87","image":{"@type":"ImageObject","inLanguage":"pt-BR","@id":"https:\/\/serrafm879.com.br\/serrafm\/#\/schema\/person\/image\/","url":"https:\/\/secure.gravatar.com\/avatar\/a743233f1112d34f48bb3dc9559b76eb930bab8b27175856cba6362608736235?s=96&d=mm&r=g","contentUrl":"https:\/\/secure.gravatar.com\/avatar\/a743233f1112d34f48bb3dc9559b76eb930bab8b27175856cba6362608736235?s=96&d=mm&r=g","caption":"serrafm87"},"sameAs":["http:\/\/serrafm879.com.br\/"],"url":"https:\/\/serrafm879.com.br\/serrafm\/author\/serrafm87\/"}]}},"jetpack_featured_media_url":"https:\/\/serrafm879.com.br\/serrafm\/wp-content\/uploads\/2020\/05\/x88069573_Brazils-President-Jair-Bolsonaro-looks-on-during-a-news-conference-after-a-meeting-with-Pr.jpg.pagespeed.ic_.k2hZixgZfZ.jpg","jetpack_shortlink":"https:\/\/wp.me\/p7HyXg-1a3","jetpack_sharing_enabled":true,"_links":{"self":[{"href":"https:\/\/serrafm879.com.br\/serrafm\/wp-json\/wp\/v2\/posts\/4467","targetHints":{"allow":["GET"]}}],"collection":[{"href":"https:\/\/serrafm879.com.br\/serrafm\/wp-json\/wp\/v2\/posts"}],"about":[{"href":"https:\/\/serrafm879.com.br\/serrafm\/wp-json\/wp\/v2\/types\/post"}],"author":[{"embeddable":true,"href":"https:\/\/serrafm879.com.br\/serrafm\/wp-json\/wp\/v2\/users\/2"}],"replies":[{"embeddable":true,"href":"https:\/\/serrafm879.com.br\/serrafm\/wp-json\/wp\/v2\/comments?post=4467"}],"version-history":[{"count":1,"href":"https:\/\/serrafm879.com.br\/serrafm\/wp-json\/wp\/v2\/posts\/4467\/revisions"}],"predecessor-version":[{"id":4468,"href":"https:\/\/serrafm879.com.br\/serrafm\/wp-json\/wp\/v2\/posts\/4467\/revisions\/4468"}],"wp:featuredmedia":[{"embeddable":true,"href":"https:\/\/serrafm879.com.br\/serrafm\/wp-json\/wp\/v2\/media\/2781"}],"wp:attachment":[{"href":"https:\/\/serrafm879.com.br\/serrafm\/wp-json\/wp\/v2\/media?parent=4467"}],"wp:term":[{"taxonomy":"category","embeddable":true,"href":"https:\/\/serrafm879.com.br\/serrafm\/wp-json\/wp\/v2\/categories?post=4467"},{"taxonomy":"post_tag","embeddable":true,"href":"https:\/\/serrafm879.com.br\/serrafm\/wp-json\/wp\/v2\/tags?post=4467"}],"curies":[{"name":"wp","href":"https:\/\/api.w.org\/{rel}","templated":true}]}}