{"id":4488,"date":"2021-02-09T09:52:28","date_gmt":"2021-02-09T12:52:28","guid":{"rendered":"https:\/?p=4488"},"modified":"2021-02-09T09:52:28","modified_gmt":"2021-02-09T12:52:28","slug":"ibge-inflacao-desacelera-para-025-em-janeiro","status":"publish","type":"post","link":"https:\/\/serrafm879.com.br\/serrafm\/2021\/02\/ibge-inflacao-desacelera-para-025-em-janeiro\/","title":{"rendered":"IBGE: infla\u00e7\u00e3o desacelera para 0,25% em janeiro"},"content":{"rendered":"<p>O \u00cdndice Nacional de Pre\u00e7os ao Consumidor Amplo (IPCA), que mede a infla\u00e7\u00e3o oficial do pa\u00eds, registrou 0,25% em janeiro, 1,10 ponto percentual (p.p.) abaixo da taxa de dezembro de 2020 (1,35%). A informa\u00e7\u00e3o foi divulgada hoje (9), no Rio de Janeiro, pelo Instituto Brasileiro de Geografia e Estat\u00edstica (IBGE).<img decoding=\"async\" src=\"https:\/\/agenciabrasil.ebc.com.br\/ebc.png?id=1400938&amp;o=node\" \/><img decoding=\"async\" src=\"https:\/\/agenciabrasil.ebc.com.br\/ebc.gif?id=1400938&amp;o=node\" \/><\/p>\n<p>Nos \u00faltimos 12 meses, o indicador acumula alta de 4,56%, acima dos 4,52% observados nos 12 meses imediatamente anteriores. Em janeiro de 2020, a varia\u00e7\u00e3o havia sido de 0,21%.<\/p>\n<p>Segundo o IBGE, alimentos e bebidas continuam puxando os pre\u00e7os para cima, mas com menos for\u00e7a. J\u00e1 a mudan\u00e7a de bandeira nas contas de energia el\u00e9trica e as quedas nos pre\u00e7os de passagens a\u00e9reas ajudaram a segurar a infla\u00e7\u00e3o em janeiro.<\/p>\n<p>\u201cHouve uma queda de 5,60% no item energia el\u00e9trica, que foi, individualmente, o maior impacto negativo no \u00edndice do m\u00eas (-0,26 p.p.) Ap\u00f3s a vig\u00eancia da bandeira tarif\u00e1ria vermelha patamar 2 em dezembro, passou a vigorar em janeiro a bandeira amarela. Assim, em vez do acr\u00e9scimo de R$ 6,243 a cada 100 quilowatts-hora, o consumidor passou a pagar um adicional bem menor, de R$ 1,343. O que resultou em uma defla\u00e7\u00e3o (-1,07%) no grupo Habita\u00e7\u00e3o, do qual esse item faz parte, mesmo com a alta em outros componentes, como o g\u00e1s encanado (0,22%) e a taxa de \u00e1gua e esgoto (0,19%)\u201d, disse, em nota, o gerente da pesquisa, Pedro Kislanov.<\/p>\n<h2>Vestu\u00e1rio tem defla\u00e7\u00e3o<\/h2>\n<p>De acordo com o estudo, outro grupo que registrou defla\u00e7\u00e3o em janeiro foi o de vestu\u00e1rio (-0,07%), ap\u00f3s alta de 0,59% em dezembro, quando as vendas do setor se aqueceram para as festas de fim de ano.<\/p>\n<p>Entretanto, os demais sete grupos que comp\u00f5em o \u00edndice contabilizaram eleva\u00e7\u00e3o de pre\u00e7os, com destaque para alimenta\u00e7\u00e3o e bebidas (1,02%), grupo que apresentou a maior varia\u00e7\u00e3o e o maior impacto positivo (0,22 p.p.) no \u00edndice do m\u00eas. Mas a alta foi menos intensa que a de dezembro (1,74%).<\/p>\n<p>\u201cOs alimentos para consumo no domic\u00edlio, que haviam subido 2,12% no m\u00eas anterior, variaram 1,06% em janeiro. As frutas subiram menos (2,67% contra 6,73% em dezembro) e as carnes ca\u00edram de pre\u00e7o (-0,08% contra alta anterior de 3,58%), assim como o leite longa vida (-1,35%) e o \u00f3leo de soja (-1,08%). Por outro lado, os pre\u00e7os da cebola (17,58%) e do tomate (4,89%), que haviam recuado no m\u00eas anterior, aumentaram\u201d, explicou Kislanov.<\/p>\n<p>J\u00e1 a alimenta\u00e7\u00e3o fora do domic\u00edlio teve movimento inverso, passando de 0,77% em dezembro para 0,91% em janeiro, especialmente por conta da alta do lanche (1,83%).<\/p>\n<p>Segundo o IBGE, o custo dos transportes (0,41%), grupo com o segundo maior peso no IPCA, tamb\u00e9m desacelerou frente ao m\u00eas anterior (1,36%), principalmente por causa da queda no pre\u00e7o das passagens a\u00e9reas (-19,93%), cujos pre\u00e7os haviam subido 28,05% em dezembro.<\/p>\n<p>J\u00e1 os combust\u00edveis (2,13%) apresentaram varia\u00e7\u00e3o maior que a do m\u00eas passado (1,56%), com destaque para a gasolina (2,17%) e o \u00f3leo diesel (2,60%).<\/p>\n<p>\u201cVale destacar que os planos de sa\u00fade (0,66%), que estavam com reajuste suspenso em 2020, ter\u00e3o agora em 2021 aumentos retroativos, o que impacta na sa\u00fade e cuidados pessoais (0,32%). Em janeiro, foi incorporada a primeira parcela da fra\u00e7\u00e3o mensal do reajuste anual suspenso em 2020\u201d, afirmou o instituto.<\/p>\n<h2>INPC<\/h2>\n<p>O \u00cdndice Nacional de Pre\u00e7os ao Consumidor (INPC) tamb\u00e9m desacelerou, tendo alta de 0,27% em janeiro, enquanto em dezembro havia registrado 1,46%. Em 12 meses, o \u00edndice acumula alta de 5,53%. Em janeiro de 2020, a taxa ficou em 0,19%.<\/p>\n<p>O c\u00e1lculo do INPC se refere \u00e0s fam\u00edlias com rendimento monet\u00e1rio de um a cinco sal\u00e1rios m\u00ednimos, sendo o chefe assalariado, e abrange dez regi\u00f5es metropolitanas do pa\u00eds, al\u00e9m de Goi\u00e2nia, Campo Grande, Rio Branco, S\u00e3o Lu\u00eds, Aracaju e de Bras\u00edlia. J\u00e1 o IPCA abrange fam\u00edlias que ganham de um a 40 sal\u00e1rios m\u00ednimos, independentemente da fonte.<\/p>\n","protected":false},"excerpt":{"rendered":"<p>O \u00cdndice Nacional de Pre\u00e7os ao Consumidor Amplo (IPCA), que mede a infla\u00e7\u00e3o oficial do pa\u00eds, registrou 0,25% em janeiro, 1,10 ponto percentual (p.p.) abaixo da taxa de dezembro de 2020 (1,35%). A informa\u00e7\u00e3o foi divulgada hoje (9), no Rio de Janeiro, pelo Instituto Brasileiro de Geografia e Estat\u00edstica (IBGE). Nos \u00faltimos 12 meses, o indicador acumula alta de 4,56%, acima dos 4,52% observados nos 12 meses imediatamente anteriores. Em janeiro de 2020, a varia\u00e7\u00e3o havia sido de 0,21%. Segundo o IBGE, alimentos e bebidas continuam puxando os pre\u00e7os para cima, mas com menos for\u00e7a. J\u00e1 a mudan\u00e7a de bandeira [&hellip;]<\/p>\n","protected":false},"author":2,"featured_media":4489,"comment_status":"open","ping_status":"open","sticky":false,"template":"","format":"standard","meta":{"_jetpack_memberships_contains_paid_content":false,"footnotes":"","jetpack_publicize_message":"","jetpack_publicize_feature_enabled":true,"jetpack_social_post_already_shared":true,"jetpack_social_options":{"image_generator_settings":{"template":"highway","enabled":false},"version":2}},"categories":[2],"tags":[],"class_list":["post-4488","post","type-post","status-publish","format-standard","has-post-thumbnail","hentry","category-noticias"],"jetpack_publicize_connections":[],"yoast_head":"<!-- This site is optimized with the Yoast SEO plugin v24.7 - https:\/\/yoast.com\/wordpress\/plugins\/seo\/ -->\n<title>IBGE: infla\u00e7\u00e3o desacelera para 0,25% em janeiro - Serra FM 87,9<\/title>\n<meta name=\"robots\" content=\"index, follow, max-snippet:-1, max-image-preview:large, max-video-preview:-1\" \/>\n<link rel=\"canonical\" href=\"https:\/\/serrafm879.com.br\/serrafm\/2021\/02\/ibge-inflacao-desacelera-para-025-em-janeiro\/\" \/>\n<meta property=\"og:locale\" content=\"pt_BR\" \/>\n<meta property=\"og:type\" content=\"article\" \/>\n<meta property=\"og:title\" content=\"IBGE: infla\u00e7\u00e3o desacelera para 0,25% em janeiro - Serra FM 87,9\" \/>\n<meta property=\"og:description\" content=\"O \u00cdndice Nacional de Pre\u00e7os ao Consumidor Amplo (IPCA), que mede a infla\u00e7\u00e3o oficial do pa\u00eds, registrou 0,25% em janeiro, 1,10 ponto percentual (p.p.) abaixo da taxa de dezembro de 2020 (1,35%). A informa\u00e7\u00e3o foi divulgada hoje (9), no Rio de Janeiro, pelo Instituto Brasileiro de Geografia e Estat\u00edstica (IBGE). Nos \u00faltimos 12 meses, o indicador acumula alta de 4,56%, acima dos 4,52% observados nos 12 meses imediatamente anteriores. Em janeiro de 2020, a varia\u00e7\u00e3o havia sido de 0,21%. Segundo o IBGE, alimentos e bebidas continuam puxando os pre\u00e7os para cima, mas com menos for\u00e7a. J\u00e1 a mudan\u00e7a de bandeira [&hellip;]\" \/>\n<meta property=\"og:url\" content=\"https:\/\/serrafm879.com.br\/serrafm\/2021\/02\/ibge-inflacao-desacelera-para-025-em-janeiro\/\" \/>\n<meta property=\"og:site_name\" content=\"Serra FM 87,9\" \/>\n<meta property=\"article:published_time\" content=\"2021-02-09T12:52:28+00:00\" \/>\n<meta property=\"og:image\" content=\"https:\/\/serrafm879.com.br\/serrafm\/wp-content\/uploads\/2021\/02\/dinheiro.jpg\" \/>\n\t<meta property=\"og:image:width\" content=\"1170\" \/>\n\t<meta property=\"og:image:height\" content=\"700\" \/>\n\t<meta property=\"og:image:type\" content=\"image\/jpeg\" \/>\n<meta name=\"author\" content=\"serrafm87\" \/>\n<meta name=\"twitter:card\" content=\"summary_large_image\" \/>\n<meta name=\"twitter:label1\" content=\"Escrito por\" \/>\n\t<meta name=\"twitter:data1\" content=\"serrafm87\" \/>\n\t<meta name=\"twitter:label2\" content=\"Est. tempo de leitura\" \/>\n\t<meta name=\"twitter:data2\" content=\"3 minutos\" \/>\n<script type=\"application\/ld+json\" class=\"yoast-schema-graph\">{\"@context\":\"https:\/\/schema.org\",\"@graph\":[{\"@type\":\"WebPage\",\"@id\":\"https:\/\/serrafm879.com.br\/serrafm\/2021\/02\/ibge-inflacao-desacelera-para-025-em-janeiro\/\",\"url\":\"https:\/\/serrafm879.com.br\/serrafm\/2021\/02\/ibge-inflacao-desacelera-para-025-em-janeiro\/\",\"name\":\"IBGE: infla\u00e7\u00e3o desacelera para 0,25% em janeiro - Serra FM 87,9\",\"isPartOf\":{\"@id\":\"https:\/\/serrafm879.com.br\/serrafm\/#website\"},\"primaryImageOfPage\":{\"@id\":\"https:\/\/serrafm879.com.br\/serrafm\/2021\/02\/ibge-inflacao-desacelera-para-025-em-janeiro\/#primaryimage\"},\"image\":{\"@id\":\"https:\/\/serrafm879.com.br\/serrafm\/2021\/02\/ibge-inflacao-desacelera-para-025-em-janeiro\/#primaryimage\"},\"thumbnailUrl\":\"https:\/\/serrafm879.com.br\/serrafm\/wp-content\/uploads\/2021\/02\/dinheiro.jpg\",\"datePublished\":\"2021-02-09T12:52:28+00:00\",\"author\":{\"@id\":\"https:\/\/serrafm879.com.br\/serrafm\/#\/schema\/person\/c028a197030ff8b1c03c68dfba4a787a\"},\"breadcrumb\":{\"@id\":\"https:\/\/serrafm879.com.br\/serrafm\/2021\/02\/ibge-inflacao-desacelera-para-025-em-janeiro\/#breadcrumb\"},\"inLanguage\":\"pt-BR\",\"potentialAction\":[{\"@type\":\"ReadAction\",\"target\":[\"https:\/\/serrafm879.com.br\/serrafm\/2021\/02\/ibge-inflacao-desacelera-para-025-em-janeiro\/\"]}]},{\"@type\":\"ImageObject\",\"inLanguage\":\"pt-BR\",\"@id\":\"https:\/\/serrafm879.com.br\/serrafm\/2021\/02\/ibge-inflacao-desacelera-para-025-em-janeiro\/#primaryimage\",\"url\":\"https:\/\/serrafm879.com.br\/serrafm\/wp-content\/uploads\/2021\/02\/dinheiro.jpg\",\"contentUrl\":\"https:\/\/serrafm879.com.br\/serrafm\/wp-content\/uploads\/2021\/02\/dinheiro.jpg\",\"width\":1170,\"height\":700},{\"@type\":\"BreadcrumbList\",\"@id\":\"https:\/\/serrafm879.com.br\/serrafm\/2021\/02\/ibge-inflacao-desacelera-para-025-em-janeiro\/#breadcrumb\",\"itemListElement\":[{\"@type\":\"ListItem\",\"position\":1,\"name\":\"In\u00edcio\",\"item\":\"https:\/\/serrafm879.com.br\/serrafm\/\"},{\"@type\":\"ListItem\",\"position\":2,\"name\":\"IBGE: infla\u00e7\u00e3o desacelera para 0,25% em janeiro\"}]},{\"@type\":\"WebSite\",\"@id\":\"https:\/\/serrafm879.com.br\/serrafm\/#website\",\"url\":\"https:\/\/serrafm879.com.br\/serrafm\/\",\"name\":\"Serra FM 87,9\",\"description\":\"O seu novo amor!\",\"potentialAction\":[{\"@type\":\"SearchAction\",\"target\":{\"@type\":\"EntryPoint\",\"urlTemplate\":\"https:\/\/serrafm879.com.br\/serrafm\/?s={search_term_string}\"},\"query-input\":{\"@type\":\"PropertyValueSpecification\",\"valueRequired\":true,\"valueName\":\"search_term_string\"}}],\"inLanguage\":\"pt-BR\"},{\"@type\":\"Person\",\"@id\":\"https:\/\/serrafm879.com.br\/serrafm\/#\/schema\/person\/c028a197030ff8b1c03c68dfba4a787a\",\"name\":\"serrafm87\",\"image\":{\"@type\":\"ImageObject\",\"inLanguage\":\"pt-BR\",\"@id\":\"https:\/\/serrafm879.com.br\/serrafm\/#\/schema\/person\/image\/\",\"url\":\"https:\/\/secure.gravatar.com\/avatar\/a743233f1112d34f48bb3dc9559b76eb930bab8b27175856cba6362608736235?s=96&d=mm&r=g\",\"contentUrl\":\"https:\/\/secure.gravatar.com\/avatar\/a743233f1112d34f48bb3dc9559b76eb930bab8b27175856cba6362608736235?s=96&d=mm&r=g\",\"caption\":\"serrafm87\"},\"sameAs\":[\"http:\/\/serrafm879.com.br\/\"],\"url\":\"https:\/\/serrafm879.com.br\/serrafm\/author\/serrafm87\/\"}]}<\/script>\n<!-- \/ Yoast SEO plugin. -->","yoast_head_json":{"title":"IBGE: infla\u00e7\u00e3o desacelera para 0,25% em janeiro - Serra FM 87,9","robots":{"index":"index","follow":"follow","max-snippet":"max-snippet:-1","max-image-preview":"max-image-preview:large","max-video-preview":"max-video-preview:-1"},"canonical":"https:\/\/serrafm879.com.br\/serrafm\/2021\/02\/ibge-inflacao-desacelera-para-025-em-janeiro\/","og_locale":"pt_BR","og_type":"article","og_title":"IBGE: infla\u00e7\u00e3o desacelera para 0,25% em janeiro - Serra FM 87,9","og_description":"O \u00cdndice Nacional de Pre\u00e7os ao Consumidor Amplo (IPCA), que mede a infla\u00e7\u00e3o oficial do pa\u00eds, registrou 0,25% em janeiro, 1,10 ponto percentual (p.p.) abaixo da taxa de dezembro de 2020 (1,35%). A informa\u00e7\u00e3o foi divulgada hoje (9), no Rio de Janeiro, pelo Instituto Brasileiro de Geografia e Estat\u00edstica (IBGE). Nos \u00faltimos 12 meses, o indicador acumula alta de 4,56%, acima dos 4,52% observados nos 12 meses imediatamente anteriores. Em janeiro de 2020, a varia\u00e7\u00e3o havia sido de 0,21%. Segundo o IBGE, alimentos e bebidas continuam puxando os pre\u00e7os para cima, mas com menos for\u00e7a. J\u00e1 a mudan\u00e7a de bandeira [&hellip;]","og_url":"https:\/\/serrafm879.com.br\/serrafm\/2021\/02\/ibge-inflacao-desacelera-para-025-em-janeiro\/","og_site_name":"Serra FM 87,9","article_published_time":"2021-02-09T12:52:28+00:00","og_image":[{"width":1170,"height":700,"url":"https:\/\/serrafm879.com.br\/serrafm\/wp-content\/uploads\/2021\/02\/dinheiro.jpg","type":"image\/jpeg"}],"author":"serrafm87","twitter_card":"summary_large_image","twitter_misc":{"Escrito por":"serrafm87","Est. tempo de leitura":"3 minutos"},"schema":{"@context":"https:\/\/schema.org","@graph":[{"@type":"WebPage","@id":"https:\/\/serrafm879.com.br\/serrafm\/2021\/02\/ibge-inflacao-desacelera-para-025-em-janeiro\/","url":"https:\/\/serrafm879.com.br\/serrafm\/2021\/02\/ibge-inflacao-desacelera-para-025-em-janeiro\/","name":"IBGE: infla\u00e7\u00e3o desacelera para 0,25% em janeiro - Serra FM 87,9","isPartOf":{"@id":"https:\/\/serrafm879.com.br\/serrafm\/#website"},"primaryImageOfPage":{"@id":"https:\/\/serrafm879.com.br\/serrafm\/2021\/02\/ibge-inflacao-desacelera-para-025-em-janeiro\/#primaryimage"},"image":{"@id":"https:\/\/serrafm879.com.br\/serrafm\/2021\/02\/ibge-inflacao-desacelera-para-025-em-janeiro\/#primaryimage"},"thumbnailUrl":"https:\/\/serrafm879.com.br\/serrafm\/wp-content\/uploads\/2021\/02\/dinheiro.jpg","datePublished":"2021-02-09T12:52:28+00:00","author":{"@id":"https:\/\/serrafm879.com.br\/serrafm\/#\/schema\/person\/c028a197030ff8b1c03c68dfba4a787a"},"breadcrumb":{"@id":"https:\/\/serrafm879.com.br\/serrafm\/2021\/02\/ibge-inflacao-desacelera-para-025-em-janeiro\/#breadcrumb"},"inLanguage":"pt-BR","potentialAction":[{"@type":"ReadAction","target":["https:\/\/serrafm879.com.br\/serrafm\/2021\/02\/ibge-inflacao-desacelera-para-025-em-janeiro\/"]}]},{"@type":"ImageObject","inLanguage":"pt-BR","@id":"https:\/\/serrafm879.com.br\/serrafm\/2021\/02\/ibge-inflacao-desacelera-para-025-em-janeiro\/#primaryimage","url":"https:\/\/serrafm879.com.br\/serrafm\/wp-content\/uploads\/2021\/02\/dinheiro.jpg","contentUrl":"https:\/\/serrafm879.com.br\/serrafm\/wp-content\/uploads\/2021\/02\/dinheiro.jpg","width":1170,"height":700},{"@type":"BreadcrumbList","@id":"https:\/\/serrafm879.com.br\/serrafm\/2021\/02\/ibge-inflacao-desacelera-para-025-em-janeiro\/#breadcrumb","itemListElement":[{"@type":"ListItem","position":1,"name":"In\u00edcio","item":"https:\/\/serrafm879.com.br\/serrafm\/"},{"@type":"ListItem","position":2,"name":"IBGE: infla\u00e7\u00e3o desacelera para 0,25% em janeiro"}]},{"@type":"WebSite","@id":"https:\/\/serrafm879.com.br\/serrafm\/#website","url":"https:\/\/serrafm879.com.br\/serrafm\/","name":"Serra FM 87,9","description":"O seu novo amor!","potentialAction":[{"@type":"SearchAction","target":{"@type":"EntryPoint","urlTemplate":"https:\/\/serrafm879.com.br\/serrafm\/?s={search_term_string}"},"query-input":{"@type":"PropertyValueSpecification","valueRequired":true,"valueName":"search_term_string"}}],"inLanguage":"pt-BR"},{"@type":"Person","@id":"https:\/\/serrafm879.com.br\/serrafm\/#\/schema\/person\/c028a197030ff8b1c03c68dfba4a787a","name":"serrafm87","image":{"@type":"ImageObject","inLanguage":"pt-BR","@id":"https:\/\/serrafm879.com.br\/serrafm\/#\/schema\/person\/image\/","url":"https:\/\/secure.gravatar.com\/avatar\/a743233f1112d34f48bb3dc9559b76eb930bab8b27175856cba6362608736235?s=96&d=mm&r=g","contentUrl":"https:\/\/secure.gravatar.com\/avatar\/a743233f1112d34f48bb3dc9559b76eb930bab8b27175856cba6362608736235?s=96&d=mm&r=g","caption":"serrafm87"},"sameAs":["http:\/\/serrafm879.com.br\/"],"url":"https:\/\/serrafm879.com.br\/serrafm\/author\/serrafm87\/"}]}},"jetpack_featured_media_url":"https:\/\/serrafm879.com.br\/serrafm\/wp-content\/uploads\/2021\/02\/dinheiro.jpg","jetpack_shortlink":"https:\/\/wp.me\/p7HyXg-1ao","jetpack_sharing_enabled":true,"_links":{"self":[{"href":"https:\/\/serrafm879.com.br\/serrafm\/wp-json\/wp\/v2\/posts\/4488","targetHints":{"allow":["GET"]}}],"collection":[{"href":"https:\/\/serrafm879.com.br\/serrafm\/wp-json\/wp\/v2\/posts"}],"about":[{"href":"https:\/\/serrafm879.com.br\/serrafm\/wp-json\/wp\/v2\/types\/post"}],"author":[{"embeddable":true,"href":"https:\/\/serrafm879.com.br\/serrafm\/wp-json\/wp\/v2\/users\/2"}],"replies":[{"embeddable":true,"href":"https:\/\/serrafm879.com.br\/serrafm\/wp-json\/wp\/v2\/comments?post=4488"}],"version-history":[{"count":1,"href":"https:\/\/serrafm879.com.br\/serrafm\/wp-json\/wp\/v2\/posts\/4488\/revisions"}],"predecessor-version":[{"id":4490,"href":"https:\/\/serrafm879.com.br\/serrafm\/wp-json\/wp\/v2\/posts\/4488\/revisions\/4490"}],"wp:featuredmedia":[{"embeddable":true,"href":"https:\/\/serrafm879.com.br\/serrafm\/wp-json\/wp\/v2\/media\/4489"}],"wp:attachment":[{"href":"https:\/\/serrafm879.com.br\/serrafm\/wp-json\/wp\/v2\/media?parent=4488"}],"wp:term":[{"taxonomy":"category","embeddable":true,"href":"https:\/\/serrafm879.com.br\/serrafm\/wp-json\/wp\/v2\/categories?post=4488"},{"taxonomy":"post_tag","embeddable":true,"href":"https:\/\/serrafm879.com.br\/serrafm\/wp-json\/wp\/v2\/tags?post=4488"}],"curies":[{"name":"wp","href":"https:\/\/api.w.org\/{rel}","templated":true}]}}