{"id":4497,"date":"2021-02-10T10:57:37","date_gmt":"2021-02-10T13:57:37","guid":{"rendered":"https:\/?p=4497"},"modified":"2021-02-10T10:57:37","modified_gmt":"2021-02-10T13:57:37","slug":"mppe-recomenda-que-nao-seja-realizado-carnaval-em-serra-talhada","status":"publish","type":"post","link":"https:\/\/serrafm879.com.br\/serrafm\/2021\/02\/mppe-recomenda-que-nao-seja-realizado-carnaval-em-serra-talhada\/","title":{"rendered":"MPPE recomenda que n\u00e3o seja realizado Carnaval em Serra Talhada"},"content":{"rendered":"<p>O Minist\u00e9rio P\u00fablico de Pernambuco (MPPE), por meio de promotorias de Justi\u00e7a locais, recomendou aos prefeitos e secret\u00e1rios de Sa\u00fade de Jurema, Floresta, <b>Serra Talhada,<\/b>\u00a0Sair\u00e9, \u00c1gua Preta, Arcoverde, Cal\u00e7ado e Pesqueira que se abstenham de incentivar, patrocinar, autorizar e promover a realiza\u00e7\u00e3o de qualquer manifesta\u00e7\u00e3o carnavalesca nesses munic\u00edpios, em descumprimento aos protocolos, normas e regras sanit\u00e1rias de preven\u00e7\u00e3o ao novo coronav\u00edrus.<\/p>\n<p>Os eventos aos quais as recomenda\u00e7\u00f5es se referem independem do n\u00famero de participantes. Os gestores desses oito munic\u00edpios tamb\u00e9m devem se abster de incentivar, patrocinar, autorizar, e promover quaisquer atitudes similares em descumprimento aos protocolos setoriais, normas e regras sanit\u00e1rias aplic\u00e1veis<\/p>\n<p>Ainda conforme as recomenda\u00e7\u00f5es, os gestores dever\u00e3o utilizar o poder de pol\u00edcia que lhes \u00e9 atribu\u00eddo e coibir tais eventos, lavrando os respectivos autos de infra\u00e7\u00e3o em caso de descumprimento e promovendo os encaminhamentos \u00e0s autoridades competentes.<\/p>\n<p><strong>AGREMIA\u00c7\u00d5ES CARNAVALESCAS<\/strong><\/p>\n<p>J\u00e1 \u00e0s agremia\u00e7\u00f5es carnavalescas existentes nesses munic\u00edpios, o MPPE recomendou que tamb\u00e9m se abstenham de realizar tais eventos e que cumpram as normas e protocolos sanit\u00e1rios existentes. Aqueles que insistirem em promover tais festividades poder\u00e3o responder pelo crime de medida sanit\u00e1ria preventiva destinada a impedir a introdu\u00e7\u00e3o ou propaga\u00e7\u00e3o de doen\u00e7a contagiosa (art. 268 do C\u00f3digo Penal).<\/p>\n<p>Por fim, o MPPE recomendou \u00e0s Pol\u00edcias Civil e Militar que adotem as provid\u00eancias legais aos que insistirem em descumprir as normas sanit\u00e1rias sobre a proibi\u00e7\u00e3o de qualquer manifesta\u00e7\u00e3o carnavalesca.<\/p>\n","protected":false},"excerpt":{"rendered":"<p>O Minist\u00e9rio P\u00fablico de Pernambuco (MPPE), por meio de promotorias de Justi\u00e7a locais, recomendou aos prefeitos e secret\u00e1rios de Sa\u00fade de Jurema, Floresta, Serra Talhada,\u00a0Sair\u00e9, \u00c1gua Preta, Arcoverde, Cal\u00e7ado e Pesqueira que se abstenham de incentivar, patrocinar, autorizar e promover a realiza\u00e7\u00e3o de qualquer manifesta\u00e7\u00e3o carnavalesca nesses munic\u00edpios, em descumprimento aos protocolos, normas e regras sanit\u00e1rias de preven\u00e7\u00e3o ao novo coronav\u00edrus. Os eventos aos quais as recomenda\u00e7\u00f5es se referem independem do n\u00famero de participantes. Os gestores desses oito munic\u00edpios tamb\u00e9m devem se abster de incentivar, patrocinar, autorizar, e promover quaisquer atitudes similares em descumprimento aos protocolos setoriais, normas e regras [&hellip;]<\/p>\n","protected":false},"author":2,"featured_media":2566,"comment_status":"open","ping_status":"open","sticky":false,"template":"","format":"standard","meta":{"_jetpack_memberships_contains_paid_content":false,"footnotes":"","jetpack_publicize_message":"","jetpack_publicize_feature_enabled":true,"jetpack_social_post_already_shared":true,"jetpack_social_options":{"image_generator_settings":{"template":"highway","enabled":false},"version":2}},"categories":[2],"tags":[],"class_list":["post-4497","post","type-post","status-publish","format-standard","has-post-thumbnail","hentry","category-noticias"],"jetpack_publicize_connections":[],"yoast_head":"<!-- This site is optimized with the Yoast SEO plugin v24.7 - https:\/\/yoast.com\/wordpress\/plugins\/seo\/ -->\n<title>MPPE recomenda que n\u00e3o seja realizado Carnaval em Serra Talhada - Serra FM 87,9<\/title>\n<meta name=\"robots\" content=\"index, follow, max-snippet:-1, max-image-preview:large, max-video-preview:-1\" \/>\n<link rel=\"canonical\" href=\"https:\/\/serrafm879.com.br\/serrafm\/2021\/02\/mppe-recomenda-que-nao-seja-realizado-carnaval-em-serra-talhada\/\" \/>\n<meta property=\"og:locale\" content=\"pt_BR\" \/>\n<meta property=\"og:type\" content=\"article\" \/>\n<meta property=\"og:title\" content=\"MPPE recomenda que n\u00e3o seja realizado Carnaval em Serra Talhada - Serra FM 87,9\" \/>\n<meta property=\"og:description\" content=\"O Minist\u00e9rio P\u00fablico de Pernambuco (MPPE), por meio de promotorias de Justi\u00e7a locais, recomendou aos prefeitos e secret\u00e1rios de Sa\u00fade de Jurema, Floresta, Serra Talhada,\u00a0Sair\u00e9, \u00c1gua Preta, Arcoverde, Cal\u00e7ado e Pesqueira que se abstenham de incentivar, patrocinar, autorizar e promover a realiza\u00e7\u00e3o de qualquer manifesta\u00e7\u00e3o carnavalesca nesses munic\u00edpios, em descumprimento aos protocolos, normas e regras sanit\u00e1rias de preven\u00e7\u00e3o ao novo coronav\u00edrus. Os eventos aos quais as recomenda\u00e7\u00f5es se referem independem do n\u00famero de participantes. Os gestores desses oito munic\u00edpios tamb\u00e9m devem se abster de incentivar, patrocinar, autorizar, e promover quaisquer atitudes similares em descumprimento aos protocolos setoriais, normas e regras [&hellip;]\" \/>\n<meta property=\"og:url\" content=\"https:\/\/serrafm879.com.br\/serrafm\/2021\/02\/mppe-recomenda-que-nao-seja-realizado-carnaval-em-serra-talhada\/\" \/>\n<meta property=\"og:site_name\" content=\"Serra FM 87,9\" \/>\n<meta property=\"article:published_time\" content=\"2021-02-10T13:57:37+00:00\" \/>\n<meta property=\"og:image\" content=\"https:\/\/serrafm879.com.br\/serrafm\/wp-content\/uploads\/2020\/04\/serra-talhada.jpg\" \/>\n\t<meta property=\"og:image:width\" content=\"293\" \/>\n\t<meta property=\"og:image:height\" content=\"216\" \/>\n\t<meta property=\"og:image:type\" content=\"image\/jpeg\" \/>\n<meta name=\"author\" content=\"serrafm87\" \/>\n<meta name=\"twitter:card\" content=\"summary_large_image\" \/>\n<meta name=\"twitter:label1\" content=\"Escrito por\" \/>\n\t<meta name=\"twitter:data1\" content=\"serrafm87\" \/>\n\t<meta name=\"twitter:label2\" content=\"Est. tempo de leitura\" \/>\n\t<meta name=\"twitter:data2\" content=\"1 minuto\" \/>\n<script type=\"application\/ld+json\" class=\"yoast-schema-graph\">{\"@context\":\"https:\/\/schema.org\",\"@graph\":[{\"@type\":\"WebPage\",\"@id\":\"https:\/\/serrafm879.com.br\/serrafm\/2021\/02\/mppe-recomenda-que-nao-seja-realizado-carnaval-em-serra-talhada\/\",\"url\":\"https:\/\/serrafm879.com.br\/serrafm\/2021\/02\/mppe-recomenda-que-nao-seja-realizado-carnaval-em-serra-talhada\/\",\"name\":\"MPPE recomenda que n\u00e3o seja realizado Carnaval em Serra Talhada - Serra FM 87,9\",\"isPartOf\":{\"@id\":\"https:\/\/serrafm879.com.br\/serrafm\/#website\"},\"primaryImageOfPage\":{\"@id\":\"https:\/\/serrafm879.com.br\/serrafm\/2021\/02\/mppe-recomenda-que-nao-seja-realizado-carnaval-em-serra-talhada\/#primaryimage\"},\"image\":{\"@id\":\"https:\/\/serrafm879.com.br\/serrafm\/2021\/02\/mppe-recomenda-que-nao-seja-realizado-carnaval-em-serra-talhada\/#primaryimage\"},\"thumbnailUrl\":\"https:\/\/serrafm879.com.br\/serrafm\/wp-content\/uploads\/2020\/04\/serra-talhada.jpg\",\"datePublished\":\"2021-02-10T13:57:37+00:00\",\"author\":{\"@id\":\"https:\/\/serrafm879.com.br\/serrafm\/#\/schema\/person\/c028a197030ff8b1c03c68dfba4a787a\"},\"breadcrumb\":{\"@id\":\"https:\/\/serrafm879.com.br\/serrafm\/2021\/02\/mppe-recomenda-que-nao-seja-realizado-carnaval-em-serra-talhada\/#breadcrumb\"},\"inLanguage\":\"pt-BR\",\"potentialAction\":[{\"@type\":\"ReadAction\",\"target\":[\"https:\/\/serrafm879.com.br\/serrafm\/2021\/02\/mppe-recomenda-que-nao-seja-realizado-carnaval-em-serra-talhada\/\"]}]},{\"@type\":\"ImageObject\",\"inLanguage\":\"pt-BR\",\"@id\":\"https:\/\/serrafm879.com.br\/serrafm\/2021\/02\/mppe-recomenda-que-nao-seja-realizado-carnaval-em-serra-talhada\/#primaryimage\",\"url\":\"https:\/\/serrafm879.com.br\/serrafm\/wp-content\/uploads\/2020\/04\/serra-talhada.jpg\",\"contentUrl\":\"https:\/\/serrafm879.com.br\/serrafm\/wp-content\/uploads\/2020\/04\/serra-talhada.jpg\",\"width\":293,\"height\":216},{\"@type\":\"BreadcrumbList\",\"@id\":\"https:\/\/serrafm879.com.br\/serrafm\/2021\/02\/mppe-recomenda-que-nao-seja-realizado-carnaval-em-serra-talhada\/#breadcrumb\",\"itemListElement\":[{\"@type\":\"ListItem\",\"position\":1,\"name\":\"In\u00edcio\",\"item\":\"https:\/\/serrafm879.com.br\/serrafm\/\"},{\"@type\":\"ListItem\",\"position\":2,\"name\":\"MPPE recomenda que n\u00e3o seja realizado Carnaval em Serra Talhada\"}]},{\"@type\":\"WebSite\",\"@id\":\"https:\/\/serrafm879.com.br\/serrafm\/#website\",\"url\":\"https:\/\/serrafm879.com.br\/serrafm\/\",\"name\":\"Serra FM 87,9\",\"description\":\"O seu novo amor!\",\"potentialAction\":[{\"@type\":\"SearchAction\",\"target\":{\"@type\":\"EntryPoint\",\"urlTemplate\":\"https:\/\/serrafm879.com.br\/serrafm\/?s={search_term_string}\"},\"query-input\":{\"@type\":\"PropertyValueSpecification\",\"valueRequired\":true,\"valueName\":\"search_term_string\"}}],\"inLanguage\":\"pt-BR\"},{\"@type\":\"Person\",\"@id\":\"https:\/\/serrafm879.com.br\/serrafm\/#\/schema\/person\/c028a197030ff8b1c03c68dfba4a787a\",\"name\":\"serrafm87\",\"image\":{\"@type\":\"ImageObject\",\"inLanguage\":\"pt-BR\",\"@id\":\"https:\/\/serrafm879.com.br\/serrafm\/#\/schema\/person\/image\/\",\"url\":\"https:\/\/secure.gravatar.com\/avatar\/a743233f1112d34f48bb3dc9559b76eb930bab8b27175856cba6362608736235?s=96&d=mm&r=g\",\"contentUrl\":\"https:\/\/secure.gravatar.com\/avatar\/a743233f1112d34f48bb3dc9559b76eb930bab8b27175856cba6362608736235?s=96&d=mm&r=g\",\"caption\":\"serrafm87\"},\"sameAs\":[\"http:\/\/serrafm879.com.br\/\"],\"url\":\"https:\/\/serrafm879.com.br\/serrafm\/author\/serrafm87\/\"}]}<\/script>\n<!-- \/ Yoast SEO plugin. -->","yoast_head_json":{"title":"MPPE recomenda que n\u00e3o seja realizado Carnaval em Serra Talhada - Serra FM 87,9","robots":{"index":"index","follow":"follow","max-snippet":"max-snippet:-1","max-image-preview":"max-image-preview:large","max-video-preview":"max-video-preview:-1"},"canonical":"https:\/\/serrafm879.com.br\/serrafm\/2021\/02\/mppe-recomenda-que-nao-seja-realizado-carnaval-em-serra-talhada\/","og_locale":"pt_BR","og_type":"article","og_title":"MPPE recomenda que n\u00e3o seja realizado Carnaval em Serra Talhada - Serra FM 87,9","og_description":"O Minist\u00e9rio P\u00fablico de Pernambuco (MPPE), por meio de promotorias de Justi\u00e7a locais, recomendou aos prefeitos e secret\u00e1rios de Sa\u00fade de Jurema, Floresta, Serra Talhada,\u00a0Sair\u00e9, \u00c1gua Preta, Arcoverde, Cal\u00e7ado e Pesqueira que se abstenham de incentivar, patrocinar, autorizar e promover a realiza\u00e7\u00e3o de qualquer manifesta\u00e7\u00e3o carnavalesca nesses munic\u00edpios, em descumprimento aos protocolos, normas e regras sanit\u00e1rias de preven\u00e7\u00e3o ao novo coronav\u00edrus. Os eventos aos quais as recomenda\u00e7\u00f5es se referem independem do n\u00famero de participantes. Os gestores desses oito munic\u00edpios tamb\u00e9m devem se abster de incentivar, patrocinar, autorizar, e promover quaisquer atitudes similares em descumprimento aos protocolos setoriais, normas e regras [&hellip;]","og_url":"https:\/\/serrafm879.com.br\/serrafm\/2021\/02\/mppe-recomenda-que-nao-seja-realizado-carnaval-em-serra-talhada\/","og_site_name":"Serra FM 87,9","article_published_time":"2021-02-10T13:57:37+00:00","og_image":[{"width":293,"height":216,"url":"https:\/\/serrafm879.com.br\/serrafm\/wp-content\/uploads\/2020\/04\/serra-talhada.jpg","type":"image\/jpeg"}],"author":"serrafm87","twitter_card":"summary_large_image","twitter_misc":{"Escrito por":"serrafm87","Est. tempo de leitura":"1 minuto"},"schema":{"@context":"https:\/\/schema.org","@graph":[{"@type":"WebPage","@id":"https:\/\/serrafm879.com.br\/serrafm\/2021\/02\/mppe-recomenda-que-nao-seja-realizado-carnaval-em-serra-talhada\/","url":"https:\/\/serrafm879.com.br\/serrafm\/2021\/02\/mppe-recomenda-que-nao-seja-realizado-carnaval-em-serra-talhada\/","name":"MPPE recomenda que n\u00e3o seja realizado Carnaval em Serra Talhada - Serra FM 87,9","isPartOf":{"@id":"https:\/\/serrafm879.com.br\/serrafm\/#website"},"primaryImageOfPage":{"@id":"https:\/\/serrafm879.com.br\/serrafm\/2021\/02\/mppe-recomenda-que-nao-seja-realizado-carnaval-em-serra-talhada\/#primaryimage"},"image":{"@id":"https:\/\/serrafm879.com.br\/serrafm\/2021\/02\/mppe-recomenda-que-nao-seja-realizado-carnaval-em-serra-talhada\/#primaryimage"},"thumbnailUrl":"https:\/\/serrafm879.com.br\/serrafm\/wp-content\/uploads\/2020\/04\/serra-talhada.jpg","datePublished":"2021-02-10T13:57:37+00:00","author":{"@id":"https:\/\/serrafm879.com.br\/serrafm\/#\/schema\/person\/c028a197030ff8b1c03c68dfba4a787a"},"breadcrumb":{"@id":"https:\/\/serrafm879.com.br\/serrafm\/2021\/02\/mppe-recomenda-que-nao-seja-realizado-carnaval-em-serra-talhada\/#breadcrumb"},"inLanguage":"pt-BR","potentialAction":[{"@type":"ReadAction","target":["https:\/\/serrafm879.com.br\/serrafm\/2021\/02\/mppe-recomenda-que-nao-seja-realizado-carnaval-em-serra-talhada\/"]}]},{"@type":"ImageObject","inLanguage":"pt-BR","@id":"https:\/\/serrafm879.com.br\/serrafm\/2021\/02\/mppe-recomenda-que-nao-seja-realizado-carnaval-em-serra-talhada\/#primaryimage","url":"https:\/\/serrafm879.com.br\/serrafm\/wp-content\/uploads\/2020\/04\/serra-talhada.jpg","contentUrl":"https:\/\/serrafm879.com.br\/serrafm\/wp-content\/uploads\/2020\/04\/serra-talhada.jpg","width":293,"height":216},{"@type":"BreadcrumbList","@id":"https:\/\/serrafm879.com.br\/serrafm\/2021\/02\/mppe-recomenda-que-nao-seja-realizado-carnaval-em-serra-talhada\/#breadcrumb","itemListElement":[{"@type":"ListItem","position":1,"name":"In\u00edcio","item":"https:\/\/serrafm879.com.br\/serrafm\/"},{"@type":"ListItem","position":2,"name":"MPPE recomenda que n\u00e3o seja realizado Carnaval em Serra Talhada"}]},{"@type":"WebSite","@id":"https:\/\/serrafm879.com.br\/serrafm\/#website","url":"https:\/\/serrafm879.com.br\/serrafm\/","name":"Serra FM 87,9","description":"O seu novo amor!","potentialAction":[{"@type":"SearchAction","target":{"@type":"EntryPoint","urlTemplate":"https:\/\/serrafm879.com.br\/serrafm\/?s={search_term_string}"},"query-input":{"@type":"PropertyValueSpecification","valueRequired":true,"valueName":"search_term_string"}}],"inLanguage":"pt-BR"},{"@type":"Person","@id":"https:\/\/serrafm879.com.br\/serrafm\/#\/schema\/person\/c028a197030ff8b1c03c68dfba4a787a","name":"serrafm87","image":{"@type":"ImageObject","inLanguage":"pt-BR","@id":"https:\/\/serrafm879.com.br\/serrafm\/#\/schema\/person\/image\/","url":"https:\/\/secure.gravatar.com\/avatar\/a743233f1112d34f48bb3dc9559b76eb930bab8b27175856cba6362608736235?s=96&d=mm&r=g","contentUrl":"https:\/\/secure.gravatar.com\/avatar\/a743233f1112d34f48bb3dc9559b76eb930bab8b27175856cba6362608736235?s=96&d=mm&r=g","caption":"serrafm87"},"sameAs":["http:\/\/serrafm879.com.br\/"],"url":"https:\/\/serrafm879.com.br\/serrafm\/author\/serrafm87\/"}]}},"jetpack_featured_media_url":"https:\/\/serrafm879.com.br\/serrafm\/wp-content\/uploads\/2020\/04\/serra-talhada.jpg","jetpack_shortlink":"https:\/\/wp.me\/p7HyXg-1ax","jetpack_sharing_enabled":true,"_links":{"self":[{"href":"https:\/\/serrafm879.com.br\/serrafm\/wp-json\/wp\/v2\/posts\/4497","targetHints":{"allow":["GET"]}}],"collection":[{"href":"https:\/\/serrafm879.com.br\/serrafm\/wp-json\/wp\/v2\/posts"}],"about":[{"href":"https:\/\/serrafm879.com.br\/serrafm\/wp-json\/wp\/v2\/types\/post"}],"author":[{"embeddable":true,"href":"https:\/\/serrafm879.com.br\/serrafm\/wp-json\/wp\/v2\/users\/2"}],"replies":[{"embeddable":true,"href":"https:\/\/serrafm879.com.br\/serrafm\/wp-json\/wp\/v2\/comments?post=4497"}],"version-history":[{"count":1,"href":"https:\/\/serrafm879.com.br\/serrafm\/wp-json\/wp\/v2\/posts\/4497\/revisions"}],"predecessor-version":[{"id":4498,"href":"https:\/\/serrafm879.com.br\/serrafm\/wp-json\/wp\/v2\/posts\/4497\/revisions\/4498"}],"wp:featuredmedia":[{"embeddable":true,"href":"https:\/\/serrafm879.com.br\/serrafm\/wp-json\/wp\/v2\/media\/2566"}],"wp:attachment":[{"href":"https:\/\/serrafm879.com.br\/serrafm\/wp-json\/wp\/v2\/media?parent=4497"}],"wp:term":[{"taxonomy":"category","embeddable":true,"href":"https:\/\/serrafm879.com.br\/serrafm\/wp-json\/wp\/v2\/categories?post=4497"},{"taxonomy":"post_tag","embeddable":true,"href":"https:\/\/serrafm879.com.br\/serrafm\/wp-json\/wp\/v2\/tags?post=4497"}],"curies":[{"name":"wp","href":"https:\/\/api.w.org\/{rel}","templated":true}]}}