{"id":4507,"date":"2021-02-10T18:25:18","date_gmt":"2021-02-10T21:25:18","guid":{"rendered":"https:\/?p=4507"},"modified":"2021-02-10T18:25:18","modified_gmt":"2021-02-10T21:25:18","slug":"ze-raimundo-sera-o-candidato-das-oposicoes-presidencia-da-uvp","status":"publish","type":"post","link":"https:\/\/serrafm879.com.br\/serrafm\/2021\/02\/ze-raimundo-sera-o-candidato-das-oposicoes-presidencia-da-uvp\/","title":{"rendered":"Z\u00e9 Raimundo ser\u00e1 o candidato das oposi\u00e7\u00f5es a presid\u00eancia da UVP"},"content":{"rendered":"<p>O sertanejo de Serra Talhada Jos\u00e9 Raimundo (PP) ser\u00e1 o candidato das oposi\u00e7\u00f5es nas elei\u00e7\u00f5es da UVP \u2013 Uni\u00e3o dos Vereadores de Pernambuco. Em reuni\u00e3o realizada nesta ter\u00e7a-feira (09) na cidade de S\u00e3o Caetano, os diversos candidatos oposicionistas desistiram do pleito em favor da candidatura de Jos\u00e9 Raimundo .<\/p>\n<p>O vereador Jos\u00e9 Chaves de S\u00e3o Caetano ser\u00e1 o candidato a vice na chapa oposicionista. Dentre os principais compromissos de mudan\u00e7as assumidos pela chapa oposicionista, proibi\u00e7\u00e3o de Reelei\u00e7\u00e3o para a Presid\u00eancia da UVP, cursos regionalizados para capacita\u00e7\u00e3o dos vereadores, retomada da credibilidade da entidade atrav\u00e9s de diversas a\u00e7\u00f5es e parcerias com o Tribunal de Contas, Minist\u00e9rio P\u00fablico, AMUPE, Governo de Pernambuco, Assembleia Legislativa e C\u00e2mara Federal. Ainda perda autom\u00e1tica do mandato em caso de n\u00e3o presta\u00e7\u00e3o contas do exerc\u00edcio financeiro da entidade.<\/p>\n<p>A convite dos vereadores candidatos os ex-presidentes da UVP, Biu Farias e Jo\u00e3o a Batista estiveram presentes e manifestaram apoio ao projeto denominado por Jos\u00e9 Raimundo de \u201cRetomada da credibilidade da UVP\u201d. \u201cN\u00e3o \u00e9 um projeto individual, aqui v\u00e1rios bons e representativos candidatos abriram m\u00e3o de suas candidaturas em prol da retomada da credibilidade da UVP, nossa entidade de classe\u201d, afirmou Raimundo.<\/p>\n<p>A surpresa da reuni\u00e3o realizada nesta ter\u00e7a no Agreste Pernambucano com a presen\u00e7a dos nove candidatos, ficou por conta da participa\u00e7\u00e3o de Gilvan da Malhadinha, um dos principais diretores do atual Presidente Josinaldo Barbosa, que tamb\u00e9m ir\u00e1 compor a chapa oposicionista.<\/p>\n<p>Fonte: Nilljunior<\/p>\n","protected":false},"excerpt":{"rendered":"<p>O sertanejo de Serra Talhada Jos\u00e9 Raimundo (PP) ser\u00e1 o candidato das oposi\u00e7\u00f5es nas elei\u00e7\u00f5es da UVP \u2013 Uni\u00e3o dos Vereadores de Pernambuco. Em reuni\u00e3o realizada nesta ter\u00e7a-feira (09) na cidade de S\u00e3o Caetano, os diversos candidatos oposicionistas desistiram do pleito em favor da candidatura de Jos\u00e9 Raimundo . O vereador Jos\u00e9 Chaves de S\u00e3o Caetano ser\u00e1 o candidato a vice na chapa oposicionista. Dentre os principais compromissos de mudan\u00e7as assumidos pela chapa oposicionista, proibi\u00e7\u00e3o de Reelei\u00e7\u00e3o para a Presid\u00eancia da UVP, cursos regionalizados para capacita\u00e7\u00e3o dos vereadores, retomada da credibilidade da entidade atrav\u00e9s de diversas a\u00e7\u00f5es e parcerias com [&hellip;]<\/p>\n","protected":false},"author":2,"featured_media":4508,"comment_status":"open","ping_status":"open","sticky":false,"template":"","format":"standard","meta":{"_jetpack_memberships_contains_paid_content":false,"footnotes":"","jetpack_publicize_message":"","jetpack_publicize_feature_enabled":true,"jetpack_social_post_already_shared":true,"jetpack_social_options":{"image_generator_settings":{"template":"highway","enabled":false},"version":2}},"categories":[2],"tags":[],"class_list":["post-4507","post","type-post","status-publish","format-standard","has-post-thumbnail","hentry","category-noticias"],"jetpack_publicize_connections":[],"yoast_head":"<!-- This site is optimized with the Yoast SEO plugin v24.7 - https:\/\/yoast.com\/wordpress\/plugins\/seo\/ -->\n<title>Z\u00e9 Raimundo ser\u00e1 o candidato das oposi\u00e7\u00f5es a presid\u00eancia da UVP - Serra FM 87,9<\/title>\n<meta name=\"robots\" content=\"index, follow, max-snippet:-1, max-image-preview:large, max-video-preview:-1\" \/>\n<link rel=\"canonical\" href=\"https:\/\/serrafm879.com.br\/serrafm\/2021\/02\/ze-raimundo-sera-o-candidato-das-oposicoes-presidencia-da-uvp\/\" \/>\n<meta property=\"og:locale\" content=\"pt_BR\" \/>\n<meta property=\"og:type\" content=\"article\" \/>\n<meta property=\"og:title\" content=\"Z\u00e9 Raimundo ser\u00e1 o candidato das oposi\u00e7\u00f5es a presid\u00eancia da UVP - Serra FM 87,9\" \/>\n<meta property=\"og:description\" content=\"O sertanejo de Serra Talhada Jos\u00e9 Raimundo (PP) ser\u00e1 o candidato das oposi\u00e7\u00f5es nas elei\u00e7\u00f5es da UVP \u2013 Uni\u00e3o dos Vereadores de Pernambuco. Em reuni\u00e3o realizada nesta ter\u00e7a-feira (09) na cidade de S\u00e3o Caetano, os diversos candidatos oposicionistas desistiram do pleito em favor da candidatura de Jos\u00e9 Raimundo . O vereador Jos\u00e9 Chaves de S\u00e3o Caetano ser\u00e1 o candidato a vice na chapa oposicionista. Dentre os principais compromissos de mudan\u00e7as assumidos pela chapa oposicionista, proibi\u00e7\u00e3o de Reelei\u00e7\u00e3o para a Presid\u00eancia da UVP, cursos regionalizados para capacita\u00e7\u00e3o dos vereadores, retomada da credibilidade da entidade atrav\u00e9s de diversas a\u00e7\u00f5es e parcerias com [&hellip;]\" \/>\n<meta property=\"og:url\" content=\"https:\/\/serrafm879.com.br\/serrafm\/2021\/02\/ze-raimundo-sera-o-candidato-das-oposicoes-presidencia-da-uvp\/\" \/>\n<meta property=\"og:site_name\" content=\"Serra FM 87,9\" \/>\n<meta property=\"article:published_time\" content=\"2021-02-10T21:25:18+00:00\" \/>\n<meta property=\"og:image\" content=\"https:\/\/serrafm879.com.br\/serrafm\/wp-content\/uploads\/2021\/02\/IMG_20210210_182338.jpg\" \/>\n\t<meta property=\"og:image:width\" content=\"924\" \/>\n\t<meta property=\"og:image:height\" content=\"648\" \/>\n\t<meta property=\"og:image:type\" content=\"image\/jpeg\" \/>\n<meta name=\"author\" content=\"serrafm87\" \/>\n<meta name=\"twitter:card\" content=\"summary_large_image\" \/>\n<meta name=\"twitter:label1\" content=\"Escrito por\" \/>\n\t<meta name=\"twitter:data1\" content=\"serrafm87\" \/>\n\t<meta name=\"twitter:label2\" content=\"Est. tempo de leitura\" \/>\n\t<meta name=\"twitter:data2\" content=\"1 minuto\" \/>\n<script type=\"application\/ld+json\" class=\"yoast-schema-graph\">{\"@context\":\"https:\/\/schema.org\",\"@graph\":[{\"@type\":\"WebPage\",\"@id\":\"https:\/\/serrafm879.com.br\/serrafm\/2021\/02\/ze-raimundo-sera-o-candidato-das-oposicoes-presidencia-da-uvp\/\",\"url\":\"https:\/\/serrafm879.com.br\/serrafm\/2021\/02\/ze-raimundo-sera-o-candidato-das-oposicoes-presidencia-da-uvp\/\",\"name\":\"Z\u00e9 Raimundo ser\u00e1 o candidato das oposi\u00e7\u00f5es a presid\u00eancia da UVP - Serra FM 87,9\",\"isPartOf\":{\"@id\":\"https:\/\/serrafm879.com.br\/serrafm\/#website\"},\"primaryImageOfPage\":{\"@id\":\"https:\/\/serrafm879.com.br\/serrafm\/2021\/02\/ze-raimundo-sera-o-candidato-das-oposicoes-presidencia-da-uvp\/#primaryimage\"},\"image\":{\"@id\":\"https:\/\/serrafm879.com.br\/serrafm\/2021\/02\/ze-raimundo-sera-o-candidato-das-oposicoes-presidencia-da-uvp\/#primaryimage\"},\"thumbnailUrl\":\"https:\/\/serrafm879.com.br\/serrafm\/wp-content\/uploads\/2021\/02\/IMG_20210210_182338.jpg\",\"datePublished\":\"2021-02-10T21:25:18+00:00\",\"author\":{\"@id\":\"https:\/\/serrafm879.com.br\/serrafm\/#\/schema\/person\/c028a197030ff8b1c03c68dfba4a787a\"},\"breadcrumb\":{\"@id\":\"https:\/\/serrafm879.com.br\/serrafm\/2021\/02\/ze-raimundo-sera-o-candidato-das-oposicoes-presidencia-da-uvp\/#breadcrumb\"},\"inLanguage\":\"pt-BR\",\"potentialAction\":[{\"@type\":\"ReadAction\",\"target\":[\"https:\/\/serrafm879.com.br\/serrafm\/2021\/02\/ze-raimundo-sera-o-candidato-das-oposicoes-presidencia-da-uvp\/\"]}]},{\"@type\":\"ImageObject\",\"inLanguage\":\"pt-BR\",\"@id\":\"https:\/\/serrafm879.com.br\/serrafm\/2021\/02\/ze-raimundo-sera-o-candidato-das-oposicoes-presidencia-da-uvp\/#primaryimage\",\"url\":\"https:\/\/serrafm879.com.br\/serrafm\/wp-content\/uploads\/2021\/02\/IMG_20210210_182338.jpg\",\"contentUrl\":\"https:\/\/serrafm879.com.br\/serrafm\/wp-content\/uploads\/2021\/02\/IMG_20210210_182338.jpg\",\"width\":924,\"height\":648},{\"@type\":\"BreadcrumbList\",\"@id\":\"https:\/\/serrafm879.com.br\/serrafm\/2021\/02\/ze-raimundo-sera-o-candidato-das-oposicoes-presidencia-da-uvp\/#breadcrumb\",\"itemListElement\":[{\"@type\":\"ListItem\",\"position\":1,\"name\":\"In\u00edcio\",\"item\":\"https:\/\/serrafm879.com.br\/serrafm\/\"},{\"@type\":\"ListItem\",\"position\":2,\"name\":\"Z\u00e9 Raimundo ser\u00e1 o candidato das oposi\u00e7\u00f5es a presid\u00eancia da UVP\"}]},{\"@type\":\"WebSite\",\"@id\":\"https:\/\/serrafm879.com.br\/serrafm\/#website\",\"url\":\"https:\/\/serrafm879.com.br\/serrafm\/\",\"name\":\"Serra FM 87,9\",\"description\":\"O seu novo amor!\",\"potentialAction\":[{\"@type\":\"SearchAction\",\"target\":{\"@type\":\"EntryPoint\",\"urlTemplate\":\"https:\/\/serrafm879.com.br\/serrafm\/?s={search_term_string}\"},\"query-input\":{\"@type\":\"PropertyValueSpecification\",\"valueRequired\":true,\"valueName\":\"search_term_string\"}}],\"inLanguage\":\"pt-BR\"},{\"@type\":\"Person\",\"@id\":\"https:\/\/serrafm879.com.br\/serrafm\/#\/schema\/person\/c028a197030ff8b1c03c68dfba4a787a\",\"name\":\"serrafm87\",\"image\":{\"@type\":\"ImageObject\",\"inLanguage\":\"pt-BR\",\"@id\":\"https:\/\/serrafm879.com.br\/serrafm\/#\/schema\/person\/image\/\",\"url\":\"https:\/\/secure.gravatar.com\/avatar\/a743233f1112d34f48bb3dc9559b76eb930bab8b27175856cba6362608736235?s=96&d=mm&r=g\",\"contentUrl\":\"https:\/\/secure.gravatar.com\/avatar\/a743233f1112d34f48bb3dc9559b76eb930bab8b27175856cba6362608736235?s=96&d=mm&r=g\",\"caption\":\"serrafm87\"},\"sameAs\":[\"http:\/\/serrafm879.com.br\/\"],\"url\":\"https:\/\/serrafm879.com.br\/serrafm\/author\/serrafm87\/\"}]}<\/script>\n<!-- \/ Yoast SEO plugin. -->","yoast_head_json":{"title":"Z\u00e9 Raimundo ser\u00e1 o candidato das oposi\u00e7\u00f5es a presid\u00eancia da UVP - Serra FM 87,9","robots":{"index":"index","follow":"follow","max-snippet":"max-snippet:-1","max-image-preview":"max-image-preview:large","max-video-preview":"max-video-preview:-1"},"canonical":"https:\/\/serrafm879.com.br\/serrafm\/2021\/02\/ze-raimundo-sera-o-candidato-das-oposicoes-presidencia-da-uvp\/","og_locale":"pt_BR","og_type":"article","og_title":"Z\u00e9 Raimundo ser\u00e1 o candidato das oposi\u00e7\u00f5es a presid\u00eancia da UVP - Serra FM 87,9","og_description":"O sertanejo de Serra Talhada Jos\u00e9 Raimundo (PP) ser\u00e1 o candidato das oposi\u00e7\u00f5es nas elei\u00e7\u00f5es da UVP \u2013 Uni\u00e3o dos Vereadores de Pernambuco. Em reuni\u00e3o realizada nesta ter\u00e7a-feira (09) na cidade de S\u00e3o Caetano, os diversos candidatos oposicionistas desistiram do pleito em favor da candidatura de Jos\u00e9 Raimundo . O vereador Jos\u00e9 Chaves de S\u00e3o Caetano ser\u00e1 o candidato a vice na chapa oposicionista. Dentre os principais compromissos de mudan\u00e7as assumidos pela chapa oposicionista, proibi\u00e7\u00e3o de Reelei\u00e7\u00e3o para a Presid\u00eancia da UVP, cursos regionalizados para capacita\u00e7\u00e3o dos vereadores, retomada da credibilidade da entidade atrav\u00e9s de diversas a\u00e7\u00f5es e parcerias com [&hellip;]","og_url":"https:\/\/serrafm879.com.br\/serrafm\/2021\/02\/ze-raimundo-sera-o-candidato-das-oposicoes-presidencia-da-uvp\/","og_site_name":"Serra FM 87,9","article_published_time":"2021-02-10T21:25:18+00:00","og_image":[{"width":924,"height":648,"url":"https:\/\/serrafm879.com.br\/serrafm\/wp-content\/uploads\/2021\/02\/IMG_20210210_182338.jpg","type":"image\/jpeg"}],"author":"serrafm87","twitter_card":"summary_large_image","twitter_misc":{"Escrito por":"serrafm87","Est. tempo de leitura":"1 minuto"},"schema":{"@context":"https:\/\/schema.org","@graph":[{"@type":"WebPage","@id":"https:\/\/serrafm879.com.br\/serrafm\/2021\/02\/ze-raimundo-sera-o-candidato-das-oposicoes-presidencia-da-uvp\/","url":"https:\/\/serrafm879.com.br\/serrafm\/2021\/02\/ze-raimundo-sera-o-candidato-das-oposicoes-presidencia-da-uvp\/","name":"Z\u00e9 Raimundo ser\u00e1 o candidato das oposi\u00e7\u00f5es a presid\u00eancia da UVP - Serra FM 87,9","isPartOf":{"@id":"https:\/\/serrafm879.com.br\/serrafm\/#website"},"primaryImageOfPage":{"@id":"https:\/\/serrafm879.com.br\/serrafm\/2021\/02\/ze-raimundo-sera-o-candidato-das-oposicoes-presidencia-da-uvp\/#primaryimage"},"image":{"@id":"https:\/\/serrafm879.com.br\/serrafm\/2021\/02\/ze-raimundo-sera-o-candidato-das-oposicoes-presidencia-da-uvp\/#primaryimage"},"thumbnailUrl":"https:\/\/serrafm879.com.br\/serrafm\/wp-content\/uploads\/2021\/02\/IMG_20210210_182338.jpg","datePublished":"2021-02-10T21:25:18+00:00","author":{"@id":"https:\/\/serrafm879.com.br\/serrafm\/#\/schema\/person\/c028a197030ff8b1c03c68dfba4a787a"},"breadcrumb":{"@id":"https:\/\/serrafm879.com.br\/serrafm\/2021\/02\/ze-raimundo-sera-o-candidato-das-oposicoes-presidencia-da-uvp\/#breadcrumb"},"inLanguage":"pt-BR","potentialAction":[{"@type":"ReadAction","target":["https:\/\/serrafm879.com.br\/serrafm\/2021\/02\/ze-raimundo-sera-o-candidato-das-oposicoes-presidencia-da-uvp\/"]}]},{"@type":"ImageObject","inLanguage":"pt-BR","@id":"https:\/\/serrafm879.com.br\/serrafm\/2021\/02\/ze-raimundo-sera-o-candidato-das-oposicoes-presidencia-da-uvp\/#primaryimage","url":"https:\/\/serrafm879.com.br\/serrafm\/wp-content\/uploads\/2021\/02\/IMG_20210210_182338.jpg","contentUrl":"https:\/\/serrafm879.com.br\/serrafm\/wp-content\/uploads\/2021\/02\/IMG_20210210_182338.jpg","width":924,"height":648},{"@type":"BreadcrumbList","@id":"https:\/\/serrafm879.com.br\/serrafm\/2021\/02\/ze-raimundo-sera-o-candidato-das-oposicoes-presidencia-da-uvp\/#breadcrumb","itemListElement":[{"@type":"ListItem","position":1,"name":"In\u00edcio","item":"https:\/\/serrafm879.com.br\/serrafm\/"},{"@type":"ListItem","position":2,"name":"Z\u00e9 Raimundo ser\u00e1 o candidato das oposi\u00e7\u00f5es a presid\u00eancia da UVP"}]},{"@type":"WebSite","@id":"https:\/\/serrafm879.com.br\/serrafm\/#website","url":"https:\/\/serrafm879.com.br\/serrafm\/","name":"Serra FM 87,9","description":"O seu novo amor!","potentialAction":[{"@type":"SearchAction","target":{"@type":"EntryPoint","urlTemplate":"https:\/\/serrafm879.com.br\/serrafm\/?s={search_term_string}"},"query-input":{"@type":"PropertyValueSpecification","valueRequired":true,"valueName":"search_term_string"}}],"inLanguage":"pt-BR"},{"@type":"Person","@id":"https:\/\/serrafm879.com.br\/serrafm\/#\/schema\/person\/c028a197030ff8b1c03c68dfba4a787a","name":"serrafm87","image":{"@type":"ImageObject","inLanguage":"pt-BR","@id":"https:\/\/serrafm879.com.br\/serrafm\/#\/schema\/person\/image\/","url":"https:\/\/secure.gravatar.com\/avatar\/a743233f1112d34f48bb3dc9559b76eb930bab8b27175856cba6362608736235?s=96&d=mm&r=g","contentUrl":"https:\/\/secure.gravatar.com\/avatar\/a743233f1112d34f48bb3dc9559b76eb930bab8b27175856cba6362608736235?s=96&d=mm&r=g","caption":"serrafm87"},"sameAs":["http:\/\/serrafm879.com.br\/"],"url":"https:\/\/serrafm879.com.br\/serrafm\/author\/serrafm87\/"}]}},"jetpack_featured_media_url":"https:\/\/serrafm879.com.br\/serrafm\/wp-content\/uploads\/2021\/02\/IMG_20210210_182338.jpg","jetpack_shortlink":"https:\/\/wp.me\/p7HyXg-1aH","jetpack_sharing_enabled":true,"_links":{"self":[{"href":"https:\/\/serrafm879.com.br\/serrafm\/wp-json\/wp\/v2\/posts\/4507","targetHints":{"allow":["GET"]}}],"collection":[{"href":"https:\/\/serrafm879.com.br\/serrafm\/wp-json\/wp\/v2\/posts"}],"about":[{"href":"https:\/\/serrafm879.com.br\/serrafm\/wp-json\/wp\/v2\/types\/post"}],"author":[{"embeddable":true,"href":"https:\/\/serrafm879.com.br\/serrafm\/wp-json\/wp\/v2\/users\/2"}],"replies":[{"embeddable":true,"href":"https:\/\/serrafm879.com.br\/serrafm\/wp-json\/wp\/v2\/comments?post=4507"}],"version-history":[{"count":1,"href":"https:\/\/serrafm879.com.br\/serrafm\/wp-json\/wp\/v2\/posts\/4507\/revisions"}],"predecessor-version":[{"id":4509,"href":"https:\/\/serrafm879.com.br\/serrafm\/wp-json\/wp\/v2\/posts\/4507\/revisions\/4509"}],"wp:featuredmedia":[{"embeddable":true,"href":"https:\/\/serrafm879.com.br\/serrafm\/wp-json\/wp\/v2\/media\/4508"}],"wp:attachment":[{"href":"https:\/\/serrafm879.com.br\/serrafm\/wp-json\/wp\/v2\/media?parent=4507"}],"wp:term":[{"taxonomy":"category","embeddable":true,"href":"https:\/\/serrafm879.com.br\/serrafm\/wp-json\/wp\/v2\/categories?post=4507"},{"taxonomy":"post_tag","embeddable":true,"href":"https:\/\/serrafm879.com.br\/serrafm\/wp-json\/wp\/v2\/tags?post=4507"}],"curies":[{"name":"wp","href":"https:\/\/api.w.org\/{rel}","templated":true}]}}