{"id":4532,"date":"2021-02-16T11:19:41","date_gmt":"2021-02-16T14:19:41","guid":{"rendered":"https:\/?p=4532"},"modified":"2021-02-16T11:20:50","modified_gmt":"2021-02-16T14:20:50","slug":"caca-menezes-nomeado-gerente-geral-da-secretaria-de-desenvolvimento-agrario","status":"publish","type":"post","link":"https:\/\/serrafm879.com.br\/serrafm\/2021\/02\/caca-menezes-nomeado-gerente-geral-da-secretaria-de-desenvolvimento-agrario\/","title":{"rendered":"Cac\u00e1 Menezes nomeado Gerente Geral da Secretaria de Desenvolvimento Agr\u00e1rio"},"content":{"rendered":"<p>O filho do ex-prefeito de Serra Talhada, Carlos Evandro (Avante), Cac\u00e1 Menezes, foi nomeado para Gerente Geral da Secretaria de Desenvolvimento Agr\u00e1rio de Pernambuco. A nomea\u00e7\u00e3o foi publicada no Di\u00e1rio Oficial do Estado nesta ter\u00e7a-feira (16).<\/p>\n<p>Cac\u00e1 tamb\u00e9m ocupou a Ciretran de Serra Talhada. Filho do ex-gestor com Socorro Brito, que disputou a prefeitura de Serra Talhada depois da impossibilidade de Carlos, no grupo do deputado federal Sebasti\u00e3o Oliveira, impedido de disputar pela Justi\u00e7a Eleitoral.<\/p>\n<p>Em 2019,\u00a0Cac\u00e1 Menezes foi mantido\u00a0 na coordena\u00e7\u00e3o da 19\u00aa Ciretran de Serra Talhada. Ele ficou no cargo de mar\u00e7o de 2014 at\u00e9 bem pouco tempo, quando assumiu a fun\u00e7\u00e3o Jo\u00e3o Duque Filho, o Duquinho. Veja publica\u00e7\u00e3o:<\/p>\n<blockquote><p>N\u00ba 566 \u2013 Nomear CARLOS EVANDRO BRITO PEREIRA DE MENESES para exercer o cargo em comiss\u00e3o de Gerente Geral de Gest\u00e3o, s\u00edmbolo, DAS-2, da Secretaria de Desenvolvimento Agr\u00e1rio, com efeito retroativo a 01 de fevereiro de 2021.<\/p><\/blockquote>\n<p>Com informa\u00e7\u00f5es do Blog do Nill j\u00fanior<\/p>\n","protected":false},"excerpt":{"rendered":"<p>O filho do ex-prefeito de Serra Talhada, Carlos Evandro (Avante), Cac\u00e1 Menezes, foi nomeado para Gerente Geral da Secretaria de Desenvolvimento Agr\u00e1rio de Pernambuco. A nomea\u00e7\u00e3o foi publicada no Di\u00e1rio Oficial do Estado nesta ter\u00e7a-feira (16). Cac\u00e1 tamb\u00e9m ocupou a Ciretran de Serra Talhada. Filho do ex-gestor com Socorro Brito, que disputou a prefeitura de Serra Talhada depois da impossibilidade de Carlos, no grupo do deputado federal Sebasti\u00e3o Oliveira, impedido de disputar pela Justi\u00e7a Eleitoral. Em 2019,\u00a0Cac\u00e1 Menezes foi mantido\u00a0 na coordena\u00e7\u00e3o da 19\u00aa Ciretran de Serra Talhada. Ele ficou no cargo de mar\u00e7o de 2014 at\u00e9 bem pouco tempo, [&hellip;]<\/p>\n","protected":false},"author":2,"featured_media":4533,"comment_status":"open","ping_status":"open","sticky":false,"template":"","format":"standard","meta":{"_jetpack_memberships_contains_paid_content":false,"footnotes":"","jetpack_publicize_message":"","jetpack_publicize_feature_enabled":true,"jetpack_social_post_already_shared":true,"jetpack_social_options":{"image_generator_settings":{"template":"highway","enabled":false},"version":2}},"categories":[2],"tags":[],"class_list":["post-4532","post","type-post","status-publish","format-standard","has-post-thumbnail","hentry","category-noticias"],"jetpack_publicize_connections":[],"yoast_head":"<!-- This site is optimized with the Yoast SEO plugin v24.7 - https:\/\/yoast.com\/wordpress\/plugins\/seo\/ -->\n<title>Cac\u00e1 Menezes nomeado Gerente Geral da Secretaria de Desenvolvimento Agr\u00e1rio - Serra FM 87,9<\/title>\n<meta name=\"robots\" content=\"index, follow, max-snippet:-1, max-image-preview:large, max-video-preview:-1\" \/>\n<link rel=\"canonical\" href=\"https:\/\/serrafm879.com.br\/serrafm\/2021\/02\/caca-menezes-nomeado-gerente-geral-da-secretaria-de-desenvolvimento-agrario\/\" \/>\n<meta property=\"og:locale\" content=\"pt_BR\" \/>\n<meta property=\"og:type\" content=\"article\" \/>\n<meta property=\"og:title\" content=\"Cac\u00e1 Menezes nomeado Gerente Geral da Secretaria de Desenvolvimento Agr\u00e1rio - Serra FM 87,9\" \/>\n<meta property=\"og:description\" content=\"O filho do ex-prefeito de Serra Talhada, Carlos Evandro (Avante), Cac\u00e1 Menezes, foi nomeado para Gerente Geral da Secretaria de Desenvolvimento Agr\u00e1rio de Pernambuco. A nomea\u00e7\u00e3o foi publicada no Di\u00e1rio Oficial do Estado nesta ter\u00e7a-feira (16). Cac\u00e1 tamb\u00e9m ocupou a Ciretran de Serra Talhada. Filho do ex-gestor com Socorro Brito, que disputou a prefeitura de Serra Talhada depois da impossibilidade de Carlos, no grupo do deputado federal Sebasti\u00e3o Oliveira, impedido de disputar pela Justi\u00e7a Eleitoral. Em 2019,\u00a0Cac\u00e1 Menezes foi mantido\u00a0 na coordena\u00e7\u00e3o da 19\u00aa Ciretran de Serra Talhada. Ele ficou no cargo de mar\u00e7o de 2014 at\u00e9 bem pouco tempo, [&hellip;]\" \/>\n<meta property=\"og:url\" content=\"https:\/\/serrafm879.com.br\/serrafm\/2021\/02\/caca-menezes-nomeado-gerente-geral-da-secretaria-de-desenvolvimento-agrario\/\" \/>\n<meta property=\"og:site_name\" content=\"Serra FM 87,9\" \/>\n<meta property=\"article:published_time\" content=\"2021-02-16T14:19:41+00:00\" \/>\n<meta property=\"article:modified_time\" content=\"2021-02-16T14:20:50+00:00\" \/>\n<meta property=\"og:image\" content=\"https:\/\/serrafm879.com.br\/serrafm\/wp-content\/uploads\/2021\/02\/11-17-43-images.jpg\" \/>\n\t<meta property=\"og:image:width\" content=\"330\" \/>\n\t<meta property=\"og:image:height\" content=\"400\" \/>\n\t<meta property=\"og:image:type\" content=\"image\/jpeg\" \/>\n<meta name=\"author\" content=\"serrafm87\" \/>\n<meta name=\"twitter:card\" content=\"summary_large_image\" \/>\n<meta name=\"twitter:label1\" content=\"Escrito por\" \/>\n\t<meta name=\"twitter:data1\" content=\"serrafm87\" \/>\n\t<meta name=\"twitter:label2\" content=\"Est. tempo de leitura\" \/>\n\t<meta name=\"twitter:data2\" content=\"1 minuto\" \/>\n<script type=\"application\/ld+json\" class=\"yoast-schema-graph\">{\"@context\":\"https:\/\/schema.org\",\"@graph\":[{\"@type\":\"WebPage\",\"@id\":\"https:\/\/serrafm879.com.br\/serrafm\/2021\/02\/caca-menezes-nomeado-gerente-geral-da-secretaria-de-desenvolvimento-agrario\/\",\"url\":\"https:\/\/serrafm879.com.br\/serrafm\/2021\/02\/caca-menezes-nomeado-gerente-geral-da-secretaria-de-desenvolvimento-agrario\/\",\"name\":\"Cac\u00e1 Menezes nomeado Gerente Geral da Secretaria de Desenvolvimento Agr\u00e1rio - Serra FM 87,9\",\"isPartOf\":{\"@id\":\"https:\/\/serrafm879.com.br\/serrafm\/#website\"},\"primaryImageOfPage\":{\"@id\":\"https:\/\/serrafm879.com.br\/serrafm\/2021\/02\/caca-menezes-nomeado-gerente-geral-da-secretaria-de-desenvolvimento-agrario\/#primaryimage\"},\"image\":{\"@id\":\"https:\/\/serrafm879.com.br\/serrafm\/2021\/02\/caca-menezes-nomeado-gerente-geral-da-secretaria-de-desenvolvimento-agrario\/#primaryimage\"},\"thumbnailUrl\":\"https:\/\/serrafm879.com.br\/serrafm\/wp-content\/uploads\/2021\/02\/11-17-43-images.jpg\",\"datePublished\":\"2021-02-16T14:19:41+00:00\",\"dateModified\":\"2021-02-16T14:20:50+00:00\",\"author\":{\"@id\":\"https:\/\/serrafm879.com.br\/serrafm\/#\/schema\/person\/c028a197030ff8b1c03c68dfba4a787a\"},\"breadcrumb\":{\"@id\":\"https:\/\/serrafm879.com.br\/serrafm\/2021\/02\/caca-menezes-nomeado-gerente-geral-da-secretaria-de-desenvolvimento-agrario\/#breadcrumb\"},\"inLanguage\":\"pt-BR\",\"potentialAction\":[{\"@type\":\"ReadAction\",\"target\":[\"https:\/\/serrafm879.com.br\/serrafm\/2021\/02\/caca-menezes-nomeado-gerente-geral-da-secretaria-de-desenvolvimento-agrario\/\"]}]},{\"@type\":\"ImageObject\",\"inLanguage\":\"pt-BR\",\"@id\":\"https:\/\/serrafm879.com.br\/serrafm\/2021\/02\/caca-menezes-nomeado-gerente-geral-da-secretaria-de-desenvolvimento-agrario\/#primaryimage\",\"url\":\"https:\/\/serrafm879.com.br\/serrafm\/wp-content\/uploads\/2021\/02\/11-17-43-images.jpg\",\"contentUrl\":\"https:\/\/serrafm879.com.br\/serrafm\/wp-content\/uploads\/2021\/02\/11-17-43-images.jpg\",\"width\":330,\"height\":400},{\"@type\":\"BreadcrumbList\",\"@id\":\"https:\/\/serrafm879.com.br\/serrafm\/2021\/02\/caca-menezes-nomeado-gerente-geral-da-secretaria-de-desenvolvimento-agrario\/#breadcrumb\",\"itemListElement\":[{\"@type\":\"ListItem\",\"position\":1,\"name\":\"In\u00edcio\",\"item\":\"https:\/\/serrafm879.com.br\/serrafm\/\"},{\"@type\":\"ListItem\",\"position\":2,\"name\":\"Cac\u00e1 Menezes nomeado Gerente Geral da Secretaria de Desenvolvimento Agr\u00e1rio\"}]},{\"@type\":\"WebSite\",\"@id\":\"https:\/\/serrafm879.com.br\/serrafm\/#website\",\"url\":\"https:\/\/serrafm879.com.br\/serrafm\/\",\"name\":\"Serra FM 87,9\",\"description\":\"O seu novo amor!\",\"potentialAction\":[{\"@type\":\"SearchAction\",\"target\":{\"@type\":\"EntryPoint\",\"urlTemplate\":\"https:\/\/serrafm879.com.br\/serrafm\/?s={search_term_string}\"},\"query-input\":{\"@type\":\"PropertyValueSpecification\",\"valueRequired\":true,\"valueName\":\"search_term_string\"}}],\"inLanguage\":\"pt-BR\"},{\"@type\":\"Person\",\"@id\":\"https:\/\/serrafm879.com.br\/serrafm\/#\/schema\/person\/c028a197030ff8b1c03c68dfba4a787a\",\"name\":\"serrafm87\",\"image\":{\"@type\":\"ImageObject\",\"inLanguage\":\"pt-BR\",\"@id\":\"https:\/\/serrafm879.com.br\/serrafm\/#\/schema\/person\/image\/\",\"url\":\"https:\/\/secure.gravatar.com\/avatar\/a743233f1112d34f48bb3dc9559b76eb930bab8b27175856cba6362608736235?s=96&d=mm&r=g\",\"contentUrl\":\"https:\/\/secure.gravatar.com\/avatar\/a743233f1112d34f48bb3dc9559b76eb930bab8b27175856cba6362608736235?s=96&d=mm&r=g\",\"caption\":\"serrafm87\"},\"sameAs\":[\"http:\/\/serrafm879.com.br\/\"],\"url\":\"https:\/\/serrafm879.com.br\/serrafm\/author\/serrafm87\/\"}]}<\/script>\n<!-- \/ Yoast SEO plugin. -->","yoast_head_json":{"title":"Cac\u00e1 Menezes nomeado Gerente Geral da Secretaria de Desenvolvimento Agr\u00e1rio - Serra FM 87,9","robots":{"index":"index","follow":"follow","max-snippet":"max-snippet:-1","max-image-preview":"max-image-preview:large","max-video-preview":"max-video-preview:-1"},"canonical":"https:\/\/serrafm879.com.br\/serrafm\/2021\/02\/caca-menezes-nomeado-gerente-geral-da-secretaria-de-desenvolvimento-agrario\/","og_locale":"pt_BR","og_type":"article","og_title":"Cac\u00e1 Menezes nomeado Gerente Geral da Secretaria de Desenvolvimento Agr\u00e1rio - Serra FM 87,9","og_description":"O filho do ex-prefeito de Serra Talhada, Carlos Evandro (Avante), Cac\u00e1 Menezes, foi nomeado para Gerente Geral da Secretaria de Desenvolvimento Agr\u00e1rio de Pernambuco. A nomea\u00e7\u00e3o foi publicada no Di\u00e1rio Oficial do Estado nesta ter\u00e7a-feira (16). Cac\u00e1 tamb\u00e9m ocupou a Ciretran de Serra Talhada. Filho do ex-gestor com Socorro Brito, que disputou a prefeitura de Serra Talhada depois da impossibilidade de Carlos, no grupo do deputado federal Sebasti\u00e3o Oliveira, impedido de disputar pela Justi\u00e7a Eleitoral. Em 2019,\u00a0Cac\u00e1 Menezes foi mantido\u00a0 na coordena\u00e7\u00e3o da 19\u00aa Ciretran de Serra Talhada. Ele ficou no cargo de mar\u00e7o de 2014 at\u00e9 bem pouco tempo, [&hellip;]","og_url":"https:\/\/serrafm879.com.br\/serrafm\/2021\/02\/caca-menezes-nomeado-gerente-geral-da-secretaria-de-desenvolvimento-agrario\/","og_site_name":"Serra FM 87,9","article_published_time":"2021-02-16T14:19:41+00:00","article_modified_time":"2021-02-16T14:20:50+00:00","og_image":[{"width":330,"height":400,"url":"https:\/\/serrafm879.com.br\/serrafm\/wp-content\/uploads\/2021\/02\/11-17-43-images.jpg","type":"image\/jpeg"}],"author":"serrafm87","twitter_card":"summary_large_image","twitter_misc":{"Escrito por":"serrafm87","Est. tempo de leitura":"1 minuto"},"schema":{"@context":"https:\/\/schema.org","@graph":[{"@type":"WebPage","@id":"https:\/\/serrafm879.com.br\/serrafm\/2021\/02\/caca-menezes-nomeado-gerente-geral-da-secretaria-de-desenvolvimento-agrario\/","url":"https:\/\/serrafm879.com.br\/serrafm\/2021\/02\/caca-menezes-nomeado-gerente-geral-da-secretaria-de-desenvolvimento-agrario\/","name":"Cac\u00e1 Menezes nomeado Gerente Geral da Secretaria de Desenvolvimento Agr\u00e1rio - Serra FM 87,9","isPartOf":{"@id":"https:\/\/serrafm879.com.br\/serrafm\/#website"},"primaryImageOfPage":{"@id":"https:\/\/serrafm879.com.br\/serrafm\/2021\/02\/caca-menezes-nomeado-gerente-geral-da-secretaria-de-desenvolvimento-agrario\/#primaryimage"},"image":{"@id":"https:\/\/serrafm879.com.br\/serrafm\/2021\/02\/caca-menezes-nomeado-gerente-geral-da-secretaria-de-desenvolvimento-agrario\/#primaryimage"},"thumbnailUrl":"https:\/\/serrafm879.com.br\/serrafm\/wp-content\/uploads\/2021\/02\/11-17-43-images.jpg","datePublished":"2021-02-16T14:19:41+00:00","dateModified":"2021-02-16T14:20:50+00:00","author":{"@id":"https:\/\/serrafm879.com.br\/serrafm\/#\/schema\/person\/c028a197030ff8b1c03c68dfba4a787a"},"breadcrumb":{"@id":"https:\/\/serrafm879.com.br\/serrafm\/2021\/02\/caca-menezes-nomeado-gerente-geral-da-secretaria-de-desenvolvimento-agrario\/#breadcrumb"},"inLanguage":"pt-BR","potentialAction":[{"@type":"ReadAction","target":["https:\/\/serrafm879.com.br\/serrafm\/2021\/02\/caca-menezes-nomeado-gerente-geral-da-secretaria-de-desenvolvimento-agrario\/"]}]},{"@type":"ImageObject","inLanguage":"pt-BR","@id":"https:\/\/serrafm879.com.br\/serrafm\/2021\/02\/caca-menezes-nomeado-gerente-geral-da-secretaria-de-desenvolvimento-agrario\/#primaryimage","url":"https:\/\/serrafm879.com.br\/serrafm\/wp-content\/uploads\/2021\/02\/11-17-43-images.jpg","contentUrl":"https:\/\/serrafm879.com.br\/serrafm\/wp-content\/uploads\/2021\/02\/11-17-43-images.jpg","width":330,"height":400},{"@type":"BreadcrumbList","@id":"https:\/\/serrafm879.com.br\/serrafm\/2021\/02\/caca-menezes-nomeado-gerente-geral-da-secretaria-de-desenvolvimento-agrario\/#breadcrumb","itemListElement":[{"@type":"ListItem","position":1,"name":"In\u00edcio","item":"https:\/\/serrafm879.com.br\/serrafm\/"},{"@type":"ListItem","position":2,"name":"Cac\u00e1 Menezes nomeado Gerente Geral da Secretaria de Desenvolvimento Agr\u00e1rio"}]},{"@type":"WebSite","@id":"https:\/\/serrafm879.com.br\/serrafm\/#website","url":"https:\/\/serrafm879.com.br\/serrafm\/","name":"Serra FM 87,9","description":"O seu novo amor!","potentialAction":[{"@type":"SearchAction","target":{"@type":"EntryPoint","urlTemplate":"https:\/\/serrafm879.com.br\/serrafm\/?s={search_term_string}"},"query-input":{"@type":"PropertyValueSpecification","valueRequired":true,"valueName":"search_term_string"}}],"inLanguage":"pt-BR"},{"@type":"Person","@id":"https:\/\/serrafm879.com.br\/serrafm\/#\/schema\/person\/c028a197030ff8b1c03c68dfba4a787a","name":"serrafm87","image":{"@type":"ImageObject","inLanguage":"pt-BR","@id":"https:\/\/serrafm879.com.br\/serrafm\/#\/schema\/person\/image\/","url":"https:\/\/secure.gravatar.com\/avatar\/a743233f1112d34f48bb3dc9559b76eb930bab8b27175856cba6362608736235?s=96&d=mm&r=g","contentUrl":"https:\/\/secure.gravatar.com\/avatar\/a743233f1112d34f48bb3dc9559b76eb930bab8b27175856cba6362608736235?s=96&d=mm&r=g","caption":"serrafm87"},"sameAs":["http:\/\/serrafm879.com.br\/"],"url":"https:\/\/serrafm879.com.br\/serrafm\/author\/serrafm87\/"}]}},"jetpack_featured_media_url":"https:\/\/serrafm879.com.br\/serrafm\/wp-content\/uploads\/2021\/02\/11-17-43-images.jpg","jetpack_shortlink":"https:\/\/wp.me\/p7HyXg-1b6","jetpack_sharing_enabled":true,"_links":{"self":[{"href":"https:\/\/serrafm879.com.br\/serrafm\/wp-json\/wp\/v2\/posts\/4532","targetHints":{"allow":["GET"]}}],"collection":[{"href":"https:\/\/serrafm879.com.br\/serrafm\/wp-json\/wp\/v2\/posts"}],"about":[{"href":"https:\/\/serrafm879.com.br\/serrafm\/wp-json\/wp\/v2\/types\/post"}],"author":[{"embeddable":true,"href":"https:\/\/serrafm879.com.br\/serrafm\/wp-json\/wp\/v2\/users\/2"}],"replies":[{"embeddable":true,"href":"https:\/\/serrafm879.com.br\/serrafm\/wp-json\/wp\/v2\/comments?post=4532"}],"version-history":[{"count":2,"href":"https:\/\/serrafm879.com.br\/serrafm\/wp-json\/wp\/v2\/posts\/4532\/revisions"}],"predecessor-version":[{"id":4535,"href":"https:\/\/serrafm879.com.br\/serrafm\/wp-json\/wp\/v2\/posts\/4532\/revisions\/4535"}],"wp:featuredmedia":[{"embeddable":true,"href":"https:\/\/serrafm879.com.br\/serrafm\/wp-json\/wp\/v2\/media\/4533"}],"wp:attachment":[{"href":"https:\/\/serrafm879.com.br\/serrafm\/wp-json\/wp\/v2\/media?parent=4532"}],"wp:term":[{"taxonomy":"category","embeddable":true,"href":"https:\/\/serrafm879.com.br\/serrafm\/wp-json\/wp\/v2\/categories?post=4532"},{"taxonomy":"post_tag","embeddable":true,"href":"https:\/\/serrafm879.com.br\/serrafm\/wp-json\/wp\/v2\/tags?post=4532"}],"curies":[{"name":"wp","href":"https:\/\/api.w.org\/{rel}","templated":true}]}}