{"id":4537,"date":"2021-02-17T07:23:02","date_gmt":"2021-02-17T10:23:02","guid":{"rendered":"https:\/?p=4537"},"modified":"2021-02-17T07:23:02","modified_gmt":"2021-02-17T10:23:02","slug":"luciano-duque-diz-que-pode-fazer-dobradinha-com-sebastiao-oliveira-em-2022","status":"publish","type":"post","link":"https:\/\/serrafm879.com.br\/serrafm\/2021\/02\/luciano-duque-diz-que-pode-fazer-dobradinha-com-sebastiao-oliveira-em-2022\/","title":{"rendered":"Luciano Duque diz que pode fazer dobradinha com Sebasti\u00e3o Oliveira em 2022"},"content":{"rendered":"<p>A pol\u00edtica realmente \u00e9 uma caixa de surpresas, lados divergentes podem convergir, mas para isso, se faz necess\u00e1rio uma boa e longa conversa.<\/p>\n<p>O ex-prefeito de Serra Talhada e pr\u00e9-candidato a deputado estadual Luciano Duque, participando ontem (16), do programa Falando Francamente, na TV FAROL no YouTube, foi enf\u00e1tico quando foi questionado sobre a possibilidade de haver em alguns munic\u00edpios uma dobradinha com o deputado federal Sebasti\u00e3o Oliveira.<em>\u00a0<\/em><\/p>\n<p><em> \u201c\u00c9 poss\u00edvel, tudo \u00e9 poss\u00edvel\u2026 Evidentemente estamos em lados opostos n\u00e3o sei como ele enxerga isso\u201d<\/em>.<\/p>\n<p>Agora resta saber quais seriam estas cidades que fariam dobradinha,\u00a0 algu\u00e9m tem um palpite?<\/p>\n","protected":false},"excerpt":{"rendered":"<p>A pol\u00edtica realmente \u00e9 uma caixa de surpresas, lados divergentes podem convergir, mas para isso, se faz necess\u00e1rio uma boa e longa conversa. O ex-prefeito de Serra Talhada e pr\u00e9-candidato a deputado estadual Luciano Duque, participando ontem (16), do programa Falando Francamente, na TV FAROL no YouTube, foi enf\u00e1tico quando foi questionado sobre a possibilidade de haver em alguns munic\u00edpios uma dobradinha com o deputado federal Sebasti\u00e3o Oliveira.\u00a0 \u201c\u00c9 poss\u00edvel, tudo \u00e9 poss\u00edvel\u2026 Evidentemente estamos em lados opostos n\u00e3o sei como ele enxerga isso\u201d. Agora resta saber quais seriam estas cidades que fariam dobradinha,\u00a0 algu\u00e9m tem um palpite?<\/p>\n","protected":false},"author":2,"featured_media":2185,"comment_status":"open","ping_status":"open","sticky":false,"template":"","format":"standard","meta":{"_jetpack_memberships_contains_paid_content":false,"footnotes":"","jetpack_publicize_message":"","jetpack_publicize_feature_enabled":true,"jetpack_social_post_already_shared":true,"jetpack_social_options":{"image_generator_settings":{"template":"highway","enabled":false},"version":2}},"categories":[2],"tags":[],"class_list":["post-4537","post","type-post","status-publish","format-standard","has-post-thumbnail","hentry","category-noticias"],"jetpack_publicize_connections":[],"yoast_head":"<!-- This site is optimized with the Yoast SEO plugin v24.7 - https:\/\/yoast.com\/wordpress\/plugins\/seo\/ -->\n<title>Luciano Duque diz que pode fazer dobradinha com Sebasti\u00e3o Oliveira em 2022 - Serra FM 87,9<\/title>\n<meta name=\"robots\" content=\"index, follow, max-snippet:-1, max-image-preview:large, max-video-preview:-1\" \/>\n<link rel=\"canonical\" href=\"https:\/\/serrafm879.com.br\/serrafm\/2021\/02\/luciano-duque-diz-que-pode-fazer-dobradinha-com-sebastiao-oliveira-em-2022\/\" \/>\n<meta property=\"og:locale\" content=\"pt_BR\" \/>\n<meta property=\"og:type\" content=\"article\" \/>\n<meta property=\"og:title\" content=\"Luciano Duque diz que pode fazer dobradinha com Sebasti\u00e3o Oliveira em 2022 - Serra FM 87,9\" \/>\n<meta property=\"og:description\" content=\"A pol\u00edtica realmente \u00e9 uma caixa de surpresas, lados divergentes podem convergir, mas para isso, se faz necess\u00e1rio uma boa e longa conversa. O ex-prefeito de Serra Talhada e pr\u00e9-candidato a deputado estadual Luciano Duque, participando ontem (16), do programa Falando Francamente, na TV FAROL no YouTube, foi enf\u00e1tico quando foi questionado sobre a possibilidade de haver em alguns munic\u00edpios uma dobradinha com o deputado federal Sebasti\u00e3o Oliveira.\u00a0 \u201c\u00c9 poss\u00edvel, tudo \u00e9 poss\u00edvel\u2026 Evidentemente estamos em lados opostos n\u00e3o sei como ele enxerga isso\u201d. Agora resta saber quais seriam estas cidades que fariam dobradinha,\u00a0 algu\u00e9m tem um palpite?\" \/>\n<meta property=\"og:url\" content=\"https:\/\/serrafm879.com.br\/serrafm\/2021\/02\/luciano-duque-diz-que-pode-fazer-dobradinha-com-sebastiao-oliveira-em-2022\/\" \/>\n<meta property=\"og:site_name\" content=\"Serra FM 87,9\" \/>\n<meta property=\"article:published_time\" content=\"2021-02-17T10:23:02+00:00\" \/>\n<meta property=\"og:image\" content=\"https:\/\/serrafm879.com.br\/serrafm\/wp-content\/uploads\/2020\/01\/luciano-duque-660x330-1.jpg\" \/>\n\t<meta property=\"og:image:width\" content=\"446\" \/>\n\t<meta property=\"og:image:height\" content=\"330\" \/>\n\t<meta property=\"og:image:type\" content=\"image\/jpeg\" \/>\n<meta name=\"author\" content=\"serrafm87\" \/>\n<meta name=\"twitter:card\" content=\"summary_large_image\" \/>\n<meta name=\"twitter:label1\" content=\"Escrito por\" \/>\n\t<meta name=\"twitter:data1\" content=\"serrafm87\" \/>\n\t<meta name=\"twitter:label2\" content=\"Est. tempo de leitura\" \/>\n\t<meta name=\"twitter:data2\" content=\"1 minuto\" \/>\n<script type=\"application\/ld+json\" class=\"yoast-schema-graph\">{\"@context\":\"https:\/\/schema.org\",\"@graph\":[{\"@type\":\"WebPage\",\"@id\":\"https:\/\/serrafm879.com.br\/serrafm\/2021\/02\/luciano-duque-diz-que-pode-fazer-dobradinha-com-sebastiao-oliveira-em-2022\/\",\"url\":\"https:\/\/serrafm879.com.br\/serrafm\/2021\/02\/luciano-duque-diz-que-pode-fazer-dobradinha-com-sebastiao-oliveira-em-2022\/\",\"name\":\"Luciano Duque diz que pode fazer dobradinha com Sebasti\u00e3o Oliveira em 2022 - Serra FM 87,9\",\"isPartOf\":{\"@id\":\"https:\/\/serrafm879.com.br\/serrafm\/#website\"},\"primaryImageOfPage\":{\"@id\":\"https:\/\/serrafm879.com.br\/serrafm\/2021\/02\/luciano-duque-diz-que-pode-fazer-dobradinha-com-sebastiao-oliveira-em-2022\/#primaryimage\"},\"image\":{\"@id\":\"https:\/\/serrafm879.com.br\/serrafm\/2021\/02\/luciano-duque-diz-que-pode-fazer-dobradinha-com-sebastiao-oliveira-em-2022\/#primaryimage\"},\"thumbnailUrl\":\"https:\/\/serrafm879.com.br\/serrafm\/wp-content\/uploads\/2020\/01\/luciano-duque-660x330-1.jpg\",\"datePublished\":\"2021-02-17T10:23:02+00:00\",\"author\":{\"@id\":\"https:\/\/serrafm879.com.br\/serrafm\/#\/schema\/person\/c028a197030ff8b1c03c68dfba4a787a\"},\"breadcrumb\":{\"@id\":\"https:\/\/serrafm879.com.br\/serrafm\/2021\/02\/luciano-duque-diz-que-pode-fazer-dobradinha-com-sebastiao-oliveira-em-2022\/#breadcrumb\"},\"inLanguage\":\"pt-BR\",\"potentialAction\":[{\"@type\":\"ReadAction\",\"target\":[\"https:\/\/serrafm879.com.br\/serrafm\/2021\/02\/luciano-duque-diz-que-pode-fazer-dobradinha-com-sebastiao-oliveira-em-2022\/\"]}]},{\"@type\":\"ImageObject\",\"inLanguage\":\"pt-BR\",\"@id\":\"https:\/\/serrafm879.com.br\/serrafm\/2021\/02\/luciano-duque-diz-que-pode-fazer-dobradinha-com-sebastiao-oliveira-em-2022\/#primaryimage\",\"url\":\"https:\/\/serrafm879.com.br\/serrafm\/wp-content\/uploads\/2020\/01\/luciano-duque-660x330-1.jpg\",\"contentUrl\":\"https:\/\/serrafm879.com.br\/serrafm\/wp-content\/uploads\/2020\/01\/luciano-duque-660x330-1.jpg\",\"width\":446,\"height\":330},{\"@type\":\"BreadcrumbList\",\"@id\":\"https:\/\/serrafm879.com.br\/serrafm\/2021\/02\/luciano-duque-diz-que-pode-fazer-dobradinha-com-sebastiao-oliveira-em-2022\/#breadcrumb\",\"itemListElement\":[{\"@type\":\"ListItem\",\"position\":1,\"name\":\"In\u00edcio\",\"item\":\"https:\/\/serrafm879.com.br\/serrafm\/\"},{\"@type\":\"ListItem\",\"position\":2,\"name\":\"Luciano Duque diz que pode fazer dobradinha com Sebasti\u00e3o Oliveira em 2022\"}]},{\"@type\":\"WebSite\",\"@id\":\"https:\/\/serrafm879.com.br\/serrafm\/#website\",\"url\":\"https:\/\/serrafm879.com.br\/serrafm\/\",\"name\":\"Serra FM 87,9\",\"description\":\"O seu novo amor!\",\"potentialAction\":[{\"@type\":\"SearchAction\",\"target\":{\"@type\":\"EntryPoint\",\"urlTemplate\":\"https:\/\/serrafm879.com.br\/serrafm\/?s={search_term_string}\"},\"query-input\":{\"@type\":\"PropertyValueSpecification\",\"valueRequired\":true,\"valueName\":\"search_term_string\"}}],\"inLanguage\":\"pt-BR\"},{\"@type\":\"Person\",\"@id\":\"https:\/\/serrafm879.com.br\/serrafm\/#\/schema\/person\/c028a197030ff8b1c03c68dfba4a787a\",\"name\":\"serrafm87\",\"image\":{\"@type\":\"ImageObject\",\"inLanguage\":\"pt-BR\",\"@id\":\"https:\/\/serrafm879.com.br\/serrafm\/#\/schema\/person\/image\/\",\"url\":\"https:\/\/secure.gravatar.com\/avatar\/a743233f1112d34f48bb3dc9559b76eb930bab8b27175856cba6362608736235?s=96&d=mm&r=g\",\"contentUrl\":\"https:\/\/secure.gravatar.com\/avatar\/a743233f1112d34f48bb3dc9559b76eb930bab8b27175856cba6362608736235?s=96&d=mm&r=g\",\"caption\":\"serrafm87\"},\"sameAs\":[\"http:\/\/serrafm879.com.br\/\"],\"url\":\"https:\/\/serrafm879.com.br\/serrafm\/author\/serrafm87\/\"}]}<\/script>\n<!-- \/ Yoast SEO plugin. -->","yoast_head_json":{"title":"Luciano Duque diz que pode fazer dobradinha com Sebasti\u00e3o Oliveira em 2022 - Serra FM 87,9","robots":{"index":"index","follow":"follow","max-snippet":"max-snippet:-1","max-image-preview":"max-image-preview:large","max-video-preview":"max-video-preview:-1"},"canonical":"https:\/\/serrafm879.com.br\/serrafm\/2021\/02\/luciano-duque-diz-que-pode-fazer-dobradinha-com-sebastiao-oliveira-em-2022\/","og_locale":"pt_BR","og_type":"article","og_title":"Luciano Duque diz que pode fazer dobradinha com Sebasti\u00e3o Oliveira em 2022 - Serra FM 87,9","og_description":"A pol\u00edtica realmente \u00e9 uma caixa de surpresas, lados divergentes podem convergir, mas para isso, se faz necess\u00e1rio uma boa e longa conversa. O ex-prefeito de Serra Talhada e pr\u00e9-candidato a deputado estadual Luciano Duque, participando ontem (16), do programa Falando Francamente, na TV FAROL no YouTube, foi enf\u00e1tico quando foi questionado sobre a possibilidade de haver em alguns munic\u00edpios uma dobradinha com o deputado federal Sebasti\u00e3o Oliveira.\u00a0 \u201c\u00c9 poss\u00edvel, tudo \u00e9 poss\u00edvel\u2026 Evidentemente estamos em lados opostos n\u00e3o sei como ele enxerga isso\u201d. Agora resta saber quais seriam estas cidades que fariam dobradinha,\u00a0 algu\u00e9m tem um palpite?","og_url":"https:\/\/serrafm879.com.br\/serrafm\/2021\/02\/luciano-duque-diz-que-pode-fazer-dobradinha-com-sebastiao-oliveira-em-2022\/","og_site_name":"Serra FM 87,9","article_published_time":"2021-02-17T10:23:02+00:00","og_image":[{"width":446,"height":330,"url":"https:\/\/serrafm879.com.br\/serrafm\/wp-content\/uploads\/2020\/01\/luciano-duque-660x330-1.jpg","type":"image\/jpeg"}],"author":"serrafm87","twitter_card":"summary_large_image","twitter_misc":{"Escrito por":"serrafm87","Est. tempo de leitura":"1 minuto"},"schema":{"@context":"https:\/\/schema.org","@graph":[{"@type":"WebPage","@id":"https:\/\/serrafm879.com.br\/serrafm\/2021\/02\/luciano-duque-diz-que-pode-fazer-dobradinha-com-sebastiao-oliveira-em-2022\/","url":"https:\/\/serrafm879.com.br\/serrafm\/2021\/02\/luciano-duque-diz-que-pode-fazer-dobradinha-com-sebastiao-oliveira-em-2022\/","name":"Luciano Duque diz que pode fazer dobradinha com Sebasti\u00e3o Oliveira em 2022 - Serra FM 87,9","isPartOf":{"@id":"https:\/\/serrafm879.com.br\/serrafm\/#website"},"primaryImageOfPage":{"@id":"https:\/\/serrafm879.com.br\/serrafm\/2021\/02\/luciano-duque-diz-que-pode-fazer-dobradinha-com-sebastiao-oliveira-em-2022\/#primaryimage"},"image":{"@id":"https:\/\/serrafm879.com.br\/serrafm\/2021\/02\/luciano-duque-diz-que-pode-fazer-dobradinha-com-sebastiao-oliveira-em-2022\/#primaryimage"},"thumbnailUrl":"https:\/\/serrafm879.com.br\/serrafm\/wp-content\/uploads\/2020\/01\/luciano-duque-660x330-1.jpg","datePublished":"2021-02-17T10:23:02+00:00","author":{"@id":"https:\/\/serrafm879.com.br\/serrafm\/#\/schema\/person\/c028a197030ff8b1c03c68dfba4a787a"},"breadcrumb":{"@id":"https:\/\/serrafm879.com.br\/serrafm\/2021\/02\/luciano-duque-diz-que-pode-fazer-dobradinha-com-sebastiao-oliveira-em-2022\/#breadcrumb"},"inLanguage":"pt-BR","potentialAction":[{"@type":"ReadAction","target":["https:\/\/serrafm879.com.br\/serrafm\/2021\/02\/luciano-duque-diz-que-pode-fazer-dobradinha-com-sebastiao-oliveira-em-2022\/"]}]},{"@type":"ImageObject","inLanguage":"pt-BR","@id":"https:\/\/serrafm879.com.br\/serrafm\/2021\/02\/luciano-duque-diz-que-pode-fazer-dobradinha-com-sebastiao-oliveira-em-2022\/#primaryimage","url":"https:\/\/serrafm879.com.br\/serrafm\/wp-content\/uploads\/2020\/01\/luciano-duque-660x330-1.jpg","contentUrl":"https:\/\/serrafm879.com.br\/serrafm\/wp-content\/uploads\/2020\/01\/luciano-duque-660x330-1.jpg","width":446,"height":330},{"@type":"BreadcrumbList","@id":"https:\/\/serrafm879.com.br\/serrafm\/2021\/02\/luciano-duque-diz-que-pode-fazer-dobradinha-com-sebastiao-oliveira-em-2022\/#breadcrumb","itemListElement":[{"@type":"ListItem","position":1,"name":"In\u00edcio","item":"https:\/\/serrafm879.com.br\/serrafm\/"},{"@type":"ListItem","position":2,"name":"Luciano Duque diz que pode fazer dobradinha com Sebasti\u00e3o Oliveira em 2022"}]},{"@type":"WebSite","@id":"https:\/\/serrafm879.com.br\/serrafm\/#website","url":"https:\/\/serrafm879.com.br\/serrafm\/","name":"Serra FM 87,9","description":"O seu novo amor!","potentialAction":[{"@type":"SearchAction","target":{"@type":"EntryPoint","urlTemplate":"https:\/\/serrafm879.com.br\/serrafm\/?s={search_term_string}"},"query-input":{"@type":"PropertyValueSpecification","valueRequired":true,"valueName":"search_term_string"}}],"inLanguage":"pt-BR"},{"@type":"Person","@id":"https:\/\/serrafm879.com.br\/serrafm\/#\/schema\/person\/c028a197030ff8b1c03c68dfba4a787a","name":"serrafm87","image":{"@type":"ImageObject","inLanguage":"pt-BR","@id":"https:\/\/serrafm879.com.br\/serrafm\/#\/schema\/person\/image\/","url":"https:\/\/secure.gravatar.com\/avatar\/a743233f1112d34f48bb3dc9559b76eb930bab8b27175856cba6362608736235?s=96&d=mm&r=g","contentUrl":"https:\/\/secure.gravatar.com\/avatar\/a743233f1112d34f48bb3dc9559b76eb930bab8b27175856cba6362608736235?s=96&d=mm&r=g","caption":"serrafm87"},"sameAs":["http:\/\/serrafm879.com.br\/"],"url":"https:\/\/serrafm879.com.br\/serrafm\/author\/serrafm87\/"}]}},"jetpack_featured_media_url":"https:\/\/serrafm879.com.br\/serrafm\/wp-content\/uploads\/2020\/01\/luciano-duque-660x330-1.jpg","jetpack_shortlink":"https:\/\/wp.me\/p7HyXg-1bb","jetpack_sharing_enabled":true,"_links":{"self":[{"href":"https:\/\/serrafm879.com.br\/serrafm\/wp-json\/wp\/v2\/posts\/4537","targetHints":{"allow":["GET"]}}],"collection":[{"href":"https:\/\/serrafm879.com.br\/serrafm\/wp-json\/wp\/v2\/posts"}],"about":[{"href":"https:\/\/serrafm879.com.br\/serrafm\/wp-json\/wp\/v2\/types\/post"}],"author":[{"embeddable":true,"href":"https:\/\/serrafm879.com.br\/serrafm\/wp-json\/wp\/v2\/users\/2"}],"replies":[{"embeddable":true,"href":"https:\/\/serrafm879.com.br\/serrafm\/wp-json\/wp\/v2\/comments?post=4537"}],"version-history":[{"count":1,"href":"https:\/\/serrafm879.com.br\/serrafm\/wp-json\/wp\/v2\/posts\/4537\/revisions"}],"predecessor-version":[{"id":4538,"href":"https:\/\/serrafm879.com.br\/serrafm\/wp-json\/wp\/v2\/posts\/4537\/revisions\/4538"}],"wp:featuredmedia":[{"embeddable":true,"href":"https:\/\/serrafm879.com.br\/serrafm\/wp-json\/wp\/v2\/media\/2185"}],"wp:attachment":[{"href":"https:\/\/serrafm879.com.br\/serrafm\/wp-json\/wp\/v2\/media?parent=4537"}],"wp:term":[{"taxonomy":"category","embeddable":true,"href":"https:\/\/serrafm879.com.br\/serrafm\/wp-json\/wp\/v2\/categories?post=4537"},{"taxonomy":"post_tag","embeddable":true,"href":"https:\/\/serrafm879.com.br\/serrafm\/wp-json\/wp\/v2\/tags?post=4537"}],"curies":[{"name":"wp","href":"https:\/\/api.w.org\/{rel}","templated":true}]}}