{"id":4543,"date":"2021-02-17T07:26:31","date_gmt":"2021-02-17T10:26:31","guid":{"rendered":"https:\/?p=4543"},"modified":"2021-02-17T07:26:31","modified_gmt":"2021-02-17T10:26:31","slug":"prorrogacao-do-auxilio-emergencial-pode-ser-aprovada-em-tres-semanas","status":"publish","type":"post","link":"https:\/\/serrafm879.com.br\/serrafm\/2021\/02\/prorrogacao-do-auxilio-emergencial-pode-ser-aprovada-em-tres-semanas\/","title":{"rendered":"Prorroga\u00e7\u00e3o do aux\u00edlio emergencial pode ser aprovada em tr\u00eas semanas"},"content":{"rendered":"<p>A Prorroga\u00e7\u00e3o do aux\u00edlio emergencial poder\u00e1 acontecer em at\u00e9 tr\u00eas semanas, conforme informa\u00e7\u00e3o do pr\u00f3prio ministro da Economia, Paulo Guedes. Segundo ele, este \u00e9 o prazo que a equipe econ\u00f4mica est\u00e1 trabalhando.<\/p>\n<p>As parcelas dever\u00e3o ser de R$ 250,00 e ter\u00e3o um custo total de R$ 30 bilh\u00f5es. O ministro disse que trabalha para a aprova\u00e7\u00e3o do benef\u00edcio, mas, a aprova\u00e7\u00e3o s\u00f3 poder\u00e1 acontecer com a inclus\u00e3o, na Proposta de Emenda Constitucional (PEC) do Pacto Federativo, de uma cl\u00e1usula de calamidade p\u00fablica (seria algo do tipo Or\u00e7amento de Guerra, igual ao aprovado em 2020).<\/p>\n<p>Isso vai permitir ao governo retirar os gastos com o aux\u00edlio emergencial de regras fiscais, como o teto de despesas, por\u00e9m, iria criar condicionamento como medidas de conten\u00e7\u00e3o de gastos. Percebendo a urg\u00eancia que \u00e9 aprovar a \u201cPEC de Guerra\u201d, o Minist\u00e9rio da Economia e os pol\u00edticos poder\u00e3o deixar as medidas mais duras para uma segunda PEC Fiscal, que poder\u00e1 ser votada no final de julho.<\/p>\n<p>A pressa do governo \u00e9 liberar o aux\u00edlio emergencial em mar\u00e7o, com parcelas de R$ 250,00.<\/p>\n<p><strong>Quem vai receber as novas parcelas?<\/strong><\/p>\n<p>Ainda n\u00e3o se tem uma ideia de quantos benefici\u00e1rios ser\u00e3o contemplados pelo aux\u00edlio emergencial. A principio a nova rodada de pagamentos dever\u00e1 atender todos os mais de 60 milh\u00f5es de benefici\u00e1rios que receberam o aux\u00edlio no ano passado.<\/p>\n<p>Entretanto, Guedes quer que sejam contemplados com os pagamentos do aux\u00edlio emergencial, apenas os que s\u00e3o considerados \u201cinvis\u00edveis\u201d pelo governo (pessoas que n\u00e3o recebem nenhum tipo de benef\u00edcio assistencial do governo ou que est\u00e3o desempregados). Ou seja, o aux\u00edlio poder\u00e1 ser liberado apenas para metade dos benefici\u00e1rios do ano passado.<\/p>\n<p>Segundo o ministro, a extens\u00e3o do aux\u00edlio emergencial n\u00e3o abrangeria os inscritos no Bolsa Fam\u00edlia, e se concentraria apenas na popula\u00e7\u00e3o n\u00e3o atendida por nenhum programa social.<\/p>\n<p>Atendendo apenas os 32 milh\u00f5es de brasileiros, pouco menos da metade dos 67,9 milh\u00f5es de pessoas que receberam o benef\u00edcio no ano passado.<\/p>\n<p>Fonte: Jornal Cont\u00e1bil<\/p>\n","protected":false},"excerpt":{"rendered":"<p>A Prorroga\u00e7\u00e3o do aux\u00edlio emergencial poder\u00e1 acontecer em at\u00e9 tr\u00eas semanas, conforme informa\u00e7\u00e3o do pr\u00f3prio ministro da Economia, Paulo Guedes. Segundo ele, este \u00e9 o prazo que a equipe econ\u00f4mica est\u00e1 trabalhando. As parcelas dever\u00e3o ser de R$ 250,00 e ter\u00e3o um custo total de R$ 30 bilh\u00f5es. O ministro disse que trabalha para a aprova\u00e7\u00e3o do benef\u00edcio, mas, a aprova\u00e7\u00e3o s\u00f3 poder\u00e1 acontecer com a inclus\u00e3o, na Proposta de Emenda Constitucional (PEC) do Pacto Federativo, de uma cl\u00e1usula de calamidade p\u00fablica (seria algo do tipo Or\u00e7amento de Guerra, igual ao aprovado em 2020). Isso vai permitir ao governo retirar [&hellip;]<\/p>\n","protected":false},"author":2,"featured_media":2747,"comment_status":"open","ping_status":"open","sticky":false,"template":"","format":"standard","meta":{"_jetpack_memberships_contains_paid_content":false,"footnotes":"","jetpack_publicize_message":"","jetpack_publicize_feature_enabled":true,"jetpack_social_post_already_shared":true,"jetpack_social_options":{"image_generator_settings":{"template":"highway","enabled":false},"version":2}},"categories":[2],"tags":[],"class_list":["post-4543","post","type-post","status-publish","format-standard","has-post-thumbnail","hentry","category-noticias"],"jetpack_publicize_connections":[],"yoast_head":"<!-- This site is optimized with the Yoast SEO plugin v24.7 - https:\/\/yoast.com\/wordpress\/plugins\/seo\/ -->\n<title>Prorroga\u00e7\u00e3o do aux\u00edlio emergencial pode ser aprovada em tr\u00eas semanas - Serra FM 87,9<\/title>\n<meta name=\"robots\" content=\"index, follow, max-snippet:-1, max-image-preview:large, max-video-preview:-1\" \/>\n<link rel=\"canonical\" href=\"https:\/\/serrafm879.com.br\/serrafm\/2021\/02\/prorrogacao-do-auxilio-emergencial-pode-ser-aprovada-em-tres-semanas\/\" \/>\n<meta property=\"og:locale\" content=\"pt_BR\" \/>\n<meta property=\"og:type\" content=\"article\" \/>\n<meta property=\"og:title\" content=\"Prorroga\u00e7\u00e3o do aux\u00edlio emergencial pode ser aprovada em tr\u00eas semanas - Serra FM 87,9\" \/>\n<meta property=\"og:description\" content=\"A Prorroga\u00e7\u00e3o do aux\u00edlio emergencial poder\u00e1 acontecer em at\u00e9 tr\u00eas semanas, conforme informa\u00e7\u00e3o do pr\u00f3prio ministro da Economia, Paulo Guedes. Segundo ele, este \u00e9 o prazo que a equipe econ\u00f4mica est\u00e1 trabalhando. As parcelas dever\u00e3o ser de R$ 250,00 e ter\u00e3o um custo total de R$ 30 bilh\u00f5es. O ministro disse que trabalha para a aprova\u00e7\u00e3o do benef\u00edcio, mas, a aprova\u00e7\u00e3o s\u00f3 poder\u00e1 acontecer com a inclus\u00e3o, na Proposta de Emenda Constitucional (PEC) do Pacto Federativo, de uma cl\u00e1usula de calamidade p\u00fablica (seria algo do tipo Or\u00e7amento de Guerra, igual ao aprovado em 2020). Isso vai permitir ao governo retirar [&hellip;]\" \/>\n<meta property=\"og:url\" content=\"https:\/\/serrafm879.com.br\/serrafm\/2021\/02\/prorrogacao-do-auxilio-emergencial-pode-ser-aprovada-em-tres-semanas\/\" \/>\n<meta property=\"og:site_name\" content=\"Serra FM 87,9\" \/>\n<meta property=\"article:published_time\" content=\"2021-02-17T10:26:31+00:00\" \/>\n<meta property=\"og:image\" content=\"https:\/\/serrafm879.com.br\/serrafm\/wp-content\/uploads\/2020\/05\/auxilio-coronavirus-.jpeg\" \/>\n\t<meta property=\"og:image:width\" content=\"660\" \/>\n\t<meta property=\"og:image:height\" content=\"360\" \/>\n\t<meta property=\"og:image:type\" content=\"image\/jpeg\" \/>\n<meta name=\"author\" content=\"serrafm87\" \/>\n<meta name=\"twitter:card\" content=\"summary_large_image\" \/>\n<meta name=\"twitter:label1\" content=\"Escrito por\" \/>\n\t<meta name=\"twitter:data1\" content=\"serrafm87\" \/>\n\t<meta name=\"twitter:label2\" content=\"Est. tempo de leitura\" \/>\n\t<meta name=\"twitter:data2\" content=\"2 minutos\" \/>\n<script type=\"application\/ld+json\" class=\"yoast-schema-graph\">{\"@context\":\"https:\/\/schema.org\",\"@graph\":[{\"@type\":\"WebPage\",\"@id\":\"https:\/\/serrafm879.com.br\/serrafm\/2021\/02\/prorrogacao-do-auxilio-emergencial-pode-ser-aprovada-em-tres-semanas\/\",\"url\":\"https:\/\/serrafm879.com.br\/serrafm\/2021\/02\/prorrogacao-do-auxilio-emergencial-pode-ser-aprovada-em-tres-semanas\/\",\"name\":\"Prorroga\u00e7\u00e3o do aux\u00edlio emergencial pode ser aprovada em tr\u00eas semanas - Serra FM 87,9\",\"isPartOf\":{\"@id\":\"https:\/\/serrafm879.com.br\/serrafm\/#website\"},\"primaryImageOfPage\":{\"@id\":\"https:\/\/serrafm879.com.br\/serrafm\/2021\/02\/prorrogacao-do-auxilio-emergencial-pode-ser-aprovada-em-tres-semanas\/#primaryimage\"},\"image\":{\"@id\":\"https:\/\/serrafm879.com.br\/serrafm\/2021\/02\/prorrogacao-do-auxilio-emergencial-pode-ser-aprovada-em-tres-semanas\/#primaryimage\"},\"thumbnailUrl\":\"https:\/\/serrafm879.com.br\/serrafm\/wp-content\/uploads\/2020\/05\/auxilio-coronavirus-.jpeg\",\"datePublished\":\"2021-02-17T10:26:31+00:00\",\"author\":{\"@id\":\"https:\/\/serrafm879.com.br\/serrafm\/#\/schema\/person\/c028a197030ff8b1c03c68dfba4a787a\"},\"breadcrumb\":{\"@id\":\"https:\/\/serrafm879.com.br\/serrafm\/2021\/02\/prorrogacao-do-auxilio-emergencial-pode-ser-aprovada-em-tres-semanas\/#breadcrumb\"},\"inLanguage\":\"pt-BR\",\"potentialAction\":[{\"@type\":\"ReadAction\",\"target\":[\"https:\/\/serrafm879.com.br\/serrafm\/2021\/02\/prorrogacao-do-auxilio-emergencial-pode-ser-aprovada-em-tres-semanas\/\"]}]},{\"@type\":\"ImageObject\",\"inLanguage\":\"pt-BR\",\"@id\":\"https:\/\/serrafm879.com.br\/serrafm\/2021\/02\/prorrogacao-do-auxilio-emergencial-pode-ser-aprovada-em-tres-semanas\/#primaryimage\",\"url\":\"https:\/\/serrafm879.com.br\/serrafm\/wp-content\/uploads\/2020\/05\/auxilio-coronavirus-.jpeg\",\"contentUrl\":\"https:\/\/serrafm879.com.br\/serrafm\/wp-content\/uploads\/2020\/05\/auxilio-coronavirus-.jpeg\",\"width\":660,\"height\":360},{\"@type\":\"BreadcrumbList\",\"@id\":\"https:\/\/serrafm879.com.br\/serrafm\/2021\/02\/prorrogacao-do-auxilio-emergencial-pode-ser-aprovada-em-tres-semanas\/#breadcrumb\",\"itemListElement\":[{\"@type\":\"ListItem\",\"position\":1,\"name\":\"In\u00edcio\",\"item\":\"https:\/\/serrafm879.com.br\/serrafm\/\"},{\"@type\":\"ListItem\",\"position\":2,\"name\":\"Prorroga\u00e7\u00e3o do aux\u00edlio emergencial pode ser aprovada em tr\u00eas semanas\"}]},{\"@type\":\"WebSite\",\"@id\":\"https:\/\/serrafm879.com.br\/serrafm\/#website\",\"url\":\"https:\/\/serrafm879.com.br\/serrafm\/\",\"name\":\"Serra FM 87,9\",\"description\":\"O seu novo amor!\",\"potentialAction\":[{\"@type\":\"SearchAction\",\"target\":{\"@type\":\"EntryPoint\",\"urlTemplate\":\"https:\/\/serrafm879.com.br\/serrafm\/?s={search_term_string}\"},\"query-input\":{\"@type\":\"PropertyValueSpecification\",\"valueRequired\":true,\"valueName\":\"search_term_string\"}}],\"inLanguage\":\"pt-BR\"},{\"@type\":\"Person\",\"@id\":\"https:\/\/serrafm879.com.br\/serrafm\/#\/schema\/person\/c028a197030ff8b1c03c68dfba4a787a\",\"name\":\"serrafm87\",\"image\":{\"@type\":\"ImageObject\",\"inLanguage\":\"pt-BR\",\"@id\":\"https:\/\/serrafm879.com.br\/serrafm\/#\/schema\/person\/image\/\",\"url\":\"https:\/\/secure.gravatar.com\/avatar\/a743233f1112d34f48bb3dc9559b76eb930bab8b27175856cba6362608736235?s=96&d=mm&r=g\",\"contentUrl\":\"https:\/\/secure.gravatar.com\/avatar\/a743233f1112d34f48bb3dc9559b76eb930bab8b27175856cba6362608736235?s=96&d=mm&r=g\",\"caption\":\"serrafm87\"},\"sameAs\":[\"http:\/\/serrafm879.com.br\/\"],\"url\":\"https:\/\/serrafm879.com.br\/serrafm\/author\/serrafm87\/\"}]}<\/script>\n<!-- \/ Yoast SEO plugin. -->","yoast_head_json":{"title":"Prorroga\u00e7\u00e3o do aux\u00edlio emergencial pode ser aprovada em tr\u00eas semanas - Serra FM 87,9","robots":{"index":"index","follow":"follow","max-snippet":"max-snippet:-1","max-image-preview":"max-image-preview:large","max-video-preview":"max-video-preview:-1"},"canonical":"https:\/\/serrafm879.com.br\/serrafm\/2021\/02\/prorrogacao-do-auxilio-emergencial-pode-ser-aprovada-em-tres-semanas\/","og_locale":"pt_BR","og_type":"article","og_title":"Prorroga\u00e7\u00e3o do aux\u00edlio emergencial pode ser aprovada em tr\u00eas semanas - Serra FM 87,9","og_description":"A Prorroga\u00e7\u00e3o do aux\u00edlio emergencial poder\u00e1 acontecer em at\u00e9 tr\u00eas semanas, conforme informa\u00e7\u00e3o do pr\u00f3prio ministro da Economia, Paulo Guedes. Segundo ele, este \u00e9 o prazo que a equipe econ\u00f4mica est\u00e1 trabalhando. As parcelas dever\u00e3o ser de R$ 250,00 e ter\u00e3o um custo total de R$ 30 bilh\u00f5es. O ministro disse que trabalha para a aprova\u00e7\u00e3o do benef\u00edcio, mas, a aprova\u00e7\u00e3o s\u00f3 poder\u00e1 acontecer com a inclus\u00e3o, na Proposta de Emenda Constitucional (PEC) do Pacto Federativo, de uma cl\u00e1usula de calamidade p\u00fablica (seria algo do tipo Or\u00e7amento de Guerra, igual ao aprovado em 2020). Isso vai permitir ao governo retirar [&hellip;]","og_url":"https:\/\/serrafm879.com.br\/serrafm\/2021\/02\/prorrogacao-do-auxilio-emergencial-pode-ser-aprovada-em-tres-semanas\/","og_site_name":"Serra FM 87,9","article_published_time":"2021-02-17T10:26:31+00:00","og_image":[{"width":660,"height":360,"url":"https:\/\/serrafm879.com.br\/serrafm\/wp-content\/uploads\/2020\/05\/auxilio-coronavirus-.jpeg","type":"image\/jpeg"}],"author":"serrafm87","twitter_card":"summary_large_image","twitter_misc":{"Escrito por":"serrafm87","Est. tempo de leitura":"2 minutos"},"schema":{"@context":"https:\/\/schema.org","@graph":[{"@type":"WebPage","@id":"https:\/\/serrafm879.com.br\/serrafm\/2021\/02\/prorrogacao-do-auxilio-emergencial-pode-ser-aprovada-em-tres-semanas\/","url":"https:\/\/serrafm879.com.br\/serrafm\/2021\/02\/prorrogacao-do-auxilio-emergencial-pode-ser-aprovada-em-tres-semanas\/","name":"Prorroga\u00e7\u00e3o do aux\u00edlio emergencial pode ser aprovada em tr\u00eas semanas - Serra FM 87,9","isPartOf":{"@id":"https:\/\/serrafm879.com.br\/serrafm\/#website"},"primaryImageOfPage":{"@id":"https:\/\/serrafm879.com.br\/serrafm\/2021\/02\/prorrogacao-do-auxilio-emergencial-pode-ser-aprovada-em-tres-semanas\/#primaryimage"},"image":{"@id":"https:\/\/serrafm879.com.br\/serrafm\/2021\/02\/prorrogacao-do-auxilio-emergencial-pode-ser-aprovada-em-tres-semanas\/#primaryimage"},"thumbnailUrl":"https:\/\/serrafm879.com.br\/serrafm\/wp-content\/uploads\/2020\/05\/auxilio-coronavirus-.jpeg","datePublished":"2021-02-17T10:26:31+00:00","author":{"@id":"https:\/\/serrafm879.com.br\/serrafm\/#\/schema\/person\/c028a197030ff8b1c03c68dfba4a787a"},"breadcrumb":{"@id":"https:\/\/serrafm879.com.br\/serrafm\/2021\/02\/prorrogacao-do-auxilio-emergencial-pode-ser-aprovada-em-tres-semanas\/#breadcrumb"},"inLanguage":"pt-BR","potentialAction":[{"@type":"ReadAction","target":["https:\/\/serrafm879.com.br\/serrafm\/2021\/02\/prorrogacao-do-auxilio-emergencial-pode-ser-aprovada-em-tres-semanas\/"]}]},{"@type":"ImageObject","inLanguage":"pt-BR","@id":"https:\/\/serrafm879.com.br\/serrafm\/2021\/02\/prorrogacao-do-auxilio-emergencial-pode-ser-aprovada-em-tres-semanas\/#primaryimage","url":"https:\/\/serrafm879.com.br\/serrafm\/wp-content\/uploads\/2020\/05\/auxilio-coronavirus-.jpeg","contentUrl":"https:\/\/serrafm879.com.br\/serrafm\/wp-content\/uploads\/2020\/05\/auxilio-coronavirus-.jpeg","width":660,"height":360},{"@type":"BreadcrumbList","@id":"https:\/\/serrafm879.com.br\/serrafm\/2021\/02\/prorrogacao-do-auxilio-emergencial-pode-ser-aprovada-em-tres-semanas\/#breadcrumb","itemListElement":[{"@type":"ListItem","position":1,"name":"In\u00edcio","item":"https:\/\/serrafm879.com.br\/serrafm\/"},{"@type":"ListItem","position":2,"name":"Prorroga\u00e7\u00e3o do aux\u00edlio emergencial pode ser aprovada em tr\u00eas semanas"}]},{"@type":"WebSite","@id":"https:\/\/serrafm879.com.br\/serrafm\/#website","url":"https:\/\/serrafm879.com.br\/serrafm\/","name":"Serra FM 87,9","description":"O seu novo amor!","potentialAction":[{"@type":"SearchAction","target":{"@type":"EntryPoint","urlTemplate":"https:\/\/serrafm879.com.br\/serrafm\/?s={search_term_string}"},"query-input":{"@type":"PropertyValueSpecification","valueRequired":true,"valueName":"search_term_string"}}],"inLanguage":"pt-BR"},{"@type":"Person","@id":"https:\/\/serrafm879.com.br\/serrafm\/#\/schema\/person\/c028a197030ff8b1c03c68dfba4a787a","name":"serrafm87","image":{"@type":"ImageObject","inLanguage":"pt-BR","@id":"https:\/\/serrafm879.com.br\/serrafm\/#\/schema\/person\/image\/","url":"https:\/\/secure.gravatar.com\/avatar\/a743233f1112d34f48bb3dc9559b76eb930bab8b27175856cba6362608736235?s=96&d=mm&r=g","contentUrl":"https:\/\/secure.gravatar.com\/avatar\/a743233f1112d34f48bb3dc9559b76eb930bab8b27175856cba6362608736235?s=96&d=mm&r=g","caption":"serrafm87"},"sameAs":["http:\/\/serrafm879.com.br\/"],"url":"https:\/\/serrafm879.com.br\/serrafm\/author\/serrafm87\/"}]}},"jetpack_featured_media_url":"https:\/\/serrafm879.com.br\/serrafm\/wp-content\/uploads\/2020\/05\/auxilio-coronavirus-.jpeg","jetpack_shortlink":"https:\/\/wp.me\/p7HyXg-1bh","jetpack_sharing_enabled":true,"_links":{"self":[{"href":"https:\/\/serrafm879.com.br\/serrafm\/wp-json\/wp\/v2\/posts\/4543","targetHints":{"allow":["GET"]}}],"collection":[{"href":"https:\/\/serrafm879.com.br\/serrafm\/wp-json\/wp\/v2\/posts"}],"about":[{"href":"https:\/\/serrafm879.com.br\/serrafm\/wp-json\/wp\/v2\/types\/post"}],"author":[{"embeddable":true,"href":"https:\/\/serrafm879.com.br\/serrafm\/wp-json\/wp\/v2\/users\/2"}],"replies":[{"embeddable":true,"href":"https:\/\/serrafm879.com.br\/serrafm\/wp-json\/wp\/v2\/comments?post=4543"}],"version-history":[{"count":1,"href":"https:\/\/serrafm879.com.br\/serrafm\/wp-json\/wp\/v2\/posts\/4543\/revisions"}],"predecessor-version":[{"id":4544,"href":"https:\/\/serrafm879.com.br\/serrafm\/wp-json\/wp\/v2\/posts\/4543\/revisions\/4544"}],"wp:featuredmedia":[{"embeddable":true,"href":"https:\/\/serrafm879.com.br\/serrafm\/wp-json\/wp\/v2\/media\/2747"}],"wp:attachment":[{"href":"https:\/\/serrafm879.com.br\/serrafm\/wp-json\/wp\/v2\/media?parent=4543"}],"wp:term":[{"taxonomy":"category","embeddable":true,"href":"https:\/\/serrafm879.com.br\/serrafm\/wp-json\/wp\/v2\/categories?post=4543"},{"taxonomy":"post_tag","embeddable":true,"href":"https:\/\/serrafm879.com.br\/serrafm\/wp-json\/wp\/v2\/tags?post=4543"}],"curies":[{"name":"wp","href":"https:\/\/api.w.org\/{rel}","templated":true}]}}