{"id":4722,"date":"2021-03-03T07:51:09","date_gmt":"2021-03-03T10:51:09","guid":{"rendered":"https:\/?p=4722"},"modified":"2021-03-03T07:51:09","modified_gmt":"2021-03-03T10:51:09","slug":"prefeitura-de-serra-talhada-assinou-o-documento-de-manifestacao-de-interesse-de-adesao-ao-consorcio-publico-da-fnp","status":"publish","type":"post","link":"https:\/\/serrafm879.com.br\/serrafm\/2021\/03\/prefeitura-de-serra-talhada-assinou-o-documento-de-manifestacao-de-interesse-de-adesao-ao-consorcio-publico-da-fnp\/","title":{"rendered":"Prefeitura de Serra Talhada assinou o documento de Manifesta\u00e7\u00e3o de Interesse de Ades\u00e3o ao Cons\u00f3rcio P\u00fablico da FNP"},"content":{"rendered":"<p>A prefeita de Serra Talhada, M\u00e1rcia Conrado, e a Secret\u00e1ria Municipal de Sa\u00fade, Lisbeth Rosa, participaram da reuni\u00e3o on-line Unidos Pela Vacina, promovida pela Frente Nacional de Prefeitos \u2013 FNP. Na ocasi\u00e3o, a Prefeitura de Serra Talhada assinou o documento de Manifesta\u00e7\u00e3o de Interesse de Ades\u00e3o ao Cons\u00f3rcio P\u00fablico da FNP, que re\u00fane munic\u00edpios de todo o pa\u00eds, com o objetivo de efetivar a compra de vacinas contra a Covid-19 .<\/p>\n<p><em>\u201cEstive ao lado da secret\u00e1ria de Sa\u00fade, Lisbeth Rosa, participando de uma importante reuni\u00e3o com a Frente Nacional de Prefeitos, que est\u00e1 organizando um cons\u00f3rcio com os munic\u00edpios brasileiros para viabilizar a compra de vacinas da COVID-19. Sabemos das dificuldades, mas tudo que est\u00e1 ao nosso alcance em rela\u00e7\u00e3o \u00e0 pandemia n\u00f3s estamos efetuando, tanto atrav\u00e9s da Secretaria de Sa\u00fade quanto dos demais \u00f3rg\u00e3os do governo municipal. Em rela\u00e7\u00e3o \u00e0 compra de vacinas, agora surgiu a possibilidade dos munici\u0301pios comprarem doses atrav\u00e9s de um cons\u00f3rcio nacional da FNP, e a gente prontamente se juntou a outros 300 grandes munici\u0301pios do Brasil para assinar termo de intenc\u0327a\u0303o de compra, porque cuidar do povo e\u0301 nossa prioridade\u201d<\/em>, explicou a prefeita.<\/p>\n","protected":false},"excerpt":{"rendered":"<p>A prefeita de Serra Talhada, M\u00e1rcia Conrado, e a Secret\u00e1ria Municipal de Sa\u00fade, Lisbeth Rosa, participaram da reuni\u00e3o on-line Unidos Pela Vacina, promovida pela Frente Nacional de Prefeitos \u2013 FNP. Na ocasi\u00e3o, a Prefeitura de Serra Talhada assinou o documento de Manifesta\u00e7\u00e3o de Interesse de Ades\u00e3o ao Cons\u00f3rcio P\u00fablico da FNP, que re\u00fane munic\u00edpios de todo o pa\u00eds, com o objetivo de efetivar a compra de vacinas contra a Covid-19 . \u201cEstive ao lado da secret\u00e1ria de Sa\u00fade, Lisbeth Rosa, participando de uma importante reuni\u00e3o com a Frente Nacional de Prefeitos, que est\u00e1 organizando um cons\u00f3rcio com os munic\u00edpios brasileiros [&hellip;]<\/p>\n","protected":false},"author":2,"featured_media":4723,"comment_status":"open","ping_status":"open","sticky":false,"template":"","format":"standard","meta":{"_jetpack_memberships_contains_paid_content":false,"footnotes":"","jetpack_publicize_message":"","jetpack_publicize_feature_enabled":true,"jetpack_social_post_already_shared":true,"jetpack_social_options":{"image_generator_settings":{"template":"highway","enabled":false},"version":2}},"categories":[2],"tags":[],"class_list":["post-4722","post","type-post","status-publish","format-standard","has-post-thumbnail","hentry","category-noticias"],"jetpack_publicize_connections":[],"yoast_head":"<!-- This site is optimized with the Yoast SEO plugin v24.7 - https:\/\/yoast.com\/wordpress\/plugins\/seo\/ -->\n<title>Prefeitura de Serra Talhada assinou o documento de Manifesta\u00e7\u00e3o de Interesse de Ades\u00e3o ao Cons\u00f3rcio P\u00fablico da FNP - Serra FM 87,9<\/title>\n<meta name=\"robots\" content=\"index, follow, max-snippet:-1, max-image-preview:large, max-video-preview:-1\" \/>\n<link rel=\"canonical\" href=\"https:\/\/serrafm879.com.br\/serrafm\/2021\/03\/prefeitura-de-serra-talhada-assinou-o-documento-de-manifestacao-de-interesse-de-adesao-ao-consorcio-publico-da-fnp\/\" \/>\n<meta property=\"og:locale\" content=\"pt_BR\" \/>\n<meta property=\"og:type\" content=\"article\" \/>\n<meta property=\"og:title\" content=\"Prefeitura de Serra Talhada assinou o documento de Manifesta\u00e7\u00e3o de Interesse de Ades\u00e3o ao Cons\u00f3rcio P\u00fablico da FNP - Serra FM 87,9\" \/>\n<meta property=\"og:description\" content=\"A prefeita de Serra Talhada, M\u00e1rcia Conrado, e a Secret\u00e1ria Municipal de Sa\u00fade, Lisbeth Rosa, participaram da reuni\u00e3o on-line Unidos Pela Vacina, promovida pela Frente Nacional de Prefeitos \u2013 FNP. Na ocasi\u00e3o, a Prefeitura de Serra Talhada assinou o documento de Manifesta\u00e7\u00e3o de Interesse de Ades\u00e3o ao Cons\u00f3rcio P\u00fablico da FNP, que re\u00fane munic\u00edpios de todo o pa\u00eds, com o objetivo de efetivar a compra de vacinas contra a Covid-19 . \u201cEstive ao lado da secret\u00e1ria de Sa\u00fade, Lisbeth Rosa, participando de uma importante reuni\u00e3o com a Frente Nacional de Prefeitos, que est\u00e1 organizando um cons\u00f3rcio com os munic\u00edpios brasileiros [&hellip;]\" \/>\n<meta property=\"og:url\" content=\"https:\/\/serrafm879.com.br\/serrafm\/2021\/03\/prefeitura-de-serra-talhada-assinou-o-documento-de-manifestacao-de-interesse-de-adesao-ao-consorcio-publico-da-fnp\/\" \/>\n<meta property=\"og:site_name\" content=\"Serra FM 87,9\" \/>\n<meta property=\"article:published_time\" content=\"2021-03-03T10:51:09+00:00\" \/>\n<meta property=\"og:image\" content=\"https:\/\/serrafm879.com.br\/serrafm\/wp-content\/uploads\/2021\/03\/marcia-449x600-1.jpg\" \/>\n\t<meta property=\"og:image:width\" content=\"449\" \/>\n\t<meta property=\"og:image:height\" content=\"600\" \/>\n\t<meta property=\"og:image:type\" content=\"image\/jpeg\" \/>\n<meta name=\"author\" content=\"serrafm87\" \/>\n<meta name=\"twitter:card\" content=\"summary_large_image\" \/>\n<meta name=\"twitter:label1\" content=\"Escrito por\" \/>\n\t<meta name=\"twitter:data1\" content=\"serrafm87\" \/>\n\t<meta name=\"twitter:label2\" content=\"Est. tempo de leitura\" \/>\n\t<meta name=\"twitter:data2\" content=\"1 minuto\" \/>\n<script type=\"application\/ld+json\" class=\"yoast-schema-graph\">{\"@context\":\"https:\/\/schema.org\",\"@graph\":[{\"@type\":\"WebPage\",\"@id\":\"https:\/\/serrafm879.com.br\/serrafm\/2021\/03\/prefeitura-de-serra-talhada-assinou-o-documento-de-manifestacao-de-interesse-de-adesao-ao-consorcio-publico-da-fnp\/\",\"url\":\"https:\/\/serrafm879.com.br\/serrafm\/2021\/03\/prefeitura-de-serra-talhada-assinou-o-documento-de-manifestacao-de-interesse-de-adesao-ao-consorcio-publico-da-fnp\/\",\"name\":\"Prefeitura de Serra Talhada assinou o documento de Manifesta\u00e7\u00e3o de Interesse de Ades\u00e3o ao Cons\u00f3rcio P\u00fablico da FNP - Serra FM 87,9\",\"isPartOf\":{\"@id\":\"https:\/\/serrafm879.com.br\/serrafm\/#website\"},\"primaryImageOfPage\":{\"@id\":\"https:\/\/serrafm879.com.br\/serrafm\/2021\/03\/prefeitura-de-serra-talhada-assinou-o-documento-de-manifestacao-de-interesse-de-adesao-ao-consorcio-publico-da-fnp\/#primaryimage\"},\"image\":{\"@id\":\"https:\/\/serrafm879.com.br\/serrafm\/2021\/03\/prefeitura-de-serra-talhada-assinou-o-documento-de-manifestacao-de-interesse-de-adesao-ao-consorcio-publico-da-fnp\/#primaryimage\"},\"thumbnailUrl\":\"https:\/\/serrafm879.com.br\/serrafm\/wp-content\/uploads\/2021\/03\/marcia-449x600-1.jpg\",\"datePublished\":\"2021-03-03T10:51:09+00:00\",\"author\":{\"@id\":\"https:\/\/serrafm879.com.br\/serrafm\/#\/schema\/person\/c028a197030ff8b1c03c68dfba4a787a\"},\"breadcrumb\":{\"@id\":\"https:\/\/serrafm879.com.br\/serrafm\/2021\/03\/prefeitura-de-serra-talhada-assinou-o-documento-de-manifestacao-de-interesse-de-adesao-ao-consorcio-publico-da-fnp\/#breadcrumb\"},\"inLanguage\":\"pt-BR\",\"potentialAction\":[{\"@type\":\"ReadAction\",\"target\":[\"https:\/\/serrafm879.com.br\/serrafm\/2021\/03\/prefeitura-de-serra-talhada-assinou-o-documento-de-manifestacao-de-interesse-de-adesao-ao-consorcio-publico-da-fnp\/\"]}]},{\"@type\":\"ImageObject\",\"inLanguage\":\"pt-BR\",\"@id\":\"https:\/\/serrafm879.com.br\/serrafm\/2021\/03\/prefeitura-de-serra-talhada-assinou-o-documento-de-manifestacao-de-interesse-de-adesao-ao-consorcio-publico-da-fnp\/#primaryimage\",\"url\":\"https:\/\/serrafm879.com.br\/serrafm\/wp-content\/uploads\/2021\/03\/marcia-449x600-1.jpg\",\"contentUrl\":\"https:\/\/serrafm879.com.br\/serrafm\/wp-content\/uploads\/2021\/03\/marcia-449x600-1.jpg\",\"width\":449,\"height\":600},{\"@type\":\"BreadcrumbList\",\"@id\":\"https:\/\/serrafm879.com.br\/serrafm\/2021\/03\/prefeitura-de-serra-talhada-assinou-o-documento-de-manifestacao-de-interesse-de-adesao-ao-consorcio-publico-da-fnp\/#breadcrumb\",\"itemListElement\":[{\"@type\":\"ListItem\",\"position\":1,\"name\":\"In\u00edcio\",\"item\":\"https:\/\/serrafm879.com.br\/serrafm\/\"},{\"@type\":\"ListItem\",\"position\":2,\"name\":\"Prefeitura de Serra Talhada assinou o documento de Manifesta\u00e7\u00e3o de Interesse de Ades\u00e3o ao Cons\u00f3rcio P\u00fablico da FNP\"}]},{\"@type\":\"WebSite\",\"@id\":\"https:\/\/serrafm879.com.br\/serrafm\/#website\",\"url\":\"https:\/\/serrafm879.com.br\/serrafm\/\",\"name\":\"Serra FM 87,9\",\"description\":\"O seu novo amor!\",\"potentialAction\":[{\"@type\":\"SearchAction\",\"target\":{\"@type\":\"EntryPoint\",\"urlTemplate\":\"https:\/\/serrafm879.com.br\/serrafm\/?s={search_term_string}\"},\"query-input\":{\"@type\":\"PropertyValueSpecification\",\"valueRequired\":true,\"valueName\":\"search_term_string\"}}],\"inLanguage\":\"pt-BR\"},{\"@type\":\"Person\",\"@id\":\"https:\/\/serrafm879.com.br\/serrafm\/#\/schema\/person\/c028a197030ff8b1c03c68dfba4a787a\",\"name\":\"serrafm87\",\"image\":{\"@type\":\"ImageObject\",\"inLanguage\":\"pt-BR\",\"@id\":\"https:\/\/serrafm879.com.br\/serrafm\/#\/schema\/person\/image\/\",\"url\":\"https:\/\/secure.gravatar.com\/avatar\/a743233f1112d34f48bb3dc9559b76eb930bab8b27175856cba6362608736235?s=96&d=mm&r=g\",\"contentUrl\":\"https:\/\/secure.gravatar.com\/avatar\/a743233f1112d34f48bb3dc9559b76eb930bab8b27175856cba6362608736235?s=96&d=mm&r=g\",\"caption\":\"serrafm87\"},\"sameAs\":[\"http:\/\/serrafm879.com.br\/\"],\"url\":\"https:\/\/serrafm879.com.br\/serrafm\/author\/serrafm87\/\"}]}<\/script>\n<!-- \/ Yoast SEO plugin. -->","yoast_head_json":{"title":"Prefeitura de Serra Talhada assinou o documento de Manifesta\u00e7\u00e3o de Interesse de Ades\u00e3o ao Cons\u00f3rcio P\u00fablico da FNP - Serra FM 87,9","robots":{"index":"index","follow":"follow","max-snippet":"max-snippet:-1","max-image-preview":"max-image-preview:large","max-video-preview":"max-video-preview:-1"},"canonical":"https:\/\/serrafm879.com.br\/serrafm\/2021\/03\/prefeitura-de-serra-talhada-assinou-o-documento-de-manifestacao-de-interesse-de-adesao-ao-consorcio-publico-da-fnp\/","og_locale":"pt_BR","og_type":"article","og_title":"Prefeitura de Serra Talhada assinou o documento de Manifesta\u00e7\u00e3o de Interesse de Ades\u00e3o ao Cons\u00f3rcio P\u00fablico da FNP - Serra FM 87,9","og_description":"A prefeita de Serra Talhada, M\u00e1rcia Conrado, e a Secret\u00e1ria Municipal de Sa\u00fade, Lisbeth Rosa, participaram da reuni\u00e3o on-line Unidos Pela Vacina, promovida pela Frente Nacional de Prefeitos \u2013 FNP. Na ocasi\u00e3o, a Prefeitura de Serra Talhada assinou o documento de Manifesta\u00e7\u00e3o de Interesse de Ades\u00e3o ao Cons\u00f3rcio P\u00fablico da FNP, que re\u00fane munic\u00edpios de todo o pa\u00eds, com o objetivo de efetivar a compra de vacinas contra a Covid-19 . \u201cEstive ao lado da secret\u00e1ria de Sa\u00fade, Lisbeth Rosa, participando de uma importante reuni\u00e3o com a Frente Nacional de Prefeitos, que est\u00e1 organizando um cons\u00f3rcio com os munic\u00edpios brasileiros [&hellip;]","og_url":"https:\/\/serrafm879.com.br\/serrafm\/2021\/03\/prefeitura-de-serra-talhada-assinou-o-documento-de-manifestacao-de-interesse-de-adesao-ao-consorcio-publico-da-fnp\/","og_site_name":"Serra FM 87,9","article_published_time":"2021-03-03T10:51:09+00:00","og_image":[{"width":449,"height":600,"url":"https:\/\/serrafm879.com.br\/serrafm\/wp-content\/uploads\/2021\/03\/marcia-449x600-1.jpg","type":"image\/jpeg"}],"author":"serrafm87","twitter_card":"summary_large_image","twitter_misc":{"Escrito por":"serrafm87","Est. tempo de leitura":"1 minuto"},"schema":{"@context":"https:\/\/schema.org","@graph":[{"@type":"WebPage","@id":"https:\/\/serrafm879.com.br\/serrafm\/2021\/03\/prefeitura-de-serra-talhada-assinou-o-documento-de-manifestacao-de-interesse-de-adesao-ao-consorcio-publico-da-fnp\/","url":"https:\/\/serrafm879.com.br\/serrafm\/2021\/03\/prefeitura-de-serra-talhada-assinou-o-documento-de-manifestacao-de-interesse-de-adesao-ao-consorcio-publico-da-fnp\/","name":"Prefeitura de Serra Talhada assinou o documento de Manifesta\u00e7\u00e3o de Interesse de Ades\u00e3o ao Cons\u00f3rcio P\u00fablico da FNP - Serra FM 87,9","isPartOf":{"@id":"https:\/\/serrafm879.com.br\/serrafm\/#website"},"primaryImageOfPage":{"@id":"https:\/\/serrafm879.com.br\/serrafm\/2021\/03\/prefeitura-de-serra-talhada-assinou-o-documento-de-manifestacao-de-interesse-de-adesao-ao-consorcio-publico-da-fnp\/#primaryimage"},"image":{"@id":"https:\/\/serrafm879.com.br\/serrafm\/2021\/03\/prefeitura-de-serra-talhada-assinou-o-documento-de-manifestacao-de-interesse-de-adesao-ao-consorcio-publico-da-fnp\/#primaryimage"},"thumbnailUrl":"https:\/\/serrafm879.com.br\/serrafm\/wp-content\/uploads\/2021\/03\/marcia-449x600-1.jpg","datePublished":"2021-03-03T10:51:09+00:00","author":{"@id":"https:\/\/serrafm879.com.br\/serrafm\/#\/schema\/person\/c028a197030ff8b1c03c68dfba4a787a"},"breadcrumb":{"@id":"https:\/\/serrafm879.com.br\/serrafm\/2021\/03\/prefeitura-de-serra-talhada-assinou-o-documento-de-manifestacao-de-interesse-de-adesao-ao-consorcio-publico-da-fnp\/#breadcrumb"},"inLanguage":"pt-BR","potentialAction":[{"@type":"ReadAction","target":["https:\/\/serrafm879.com.br\/serrafm\/2021\/03\/prefeitura-de-serra-talhada-assinou-o-documento-de-manifestacao-de-interesse-de-adesao-ao-consorcio-publico-da-fnp\/"]}]},{"@type":"ImageObject","inLanguage":"pt-BR","@id":"https:\/\/serrafm879.com.br\/serrafm\/2021\/03\/prefeitura-de-serra-talhada-assinou-o-documento-de-manifestacao-de-interesse-de-adesao-ao-consorcio-publico-da-fnp\/#primaryimage","url":"https:\/\/serrafm879.com.br\/serrafm\/wp-content\/uploads\/2021\/03\/marcia-449x600-1.jpg","contentUrl":"https:\/\/serrafm879.com.br\/serrafm\/wp-content\/uploads\/2021\/03\/marcia-449x600-1.jpg","width":449,"height":600},{"@type":"BreadcrumbList","@id":"https:\/\/serrafm879.com.br\/serrafm\/2021\/03\/prefeitura-de-serra-talhada-assinou-o-documento-de-manifestacao-de-interesse-de-adesao-ao-consorcio-publico-da-fnp\/#breadcrumb","itemListElement":[{"@type":"ListItem","position":1,"name":"In\u00edcio","item":"https:\/\/serrafm879.com.br\/serrafm\/"},{"@type":"ListItem","position":2,"name":"Prefeitura de Serra Talhada assinou o documento de Manifesta\u00e7\u00e3o de Interesse de Ades\u00e3o ao Cons\u00f3rcio P\u00fablico da FNP"}]},{"@type":"WebSite","@id":"https:\/\/serrafm879.com.br\/serrafm\/#website","url":"https:\/\/serrafm879.com.br\/serrafm\/","name":"Serra FM 87,9","description":"O seu novo amor!","potentialAction":[{"@type":"SearchAction","target":{"@type":"EntryPoint","urlTemplate":"https:\/\/serrafm879.com.br\/serrafm\/?s={search_term_string}"},"query-input":{"@type":"PropertyValueSpecification","valueRequired":true,"valueName":"search_term_string"}}],"inLanguage":"pt-BR"},{"@type":"Person","@id":"https:\/\/serrafm879.com.br\/serrafm\/#\/schema\/person\/c028a197030ff8b1c03c68dfba4a787a","name":"serrafm87","image":{"@type":"ImageObject","inLanguage":"pt-BR","@id":"https:\/\/serrafm879.com.br\/serrafm\/#\/schema\/person\/image\/","url":"https:\/\/secure.gravatar.com\/avatar\/a743233f1112d34f48bb3dc9559b76eb930bab8b27175856cba6362608736235?s=96&d=mm&r=g","contentUrl":"https:\/\/secure.gravatar.com\/avatar\/a743233f1112d34f48bb3dc9559b76eb930bab8b27175856cba6362608736235?s=96&d=mm&r=g","caption":"serrafm87"},"sameAs":["http:\/\/serrafm879.com.br\/"],"url":"https:\/\/serrafm879.com.br\/serrafm\/author\/serrafm87\/"}]}},"jetpack_featured_media_url":"https:\/\/serrafm879.com.br\/serrafm\/wp-content\/uploads\/2021\/03\/marcia-449x600-1.jpg","jetpack_shortlink":"https:\/\/wp.me\/p7HyXg-1ea","jetpack_sharing_enabled":true,"_links":{"self":[{"href":"https:\/\/serrafm879.com.br\/serrafm\/wp-json\/wp\/v2\/posts\/4722","targetHints":{"allow":["GET"]}}],"collection":[{"href":"https:\/\/serrafm879.com.br\/serrafm\/wp-json\/wp\/v2\/posts"}],"about":[{"href":"https:\/\/serrafm879.com.br\/serrafm\/wp-json\/wp\/v2\/types\/post"}],"author":[{"embeddable":true,"href":"https:\/\/serrafm879.com.br\/serrafm\/wp-json\/wp\/v2\/users\/2"}],"replies":[{"embeddable":true,"href":"https:\/\/serrafm879.com.br\/serrafm\/wp-json\/wp\/v2\/comments?post=4722"}],"version-history":[{"count":1,"href":"https:\/\/serrafm879.com.br\/serrafm\/wp-json\/wp\/v2\/posts\/4722\/revisions"}],"predecessor-version":[{"id":4724,"href":"https:\/\/serrafm879.com.br\/serrafm\/wp-json\/wp\/v2\/posts\/4722\/revisions\/4724"}],"wp:featuredmedia":[{"embeddable":true,"href":"https:\/\/serrafm879.com.br\/serrafm\/wp-json\/wp\/v2\/media\/4723"}],"wp:attachment":[{"href":"https:\/\/serrafm879.com.br\/serrafm\/wp-json\/wp\/v2\/media?parent=4722"}],"wp:term":[{"taxonomy":"category","embeddable":true,"href":"https:\/\/serrafm879.com.br\/serrafm\/wp-json\/wp\/v2\/categories?post=4722"},{"taxonomy":"post_tag","embeddable":true,"href":"https:\/\/serrafm879.com.br\/serrafm\/wp-json\/wp\/v2\/tags?post=4722"}],"curies":[{"name":"wp","href":"https:\/\/api.w.org\/{rel}","templated":true}]}}