{"id":4726,"date":"2021-03-04T07:14:29","date_gmt":"2021-03-04T10:14:29","guid":{"rendered":"https:\/?p=4726"},"modified":"2021-03-04T07:14:29","modified_gmt":"2021-03-04T10:14:29","slug":"brasil-registra-1-910mortes-em-24-horas-e-volta-bater-recorde-da-pandemia-total-chega-2594-mil","status":"publish","type":"post","link":"https:\/\/serrafm879.com.br\/serrafm\/2021\/03\/brasil-registra-1-910mortes-em-24-horas-e-volta-bater-recorde-da-pandemia-total-chega-2594-mil\/","title":{"rendered":"Brasil registra 1.910mortes em 24 horas e volta a bater recorde da pandemia; total chega a 259,4 mil"},"content":{"rendered":"<p>Pa\u00eds contabilizou 10.722.221 casos e 259.402 \u00f3bitos por Covid-19 desde o in\u00edcio da pandemia, segundo balan\u00e7o do cons\u00f3rcio de ve\u00edculos de imprensa. Casos e mortes apresentam tend\u00eancia de alta.<\/p>\n<p>O cons\u00f3rcio de ve\u00edculos de imprensa divulgou novo levantamento da situa\u00e7\u00e3o da pandemia de coronav\u00edrus no Brasil a partir de dados das secretarias estaduais de Sa\u00fade, consolidados \u00e0s 20h desta quarta-feira (3).<\/p>\n<p>O pa\u00eds registrou 1.910 mortes pela Covid-19 nas \u00faltimas 24 horas \u2013 novamente um recorde desde o in\u00edcio da pandemia \u2013 chegando ao total de 259.402 \u00f3bitos desde seu come\u00e7o. Com isso, a m\u00e9dia m\u00f3vel de mortes no Brasil nos \u00faltimos 7 dias chegou a 1.332. A varia\u00e7\u00e3o foi de 29% em compara\u00e7\u00e3o \u00e0 m\u00e9dia de 14 dias atr\u00e1s, indicando tend\u00eancia de alta nos \u00f3bitos pela doen\u00e7a.<\/p>\n<p>J\u00e1 s\u00e3o 42 dias seguidos com a m\u00e9dia m\u00f3vel de mortes acima da marca de 1 mil, 7 dias acima de 1,1 mil, e pelo quarto dia a marca aparece acima de 1,2 mil. Foram cinco recordes seguidos de s\u00e1bado at\u00e9 aqui. Veja a sequ\u00eancia da \u00faltima semana na m\u00e9dia m\u00f3vel:<\/p>\n<p>Quinta-feira (25): 1.150 (<b>recorde<\/b>); sexta-feira (26): 1.148; s\u00e1bado (27): 1.180 (<b>recorde<\/b>); domingo (28): 1.208 (<b>recorde<\/b>); segunda-feira (1\u00ba): 1.223 (<b>recorde<\/b>); ter\u00e7a-feira (2): 1.274 (<b>recorde<\/b>); quarta-feira (3): 1.332 (<b>recorde<\/b>).<\/p>\n<p>Em casos confirmados, desde o come\u00e7o da pandemia 10.722.221 brasileiros j\u00e1 tiveram ou t\u00eam o novo coronav\u00edrus, com 74.376 desses confirmados no \u00faltimo dia. A m\u00e9dia m\u00f3vel nos \u00faltimos 7 dias foi de 56.602 novos diagn\u00f3sticos por dia. Isso representa uma varia\u00e7\u00e3o de 27% em rela\u00e7\u00e3o aos casos registrados em duas semanas, o que indica tend\u00eancia de alta tamb\u00e9m nos diagn\u00f3sticos.<\/p>\n<p>Dezesseis estados e o Distrito Federal est\u00e3o com alta nas mortes: PR, RS, SC, SP, DF, MS, AC, PA, TO, AL, BA, CE, MA, PB, PI, RN e SE.<\/p>\n<p><b>Brasil, 3 de mar\u00e7o:\u00a0<\/b>total de mortes: 259.402; registro de mortes em 24 horas: 1.840; m\u00e9dia de novas mortes nos \u00faltimos 7 dias: 1.332 (varia\u00e7\u00e3o em 14 dias: +29%); total de casos confirmados: 10.722.221; registro de casos confirmados em 24 horas: 74.376; m\u00e9dia de novos casos nos \u00faltimos 7 dias: 56.602 por dia (varia\u00e7\u00e3o em 14 dias: +27%).<\/p>\n<p><b>Estados<\/b><\/p>\n<p><b>Subindo<\/b>\u00a0(16 estados mais o Distrito Federal): PR, RS, SC, SP, DF, MS, AC, PA, TO, AL, BA, CE, MA, PB, PI, RN e SE<\/p>\n<p><b>Em estabilidade<\/b>\u00a0(8 estados): ES, MG, RJ, GO, MT, RO, RR e PE<\/p>\n<p><b>Em queda<\/b>\u00a0(2 estados): AM e AP<\/p>\n<p>Essa compara\u00e7\u00e3o leva em conta a m\u00e9dia de mortes nos \u00faltimos 7 dias at\u00e9 a publica\u00e7\u00e3o deste balan\u00e7o em rela\u00e7\u00e3o \u00e0 m\u00e9dia registrada duas semanas atr\u00e1s (entenda os crit\u00e9rios usados pelo G1 para analisar as tend\u00eancias da pandemia).<\/p>\n<p>Vale ressaltar que h\u00e1 estados em que o baixo n\u00famero m\u00e9dio de \u00f3bitos pode levar a grandes varia\u00e7\u00f5es percentuais. Os dados de m\u00e9dias m\u00f3veis s\u00e3o, em geral, em n\u00fameros decimais e arredondados para facilitar a apresenta\u00e7\u00e3o dos dados.<\/p>\n<p><b>Vacina\u00e7\u00e3o<\/b><\/p>\n<p>Balan\u00e7o da vacina\u00e7\u00e3o contra Covid-19 desta quarta-feira (3) aponta que 7.351.265 pessoas j\u00e1 receberam a primeira dose de vacina contra a Covid-19, segundo dados divulgados at\u00e9 as 20h. O n\u00famero representa 3,47% da popula\u00e7\u00e3o brasileira.<\/p>\n<p>A segunda dose j\u00e1 foi aplicada em 2.303.850 pessoas (1,09% da popula\u00e7\u00e3o do pa\u00eds) em todos os estados e no Distrito Federal. No total, 9.655.115 doses foram aplicadas em todo o pa\u00eds.<\/p>\n","protected":false},"excerpt":{"rendered":"<p>Pa\u00eds contabilizou 10.722.221 casos e 259.402 \u00f3bitos por Covid-19 desde o in\u00edcio da pandemia, segundo balan\u00e7o do cons\u00f3rcio de ve\u00edculos de imprensa. Casos e mortes apresentam tend\u00eancia de alta. O cons\u00f3rcio de ve\u00edculos de imprensa divulgou novo levantamento da situa\u00e7\u00e3o da pandemia de coronav\u00edrus no Brasil a partir de dados das secretarias estaduais de Sa\u00fade, consolidados \u00e0s 20h desta quarta-feira (3). O pa\u00eds registrou 1.910 mortes pela Covid-19 nas \u00faltimas 24 horas \u2013 novamente um recorde desde o in\u00edcio da pandemia \u2013 chegando ao total de 259.402 \u00f3bitos desde seu come\u00e7o. Com isso, a m\u00e9dia m\u00f3vel de mortes no Brasil [&hellip;]<\/p>\n","protected":false},"author":2,"featured_media":4686,"comment_status":"open","ping_status":"open","sticky":false,"template":"","format":"standard","meta":{"_jetpack_memberships_contains_paid_content":false,"footnotes":"","jetpack_publicize_message":"","jetpack_publicize_feature_enabled":true,"jetpack_social_post_already_shared":true,"jetpack_social_options":{"image_generator_settings":{"template":"highway","enabled":false},"version":2}},"categories":[2],"tags":[],"class_list":["post-4726","post","type-post","status-publish","format-standard","has-post-thumbnail","hentry","category-noticias"],"jetpack_publicize_connections":[],"yoast_head":"<!-- This site is optimized with the Yoast SEO plugin v24.7 - https:\/\/yoast.com\/wordpress\/plugins\/seo\/ -->\n<title>Brasil registra 1.910mortes em 24 horas e volta a bater recorde da pandemia; total chega a 259,4 mil - Serra FM 87,9<\/title>\n<meta name=\"robots\" content=\"index, follow, max-snippet:-1, max-image-preview:large, max-video-preview:-1\" \/>\n<link rel=\"canonical\" href=\"https:\/\/serrafm879.com.br\/serrafm\/2021\/03\/brasil-registra-1-910mortes-em-24-horas-e-volta-bater-recorde-da-pandemia-total-chega-2594-mil\/\" \/>\n<meta property=\"og:locale\" content=\"pt_BR\" \/>\n<meta property=\"og:type\" content=\"article\" \/>\n<meta property=\"og:title\" content=\"Brasil registra 1.910mortes em 24 horas e volta a bater recorde da pandemia; total chega a 259,4 mil - Serra FM 87,9\" \/>\n<meta property=\"og:description\" content=\"Pa\u00eds contabilizou 10.722.221 casos e 259.402 \u00f3bitos por Covid-19 desde o in\u00edcio da pandemia, segundo balan\u00e7o do cons\u00f3rcio de ve\u00edculos de imprensa. Casos e mortes apresentam tend\u00eancia de alta. O cons\u00f3rcio de ve\u00edculos de imprensa divulgou novo levantamento da situa\u00e7\u00e3o da pandemia de coronav\u00edrus no Brasil a partir de dados das secretarias estaduais de Sa\u00fade, consolidados \u00e0s 20h desta quarta-feira (3). O pa\u00eds registrou 1.910 mortes pela Covid-19 nas \u00faltimas 24 horas \u2013 novamente um recorde desde o in\u00edcio da pandemia \u2013 chegando ao total de 259.402 \u00f3bitos desde seu come\u00e7o. Com isso, a m\u00e9dia m\u00f3vel de mortes no Brasil [&hellip;]\" \/>\n<meta property=\"og:url\" content=\"https:\/\/serrafm879.com.br\/serrafm\/2021\/03\/brasil-registra-1-910mortes-em-24-horas-e-volta-bater-recorde-da-pandemia-total-chega-2594-mil\/\" \/>\n<meta property=\"og:site_name\" content=\"Serra FM 87,9\" \/>\n<meta property=\"article:published_time\" content=\"2021-03-04T10:14:29+00:00\" \/>\n<meta property=\"og:image\" content=\"https:\/\/serrafm879.com.br\/serrafm\/wp-content\/uploads\/2021\/03\/enterro.jpg\" \/>\n\t<meta property=\"og:image:width\" content=\"1008\" \/>\n\t<meta property=\"og:image:height\" content=\"660\" \/>\n\t<meta property=\"og:image:type\" content=\"image\/jpeg\" \/>\n<meta name=\"author\" content=\"serrafm87\" \/>\n<meta name=\"twitter:card\" content=\"summary_large_image\" \/>\n<meta name=\"twitter:label1\" content=\"Escrito por\" \/>\n\t<meta name=\"twitter:data1\" content=\"serrafm87\" \/>\n\t<meta name=\"twitter:label2\" content=\"Est. tempo de leitura\" \/>\n\t<meta name=\"twitter:data2\" content=\"3 minutos\" \/>\n<script type=\"application\/ld+json\" class=\"yoast-schema-graph\">{\"@context\":\"https:\/\/schema.org\",\"@graph\":[{\"@type\":\"WebPage\",\"@id\":\"https:\/\/serrafm879.com.br\/serrafm\/2021\/03\/brasil-registra-1-910mortes-em-24-horas-e-volta-bater-recorde-da-pandemia-total-chega-2594-mil\/\",\"url\":\"https:\/\/serrafm879.com.br\/serrafm\/2021\/03\/brasil-registra-1-910mortes-em-24-horas-e-volta-bater-recorde-da-pandemia-total-chega-2594-mil\/\",\"name\":\"Brasil registra 1.910mortes em 24 horas e volta a bater recorde da pandemia; total chega a 259,4 mil - Serra FM 87,9\",\"isPartOf\":{\"@id\":\"https:\/\/serrafm879.com.br\/serrafm\/#website\"},\"primaryImageOfPage\":{\"@id\":\"https:\/\/serrafm879.com.br\/serrafm\/2021\/03\/brasil-registra-1-910mortes-em-24-horas-e-volta-bater-recorde-da-pandemia-total-chega-2594-mil\/#primaryimage\"},\"image\":{\"@id\":\"https:\/\/serrafm879.com.br\/serrafm\/2021\/03\/brasil-registra-1-910mortes-em-24-horas-e-volta-bater-recorde-da-pandemia-total-chega-2594-mil\/#primaryimage\"},\"thumbnailUrl\":\"https:\/\/serrafm879.com.br\/serrafm\/wp-content\/uploads\/2021\/03\/enterro.jpg\",\"datePublished\":\"2021-03-04T10:14:29+00:00\",\"author\":{\"@id\":\"https:\/\/serrafm879.com.br\/serrafm\/#\/schema\/person\/c028a197030ff8b1c03c68dfba4a787a\"},\"breadcrumb\":{\"@id\":\"https:\/\/serrafm879.com.br\/serrafm\/2021\/03\/brasil-registra-1-910mortes-em-24-horas-e-volta-bater-recorde-da-pandemia-total-chega-2594-mil\/#breadcrumb\"},\"inLanguage\":\"pt-BR\",\"potentialAction\":[{\"@type\":\"ReadAction\",\"target\":[\"https:\/\/serrafm879.com.br\/serrafm\/2021\/03\/brasil-registra-1-910mortes-em-24-horas-e-volta-bater-recorde-da-pandemia-total-chega-2594-mil\/\"]}]},{\"@type\":\"ImageObject\",\"inLanguage\":\"pt-BR\",\"@id\":\"https:\/\/serrafm879.com.br\/serrafm\/2021\/03\/brasil-registra-1-910mortes-em-24-horas-e-volta-bater-recorde-da-pandemia-total-chega-2594-mil\/#primaryimage\",\"url\":\"https:\/\/serrafm879.com.br\/serrafm\/wp-content\/uploads\/2021\/03\/enterro.jpg\",\"contentUrl\":\"https:\/\/serrafm879.com.br\/serrafm\/wp-content\/uploads\/2021\/03\/enterro.jpg\",\"width\":1008,\"height\":660},{\"@type\":\"BreadcrumbList\",\"@id\":\"https:\/\/serrafm879.com.br\/serrafm\/2021\/03\/brasil-registra-1-910mortes-em-24-horas-e-volta-bater-recorde-da-pandemia-total-chega-2594-mil\/#breadcrumb\",\"itemListElement\":[{\"@type\":\"ListItem\",\"position\":1,\"name\":\"In\u00edcio\",\"item\":\"https:\/\/serrafm879.com.br\/serrafm\/\"},{\"@type\":\"ListItem\",\"position\":2,\"name\":\"Brasil registra 1.910mortes em 24 horas e volta a bater recorde da pandemia; total chega a 259,4 mil\"}]},{\"@type\":\"WebSite\",\"@id\":\"https:\/\/serrafm879.com.br\/serrafm\/#website\",\"url\":\"https:\/\/serrafm879.com.br\/serrafm\/\",\"name\":\"Serra FM 87,9\",\"description\":\"O seu novo amor!\",\"potentialAction\":[{\"@type\":\"SearchAction\",\"target\":{\"@type\":\"EntryPoint\",\"urlTemplate\":\"https:\/\/serrafm879.com.br\/serrafm\/?s={search_term_string}\"},\"query-input\":{\"@type\":\"PropertyValueSpecification\",\"valueRequired\":true,\"valueName\":\"search_term_string\"}}],\"inLanguage\":\"pt-BR\"},{\"@type\":\"Person\",\"@id\":\"https:\/\/serrafm879.com.br\/serrafm\/#\/schema\/person\/c028a197030ff8b1c03c68dfba4a787a\",\"name\":\"serrafm87\",\"image\":{\"@type\":\"ImageObject\",\"inLanguage\":\"pt-BR\",\"@id\":\"https:\/\/serrafm879.com.br\/serrafm\/#\/schema\/person\/image\/\",\"url\":\"https:\/\/secure.gravatar.com\/avatar\/a743233f1112d34f48bb3dc9559b76eb930bab8b27175856cba6362608736235?s=96&d=mm&r=g\",\"contentUrl\":\"https:\/\/secure.gravatar.com\/avatar\/a743233f1112d34f48bb3dc9559b76eb930bab8b27175856cba6362608736235?s=96&d=mm&r=g\",\"caption\":\"serrafm87\"},\"sameAs\":[\"http:\/\/serrafm879.com.br\/\"],\"url\":\"https:\/\/serrafm879.com.br\/serrafm\/author\/serrafm87\/\"}]}<\/script>\n<!-- \/ Yoast SEO plugin. -->","yoast_head_json":{"title":"Brasil registra 1.910mortes em 24 horas e volta a bater recorde da pandemia; total chega a 259,4 mil - Serra FM 87,9","robots":{"index":"index","follow":"follow","max-snippet":"max-snippet:-1","max-image-preview":"max-image-preview:large","max-video-preview":"max-video-preview:-1"},"canonical":"https:\/\/serrafm879.com.br\/serrafm\/2021\/03\/brasil-registra-1-910mortes-em-24-horas-e-volta-bater-recorde-da-pandemia-total-chega-2594-mil\/","og_locale":"pt_BR","og_type":"article","og_title":"Brasil registra 1.910mortes em 24 horas e volta a bater recorde da pandemia; total chega a 259,4 mil - Serra FM 87,9","og_description":"Pa\u00eds contabilizou 10.722.221 casos e 259.402 \u00f3bitos por Covid-19 desde o in\u00edcio da pandemia, segundo balan\u00e7o do cons\u00f3rcio de ve\u00edculos de imprensa. Casos e mortes apresentam tend\u00eancia de alta. O cons\u00f3rcio de ve\u00edculos de imprensa divulgou novo levantamento da situa\u00e7\u00e3o da pandemia de coronav\u00edrus no Brasil a partir de dados das secretarias estaduais de Sa\u00fade, consolidados \u00e0s 20h desta quarta-feira (3). O pa\u00eds registrou 1.910 mortes pela Covid-19 nas \u00faltimas 24 horas \u2013 novamente um recorde desde o in\u00edcio da pandemia \u2013 chegando ao total de 259.402 \u00f3bitos desde seu come\u00e7o. Com isso, a m\u00e9dia m\u00f3vel de mortes no Brasil [&hellip;]","og_url":"https:\/\/serrafm879.com.br\/serrafm\/2021\/03\/brasil-registra-1-910mortes-em-24-horas-e-volta-bater-recorde-da-pandemia-total-chega-2594-mil\/","og_site_name":"Serra FM 87,9","article_published_time":"2021-03-04T10:14:29+00:00","og_image":[{"width":1008,"height":660,"url":"https:\/\/serrafm879.com.br\/serrafm\/wp-content\/uploads\/2021\/03\/enterro.jpg","type":"image\/jpeg"}],"author":"serrafm87","twitter_card":"summary_large_image","twitter_misc":{"Escrito por":"serrafm87","Est. tempo de leitura":"3 minutos"},"schema":{"@context":"https:\/\/schema.org","@graph":[{"@type":"WebPage","@id":"https:\/\/serrafm879.com.br\/serrafm\/2021\/03\/brasil-registra-1-910mortes-em-24-horas-e-volta-bater-recorde-da-pandemia-total-chega-2594-mil\/","url":"https:\/\/serrafm879.com.br\/serrafm\/2021\/03\/brasil-registra-1-910mortes-em-24-horas-e-volta-bater-recorde-da-pandemia-total-chega-2594-mil\/","name":"Brasil registra 1.910mortes em 24 horas e volta a bater recorde da pandemia; total chega a 259,4 mil - Serra FM 87,9","isPartOf":{"@id":"https:\/\/serrafm879.com.br\/serrafm\/#website"},"primaryImageOfPage":{"@id":"https:\/\/serrafm879.com.br\/serrafm\/2021\/03\/brasil-registra-1-910mortes-em-24-horas-e-volta-bater-recorde-da-pandemia-total-chega-2594-mil\/#primaryimage"},"image":{"@id":"https:\/\/serrafm879.com.br\/serrafm\/2021\/03\/brasil-registra-1-910mortes-em-24-horas-e-volta-bater-recorde-da-pandemia-total-chega-2594-mil\/#primaryimage"},"thumbnailUrl":"https:\/\/serrafm879.com.br\/serrafm\/wp-content\/uploads\/2021\/03\/enterro.jpg","datePublished":"2021-03-04T10:14:29+00:00","author":{"@id":"https:\/\/serrafm879.com.br\/serrafm\/#\/schema\/person\/c028a197030ff8b1c03c68dfba4a787a"},"breadcrumb":{"@id":"https:\/\/serrafm879.com.br\/serrafm\/2021\/03\/brasil-registra-1-910mortes-em-24-horas-e-volta-bater-recorde-da-pandemia-total-chega-2594-mil\/#breadcrumb"},"inLanguage":"pt-BR","potentialAction":[{"@type":"ReadAction","target":["https:\/\/serrafm879.com.br\/serrafm\/2021\/03\/brasil-registra-1-910mortes-em-24-horas-e-volta-bater-recorde-da-pandemia-total-chega-2594-mil\/"]}]},{"@type":"ImageObject","inLanguage":"pt-BR","@id":"https:\/\/serrafm879.com.br\/serrafm\/2021\/03\/brasil-registra-1-910mortes-em-24-horas-e-volta-bater-recorde-da-pandemia-total-chega-2594-mil\/#primaryimage","url":"https:\/\/serrafm879.com.br\/serrafm\/wp-content\/uploads\/2021\/03\/enterro.jpg","contentUrl":"https:\/\/serrafm879.com.br\/serrafm\/wp-content\/uploads\/2021\/03\/enterro.jpg","width":1008,"height":660},{"@type":"BreadcrumbList","@id":"https:\/\/serrafm879.com.br\/serrafm\/2021\/03\/brasil-registra-1-910mortes-em-24-horas-e-volta-bater-recorde-da-pandemia-total-chega-2594-mil\/#breadcrumb","itemListElement":[{"@type":"ListItem","position":1,"name":"In\u00edcio","item":"https:\/\/serrafm879.com.br\/serrafm\/"},{"@type":"ListItem","position":2,"name":"Brasil registra 1.910mortes em 24 horas e volta a bater recorde da pandemia; total chega a 259,4 mil"}]},{"@type":"WebSite","@id":"https:\/\/serrafm879.com.br\/serrafm\/#website","url":"https:\/\/serrafm879.com.br\/serrafm\/","name":"Serra FM 87,9","description":"O seu novo amor!","potentialAction":[{"@type":"SearchAction","target":{"@type":"EntryPoint","urlTemplate":"https:\/\/serrafm879.com.br\/serrafm\/?s={search_term_string}"},"query-input":{"@type":"PropertyValueSpecification","valueRequired":true,"valueName":"search_term_string"}}],"inLanguage":"pt-BR"},{"@type":"Person","@id":"https:\/\/serrafm879.com.br\/serrafm\/#\/schema\/person\/c028a197030ff8b1c03c68dfba4a787a","name":"serrafm87","image":{"@type":"ImageObject","inLanguage":"pt-BR","@id":"https:\/\/serrafm879.com.br\/serrafm\/#\/schema\/person\/image\/","url":"https:\/\/secure.gravatar.com\/avatar\/a743233f1112d34f48bb3dc9559b76eb930bab8b27175856cba6362608736235?s=96&d=mm&r=g","contentUrl":"https:\/\/secure.gravatar.com\/avatar\/a743233f1112d34f48bb3dc9559b76eb930bab8b27175856cba6362608736235?s=96&d=mm&r=g","caption":"serrafm87"},"sameAs":["http:\/\/serrafm879.com.br\/"],"url":"https:\/\/serrafm879.com.br\/serrafm\/author\/serrafm87\/"}]}},"jetpack_featured_media_url":"https:\/\/serrafm879.com.br\/serrafm\/wp-content\/uploads\/2021\/03\/enterro.jpg","jetpack_shortlink":"https:\/\/wp.me\/p7HyXg-1ee","jetpack_sharing_enabled":true,"_links":{"self":[{"href":"https:\/\/serrafm879.com.br\/serrafm\/wp-json\/wp\/v2\/posts\/4726","targetHints":{"allow":["GET"]}}],"collection":[{"href":"https:\/\/serrafm879.com.br\/serrafm\/wp-json\/wp\/v2\/posts"}],"about":[{"href":"https:\/\/serrafm879.com.br\/serrafm\/wp-json\/wp\/v2\/types\/post"}],"author":[{"embeddable":true,"href":"https:\/\/serrafm879.com.br\/serrafm\/wp-json\/wp\/v2\/users\/2"}],"replies":[{"embeddable":true,"href":"https:\/\/serrafm879.com.br\/serrafm\/wp-json\/wp\/v2\/comments?post=4726"}],"version-history":[{"count":1,"href":"https:\/\/serrafm879.com.br\/serrafm\/wp-json\/wp\/v2\/posts\/4726\/revisions"}],"predecessor-version":[{"id":4727,"href":"https:\/\/serrafm879.com.br\/serrafm\/wp-json\/wp\/v2\/posts\/4726\/revisions\/4727"}],"wp:featuredmedia":[{"embeddable":true,"href":"https:\/\/serrafm879.com.br\/serrafm\/wp-json\/wp\/v2\/media\/4686"}],"wp:attachment":[{"href":"https:\/\/serrafm879.com.br\/serrafm\/wp-json\/wp\/v2\/media?parent=4726"}],"wp:term":[{"taxonomy":"category","embeddable":true,"href":"https:\/\/serrafm879.com.br\/serrafm\/wp-json\/wp\/v2\/categories?post=4726"},{"taxonomy":"post_tag","embeddable":true,"href":"https:\/\/serrafm879.com.br\/serrafm\/wp-json\/wp\/v2\/tags?post=4726"}],"curies":[{"name":"wp","href":"https:\/\/api.w.org\/{rel}","templated":true}]}}