{"id":4733,"date":"2021-03-04T07:20:52","date_gmt":"2021-03-04T10:20:52","guid":{"rendered":"https:\/?p=4733"},"modified":"2021-03-04T07:20:52","modified_gmt":"2021-03-04T10:20:52","slug":"governo-decide-comprar-todas-as-vacinas-disponiveis-da-pfizer-e-da-janssen","status":"publish","type":"post","link":"https:\/\/serrafm879.com.br\/serrafm\/2021\/03\/governo-decide-comprar-todas-as-vacinas-disponiveis-da-pfizer-e-da-janssen\/","title":{"rendered":"Governo decide comprar \u2018todas as vacinas dispon\u00edveis\u2019 da Pfizer e da Janssen"},"content":{"rendered":"<p>O Minist\u00e9rio da Sa\u00fade decidiu comprar \u201ctodas as\u00a0vacinas\u00a0dispon\u00edveis\u201d dos laborat\u00f3rios\u00a0Pfizer\/BioNTech\u00a0e\u00a0Janssen-Cilag, bra\u00e7o farmac\u00eautico do grupo Johnson &amp; Johnson, informou a pasta \u00e0\u00a0CNN\u00a0nesta quarta-feira (3).<\/p>\n<p>O governo informa que a ordem para dar prosseguimento para a compra foi feita pelo ministro da Sa\u00fade, Eduardo Pazuello. O\u00a0Minist\u00e9rio da Sa\u00fade\u00a0n\u00e3o informa quantidade exata de doses, afirmando que isto depender\u00e1 dos estoques dispon\u00edveis.<\/p>\n<p>\u201cN\u00famero de doses vai depender de quanto as farmac\u00eauticas poder\u00e3o disponibilizar. Mas inten\u00e7\u00e3o \u00e9 comprar todas as doses dispon\u00edveis\u201d, afirmou fonte pr\u00f3xima ao ministro \u00e0\u00a0CNN.<\/p>\n<p>A vacina da Pfizer com a BioNTech \u00e9 a \u00fanica at\u00e9 o momento a ser aprovada pela Ag\u00eancia Nacional de Vigil\u00e2ncia Sanit\u00e1ria (Anvisa) para registro definitivo no pa\u00eds. As vacinas Coronavac e Oxford\/AstraZeneca possuem a autoriza\u00e7\u00e3o de uso emergencial, que \u00e9 tempor\u00e1ria e restrita a grupos priorit\u00e1rios.<\/p>\n<p>A negocia\u00e7\u00e3o da farmac\u00eautica americana com o Brasil come\u00e7ou no segundo semestre do ano passado, mas travou depois de o governo se recusar a concordar com uma cl\u00e1usula do contrato, que dispensaria a Pfizer de arcar com o custo decorrente de eventuais efeitos colaterais.<\/p>\n<p>Na ter\u00e7a-feira (2), a C\u00e2mara dos Deputados aprovou um projeto de lei que, entrando em vigor, permite que a Uni\u00e3o, estados e munic\u00edpios possam assumir essa responsabilidade sem que os gestores sejam pessoalmente responsabilizados por ocorridos.<\/p>\n<p>A movimenta\u00e7\u00e3o do Minist\u00e9rio da Sa\u00fade acontece um dia depois de o governador de S\u00e3o Paulo, Jo\u00e3o Doria (PSDB), anunciar que compraria 20 milh\u00f5es de doses da vacina da Pfizer e outras 20 milh\u00f5es de doses da vacina russa Sputnik V.<\/p>\n<p>Fonte: CNN<\/p>\n","protected":false},"excerpt":{"rendered":"<p>O Minist\u00e9rio da Sa\u00fade decidiu comprar \u201ctodas as\u00a0vacinas\u00a0dispon\u00edveis\u201d dos laborat\u00f3rios\u00a0Pfizer\/BioNTech\u00a0e\u00a0Janssen-Cilag, bra\u00e7o farmac\u00eautico do grupo Johnson &amp; Johnson, informou a pasta \u00e0\u00a0CNN\u00a0nesta quarta-feira (3). O governo informa que a ordem para dar prosseguimento para a compra foi feita pelo ministro da Sa\u00fade, Eduardo Pazuello. O\u00a0Minist\u00e9rio da Sa\u00fade\u00a0n\u00e3o informa quantidade exata de doses, afirmando que isto depender\u00e1 dos estoques dispon\u00edveis. \u201cN\u00famero de doses vai depender de quanto as farmac\u00eauticas poder\u00e3o disponibilizar. Mas inten\u00e7\u00e3o \u00e9 comprar todas as doses dispon\u00edveis\u201d, afirmou fonte pr\u00f3xima ao ministro \u00e0\u00a0CNN. A vacina da Pfizer com a BioNTech \u00e9 a \u00fanica at\u00e9 o momento a ser aprovada pela [&hellip;]<\/p>\n","protected":false},"author":2,"featured_media":3760,"comment_status":"open","ping_status":"open","sticky":false,"template":"","format":"standard","meta":{"_jetpack_memberships_contains_paid_content":false,"footnotes":"","jetpack_publicize_message":"","jetpack_publicize_feature_enabled":true,"jetpack_social_post_already_shared":true,"jetpack_social_options":{"image_generator_settings":{"template":"highway","enabled":false},"version":2}},"categories":[2],"tags":[],"class_list":["post-4733","post","type-post","status-publish","format-standard","has-post-thumbnail","hentry","category-noticias"],"jetpack_publicize_connections":[],"yoast_head":"<!-- This site is optimized with the Yoast SEO plugin v24.7 - https:\/\/yoast.com\/wordpress\/plugins\/seo\/ -->\n<title>Governo decide comprar \u2018todas as vacinas dispon\u00edveis\u2019 da Pfizer e da Janssen - Serra FM 87,9<\/title>\n<meta name=\"robots\" content=\"index, follow, max-snippet:-1, max-image-preview:large, max-video-preview:-1\" \/>\n<link rel=\"canonical\" href=\"https:\/\/serrafm879.com.br\/serrafm\/2021\/03\/governo-decide-comprar-todas-as-vacinas-disponiveis-da-pfizer-e-da-janssen\/\" \/>\n<meta property=\"og:locale\" content=\"pt_BR\" \/>\n<meta property=\"og:type\" content=\"article\" \/>\n<meta property=\"og:title\" content=\"Governo decide comprar \u2018todas as vacinas dispon\u00edveis\u2019 da Pfizer e da Janssen - Serra FM 87,9\" \/>\n<meta property=\"og:description\" content=\"O Minist\u00e9rio da Sa\u00fade decidiu comprar \u201ctodas as\u00a0vacinas\u00a0dispon\u00edveis\u201d dos laborat\u00f3rios\u00a0Pfizer\/BioNTech\u00a0e\u00a0Janssen-Cilag, bra\u00e7o farmac\u00eautico do grupo Johnson &amp; Johnson, informou a pasta \u00e0\u00a0CNN\u00a0nesta quarta-feira (3). O governo informa que a ordem para dar prosseguimento para a compra foi feita pelo ministro da Sa\u00fade, Eduardo Pazuello. O\u00a0Minist\u00e9rio da Sa\u00fade\u00a0n\u00e3o informa quantidade exata de doses, afirmando que isto depender\u00e1 dos estoques dispon\u00edveis. \u201cN\u00famero de doses vai depender de quanto as farmac\u00eauticas poder\u00e3o disponibilizar. Mas inten\u00e7\u00e3o \u00e9 comprar todas as doses dispon\u00edveis\u201d, afirmou fonte pr\u00f3xima ao ministro \u00e0\u00a0CNN. A vacina da Pfizer com a BioNTech \u00e9 a \u00fanica at\u00e9 o momento a ser aprovada pela [&hellip;]\" \/>\n<meta property=\"og:url\" content=\"https:\/\/serrafm879.com.br\/serrafm\/2021\/03\/governo-decide-comprar-todas-as-vacinas-disponiveis-da-pfizer-e-da-janssen\/\" \/>\n<meta property=\"og:site_name\" content=\"Serra FM 87,9\" \/>\n<meta property=\"article:published_time\" content=\"2021-03-04T10:20:52+00:00\" \/>\n<meta property=\"og:image\" content=\"https:\/\/serrafm879.com.br\/serrafm\/wp-content\/uploads\/2020\/08\/vacinaCovid.jpg\" \/>\n\t<meta property=\"og:image:width\" content=\"500\" \/>\n\t<meta property=\"og:image:height\" content=\"299\" \/>\n\t<meta property=\"og:image:type\" content=\"image\/jpeg\" \/>\n<meta name=\"author\" content=\"serrafm87\" \/>\n<meta name=\"twitter:card\" content=\"summary_large_image\" \/>\n<meta name=\"twitter:label1\" content=\"Escrito por\" \/>\n\t<meta name=\"twitter:data1\" content=\"serrafm87\" \/>\n\t<meta name=\"twitter:label2\" content=\"Est. tempo de leitura\" \/>\n\t<meta name=\"twitter:data2\" content=\"1 minuto\" \/>\n<script type=\"application\/ld+json\" class=\"yoast-schema-graph\">{\"@context\":\"https:\/\/schema.org\",\"@graph\":[{\"@type\":\"WebPage\",\"@id\":\"https:\/\/serrafm879.com.br\/serrafm\/2021\/03\/governo-decide-comprar-todas-as-vacinas-disponiveis-da-pfizer-e-da-janssen\/\",\"url\":\"https:\/\/serrafm879.com.br\/serrafm\/2021\/03\/governo-decide-comprar-todas-as-vacinas-disponiveis-da-pfizer-e-da-janssen\/\",\"name\":\"Governo decide comprar \u2018todas as vacinas dispon\u00edveis\u2019 da Pfizer e da Janssen - Serra FM 87,9\",\"isPartOf\":{\"@id\":\"https:\/\/serrafm879.com.br\/serrafm\/#website\"},\"primaryImageOfPage\":{\"@id\":\"https:\/\/serrafm879.com.br\/serrafm\/2021\/03\/governo-decide-comprar-todas-as-vacinas-disponiveis-da-pfizer-e-da-janssen\/#primaryimage\"},\"image\":{\"@id\":\"https:\/\/serrafm879.com.br\/serrafm\/2021\/03\/governo-decide-comprar-todas-as-vacinas-disponiveis-da-pfizer-e-da-janssen\/#primaryimage\"},\"thumbnailUrl\":\"https:\/\/serrafm879.com.br\/serrafm\/wp-content\/uploads\/2020\/08\/vacinaCovid.jpg\",\"datePublished\":\"2021-03-04T10:20:52+00:00\",\"author\":{\"@id\":\"https:\/\/serrafm879.com.br\/serrafm\/#\/schema\/person\/c028a197030ff8b1c03c68dfba4a787a\"},\"breadcrumb\":{\"@id\":\"https:\/\/serrafm879.com.br\/serrafm\/2021\/03\/governo-decide-comprar-todas-as-vacinas-disponiveis-da-pfizer-e-da-janssen\/#breadcrumb\"},\"inLanguage\":\"pt-BR\",\"potentialAction\":[{\"@type\":\"ReadAction\",\"target\":[\"https:\/\/serrafm879.com.br\/serrafm\/2021\/03\/governo-decide-comprar-todas-as-vacinas-disponiveis-da-pfizer-e-da-janssen\/\"]}]},{\"@type\":\"ImageObject\",\"inLanguage\":\"pt-BR\",\"@id\":\"https:\/\/serrafm879.com.br\/serrafm\/2021\/03\/governo-decide-comprar-todas-as-vacinas-disponiveis-da-pfizer-e-da-janssen\/#primaryimage\",\"url\":\"https:\/\/serrafm879.com.br\/serrafm\/wp-content\/uploads\/2020\/08\/vacinaCovid.jpg\",\"contentUrl\":\"https:\/\/serrafm879.com.br\/serrafm\/wp-content\/uploads\/2020\/08\/vacinaCovid.jpg\",\"width\":500,\"height\":299},{\"@type\":\"BreadcrumbList\",\"@id\":\"https:\/\/serrafm879.com.br\/serrafm\/2021\/03\/governo-decide-comprar-todas-as-vacinas-disponiveis-da-pfizer-e-da-janssen\/#breadcrumb\",\"itemListElement\":[{\"@type\":\"ListItem\",\"position\":1,\"name\":\"In\u00edcio\",\"item\":\"https:\/\/serrafm879.com.br\/serrafm\/\"},{\"@type\":\"ListItem\",\"position\":2,\"name\":\"Governo decide comprar \u2018todas as vacinas dispon\u00edveis\u2019 da Pfizer e da Janssen\"}]},{\"@type\":\"WebSite\",\"@id\":\"https:\/\/serrafm879.com.br\/serrafm\/#website\",\"url\":\"https:\/\/serrafm879.com.br\/serrafm\/\",\"name\":\"Serra FM 87,9\",\"description\":\"O seu novo amor!\",\"potentialAction\":[{\"@type\":\"SearchAction\",\"target\":{\"@type\":\"EntryPoint\",\"urlTemplate\":\"https:\/\/serrafm879.com.br\/serrafm\/?s={search_term_string}\"},\"query-input\":{\"@type\":\"PropertyValueSpecification\",\"valueRequired\":true,\"valueName\":\"search_term_string\"}}],\"inLanguage\":\"pt-BR\"},{\"@type\":\"Person\",\"@id\":\"https:\/\/serrafm879.com.br\/serrafm\/#\/schema\/person\/c028a197030ff8b1c03c68dfba4a787a\",\"name\":\"serrafm87\",\"image\":{\"@type\":\"ImageObject\",\"inLanguage\":\"pt-BR\",\"@id\":\"https:\/\/serrafm879.com.br\/serrafm\/#\/schema\/person\/image\/\",\"url\":\"https:\/\/secure.gravatar.com\/avatar\/a743233f1112d34f48bb3dc9559b76eb930bab8b27175856cba6362608736235?s=96&d=mm&r=g\",\"contentUrl\":\"https:\/\/secure.gravatar.com\/avatar\/a743233f1112d34f48bb3dc9559b76eb930bab8b27175856cba6362608736235?s=96&d=mm&r=g\",\"caption\":\"serrafm87\"},\"sameAs\":[\"http:\/\/serrafm879.com.br\/\"],\"url\":\"https:\/\/serrafm879.com.br\/serrafm\/author\/serrafm87\/\"}]}<\/script>\n<!-- \/ Yoast SEO plugin. -->","yoast_head_json":{"title":"Governo decide comprar \u2018todas as vacinas dispon\u00edveis\u2019 da Pfizer e da Janssen - Serra FM 87,9","robots":{"index":"index","follow":"follow","max-snippet":"max-snippet:-1","max-image-preview":"max-image-preview:large","max-video-preview":"max-video-preview:-1"},"canonical":"https:\/\/serrafm879.com.br\/serrafm\/2021\/03\/governo-decide-comprar-todas-as-vacinas-disponiveis-da-pfizer-e-da-janssen\/","og_locale":"pt_BR","og_type":"article","og_title":"Governo decide comprar \u2018todas as vacinas dispon\u00edveis\u2019 da Pfizer e da Janssen - Serra FM 87,9","og_description":"O Minist\u00e9rio da Sa\u00fade decidiu comprar \u201ctodas as\u00a0vacinas\u00a0dispon\u00edveis\u201d dos laborat\u00f3rios\u00a0Pfizer\/BioNTech\u00a0e\u00a0Janssen-Cilag, bra\u00e7o farmac\u00eautico do grupo Johnson &amp; Johnson, informou a pasta \u00e0\u00a0CNN\u00a0nesta quarta-feira (3). O governo informa que a ordem para dar prosseguimento para a compra foi feita pelo ministro da Sa\u00fade, Eduardo Pazuello. O\u00a0Minist\u00e9rio da Sa\u00fade\u00a0n\u00e3o informa quantidade exata de doses, afirmando que isto depender\u00e1 dos estoques dispon\u00edveis. \u201cN\u00famero de doses vai depender de quanto as farmac\u00eauticas poder\u00e3o disponibilizar. Mas inten\u00e7\u00e3o \u00e9 comprar todas as doses dispon\u00edveis\u201d, afirmou fonte pr\u00f3xima ao ministro \u00e0\u00a0CNN. A vacina da Pfizer com a BioNTech \u00e9 a \u00fanica at\u00e9 o momento a ser aprovada pela [&hellip;]","og_url":"https:\/\/serrafm879.com.br\/serrafm\/2021\/03\/governo-decide-comprar-todas-as-vacinas-disponiveis-da-pfizer-e-da-janssen\/","og_site_name":"Serra FM 87,9","article_published_time":"2021-03-04T10:20:52+00:00","og_image":[{"width":500,"height":299,"url":"https:\/\/serrafm879.com.br\/serrafm\/wp-content\/uploads\/2020\/08\/vacinaCovid.jpg","type":"image\/jpeg"}],"author":"serrafm87","twitter_card":"summary_large_image","twitter_misc":{"Escrito por":"serrafm87","Est. tempo de leitura":"1 minuto"},"schema":{"@context":"https:\/\/schema.org","@graph":[{"@type":"WebPage","@id":"https:\/\/serrafm879.com.br\/serrafm\/2021\/03\/governo-decide-comprar-todas-as-vacinas-disponiveis-da-pfizer-e-da-janssen\/","url":"https:\/\/serrafm879.com.br\/serrafm\/2021\/03\/governo-decide-comprar-todas-as-vacinas-disponiveis-da-pfizer-e-da-janssen\/","name":"Governo decide comprar \u2018todas as vacinas dispon\u00edveis\u2019 da Pfizer e da Janssen - Serra FM 87,9","isPartOf":{"@id":"https:\/\/serrafm879.com.br\/serrafm\/#website"},"primaryImageOfPage":{"@id":"https:\/\/serrafm879.com.br\/serrafm\/2021\/03\/governo-decide-comprar-todas-as-vacinas-disponiveis-da-pfizer-e-da-janssen\/#primaryimage"},"image":{"@id":"https:\/\/serrafm879.com.br\/serrafm\/2021\/03\/governo-decide-comprar-todas-as-vacinas-disponiveis-da-pfizer-e-da-janssen\/#primaryimage"},"thumbnailUrl":"https:\/\/serrafm879.com.br\/serrafm\/wp-content\/uploads\/2020\/08\/vacinaCovid.jpg","datePublished":"2021-03-04T10:20:52+00:00","author":{"@id":"https:\/\/serrafm879.com.br\/serrafm\/#\/schema\/person\/c028a197030ff8b1c03c68dfba4a787a"},"breadcrumb":{"@id":"https:\/\/serrafm879.com.br\/serrafm\/2021\/03\/governo-decide-comprar-todas-as-vacinas-disponiveis-da-pfizer-e-da-janssen\/#breadcrumb"},"inLanguage":"pt-BR","potentialAction":[{"@type":"ReadAction","target":["https:\/\/serrafm879.com.br\/serrafm\/2021\/03\/governo-decide-comprar-todas-as-vacinas-disponiveis-da-pfizer-e-da-janssen\/"]}]},{"@type":"ImageObject","inLanguage":"pt-BR","@id":"https:\/\/serrafm879.com.br\/serrafm\/2021\/03\/governo-decide-comprar-todas-as-vacinas-disponiveis-da-pfizer-e-da-janssen\/#primaryimage","url":"https:\/\/serrafm879.com.br\/serrafm\/wp-content\/uploads\/2020\/08\/vacinaCovid.jpg","contentUrl":"https:\/\/serrafm879.com.br\/serrafm\/wp-content\/uploads\/2020\/08\/vacinaCovid.jpg","width":500,"height":299},{"@type":"BreadcrumbList","@id":"https:\/\/serrafm879.com.br\/serrafm\/2021\/03\/governo-decide-comprar-todas-as-vacinas-disponiveis-da-pfizer-e-da-janssen\/#breadcrumb","itemListElement":[{"@type":"ListItem","position":1,"name":"In\u00edcio","item":"https:\/\/serrafm879.com.br\/serrafm\/"},{"@type":"ListItem","position":2,"name":"Governo decide comprar \u2018todas as vacinas dispon\u00edveis\u2019 da Pfizer e da Janssen"}]},{"@type":"WebSite","@id":"https:\/\/serrafm879.com.br\/serrafm\/#website","url":"https:\/\/serrafm879.com.br\/serrafm\/","name":"Serra FM 87,9","description":"O seu novo amor!","potentialAction":[{"@type":"SearchAction","target":{"@type":"EntryPoint","urlTemplate":"https:\/\/serrafm879.com.br\/serrafm\/?s={search_term_string}"},"query-input":{"@type":"PropertyValueSpecification","valueRequired":true,"valueName":"search_term_string"}}],"inLanguage":"pt-BR"},{"@type":"Person","@id":"https:\/\/serrafm879.com.br\/serrafm\/#\/schema\/person\/c028a197030ff8b1c03c68dfba4a787a","name":"serrafm87","image":{"@type":"ImageObject","inLanguage":"pt-BR","@id":"https:\/\/serrafm879.com.br\/serrafm\/#\/schema\/person\/image\/","url":"https:\/\/secure.gravatar.com\/avatar\/a743233f1112d34f48bb3dc9559b76eb930bab8b27175856cba6362608736235?s=96&d=mm&r=g","contentUrl":"https:\/\/secure.gravatar.com\/avatar\/a743233f1112d34f48bb3dc9559b76eb930bab8b27175856cba6362608736235?s=96&d=mm&r=g","caption":"serrafm87"},"sameAs":["http:\/\/serrafm879.com.br\/"],"url":"https:\/\/serrafm879.com.br\/serrafm\/author\/serrafm87\/"}]}},"jetpack_featured_media_url":"https:\/\/serrafm879.com.br\/serrafm\/wp-content\/uploads\/2020\/08\/vacinaCovid.jpg","jetpack_shortlink":"https:\/\/wp.me\/p7HyXg-1el","jetpack_sharing_enabled":true,"_links":{"self":[{"href":"https:\/\/serrafm879.com.br\/serrafm\/wp-json\/wp\/v2\/posts\/4733","targetHints":{"allow":["GET"]}}],"collection":[{"href":"https:\/\/serrafm879.com.br\/serrafm\/wp-json\/wp\/v2\/posts"}],"about":[{"href":"https:\/\/serrafm879.com.br\/serrafm\/wp-json\/wp\/v2\/types\/post"}],"author":[{"embeddable":true,"href":"https:\/\/serrafm879.com.br\/serrafm\/wp-json\/wp\/v2\/users\/2"}],"replies":[{"embeddable":true,"href":"https:\/\/serrafm879.com.br\/serrafm\/wp-json\/wp\/v2\/comments?post=4733"}],"version-history":[{"count":1,"href":"https:\/\/serrafm879.com.br\/serrafm\/wp-json\/wp\/v2\/posts\/4733\/revisions"}],"predecessor-version":[{"id":4734,"href":"https:\/\/serrafm879.com.br\/serrafm\/wp-json\/wp\/v2\/posts\/4733\/revisions\/4734"}],"wp:featuredmedia":[{"embeddable":true,"href":"https:\/\/serrafm879.com.br\/serrafm\/wp-json\/wp\/v2\/media\/3760"}],"wp:attachment":[{"href":"https:\/\/serrafm879.com.br\/serrafm\/wp-json\/wp\/v2\/media?parent=4733"}],"wp:term":[{"taxonomy":"category","embeddable":true,"href":"https:\/\/serrafm879.com.br\/serrafm\/wp-json\/wp\/v2\/categories?post=4733"},{"taxonomy":"post_tag","embeddable":true,"href":"https:\/\/serrafm879.com.br\/serrafm\/wp-json\/wp\/v2\/tags?post=4733"}],"curies":[{"name":"wp","href":"https:\/\/api.w.org\/{rel}","templated":true}]}}